{"id":95,"date":"2015-12-15T01:55:43","date_gmt":"2015-12-15T00:55:43","guid":{"rendered":"http:\/\/autate.fr\/site\/?p=95"},"modified":"2016-08-10T21:20:16","modified_gmt":"2016-08-10T19:20:16","slug":"actu-cote-toulouse-decryptage-troisieme-ligne-de-metro-prolongement-de-la-ligne-b-vers-labege-trois-scenarios-possibles-vendredi-18-decembre","status":"publish","type":"post","link":"https:\/\/autate.fr\/site\/actu-cote-toulouse-decryptage-troisieme-ligne-de-metro-prolongement-de-la-ligne-b-vers-labege-trois-scenarios-possibles-vendredi-18-decembre\/","title":{"rendered":"[Actu C\u00f4t\u00e9 Toulouse] [D\u00e9cryptage] Troisi\u00e8me ligne de m\u00e9tro, prolongement de la ligne B vers Lab\u00e8ge : trois sc\u00e9narios possibles vendredi 18 d\u00e9cembre"},"content":{"rendered":"<h2 class=\"bigger mts mbs\" data-role=\"chapo\">Vendredi 18 d\u00e9cembre 2015, \u00e0 Toulouse va \u00eatre pr\u00e9sent\u00e9 le trac\u00e9 de la 3e ligne de m\u00e9tro. Il va aussi \u00eatre question du PLB vers Lab\u00e8ge. Voici 3 sc\u00e9narios possibles pour ces projets.<\/h2>\n<p>Ce vendredi 18 d\u00e9cembre, lors d\u2019un comit\u00e9 syndical extraordinaire,<a href=\"http:\/\/actu.cotetoulouse.fr\/toulouse-le-trajet-exact-de-la-troisieme-ligne-de-metro-connu-le-18-decembre_25193\/\" target=\"_blank\"> Tiss\u00e9o va officiellement pr\u00e9senter le trac\u00e9 choisi pour le projet de 3e ligne de m\u00e9tro de Toulouse et son agglom\u00e9ration<\/a>.<\/p>\n<h3>Les interrogations<\/h3>\n<p>Un trac\u00e9 de la 3e ligne dont on conna\u00eet les grandes lignes mais pour lequel <a href=\"http:\/\/actu.cotetoulouse.fr\/toulouse-troisieme-ligne-metro-trace-derniers-choix_22573\/\" target=\"_blank\">il reste quelques interrogations<\/a>, la principale \u00e9tant de savoir si le projet ira jusqu\u2019\u00e0 Lab\u00e8ge ou s\u2019il s\u2019arr\u00eatera aux portes de Toulouse comme cela avait \u00e9t\u00e9 propos\u00e9 dans le cadre des municipales de 2014. \u00c0 l\u2019\u00e9poque, Jean-Luc Moudenc et son \u00e9quipe de campagne \u00a0envisageaient un terminus \u00e0 Montaudran.<\/p>\n<p><strong>&gt; LIRE AUSSI : <\/strong><a href=\"http:\/\/actu.cotetoulouse.fr\/toulouse-troisieme-ligne-metro-trace-transports_21182\/\" target=\"_blank\">Voici \u00e0 quoi ressemblera le futur trac\u00e9 de la troisi\u00e8me ligne de m\u00e9tro<\/a><\/p>\n<p>Ce vendredi 18 d\u00e9cembre, la pr\u00e9sentation du trac\u00e9 de la 3e ligne de m\u00e9tro va, par ricochet, remettre au centre du jeu le principal projet de transport port\u00e9 \u00a0par le Plan de D\u00e9placements Urbains (PDU) actuel dans notre agglom\u00e9ration : celui du prolongement de la ligne B vers Lab\u00e8ge (PLB).<\/p>\n<p>Faire les deux projets, en privil\u00e9gier l\u2019un sur l\u2019autre dans le temps, abandonner le PLB, ne pas faire aller le m\u00e9tro jusqu\u2019\u00e0 Lab\u00e8ge\u2026 Tout est ouvert mais l\u2019heure du choix est arriv\u00e9 apr\u00e8s des mois d\u2019atermoiements, de luttes d\u2019influences, de non-dits et au final de crispations. Voici ce qu\u2019il pourrait se passer ce vendredi 18 d\u00e9cembre et les trois sc\u00e9narios \u00e0 ne pas \u00e9carter au sortir du comit\u00e9 syndical extraordinaire pr\u00e9vu \u00e0 Tiss\u00e9o.<\/p>\n<h3>Sc\u00e9nario 1 : Tiss\u00e9o choisit de r\u00e9aliser les deux projets<\/h3>\n<p>C\u2019est le sc\u00e9nario que d\u00e9fend le Sicoval, la communaut\u00e9 d\u2019agglom\u00e9ration du sud-est toulousain, qui porte bec et ongles la r\u00e9alisation du prolongement de la ligne B. Du c\u00f4t\u00e9 de Lab\u00e8ge, l\u2019on soutient depuis des mois que PLB et 3e ligne de m\u00e9tro sont deux projets compl\u00e9mentaires qui ont chacun leur utilit\u00e9 \u00e0 une \u00e9chelle de temps diff\u00e9rente. Pour le pr\u00e9sident du Sicoval, soutenu par le pr\u00e9sident du conseil d\u00e9partemental de Haute-Garonne, Georges M\u00e9ric, faire le PLB, \u00ab\u00a0un projet pr\u00eat et financ\u00e9 \u00bb, est le meilleur moyen \u00e0 court terme de r\u00e9soudre les probl\u00e8mes de circulation dans le sud-est de l\u2019agglom\u00e9ration.<\/p>\n<p>La 3e ligne pouvant \u00e0 ses yeux compl\u00e9ter cette offre \u00e0 l\u2019horizon 2030. Sur la base de ce sch\u00e9ma, la 3e ligne pourrait s\u2019arr\u00eater \u00e0 Montaudran ou \u00e0 Airbus Defense tandis que le PLB serait r\u00e9alis\u00e9 dans son int\u00e9gralit\u00e9 jusqu\u2019au terminus pr\u00e9vu du c\u00f4t\u00e9 de la Cad\u00e8ne. Mais quel est l\u2019avis de Jean-Luc Moudenc sur cette hypoth\u00e8se?<\/p>\n<blockquote><p>Soit on int\u00e8gre Lab\u00e8ge \u00e0 la 3e ligne, soit on n\u2019int\u00e8gre pas Lab\u00e8ge et on fait les deux projets \u00e0 condition de pouvoir les financer, a-t-il indiqu\u00e9 lors du dernier comit\u00e9 syndical de Tiss\u00e9o le 9 d\u00e9cembre dernier.<\/p><\/blockquote>\n<p>Une ouverture de fa\u00e7ade qui ne trompe plus personne, le pr\u00e9sident de Toulouse M\u00e9tropole ayant lui-m\u00eame r\u00e9pondu \u00e0 la question du financement le 26 novembre dernier lors d\u2019une visite \u00e0 Saint-Orens. \u00ab\u00a0Je ne pense pas qu\u2019on puisse se payer la troisi\u00e8me ligne et l\u2019extension \u00e0 Lab\u00e8ge\u00bb\u2026<\/p>\n<p>Une extension via le PLB dont Jean-Luc Moudenc a par ailleurs jug\u00e9 qu\u2019elle \u00e9tait \u00abun projet local et d\u00e9pass\u00e9 pour l\u2019agglom\u00e9ration\u00bb, des propos retranscris dans le rapport d\u2019analyse de la commission d\u2019enqu\u00eate rendu d\u00e9but septembre 2015 . La question financi\u00e8re avait elle-m\u00eame \u00e9t\u00e9 tranch\u00e9e de fa\u00e7on plus nuanc\u00e9e par le pr\u00e9sident de Tiss\u00e9o, Jean-Michel Lattes, lors d\u2019une houleuse r\u00e9union publique le 30 septembre dernier \u00e0 Lab\u00e8ge :<\/p>\n<blockquote><p>Tiss\u00e9o a une capacit\u00e9 financi\u00e8re suffisante pour financer un \u00e9ventuel co\u00fbt suppl\u00e9mentaire du projet PLB mais l\u2019impact sur ses capacit\u00e9s financi\u00e8res serait certain et cela ob\u00e8rerait nos capacit\u00e9s sur un autre projet, (comprendre la troisi\u00e8me ligne de m\u00e9tro).<\/p><\/blockquote>\n<p>Des discours qui plombent un peu plus ce sc\u00e9nario dans lequel la 3e ligne et le PLB seraient vus comme des projets compl\u00e9mentaires r\u00e9alisables de fa\u00e7on parall\u00e8le. La volont\u00e9 affich\u00e9e par les \u00e9lus de la majorit\u00e9 toulousaine est claire : mettre tous les moyens financiers dans la 3e ligne, le seul projet \u00e0 leurs yeux capable d\u2019\u00eatre \u00e0 la hauteur des enjeux de l\u2019agglom\u00e9ration toulousaine en mati\u00e8re de transports en commun.<\/p>\n<p><strong>Probabilit\u00e9 de voir ce sc\u00e9nario se r\u00e9aliser vendredi : hautement improbable.<\/strong><\/p>\n<h3>Sc\u00e9nario 2 : Tiss\u00e9o propose une troisi\u00e8me ligne de m\u00e9tro jusqu\u2019\u00e0 Lab\u00e8ge sans PLB<\/h3>\n<p>C\u2019est bien le sc\u00e9nario \u00e9crit par Jean-Luc Moudenc et sa majorit\u00e9 depuis de longs mois, tout d\u2019abord en filigrane puis de fa\u00e7on plus visible depuis la r\u00e9union houleuse du 30 septembre dernier.<\/p>\n<p><strong>&gt; LIRE AUSSI :<\/strong> <a href=\"http:\/\/actu.cotetoulouse.fr\/decryptage-pourquoi-prolongement-ligne-b-metro-labege-fera-pas_19954\/\" target=\"_blank\">D\u00e9cryptage. Pourquoi le prolongement de la ligne B du m\u00e9tro vers Lab\u00e8ge ne se fera pas.<\/a><\/p>\n<p>Ce soir-l\u00e0, Jean-Michel Lattes annonce devant un auditoire exc\u00e9d\u00e9 : \u00ab\u00a0La troisi\u00e8me ligne, elle, a un sens et nous pensons qu\u2019il est plus pertinent de relier Lab\u00e8ge par son biais que par le prolongement de la ligne B \u00bb. Depuis cette r\u00e9union, Tiss\u00e9o travaille \u00e0 la fois sur la lev\u00e9e des derni\u00e8res r\u00e9serves concernant le PLB (en partenariat avec le Sicoval et le conseil d\u00e9partemental) et affine en parall\u00e8le le trac\u00e9 de la 3e ligne. Un travail parall\u00e8le qui, dans la t\u00eate de la majorit\u00e9 Moudenc, devait permettre de d\u00e9gager \u00abun constat partag\u00e9\u00bb\u00a0entre Toulouse M\u00e9tropole et le Sicoval : celui de jouer prioritairement la carte de la 3e ligne \u00ab\u00a0plus pertinente \u00e0 l\u2019\u00e9chelle de l\u2019agglom\u00e9ration \u00bb.<\/p>\n<p>\u00c0 quelques jours de ce vendredi 18 d\u00e9cembre, le constat de privil\u00e9gier la 3e ligne de m\u00e9tro est loin d\u2019\u00eatre partag\u00e9 par le Sicoval alors que la lev\u00e9e des r\u00e9serves sur le PLB patine.<\/p>\n<blockquote><p>Pour le Sicoval et son pr\u00e9sident Jacques Oberti, \u00ab\u00a0il n\u2019y a plus qu\u2019\u00e0 prendre l\u2019ultime d\u00e9cision politique afin de pouvoir appuyer sur le bouton de lancement du PLB\u00bb.<\/p><\/blockquote>\n<p>Selon Jean-Luc Moudenc, \u00ab\u00a0dire que tout va bien, que les r\u00e9serves sont lev\u00e9es est une posture\u00bb. Cette course de surplace sur le PLB \u2013 \u00e0 l\u2019image de ce que font les pistards sur les v\u00e9lodromes- avantage clairement la majorit\u00e9 toulousaine. Ce vendredi 18 d\u00e9cembre, Tiss\u00e9o pourrait placer un premier d\u00e9marrage et lancer le sprint en proposant un trac\u00e9 de 3e ligne qui irait de Colomiers jusqu\u2019\u00e0 Lab\u00e8ge en reprenant une partie du trac\u00e9 du PLB. Avec une livraison retard\u00e9e en rapport avec la date de mise en service du PLB, soit 2024 selon Jean-Luc Moudenc contre 2022 pour le PLB. Une proposition difficilement acceptable pour le Sicoval en l\u2019\u00e9tat \u00e0 moins de ne pas avoir d\u2019autres choix\u2026<\/p>\n<p><strong>Possibilit\u00e9 de voir ce sc\u00e9nario se r\u00e9aliser vendredi : Hautement probable.<\/strong><\/p>\n<h3>Sc\u00e9nario 3 : Tiss\u00e9o propose la 3e ligne jusqu\u2019\u00e0 Montaudran\u2026sans le PLB<\/h3>\n<p>Une troisi\u00e8me ligne, sans PLB et donc sans desserte en m\u00e9tro pour Lab\u00e8ge. C\u2019est le sc\u00e9nario catastrophe pour les habitants du sud-est toulousain. Celui que personne n\u2019envisage mais qui pourrait devenir une hypoth\u00e8se alors que le Sicoval a entam\u00e9 un bras de fer avec Toulouse M\u00e9tropole et Tiss\u00e9o depuis plusieurs semaines. Une hypoth\u00e8se en forme d\u2019escalade de ce rapport de force viril entre collectivit\u00e9s qui trouverait en ce 18 d\u00e9cembre 2015 son acm\u00e9\u2026<\/p>\n<p>Ceux qui ont bien \u00e9cout\u00e9 Jean-Luc Moudenc lors du dernier comit\u00e9 syndical \u00a0peuvent d\u00e9sormais envisager cette situation. Au d\u00e9tour de deux petites phrases, l\u2019\u00e9dile a en effet l\u00e2ch\u00e9 l\u2019essentiel de sa pens\u00e9e.<\/p>\n<blockquote><p>La 3e ligne de m\u00e9tro, on va la faire et elle sera pr\u00eate en 2024. Elle ira \u00e0 Lab\u00e8ge o\u00f9 elle n\u2019ira pas, a indiqu\u00e9 le pr\u00e9sident de Toulouse M\u00e9tropole.<\/p><\/blockquote>\n<p>Si l\u2019on suit l\u2019ensemble du raisonnement de l\u2019\u00e9dile\u2026 \u00c9tant donn\u00e9 que les deux projets (selon ses dires) ne sont pas finan\u00e7ables \u00a0(voir sc\u00e9nario 1), si la 3e ligne se fait et qu\u2019elle ne va pas jusqu\u2019\u00e0 Lab\u00e8ge, alors, le m\u00e9tro n\u2019ira donc pas jusqu\u2019\u00e0 Lab\u00e8ge. Syllogisme implacable\u2026<\/p>\n<p>D\u2019apr\u00e8s ce raisonnement, il faudrait donc bien que le Sicoval, pour voir le m\u00e9tro arriver \u00e0 Lab\u00e8ge, choisisse entre la 3e ligne de m\u00e9tro et\u2026 la 3e ligne de m\u00e9tro.<\/p>\n<p>Lors du m\u00eame comit\u00e9 syndical de Tiss\u00e9o, une deuxi\u00e8me phrase du maire de Toulouse a apport\u00e9 un peu plus d\u2019\u00e9paisseur \u00e0 cette hypoth\u00e8se qui mettrait le Sicoval devant le fait accompli :<\/p>\n<blockquote><p>Quand on paye 98% d\u2019un c\u00f4t\u00e9 (en r\u00e9f\u00e9rence \u00e0 l\u2019apport de Toulouse M\u00e9tropole dans le budget de Tiss\u00e9o) et 1% de l\u2019autre (en r\u00e9f\u00e9rence \u00e0 l\u2019apport du Sicoval dans le m\u00eame budget de Tiss\u00e9o) et qu\u2019on veut faire la guerre, pas besoin d\u2019\u00eatre cap\u00e9 pour conna\u00eetre le r\u00e9sultat de la guerre, a estim\u00e9 le maire de Toulouse balayant d\u2019un seul revers de main la pression instaur\u00e9e par le Sicoval et le conseil d\u00e9partemental sur ce dossier.<\/p><\/blockquote>\n<p><strong>&gt; LIRE AUSSI :<\/strong> <a href=\"http:\/\/actu.cotetoulouse.fr\/decryptage-pourquoi-prolongement-ligne-b-metro-labege-fera-pas_19954\/\" target=\"_blank\">M\u00e9tro \u00e0 Lab\u00e8ge : le Sicoval met la pression sur Tiss\u00e9o en posant la premi\u00e8re pierre du PLB.<\/a><\/p>\n<p>Si les actes sont dans la lign\u00e9e des paroles du maire de Toulouse lors de ce comit\u00e9 syndical tendu du 9 d\u00e9cembre, Tiss\u00e9o pourrait alors proposer une 3e ligne de m\u00e9tro s\u2019arr\u00eatant au choix \u00e0 Montaudran (c\u2019est la proposition de la campagne des Municipales), soit \u00e0 Airbus Defense, soit \u00e0 Malep\u00e8re, un quartier en voie de densification situ\u00e9 entre Montaudran et Saint-Orens (une possibilit\u00e9 pr\u00e9sente dans deux des trois fuseaux \u00e9tudi\u00e9s en cette ann\u00e9e 2015).<\/p>\n<p>Probabilit\u00e9 de voir ce sc\u00e9nario se r\u00e9aliser : Fort possible.<\/p>\n<h3>Ce qui pourrait se passer au final ce vendredi 18 d\u00e9cembre :<\/h3>\n<p>Le sc\u00e9nario 1 \u00e9tant d\u2019ores et d\u00e9j\u00e0 hautement improbable, la conjonction des deux autres sc\u00e9narios laisse augurer une pr\u00e9sentation du trac\u00e9 de 3e ligne \u00a0int\u00e9grant une option avec un terminus \u00e0 Lab\u00e8ge et l\u2019autre bien avant Lab\u00e8ge. Le tout en \u00e9vacuant le PLB ce qui signifierait son enterrement pur et simple. Ceci irait dans le sens des derni\u00e8res d\u00e9clarations que Jean-Luc Moudenc a tenue lors du comit\u00e9 syndical du 9 d\u00e9cembre, celles-ci faisant \u00e9tat de sa volont\u00e9 de passer en force sur ces dossiers 3e ligne et PLB qui sont li\u00e9s \u00e0 ses yeux.<\/p>\n<p>Un passage en force avant-m\u00eame la fin du travail collectif sur la lev\u00e9e des r\u00e9serves du PLB pour laquelle une date butoir a \u00e9t\u00e9 fix\u00e9e en mars 2016. Un travail sur lequel Jean-Luc Moudenc a fait un trait avant m\u00eame sa finalisation, puisque \u00e9voqu\u00e9 \u00e0 l\u2019imparfait lors du dernier comit\u00e9 syndical. Dans un calendrier aussi serr\u00e9, tout est parfois dans la concordance des temps utilis\u00e9e.<\/p>\n<p><a href=\"http:\/\/actu.cotetoulouse.fr\/decryptage-troisieme-ligne-de-metro-prolongement-ligne-b-labege-trois-scenarios-possibles-vendredi-18-decembre_25560\/\">lire l&rsquo;article sur le site d&rsquo;Actu C\u00f4t\u00e9 Toulouse<\/a><\/p>\n<p>photo Tiss\u00e9o<\/p>\n","protected":false},"excerpt":{"rendered":"<p>Vendredi 18 d\u00e9cembre 2015, \u00e0 Toulouse va \u00eatre pr\u00e9sent\u00e9 le trac\u00e9 de la 3e ligne de m\u00e9tro. Il va aussi \u00eatre question du PLB vers Lab\u00e8ge. Voici 3 sc\u00e9narios possibles pour ces projets. Ce vendredi 18 d\u00e9cembre, lors d\u2019un comit\u00e9 syndical extraordinaire, Tiss\u00e9o va officiellement pr\u00e9senter le trac\u00e9 choisi pour le projet de 3e ligne<\/p>\n<p class=\"more-link\"><a href=\"https:\/\/autate.fr\/site\/actu-cote-toulouse-decryptage-troisieme-ligne-de-metro-prolongement-de-la-ligne-b-vers-labege-trois-scenarios-possibles-vendredi-18-decembre\/\" class=\"themebutton2\">VOIR PLUS<\/a><\/p>\n","protected":false},"author":1,"featured_media":96,"comment_status":"open","ping_status":"open","sticky":false,"template":"","format":"standard","meta":{"footnotes":""},"categories":[7],"tags":[172,12,17],"class_list":["post-95","post","type-post","status-publish","format-standard","has-post-thumbnail","hentry","category-revue-de-presse","tag-3eme-ligne-metro","tag-metro","tag-plb"],"yoast_head":"<!-- This site is optimized with the Yoast SEO plugin v27.4 - https:\/\/yoast.com\/product\/yoast-seo-wordpress\/ -->\n<title>[Actu C\u00f4t\u00e9 Toulouse] [D\u00e9cryptage] Troisi\u00e8me ligne de m\u00e9tro, prolongement de la ligne B vers Lab\u00e8ge : trois sc\u00e9narios possibles vendredi 18 d\u00e9cembre - AUTATE<\/title>\n<meta name=\"robots\" content=\"index, follow, max-snippet:-1, max-image-preview:large, max-video-preview:-1\" \/>\n<link rel=\"canonical\" href=\"https:\/\/autate.fr\/site\/actu-cote-toulouse-decryptage-troisieme-ligne-de-metro-prolongement-de-la-ligne-b-vers-labege-trois-scenarios-possibles-vendredi-18-decembre\/\" \/>\n<meta property=\"og:locale\" content=\"fr_FR\" \/>\n<meta property=\"og:type\" content=\"article\" \/>\n<meta property=\"og:title\" content=\"[Actu C\u00f4t\u00e9 Toulouse] [D\u00e9cryptage] Troisi\u00e8me ligne de m\u00e9tro, prolongement de la ligne B vers Lab\u00e8ge : trois sc\u00e9narios possibles vendredi 18 d\u00e9cembre - AUTATE\" \/>\n<meta property=\"og:description\" content=\"Vendredi 18 d\u00e9cembre 2015, \u00e0 Toulouse va \u00eatre pr\u00e9sent\u00e9 le trac\u00e9 de la 3e ligne de m\u00e9tro. Il va aussi \u00eatre question du PLB vers Lab\u00e8ge. Voici 3 sc\u00e9narios possibles pour ces projets. Ce vendredi 18 d\u00e9cembre, lors d\u2019un comit\u00e9 syndical extraordinaire, Tiss\u00e9o va officiellement pr\u00e9senter le trac\u00e9 choisi pour le projet de 3e ligneVOIR PLUS\" \/>\n<meta property=\"og:url\" content=\"https:\/\/autate.fr\/site\/actu-cote-toulouse-decryptage-troisieme-ligne-de-metro-prolongement-de-la-ligne-b-vers-labege-trois-scenarios-possibles-vendredi-18-decembre\/\" \/>\n<meta property=\"og:site_name\" content=\"AUTATE\" \/>\n<meta property=\"article:publisher\" content=\"https:\/\/www.facebook.com\/AutateToulouse\" \/>\n<meta property=\"article:published_time\" content=\"2015-12-15T00:55:43+00:00\" \/>\n<meta property=\"article:modified_time\" content=\"2016-08-10T19:20:16+00:00\" \/>\n<meta property=\"og:image\" content=\"https:\/\/autate.fr\/site\/wp-content\/uploads\/2015\/12\/metro-tisseo-630x0.jpg\" \/>\n\t<meta property=\"og:image:width\" content=\"630\" \/>\n\t<meta property=\"og:image:height\" content=\"419\" \/>\n\t<meta property=\"og:image:type\" content=\"image\/jpeg\" \/>\n<meta name=\"author\" content=\"pascalbarbier\" \/>\n<meta name=\"twitter:card\" content=\"summary_large_image\" \/>\n<meta name=\"twitter:creator\" content=\"@AutateToulouse\" \/>\n<meta name=\"twitter:site\" content=\"@AutateToulouse\" \/>\n<meta name=\"twitter:label1\" content=\"\u00c9crit par\" \/>\n\t<meta name=\"twitter:data1\" content=\"pascalbarbier\" \/>\n\t<meta name=\"twitter:label2\" content=\"Dur\u00e9e de lecture estim\u00e9e\" \/>\n\t<meta name=\"twitter:data2\" content=\"10 minutes\" \/>\n<script type=\"application\/ld+json\" class=\"yoast-schema-graph\">{\"@context\":\"https:\\\/\\\/schema.org\",\"@graph\":[{\"@type\":\"Article\",\"@id\":\"https:\\\/\\\/autate.fr\\\/site\\\/actu-cote-toulouse-decryptage-troisieme-ligne-de-metro-prolongement-de-la-ligne-b-vers-labege-trois-scenarios-possibles-vendredi-18-decembre\\\/#article\",\"isPartOf\":{\"@id\":\"https:\\\/\\\/autate.fr\\\/site\\\/actu-cote-toulouse-decryptage-troisieme-ligne-de-metro-prolongement-de-la-ligne-b-vers-labege-trois-scenarios-possibles-vendredi-18-decembre\\\/\"},\"author\":{\"name\":\"pascalbarbier\",\"@id\":\"https:\\\/\\\/autate.fr\\\/site\\\/#\\\/schema\\\/person\\\/ae1ab8bdaa7b41d2a9b52d2557ce8254\"},\"headline\":\"[Actu C\u00f4t\u00e9 Toulouse] [D\u00e9cryptage] Troisi\u00e8me ligne de m\u00e9tro, prolongement de la ligne B vers Lab\u00e8ge : trois sc\u00e9narios possibles vendredi 18 d\u00e9cembre\",\"datePublished\":\"2015-12-15T00:55:43+00:00\",\"dateModified\":\"2016-08-10T19:20:16+00:00\",\"mainEntityOfPage\":{\"@id\":\"https:\\\/\\\/autate.fr\\\/site\\\/actu-cote-toulouse-decryptage-troisieme-ligne-de-metro-prolongement-de-la-ligne-b-vers-labege-trois-scenarios-possibles-vendredi-18-decembre\\\/\"},\"wordCount\":1931,\"commentCount\":0,\"publisher\":{\"@id\":\"https:\\\/\\\/autate.fr\\\/site\\\/#organization\"},\"image\":{\"@id\":\"https:\\\/\\\/autate.fr\\\/site\\\/actu-cote-toulouse-decryptage-troisieme-ligne-de-metro-prolongement-de-la-ligne-b-vers-labege-trois-scenarios-possibles-vendredi-18-decembre\\\/#primaryimage\"},\"thumbnailUrl\":\"https:\\\/\\\/autate.fr\\\/site\\\/wp-content\\\/uploads\\\/2015\\\/12\\\/metro-tisseo-630x0.jpg\",\"keywords\":[\"3\u00e8me ligne m\u00e9tro\",\"m\u00e9tro\",\"PLB\"],\"articleSection\":[\"Revue de presse\"],\"inLanguage\":\"fr-FR\",\"potentialAction\":[{\"@type\":\"CommentAction\",\"name\":\"Comment\",\"target\":[\"https:\\\/\\\/autate.fr\\\/site\\\/actu-cote-toulouse-decryptage-troisieme-ligne-de-metro-prolongement-de-la-ligne-b-vers-labege-trois-scenarios-possibles-vendredi-18-decembre\\\/#respond\"]}]},{\"@type\":\"WebPage\",\"@id\":\"https:\\\/\\\/autate.fr\\\/site\\\/actu-cote-toulouse-decryptage-troisieme-ligne-de-metro-prolongement-de-la-ligne-b-vers-labege-trois-scenarios-possibles-vendredi-18-decembre\\\/\",\"url\":\"https:\\\/\\\/autate.fr\\\/site\\\/actu-cote-toulouse-decryptage-troisieme-ligne-de-metro-prolongement-de-la-ligne-b-vers-labege-trois-scenarios-possibles-vendredi-18-decembre\\\/\",\"name\":\"[Actu C\u00f4t\u00e9 Toulouse] [D\u00e9cryptage] Troisi\u00e8me ligne de m\u00e9tro, prolongement de la ligne B vers Lab\u00e8ge : trois sc\u00e9narios possibles vendredi 18 d\u00e9cembre - AUTATE\",\"isPartOf\":{\"@id\":\"https:\\\/\\\/autate.fr\\\/site\\\/#website\"},\"primaryImageOfPage\":{\"@id\":\"https:\\\/\\\/autate.fr\\\/site\\\/actu-cote-toulouse-decryptage-troisieme-ligne-de-metro-prolongement-de-la-ligne-b-vers-labege-trois-scenarios-possibles-vendredi-18-decembre\\\/#primaryimage\"},\"image\":{\"@id\":\"https:\\\/\\\/autate.fr\\\/site\\\/actu-cote-toulouse-decryptage-troisieme-ligne-de-metro-prolongement-de-la-ligne-b-vers-labege-trois-scenarios-possibles-vendredi-18-decembre\\\/#primaryimage\"},\"thumbnailUrl\":\"https:\\\/\\\/autate.fr\\\/site\\\/wp-content\\\/uploads\\\/2015\\\/12\\\/metro-tisseo-630x0.jpg\",\"datePublished\":\"2015-12-15T00:55:43+00:00\",\"dateModified\":\"2016-08-10T19:20:16+00:00\",\"breadcrumb\":{\"@id\":\"https:\\\/\\\/autate.fr\\\/site\\\/actu-cote-toulouse-decryptage-troisieme-ligne-de-metro-prolongement-de-la-ligne-b-vers-labege-trois-scenarios-possibles-vendredi-18-decembre\\\/#breadcrumb\"},\"inLanguage\":\"fr-FR\",\"potentialAction\":[{\"@type\":\"ReadAction\",\"target\":[\"https:\\\/\\\/autate.fr\\\/site\\\/actu-cote-toulouse-decryptage-troisieme-ligne-de-metro-prolongement-de-la-ligne-b-vers-labege-trois-scenarios-possibles-vendredi-18-decembre\\\/\"]}]},{\"@type\":\"ImageObject\",\"inLanguage\":\"fr-FR\",\"@id\":\"https:\\\/\\\/autate.fr\\\/site\\\/actu-cote-toulouse-decryptage-troisieme-ligne-de-metro-prolongement-de-la-ligne-b-vers-labege-trois-scenarios-possibles-vendredi-18-decembre\\\/#primaryimage\",\"url\":\"https:\\\/\\\/autate.fr\\\/site\\\/wp-content\\\/uploads\\\/2015\\\/12\\\/metro-tisseo-630x0.jpg\",\"contentUrl\":\"https:\\\/\\\/autate.fr\\\/site\\\/wp-content\\\/uploads\\\/2015\\\/12\\\/metro-tisseo-630x0.jpg\",\"width\":630,\"height\":419},{\"@type\":\"BreadcrumbList\",\"@id\":\"https:\\\/\\\/autate.fr\\\/site\\\/actu-cote-toulouse-decryptage-troisieme-ligne-de-metro-prolongement-de-la-ligne-b-vers-labege-trois-scenarios-possibles-vendredi-18-decembre\\\/#breadcrumb\",\"itemListElement\":[{\"@type\":\"ListItem\",\"position\":1,\"name\":\"Accueil\",\"item\":\"https:\\\/\\\/autate.fr\\\/site\\\/\"},{\"@type\":\"ListItem\",\"position\":2,\"name\":\"[Actu C\u00f4t\u00e9 Toulouse] [D\u00e9cryptage] Troisi\u00e8me ligne de m\u00e9tro, prolongement de la ligne B vers Lab\u00e8ge : trois sc\u00e9narios possibles vendredi 18 d\u00e9cembre\"}]},{\"@type\":\"WebSite\",\"@id\":\"https:\\\/\\\/autate.fr\\\/site\\\/#website\",\"url\":\"https:\\\/\\\/autate.fr\\\/site\\\/\",\"name\":\"AUTATE\",\"description\":\"Association des usagers des transports de l&#039;agglom\u00e9ration Toulousaine et de ses environs\",\"publisher\":{\"@id\":\"https:\\\/\\\/autate.fr\\\/site\\\/#organization\"},\"potentialAction\":[{\"@type\":\"SearchAction\",\"target\":{\"@type\":\"EntryPoint\",\"urlTemplate\":\"https:\\\/\\\/autate.fr\\\/site\\\/?s={search_term_string}\"},\"query-input\":{\"@type\":\"PropertyValueSpecification\",\"valueRequired\":true,\"valueName\":\"search_term_string\"}}],\"inLanguage\":\"fr-FR\"},{\"@type\":\"Organization\",\"@id\":\"https:\\\/\\\/autate.fr\\\/site\\\/#organization\",\"name\":\"AUTATE\",\"url\":\"https:\\\/\\\/autate.fr\\\/site\\\/\",\"logo\":{\"@type\":\"ImageObject\",\"inLanguage\":\"fr-FR\",\"@id\":\"https:\\\/\\\/autate.fr\\\/site\\\/#\\\/schema\\\/logo\\\/image\\\/\",\"url\":\"http:\\\/\\\/autate.fr\\\/site\\\/wp-content\\\/uploads\\\/2019\\\/01\\\/logo.png\",\"contentUrl\":\"http:\\\/\\\/autate.fr\\\/site\\\/wp-content\\\/uploads\\\/2019\\\/01\\\/logo.png\",\"width\":506,\"height\":280,\"caption\":\"AUTATE\"},\"image\":{\"@id\":\"https:\\\/\\\/autate.fr\\\/site\\\/#\\\/schema\\\/logo\\\/image\\\/\"},\"sameAs\":[\"https:\\\/\\\/www.facebook.com\\\/AutateToulouse\",\"https:\\\/\\\/x.com\\\/AutateToulouse\"]},{\"@type\":\"Person\",\"@id\":\"https:\\\/\\\/autate.fr\\\/site\\\/#\\\/schema\\\/person\\\/ae1ab8bdaa7b41d2a9b52d2557ce8254\",\"name\":\"pascalbarbier\",\"image\":{\"@type\":\"ImageObject\",\"inLanguage\":\"fr-FR\",\"@id\":\"https:\\\/\\\/secure.gravatar.com\\\/avatar\\\/03f4e8ced09894b72c67e83142540730d4b3bbf619bf46341b0074e3bf5f08a0?s=96&d=mm&r=g\",\"url\":\"https:\\\/\\\/secure.gravatar.com\\\/avatar\\\/03f4e8ced09894b72c67e83142540730d4b3bbf619bf46341b0074e3bf5f08a0?s=96&d=mm&r=g\",\"contentUrl\":\"https:\\\/\\\/secure.gravatar.com\\\/avatar\\\/03f4e8ced09894b72c67e83142540730d4b3bbf619bf46341b0074e3bf5f08a0?s=96&d=mm&r=g\",\"caption\":\"pascalbarbier\"},\"url\":\"https:\\\/\\\/autate.fr\\\/site\\\/author\\\/pascalbarbier\\\/\"}]}<\/script>\n<!-- \/ Yoast SEO plugin. -->","yoast_head_json":{"title":"[Actu C\u00f4t\u00e9 Toulouse] [D\u00e9cryptage] Troisi\u00e8me ligne de m\u00e9tro, prolongement de la ligne B vers Lab\u00e8ge : trois sc\u00e9narios possibles vendredi 18 d\u00e9cembre - AUTATE","robots":{"index":"index","follow":"follow","max-snippet":"max-snippet:-1","max-image-preview":"max-image-preview:large","max-video-preview":"max-video-preview:-1"},"canonical":"https:\/\/autate.fr\/site\/actu-cote-toulouse-decryptage-troisieme-ligne-de-metro-prolongement-de-la-ligne-b-vers-labege-trois-scenarios-possibles-vendredi-18-decembre\/","og_locale":"fr_FR","og_type":"article","og_title":"[Actu C\u00f4t\u00e9 Toulouse] [D\u00e9cryptage] Troisi\u00e8me ligne de m\u00e9tro, prolongement de la ligne B vers Lab\u00e8ge : trois sc\u00e9narios possibles vendredi 18 d\u00e9cembre - AUTATE","og_description":"Vendredi 18 d\u00e9cembre 2015, \u00e0 Toulouse va \u00eatre pr\u00e9sent\u00e9 le trac\u00e9 de la 3e ligne de m\u00e9tro. Il va aussi \u00eatre question du PLB vers Lab\u00e8ge. Voici 3 sc\u00e9narios possibles pour ces projets. Ce vendredi 18 d\u00e9cembre, lors d\u2019un comit\u00e9 syndical extraordinaire, Tiss\u00e9o va officiellement pr\u00e9senter le trac\u00e9 choisi pour le projet de 3e ligneVOIR PLUS","og_url":"https:\/\/autate.fr\/site\/actu-cote-toulouse-decryptage-troisieme-ligne-de-metro-prolongement-de-la-ligne-b-vers-labege-trois-scenarios-possibles-vendredi-18-decembre\/","og_site_name":"AUTATE","article_publisher":"https:\/\/www.facebook.com\/AutateToulouse","article_published_time":"2015-12-15T00:55:43+00:00","article_modified_time":"2016-08-10T19:20:16+00:00","og_image":[{"width":630,"height":419,"url":"https:\/\/autate.fr\/site\/wp-content\/uploads\/2015\/12\/metro-tisseo-630x0.jpg","type":"image\/jpeg"}],"author":"pascalbarbier","twitter_card":"summary_large_image","twitter_creator":"@AutateToulouse","twitter_site":"@AutateToulouse","twitter_misc":{"\u00c9crit par":"pascalbarbier","Dur\u00e9e de lecture estim\u00e9e":"10 minutes"},"schema":{"@context":"https:\/\/schema.org","@graph":[{"@type":"Article","@id":"https:\/\/autate.fr\/site\/actu-cote-toulouse-decryptage-troisieme-ligne-de-metro-prolongement-de-la-ligne-b-vers-labege-trois-scenarios-possibles-vendredi-18-decembre\/#article","isPartOf":{"@id":"https:\/\/autate.fr\/site\/actu-cote-toulouse-decryptage-troisieme-ligne-de-metro-prolongement-de-la-ligne-b-vers-labege-trois-scenarios-possibles-vendredi-18-decembre\/"},"author":{"name":"pascalbarbier","@id":"https:\/\/autate.fr\/site\/#\/schema\/person\/ae1ab8bdaa7b41d2a9b52d2557ce8254"},"headline":"[Actu C\u00f4t\u00e9 Toulouse] [D\u00e9cryptage] Troisi\u00e8me ligne de m\u00e9tro, prolongement de la ligne B vers Lab\u00e8ge : trois sc\u00e9narios possibles vendredi 18 d\u00e9cembre","datePublished":"2015-12-15T00:55:43+00:00","dateModified":"2016-08-10T19:20:16+00:00","mainEntityOfPage":{"@id":"https:\/\/autate.fr\/site\/actu-cote-toulouse-decryptage-troisieme-ligne-de-metro-prolongement-de-la-ligne-b-vers-labege-trois-scenarios-possibles-vendredi-18-decembre\/"},"wordCount":1931,"commentCount":0,"publisher":{"@id":"https:\/\/autate.fr\/site\/#organization"},"image":{"@id":"https:\/\/autate.fr\/site\/actu-cote-toulouse-decryptage-troisieme-ligne-de-metro-prolongement-de-la-ligne-b-vers-labege-trois-scenarios-possibles-vendredi-18-decembre\/#primaryimage"},"thumbnailUrl":"https:\/\/autate.fr\/site\/wp-content\/uploads\/2015\/12\/metro-tisseo-630x0.jpg","keywords":["3\u00e8me ligne m\u00e9tro","m\u00e9tro","PLB"],"articleSection":["Revue de presse"],"inLanguage":"fr-FR","potentialAction":[{"@type":"CommentAction","name":"Comment","target":["https:\/\/autate.fr\/site\/actu-cote-toulouse-decryptage-troisieme-ligne-de-metro-prolongement-de-la-ligne-b-vers-labege-trois-scenarios-possibles-vendredi-18-decembre\/#respond"]}]},{"@type":"WebPage","@id":"https:\/\/autate.fr\/site\/actu-cote-toulouse-decryptage-troisieme-ligne-de-metro-prolongement-de-la-ligne-b-vers-labege-trois-scenarios-possibles-vendredi-18-decembre\/","url":"https:\/\/autate.fr\/site\/actu-cote-toulouse-decryptage-troisieme-ligne-de-metro-prolongement-de-la-ligne-b-vers-labege-trois-scenarios-possibles-vendredi-18-decembre\/","name":"[Actu C\u00f4t\u00e9 Toulouse] [D\u00e9cryptage] Troisi\u00e8me ligne de m\u00e9tro, prolongement de la ligne B vers Lab\u00e8ge : trois sc\u00e9narios possibles vendredi 18 d\u00e9cembre - AUTATE","isPartOf":{"@id":"https:\/\/autate.fr\/site\/#website"},"primaryImageOfPage":{"@id":"https:\/\/autate.fr\/site\/actu-cote-toulouse-decryptage-troisieme-ligne-de-metro-prolongement-de-la-ligne-b-vers-labege-trois-scenarios-possibles-vendredi-18-decembre\/#primaryimage"},"image":{"@id":"https:\/\/autate.fr\/site\/actu-cote-toulouse-decryptage-troisieme-ligne-de-metro-prolongement-de-la-ligne-b-vers-labege-trois-scenarios-possibles-vendredi-18-decembre\/#primaryimage"},"thumbnailUrl":"https:\/\/autate.fr\/site\/wp-content\/uploads\/2015\/12\/metro-tisseo-630x0.jpg","datePublished":"2015-12-15T00:55:43+00:00","dateModified":"2016-08-10T19:20:16+00:00","breadcrumb":{"@id":"https:\/\/autate.fr\/site\/actu-cote-toulouse-decryptage-troisieme-ligne-de-metro-prolongement-de-la-ligne-b-vers-labege-trois-scenarios-possibles-vendredi-18-decembre\/#breadcrumb"},"inLanguage":"fr-FR","potentialAction":[{"@type":"ReadAction","target":["https:\/\/autate.fr\/site\/actu-cote-toulouse-decryptage-troisieme-ligne-de-metro-prolongement-de-la-ligne-b-vers-labege-trois-scenarios-possibles-vendredi-18-decembre\/"]}]},{"@type":"ImageObject","inLanguage":"fr-FR","@id":"https:\/\/autate.fr\/site\/actu-cote-toulouse-decryptage-troisieme-ligne-de-metro-prolongement-de-la-ligne-b-vers-labege-trois-scenarios-possibles-vendredi-18-decembre\/#primaryimage","url":"https:\/\/autate.fr\/site\/wp-content\/uploads\/2015\/12\/metro-tisseo-630x0.jpg","contentUrl":"https:\/\/autate.fr\/site\/wp-content\/uploads\/2015\/12\/metro-tisseo-630x0.jpg","width":630,"height":419},{"@type":"BreadcrumbList","@id":"https:\/\/autate.fr\/site\/actu-cote-toulouse-decryptage-troisieme-ligne-de-metro-prolongement-de-la-ligne-b-vers-labege-trois-scenarios-possibles-vendredi-18-decembre\/#breadcrumb","itemListElement":[{"@type":"ListItem","position":1,"name":"Accueil","item":"https:\/\/autate.fr\/site\/"},{"@type":"ListItem","position":2,"name":"[Actu C\u00f4t\u00e9 Toulouse] [D\u00e9cryptage] Troisi\u00e8me ligne de m\u00e9tro, prolongement de la ligne B vers Lab\u00e8ge : trois sc\u00e9narios possibles vendredi 18 d\u00e9cembre"}]},{"@type":"WebSite","@id":"https:\/\/autate.fr\/site\/#website","url":"https:\/\/autate.fr\/site\/","name":"AUTATE","description":"Association des usagers des transports de l&#039;agglom\u00e9ration Toulousaine et de ses environs","publisher":{"@id":"https:\/\/autate.fr\/site\/#organization"},"potentialAction":[{"@type":"SearchAction","target":{"@type":"EntryPoint","urlTemplate":"https:\/\/autate.fr\/site\/?s={search_term_string}"},"query-input":{"@type":"PropertyValueSpecification","valueRequired":true,"valueName":"search_term_string"}}],"inLanguage":"fr-FR"},{"@type":"Organization","@id":"https:\/\/autate.fr\/site\/#organization","name":"AUTATE","url":"https:\/\/autate.fr\/site\/","logo":{"@type":"ImageObject","inLanguage":"fr-FR","@id":"https:\/\/autate.fr\/site\/#\/schema\/logo\/image\/","url":"http:\/\/autate.fr\/site\/wp-content\/uploads\/2019\/01\/logo.png","contentUrl":"http:\/\/autate.fr\/site\/wp-content\/uploads\/2019\/01\/logo.png","width":506,"height":280,"caption":"AUTATE"},"image":{"@id":"https:\/\/autate.fr\/site\/#\/schema\/logo\/image\/"},"sameAs":["https:\/\/www.facebook.com\/AutateToulouse","https:\/\/x.com\/AutateToulouse"]},{"@type":"Person","@id":"https:\/\/autate.fr\/site\/#\/schema\/person\/ae1ab8bdaa7b41d2a9b52d2557ce8254","name":"pascalbarbier","image":{"@type":"ImageObject","inLanguage":"fr-FR","@id":"https:\/\/secure.gravatar.com\/avatar\/03f4e8ced09894b72c67e83142540730d4b3bbf619bf46341b0074e3bf5f08a0?s=96&d=mm&r=g","url":"https:\/\/secure.gravatar.com\/avatar\/03f4e8ced09894b72c67e83142540730d4b3bbf619bf46341b0074e3bf5f08a0?s=96&d=mm&r=g","contentUrl":"https:\/\/secure.gravatar.com\/avatar\/03f4e8ced09894b72c67e83142540730d4b3bbf619bf46341b0074e3bf5f08a0?s=96&d=mm&r=g","caption":"pascalbarbier"},"url":"https:\/\/autate.fr\/site\/author\/pascalbarbier\/"}]}},"_links":{"self":[{"href":"https:\/\/autate.fr\/site\/wp-json\/wp\/v2\/posts\/95","targetHints":{"allow":["GET"]}}],"collection":[{"href":"https:\/\/autate.fr\/site\/wp-json\/wp\/v2\/posts"}],"about":[{"href":"https:\/\/autate.fr\/site\/wp-json\/wp\/v2\/types\/post"}],"author":[{"embeddable":true,"href":"https:\/\/autate.fr\/site\/wp-json\/wp\/v2\/users\/1"}],"replies":[{"embeddable":true,"href":"https:\/\/autate.fr\/site\/wp-json\/wp\/v2\/comments?post=95"}],"version-history":[{"count":2,"href":"https:\/\/autate.fr\/site\/wp-json\/wp\/v2\/posts\/95\/revisions"}],"predecessor-version":[{"id":114,"href":"https:\/\/autate.fr\/site\/wp-json\/wp\/v2\/posts\/95\/revisions\/114"}],"wp:featuredmedia":[{"embeddable":true,"href":"https:\/\/autate.fr\/site\/wp-json\/wp\/v2\/media\/96"}],"wp:attachment":[{"href":"https:\/\/autate.fr\/site\/wp-json\/wp\/v2\/media?parent=95"}],"wp:term":[{"taxonomy":"category","embeddable":true,"href":"https:\/\/autate.fr\/site\/wp-json\/wp\/v2\/categories?post=95"},{"taxonomy":"post_tag","embeddable":true,"href":"https:\/\/autate.fr\/site\/wp-json\/wp\/v2\/tags?post=95"}],"curies":[{"name":"wp","href":"https:\/\/api.w.org\/{rel}","templated":true}]}}