{"id":926,"date":"2016-10-17T20:39:39","date_gmt":"2016-10-17T18:39:39","guid":{"rendered":"http:\/\/autate.fr\/site\/?p=926"},"modified":"2017-10-21T20:51:32","modified_gmt":"2017-10-21T18:51:32","slug":"la-depeche-le-nouvel-enjeu-cest-de-connecter-ter-et-tisseo","status":"publish","type":"post","link":"https:\/\/autate.fr\/site\/la-depeche-le-nouvel-enjeu-cest-de-connecter-ter-et-tisseo\/","title":{"rendered":"[La D\u00e9p\u00eache] \u00abLe nouvel enjeu, c&rsquo;est de connecter TER et Tiss\u00e9o\u00bb"},"content":{"rendered":"<h2 class=\"sous_titre\">Transports &#8211; Interview de Carole Delga, pr\u00e9sidente du conseil r\u00e9gional Occitanie\/Pyr\u00e9n\u00e9es \u2014 M\u00e9diterran\u00e9e<\/h2>\n<p><strong>Peut-on parler d&rsquo;un \u00abRER toulousain\u00bb ? <\/strong>La R\u00e9gion a renforc\u00e9 ces derni\u00e8res ann\u00e9es l&rsquo;offre de TER, pour r\u00e9pondre aux besoins de nos citoyens, toujours plus nombreux \u00e0 emprunter le train quotidiennement car notre r\u00e9gion, contrairement \u00e0 d&rsquo;autres, conna\u00eet une augmentation du nombre de voyageurs. Si nous ne pouvons pas parler de \u00abRER toulousain\u00bb au sens parisien du terme, qui impliquerait des infrastructures d\u00e9di\u00e9es, l&rsquo;offre propos\u00e9e aux usagers s&rsquo;est consid\u00e9rablement am\u00e9lior\u00e9e. La R\u00e9gion a ainsi cr\u00e9\u00e9 un terminus technique \u00e0 Colomiers et aux Ar\u00e8nes, avec un doublement partiel des voies. Cela permet de faire circuler 94 TER par jour entre <a href=\"http:\/\/www.ladepeche.fr\/communes\/toulouse,31555.html\">Toulouse<\/a> et Colomiers, dont 54 TER entre Ar\u00e8nes et Colomiers, et 40 TER entre Toulouse et L&rsquo;Isle Jourdain, 18 trains continuant ensuite vers Auch. En heure de pointe, il y a un train toutes les 15 minutes entre Colomiers et Ar\u00e8nes et un train toutes les 30 minutes, vers l&rsquo;Isle Jourdain et vers Matabiau. On compte sur cette ligne 8 000 voyages par jour, tout comme sur la ligne de Muret qui offre 43 TER chaque jour.<\/p>\n<p><a href=\"http:\/\/www.ladepeche.fr\/article\/2016\/10\/17\/2440901-le-nouvel-enjeu-c-est-de-connecter-ter-et-tisseo.html\" target=\"_blank\">lire la suite sur le site de la D\u00e9p\u00eache<\/a><\/p>\n","protected":false},"excerpt":{"rendered":"<p>Transports &#8211; Interview de Carole Delga, pr\u00e9sidente du conseil r\u00e9gional Occitanie\/Pyr\u00e9n\u00e9es \u2014 M\u00e9diterran\u00e9e Peut-on parler d&rsquo;un \u00abRER toulousain\u00bb ? La R\u00e9gion a renforc\u00e9 ces derni\u00e8res ann\u00e9es l&rsquo;offre de TER, pour r\u00e9pondre aux besoins de nos citoyens, toujours plus nombreux \u00e0 emprunter le train quotidiennement car notre r\u00e9gion, contrairement \u00e0 d&rsquo;autres, conna\u00eet une augmentation du nombre<\/p>\n<p class=\"more-link\"><a href=\"https:\/\/autate.fr\/site\/la-depeche-le-nouvel-enjeu-cest-de-connecter-ter-et-tisseo\/\" class=\"themebutton2\">VOIR PLUS<\/a><\/p>\n","protected":false},"author":1,"featured_media":0,"comment_status":"open","ping_status":"open","sticky":false,"template":"","format":"standard","meta":{"footnotes":""},"categories":[7,418],"tags":[235,123,8],"class_list":["post-926","post","type-post","status-publish","format-standard","hentry","category-revue-de-presse","category-trains-urbains","tag-c-delga","tag-region","tag-ter"],"yoast_head":"<!-- This site is optimized with the Yoast SEO plugin v27.4 - https:\/\/yoast.com\/product\/yoast-seo-wordpress\/ -->\n<title>[La D\u00e9p\u00eache] \u00abLe nouvel enjeu, c&#039;est de connecter TER et Tiss\u00e9o\u00bb - AUTATE<\/title>\n<meta name=\"robots\" content=\"index, follow, max-snippet:-1, max-image-preview:large, max-video-preview:-1\" \/>\n<link rel=\"canonical\" href=\"https:\/\/autate.fr\/site\/la-depeche-le-nouvel-enjeu-cest-de-connecter-ter-et-tisseo\/\" \/>\n<meta property=\"og:locale\" content=\"fr_FR\" \/>\n<meta property=\"og:type\" content=\"article\" \/>\n<meta property=\"og:title\" content=\"[La D\u00e9p\u00eache] \u00abLe nouvel enjeu, c&#039;est de connecter TER et Tiss\u00e9o\u00bb - AUTATE\" \/>\n<meta property=\"og:description\" content=\"Transports &#8211; Interview de Carole Delga, pr\u00e9sidente du conseil r\u00e9gional Occitanie\/Pyr\u00e9n\u00e9es \u2014 M\u00e9diterran\u00e9e Peut-on parler d&rsquo;un \u00abRER toulousain\u00bb ? La R\u00e9gion a renforc\u00e9 ces derni\u00e8res ann\u00e9es l&rsquo;offre de TER, pour r\u00e9pondre aux besoins de nos citoyens, toujours plus nombreux \u00e0 emprunter le train quotidiennement car notre r\u00e9gion, contrairement \u00e0 d&rsquo;autres, conna\u00eet une augmentation du nombreVOIR PLUS\" \/>\n<meta property=\"og:url\" content=\"https:\/\/autate.fr\/site\/la-depeche-le-nouvel-enjeu-cest-de-connecter-ter-et-tisseo\/\" \/>\n<meta property=\"og:site_name\" content=\"AUTATE\" \/>\n<meta property=\"article:publisher\" content=\"https:\/\/www.facebook.com\/AutateToulouse\" \/>\n<meta property=\"article:published_time\" content=\"2016-10-17T18:39:39+00:00\" \/>\n<meta property=\"article:modified_time\" content=\"2017-10-21T18:51:32+00:00\" \/>\n<meta name=\"author\" content=\"pascalbarbier\" \/>\n<meta name=\"twitter:card\" content=\"summary_large_image\" \/>\n<meta name=\"twitter:creator\" content=\"@AutateToulouse\" \/>\n<meta name=\"twitter:site\" content=\"@AutateToulouse\" \/>\n<meta name=\"twitter:label1\" content=\"\u00c9crit par\" \/>\n\t<meta name=\"twitter:data1\" content=\"pascalbarbier\" \/>\n\t<meta name=\"twitter:label2\" content=\"Dur\u00e9e de lecture estim\u00e9e\" \/>\n\t<meta name=\"twitter:data2\" content=\"1 minute\" \/>\n<script type=\"application\/ld+json\" class=\"yoast-schema-graph\">{\"@context\":\"https:\\\/\\\/schema.org\",\"@graph\":[{\"@type\":\"Article\",\"@id\":\"https:\\\/\\\/autate.fr\\\/site\\\/la-depeche-le-nouvel-enjeu-cest-de-connecter-ter-et-tisseo\\\/#article\",\"isPartOf\":{\"@id\":\"https:\\\/\\\/autate.fr\\\/site\\\/la-depeche-le-nouvel-enjeu-cest-de-connecter-ter-et-tisseo\\\/\"},\"author\":{\"name\":\"pascalbarbier\",\"@id\":\"https:\\\/\\\/autate.fr\\\/site\\\/#\\\/schema\\\/person\\\/ae1ab8bdaa7b41d2a9b52d2557ce8254\"},\"headline\":\"[La D\u00e9p\u00eache] \u00abLe nouvel enjeu, c&rsquo;est de connecter TER et Tiss\u00e9o\u00bb\",\"datePublished\":\"2016-10-17T18:39:39+00:00\",\"dateModified\":\"2017-10-21T18:51:32+00:00\",\"mainEntityOfPage\":{\"@id\":\"https:\\\/\\\/autate.fr\\\/site\\\/la-depeche-le-nouvel-enjeu-cest-de-connecter-ter-et-tisseo\\\/\"},\"wordCount\":223,\"commentCount\":0,\"publisher\":{\"@id\":\"https:\\\/\\\/autate.fr\\\/site\\\/#organization\"},\"keywords\":[\"C.Delga\",\"r\u00e9gion\",\"TER\"],\"articleSection\":[\"Revue de presse\",\"Trains urbains\"],\"inLanguage\":\"fr-FR\",\"potentialAction\":[{\"@type\":\"CommentAction\",\"name\":\"Comment\",\"target\":[\"https:\\\/\\\/autate.fr\\\/site\\\/la-depeche-le-nouvel-enjeu-cest-de-connecter-ter-et-tisseo\\\/#respond\"]}]},{\"@type\":\"WebPage\",\"@id\":\"https:\\\/\\\/autate.fr\\\/site\\\/la-depeche-le-nouvel-enjeu-cest-de-connecter-ter-et-tisseo\\\/\",\"url\":\"https:\\\/\\\/autate.fr\\\/site\\\/la-depeche-le-nouvel-enjeu-cest-de-connecter-ter-et-tisseo\\\/\",\"name\":\"[La D\u00e9p\u00eache] \u00abLe nouvel enjeu, c'est de connecter TER et Tiss\u00e9o\u00bb - AUTATE\",\"isPartOf\":{\"@id\":\"https:\\\/\\\/autate.fr\\\/site\\\/#website\"},\"datePublished\":\"2016-10-17T18:39:39+00:00\",\"dateModified\":\"2017-10-21T18:51:32+00:00\",\"breadcrumb\":{\"@id\":\"https:\\\/\\\/autate.fr\\\/site\\\/la-depeche-le-nouvel-enjeu-cest-de-connecter-ter-et-tisseo\\\/#breadcrumb\"},\"inLanguage\":\"fr-FR\",\"potentialAction\":[{\"@type\":\"ReadAction\",\"target\":[\"https:\\\/\\\/autate.fr\\\/site\\\/la-depeche-le-nouvel-enjeu-cest-de-connecter-ter-et-tisseo\\\/\"]}]},{\"@type\":\"BreadcrumbList\",\"@id\":\"https:\\\/\\\/autate.fr\\\/site\\\/la-depeche-le-nouvel-enjeu-cest-de-connecter-ter-et-tisseo\\\/#breadcrumb\",\"itemListElement\":[{\"@type\":\"ListItem\",\"position\":1,\"name\":\"Accueil\",\"item\":\"https:\\\/\\\/autate.fr\\\/site\\\/\"},{\"@type\":\"ListItem\",\"position\":2,\"name\":\"[La D\u00e9p\u00eache] \u00abLe nouvel enjeu, c&rsquo;est de connecter TER et Tiss\u00e9o\u00bb\"}]},{\"@type\":\"WebSite\",\"@id\":\"https:\\\/\\\/autate.fr\\\/site\\\/#website\",\"url\":\"https:\\\/\\\/autate.fr\\\/site\\\/\",\"name\":\"AUTATE\",\"description\":\"Association des usagers des transports de l&#039;agglom\u00e9ration Toulousaine et de ses environs\",\"publisher\":{\"@id\":\"https:\\\/\\\/autate.fr\\\/site\\\/#organization\"},\"potentialAction\":[{\"@type\":\"SearchAction\",\"target\":{\"@type\":\"EntryPoint\",\"urlTemplate\":\"https:\\\/\\\/autate.fr\\\/site\\\/?s={search_term_string}\"},\"query-input\":{\"@type\":\"PropertyValueSpecification\",\"valueRequired\":true,\"valueName\":\"search_term_string\"}}],\"inLanguage\":\"fr-FR\"},{\"@type\":\"Organization\",\"@id\":\"https:\\\/\\\/autate.fr\\\/site\\\/#organization\",\"name\":\"AUTATE\",\"url\":\"https:\\\/\\\/autate.fr\\\/site\\\/\",\"logo\":{\"@type\":\"ImageObject\",\"inLanguage\":\"fr-FR\",\"@id\":\"https:\\\/\\\/autate.fr\\\/site\\\/#\\\/schema\\\/logo\\\/image\\\/\",\"url\":\"http:\\\/\\\/autate.fr\\\/site\\\/wp-content\\\/uploads\\\/2019\\\/01\\\/logo.png\",\"contentUrl\":\"http:\\\/\\\/autate.fr\\\/site\\\/wp-content\\\/uploads\\\/2019\\\/01\\\/logo.png\",\"width\":506,\"height\":280,\"caption\":\"AUTATE\"},\"image\":{\"@id\":\"https:\\\/\\\/autate.fr\\\/site\\\/#\\\/schema\\\/logo\\\/image\\\/\"},\"sameAs\":[\"https:\\\/\\\/www.facebook.com\\\/AutateToulouse\",\"https:\\\/\\\/x.com\\\/AutateToulouse\"]},{\"@type\":\"Person\",\"@id\":\"https:\\\/\\\/autate.fr\\\/site\\\/#\\\/schema\\\/person\\\/ae1ab8bdaa7b41d2a9b52d2557ce8254\",\"name\":\"pascalbarbier\",\"image\":{\"@type\":\"ImageObject\",\"inLanguage\":\"fr-FR\",\"@id\":\"https:\\\/\\\/secure.gravatar.com\\\/avatar\\\/03f4e8ced09894b72c67e83142540730d4b3bbf619bf46341b0074e3bf5f08a0?s=96&d=mm&r=g\",\"url\":\"https:\\\/\\\/secure.gravatar.com\\\/avatar\\\/03f4e8ced09894b72c67e83142540730d4b3bbf619bf46341b0074e3bf5f08a0?s=96&d=mm&r=g\",\"contentUrl\":\"https:\\\/\\\/secure.gravatar.com\\\/avatar\\\/03f4e8ced09894b72c67e83142540730d4b3bbf619bf46341b0074e3bf5f08a0?s=96&d=mm&r=g\",\"caption\":\"pascalbarbier\"},\"url\":\"https:\\\/\\\/autate.fr\\\/site\\\/author\\\/pascalbarbier\\\/\"}]}<\/script>\n<!-- \/ Yoast SEO plugin. -->","yoast_head_json":{"title":"[La D\u00e9p\u00eache] \u00abLe nouvel enjeu, c'est de connecter TER et Tiss\u00e9o\u00bb - AUTATE","robots":{"index":"index","follow":"follow","max-snippet":"max-snippet:-1","max-image-preview":"max-image-preview:large","max-video-preview":"max-video-preview:-1"},"canonical":"https:\/\/autate.fr\/site\/la-depeche-le-nouvel-enjeu-cest-de-connecter-ter-et-tisseo\/","og_locale":"fr_FR","og_type":"article","og_title":"[La D\u00e9p\u00eache] \u00abLe nouvel enjeu, c'est de connecter TER et Tiss\u00e9o\u00bb - AUTATE","og_description":"Transports &#8211; Interview de Carole Delga, pr\u00e9sidente du conseil r\u00e9gional Occitanie\/Pyr\u00e9n\u00e9es \u2014 M\u00e9diterran\u00e9e Peut-on parler d&rsquo;un \u00abRER toulousain\u00bb ? La R\u00e9gion a renforc\u00e9 ces derni\u00e8res ann\u00e9es l&rsquo;offre de TER, pour r\u00e9pondre aux besoins de nos citoyens, toujours plus nombreux \u00e0 emprunter le train quotidiennement car notre r\u00e9gion, contrairement \u00e0 d&rsquo;autres, conna\u00eet une augmentation du nombreVOIR PLUS","og_url":"https:\/\/autate.fr\/site\/la-depeche-le-nouvel-enjeu-cest-de-connecter-ter-et-tisseo\/","og_site_name":"AUTATE","article_publisher":"https:\/\/www.facebook.com\/AutateToulouse","article_published_time":"2016-10-17T18:39:39+00:00","article_modified_time":"2017-10-21T18:51:32+00:00","author":"pascalbarbier","twitter_card":"summary_large_image","twitter_creator":"@AutateToulouse","twitter_site":"@AutateToulouse","twitter_misc":{"\u00c9crit par":"pascalbarbier","Dur\u00e9e de lecture estim\u00e9e":"1 minute"},"schema":{"@context":"https:\/\/schema.org","@graph":[{"@type":"Article","@id":"https:\/\/autate.fr\/site\/la-depeche-le-nouvel-enjeu-cest-de-connecter-ter-et-tisseo\/#article","isPartOf":{"@id":"https:\/\/autate.fr\/site\/la-depeche-le-nouvel-enjeu-cest-de-connecter-ter-et-tisseo\/"},"author":{"name":"pascalbarbier","@id":"https:\/\/autate.fr\/site\/#\/schema\/person\/ae1ab8bdaa7b41d2a9b52d2557ce8254"},"headline":"[La D\u00e9p\u00eache] \u00abLe nouvel enjeu, c&rsquo;est de connecter TER et Tiss\u00e9o\u00bb","datePublished":"2016-10-17T18:39:39+00:00","dateModified":"2017-10-21T18:51:32+00:00","mainEntityOfPage":{"@id":"https:\/\/autate.fr\/site\/la-depeche-le-nouvel-enjeu-cest-de-connecter-ter-et-tisseo\/"},"wordCount":223,"commentCount":0,"publisher":{"@id":"https:\/\/autate.fr\/site\/#organization"},"keywords":["C.Delga","r\u00e9gion","TER"],"articleSection":["Revue de presse","Trains urbains"],"inLanguage":"fr-FR","potentialAction":[{"@type":"CommentAction","name":"Comment","target":["https:\/\/autate.fr\/site\/la-depeche-le-nouvel-enjeu-cest-de-connecter-ter-et-tisseo\/#respond"]}]},{"@type":"WebPage","@id":"https:\/\/autate.fr\/site\/la-depeche-le-nouvel-enjeu-cest-de-connecter-ter-et-tisseo\/","url":"https:\/\/autate.fr\/site\/la-depeche-le-nouvel-enjeu-cest-de-connecter-ter-et-tisseo\/","name":"[La D\u00e9p\u00eache] \u00abLe nouvel enjeu, c'est de connecter TER et Tiss\u00e9o\u00bb - AUTATE","isPartOf":{"@id":"https:\/\/autate.fr\/site\/#website"},"datePublished":"2016-10-17T18:39:39+00:00","dateModified":"2017-10-21T18:51:32+00:00","breadcrumb":{"@id":"https:\/\/autate.fr\/site\/la-depeche-le-nouvel-enjeu-cest-de-connecter-ter-et-tisseo\/#breadcrumb"},"inLanguage":"fr-FR","potentialAction":[{"@type":"ReadAction","target":["https:\/\/autate.fr\/site\/la-depeche-le-nouvel-enjeu-cest-de-connecter-ter-et-tisseo\/"]}]},{"@type":"BreadcrumbList","@id":"https:\/\/autate.fr\/site\/la-depeche-le-nouvel-enjeu-cest-de-connecter-ter-et-tisseo\/#breadcrumb","itemListElement":[{"@type":"ListItem","position":1,"name":"Accueil","item":"https:\/\/autate.fr\/site\/"},{"@type":"ListItem","position":2,"name":"[La D\u00e9p\u00eache] \u00abLe nouvel enjeu, c&rsquo;est de connecter TER et Tiss\u00e9o\u00bb"}]},{"@type":"WebSite","@id":"https:\/\/autate.fr\/site\/#website","url":"https:\/\/autate.fr\/site\/","name":"AUTATE","description":"Association des usagers des transports de l&#039;agglom\u00e9ration Toulousaine et de ses environs","publisher":{"@id":"https:\/\/autate.fr\/site\/#organization"},"potentialAction":[{"@type":"SearchAction","target":{"@type":"EntryPoint","urlTemplate":"https:\/\/autate.fr\/site\/?s={search_term_string}"},"query-input":{"@type":"PropertyValueSpecification","valueRequired":true,"valueName":"search_term_string"}}],"inLanguage":"fr-FR"},{"@type":"Organization","@id":"https:\/\/autate.fr\/site\/#organization","name":"AUTATE","url":"https:\/\/autate.fr\/site\/","logo":{"@type":"ImageObject","inLanguage":"fr-FR","@id":"https:\/\/autate.fr\/site\/#\/schema\/logo\/image\/","url":"http:\/\/autate.fr\/site\/wp-content\/uploads\/2019\/01\/logo.png","contentUrl":"http:\/\/autate.fr\/site\/wp-content\/uploads\/2019\/01\/logo.png","width":506,"height":280,"caption":"AUTATE"},"image":{"@id":"https:\/\/autate.fr\/site\/#\/schema\/logo\/image\/"},"sameAs":["https:\/\/www.facebook.com\/AutateToulouse","https:\/\/x.com\/AutateToulouse"]},{"@type":"Person","@id":"https:\/\/autate.fr\/site\/#\/schema\/person\/ae1ab8bdaa7b41d2a9b52d2557ce8254","name":"pascalbarbier","image":{"@type":"ImageObject","inLanguage":"fr-FR","@id":"https:\/\/secure.gravatar.com\/avatar\/03f4e8ced09894b72c67e83142540730d4b3bbf619bf46341b0074e3bf5f08a0?s=96&d=mm&r=g","url":"https:\/\/secure.gravatar.com\/avatar\/03f4e8ced09894b72c67e83142540730d4b3bbf619bf46341b0074e3bf5f08a0?s=96&d=mm&r=g","contentUrl":"https:\/\/secure.gravatar.com\/avatar\/03f4e8ced09894b72c67e83142540730d4b3bbf619bf46341b0074e3bf5f08a0?s=96&d=mm&r=g","caption":"pascalbarbier"},"url":"https:\/\/autate.fr\/site\/author\/pascalbarbier\/"}]}},"_links":{"self":[{"href":"https:\/\/autate.fr\/site\/wp-json\/wp\/v2\/posts\/926","targetHints":{"allow":["GET"]}}],"collection":[{"href":"https:\/\/autate.fr\/site\/wp-json\/wp\/v2\/posts"}],"about":[{"href":"https:\/\/autate.fr\/site\/wp-json\/wp\/v2\/types\/post"}],"author":[{"embeddable":true,"href":"https:\/\/autate.fr\/site\/wp-json\/wp\/v2\/users\/1"}],"replies":[{"embeddable":true,"href":"https:\/\/autate.fr\/site\/wp-json\/wp\/v2\/comments?post=926"}],"version-history":[{"count":1,"href":"https:\/\/autate.fr\/site\/wp-json\/wp\/v2\/posts\/926\/revisions"}],"predecessor-version":[{"id":927,"href":"https:\/\/autate.fr\/site\/wp-json\/wp\/v2\/posts\/926\/revisions\/927"}],"wp:attachment":[{"href":"https:\/\/autate.fr\/site\/wp-json\/wp\/v2\/media?parent=926"}],"wp:term":[{"taxonomy":"category","embeddable":true,"href":"https:\/\/autate.fr\/site\/wp-json\/wp\/v2\/categories?post=926"},{"taxonomy":"post_tag","embeddable":true,"href":"https:\/\/autate.fr\/site\/wp-json\/wp\/v2\/tags?post=926"}],"curies":[{"name":"wp","href":"https:\/\/api.w.org\/{rel}","templated":true}]}}