{"id":923,"date":"2016-10-17T19:35:43","date_gmt":"2016-10-17T17:35:43","guid":{"rendered":"http:\/\/autate.fr\/site\/?p=923"},"modified":"2017-10-21T20:51:52","modified_gmt":"2017-10-21T18:51:52","slug":"la-depeche-quand-le-rer-refait-surface","status":"publish","type":"post","link":"https:\/\/autate.fr\/site\/la-depeche-quand-le-rer-refait-surface\/","title":{"rendered":"[La D\u00e9p\u00eache] Quand le RER refait surface"},"content":{"rendered":"<p>Un article de Philippe Emery publi\u00e9 le 17\/10\/2016 (carte La D\u00e9p\u00eache)<\/p>\n<p>L&rsquo;association d&rsquo;usagers des transports Autate a d\u00e9pos\u00e9 une contribution au d\u00e9bat sur le projet de 3e ligne de m\u00e9tro, proposant la cr\u00e9ation d&rsquo;un r\u00e9seau de RER toulousain \u00e0 la place de la 3e ligne.<\/p>\n<p>L&rsquo;avantage avec le d\u00e9bat public sur le projet de troisi\u00e8me ligne, lanc\u00e9 en septembre par la Commission nationale du d\u00e9bat public (CNDP), c&rsquo;est qu&rsquo;il rebat les cartes des projets en la mati\u00e8re.<\/p>\n<p>La commission locale pr\u00e9sid\u00e9e par Jacques Archimbaud a ouvert la bo\u00eete de Pandore des transports, divers sp\u00e9cialistes, associations ou mouvement expriment leurs positions et leurs propositions sur les projets pour l&rsquo;agglom\u00e9ration.<\/p>\n<p><a href=\"http:\/\/www.ladepeche.fr\/article\/2016\/10\/17\/2440811-toulouse-quand-le-rer-refait-surface.html\" target=\"_blank\">lire la suite sur le site de la D\u00e9p\u00eache<\/a><\/p>\n","protected":false},"excerpt":{"rendered":"<p>Un article de Philippe Emery publi\u00e9 le 17\/10\/2016 (carte La D\u00e9p\u00eache) L&rsquo;association d&rsquo;usagers des transports Autate a d\u00e9pos\u00e9 une contribution au d\u00e9bat sur le projet de 3e ligne de m\u00e9tro, proposant la cr\u00e9ation d&rsquo;un r\u00e9seau de RER toulousain \u00e0 la place de la 3e ligne. L&rsquo;avantage avec le d\u00e9bat public sur le projet de troisi\u00e8me<\/p>\n<p class=\"more-link\"><a href=\"https:\/\/autate.fr\/site\/la-depeche-quand-le-rer-refait-surface\/\" class=\"themebutton2\">VOIR PLUS<\/a><\/p>\n","protected":false},"author":1,"featured_media":924,"comment_status":"open","ping_status":"open","sticky":false,"template":"","format":"standard","meta":{"footnotes":""},"categories":[7,418],"tags":[24,159],"class_list":["post-923","post","type-post","status-publish","format-standard","has-post-thumbnail","hentry","category-revue-de-presse","category-trains-urbains","tag-autate","tag-rer"],"yoast_head":"<!-- This site is optimized with the Yoast SEO plugin v27.4 - https:\/\/yoast.com\/product\/yoast-seo-wordpress\/ -->\n<title>[La D\u00e9p\u00eache] Quand le RER refait surface - AUTATE<\/title>\n<meta name=\"robots\" content=\"index, follow, max-snippet:-1, max-image-preview:large, max-video-preview:-1\" \/>\n<link rel=\"canonical\" href=\"https:\/\/autate.fr\/site\/la-depeche-quand-le-rer-refait-surface\/\" \/>\n<meta property=\"og:locale\" content=\"fr_FR\" \/>\n<meta property=\"og:type\" content=\"article\" \/>\n<meta property=\"og:title\" content=\"[La D\u00e9p\u00eache] Quand le RER refait surface - AUTATE\" \/>\n<meta property=\"og:description\" content=\"Un article de Philippe Emery publi\u00e9 le 17\/10\/2016 (carte La D\u00e9p\u00eache) L&rsquo;association d&rsquo;usagers des transports Autate a d\u00e9pos\u00e9 une contribution au d\u00e9bat sur le projet de 3e ligne de m\u00e9tro, proposant la cr\u00e9ation d&rsquo;un r\u00e9seau de RER toulousain \u00e0 la place de la 3e ligne. L&rsquo;avantage avec le d\u00e9bat public sur le projet de troisi\u00e8meVOIR PLUS\" \/>\n<meta property=\"og:url\" content=\"https:\/\/autate.fr\/site\/la-depeche-quand-le-rer-refait-surface\/\" \/>\n<meta property=\"og:site_name\" content=\"AUTATE\" \/>\n<meta property=\"article:publisher\" content=\"https:\/\/www.facebook.com\/AutateToulouse\" \/>\n<meta property=\"article:published_time\" content=\"2016-10-17T17:35:43+00:00\" \/>\n<meta property=\"article:modified_time\" content=\"2017-10-21T18:51:52+00:00\" \/>\n<meta property=\"og:image\" content=\"https:\/\/autate.fr\/site\/wp-content\/uploads\/2016\/10\/carteD\u00e9p\u00eache.jpg\" \/>\n\t<meta property=\"og:image:width\" content=\"650\" \/>\n\t<meta property=\"og:image:height\" content=\"350\" \/>\n\t<meta property=\"og:image:type\" content=\"image\/jpeg\" \/>\n<meta name=\"author\" content=\"pascalbarbier\" \/>\n<meta name=\"twitter:card\" content=\"summary_large_image\" \/>\n<meta name=\"twitter:creator\" content=\"@AutateToulouse\" \/>\n<meta name=\"twitter:site\" content=\"@AutateToulouse\" \/>\n<meta name=\"twitter:label1\" content=\"\u00c9crit par\" \/>\n\t<meta name=\"twitter:data1\" content=\"pascalbarbier\" \/>\n\t<meta name=\"twitter:label2\" content=\"Dur\u00e9e de lecture estim\u00e9e\" \/>\n\t<meta name=\"twitter:data2\" content=\"1 minute\" \/>\n<script type=\"application\/ld+json\" class=\"yoast-schema-graph\">{\"@context\":\"https:\\\/\\\/schema.org\",\"@graph\":[{\"@type\":\"Article\",\"@id\":\"https:\\\/\\\/autate.fr\\\/site\\\/la-depeche-quand-le-rer-refait-surface\\\/#article\",\"isPartOf\":{\"@id\":\"https:\\\/\\\/autate.fr\\\/site\\\/la-depeche-quand-le-rer-refait-surface\\\/\"},\"author\":{\"name\":\"pascalbarbier\",\"@id\":\"https:\\\/\\\/autate.fr\\\/site\\\/#\\\/schema\\\/person\\\/ae1ab8bdaa7b41d2a9b52d2557ce8254\"},\"headline\":\"[La D\u00e9p\u00eache] Quand le RER refait surface\",\"datePublished\":\"2016-10-17T17:35:43+00:00\",\"dateModified\":\"2017-10-21T18:51:52+00:00\",\"mainEntityOfPage\":{\"@id\":\"https:\\\/\\\/autate.fr\\\/site\\\/la-depeche-quand-le-rer-refait-surface\\\/\"},\"wordCount\":142,\"commentCount\":0,\"publisher\":{\"@id\":\"https:\\\/\\\/autate.fr\\\/site\\\/#organization\"},\"image\":{\"@id\":\"https:\\\/\\\/autate.fr\\\/site\\\/la-depeche-quand-le-rer-refait-surface\\\/#primaryimage\"},\"thumbnailUrl\":\"https:\\\/\\\/autate.fr\\\/site\\\/wp-content\\\/uploads\\\/2016\\\/10\\\/carteD\u00e9p\u00eache.jpg\",\"keywords\":[\"AUTATE\",\"RER\"],\"articleSection\":[\"Revue de presse\",\"Trains urbains\"],\"inLanguage\":\"fr-FR\",\"potentialAction\":[{\"@type\":\"CommentAction\",\"name\":\"Comment\",\"target\":[\"https:\\\/\\\/autate.fr\\\/site\\\/la-depeche-quand-le-rer-refait-surface\\\/#respond\"]}]},{\"@type\":\"WebPage\",\"@id\":\"https:\\\/\\\/autate.fr\\\/site\\\/la-depeche-quand-le-rer-refait-surface\\\/\",\"url\":\"https:\\\/\\\/autate.fr\\\/site\\\/la-depeche-quand-le-rer-refait-surface\\\/\",\"name\":\"[La D\u00e9p\u00eache] Quand le RER refait surface - AUTATE\",\"isPartOf\":{\"@id\":\"https:\\\/\\\/autate.fr\\\/site\\\/#website\"},\"primaryImageOfPage\":{\"@id\":\"https:\\\/\\\/autate.fr\\\/site\\\/la-depeche-quand-le-rer-refait-surface\\\/#primaryimage\"},\"image\":{\"@id\":\"https:\\\/\\\/autate.fr\\\/site\\\/la-depeche-quand-le-rer-refait-surface\\\/#primaryimage\"},\"thumbnailUrl\":\"https:\\\/\\\/autate.fr\\\/site\\\/wp-content\\\/uploads\\\/2016\\\/10\\\/carteD\u00e9p\u00eache.jpg\",\"datePublished\":\"2016-10-17T17:35:43+00:00\",\"dateModified\":\"2017-10-21T18:51:52+00:00\",\"breadcrumb\":{\"@id\":\"https:\\\/\\\/autate.fr\\\/site\\\/la-depeche-quand-le-rer-refait-surface\\\/#breadcrumb\"},\"inLanguage\":\"fr-FR\",\"potentialAction\":[{\"@type\":\"ReadAction\",\"target\":[\"https:\\\/\\\/autate.fr\\\/site\\\/la-depeche-quand-le-rer-refait-surface\\\/\"]}]},{\"@type\":\"ImageObject\",\"inLanguage\":\"fr-FR\",\"@id\":\"https:\\\/\\\/autate.fr\\\/site\\\/la-depeche-quand-le-rer-refait-surface\\\/#primaryimage\",\"url\":\"https:\\\/\\\/autate.fr\\\/site\\\/wp-content\\\/uploads\\\/2016\\\/10\\\/carteD\u00e9p\u00eache.jpg\",\"contentUrl\":\"https:\\\/\\\/autate.fr\\\/site\\\/wp-content\\\/uploads\\\/2016\\\/10\\\/carteD\u00e9p\u00eache.jpg\",\"width\":650,\"height\":350},{\"@type\":\"BreadcrumbList\",\"@id\":\"https:\\\/\\\/autate.fr\\\/site\\\/la-depeche-quand-le-rer-refait-surface\\\/#breadcrumb\",\"itemListElement\":[{\"@type\":\"ListItem\",\"position\":1,\"name\":\"Accueil\",\"item\":\"https:\\\/\\\/autate.fr\\\/site\\\/\"},{\"@type\":\"ListItem\",\"position\":2,\"name\":\"[La D\u00e9p\u00eache] Quand le RER refait surface\"}]},{\"@type\":\"WebSite\",\"@id\":\"https:\\\/\\\/autate.fr\\\/site\\\/#website\",\"url\":\"https:\\\/\\\/autate.fr\\\/site\\\/\",\"name\":\"AUTATE\",\"description\":\"Association des usagers des transports de l&#039;agglom\u00e9ration Toulousaine et de ses environs\",\"publisher\":{\"@id\":\"https:\\\/\\\/autate.fr\\\/site\\\/#organization\"},\"potentialAction\":[{\"@type\":\"SearchAction\",\"target\":{\"@type\":\"EntryPoint\",\"urlTemplate\":\"https:\\\/\\\/autate.fr\\\/site\\\/?s={search_term_string}\"},\"query-input\":{\"@type\":\"PropertyValueSpecification\",\"valueRequired\":true,\"valueName\":\"search_term_string\"}}],\"inLanguage\":\"fr-FR\"},{\"@type\":\"Organization\",\"@id\":\"https:\\\/\\\/autate.fr\\\/site\\\/#organization\",\"name\":\"AUTATE\",\"url\":\"https:\\\/\\\/autate.fr\\\/site\\\/\",\"logo\":{\"@type\":\"ImageObject\",\"inLanguage\":\"fr-FR\",\"@id\":\"https:\\\/\\\/autate.fr\\\/site\\\/#\\\/schema\\\/logo\\\/image\\\/\",\"url\":\"http:\\\/\\\/autate.fr\\\/site\\\/wp-content\\\/uploads\\\/2019\\\/01\\\/logo.png\",\"contentUrl\":\"http:\\\/\\\/autate.fr\\\/site\\\/wp-content\\\/uploads\\\/2019\\\/01\\\/logo.png\",\"width\":506,\"height\":280,\"caption\":\"AUTATE\"},\"image\":{\"@id\":\"https:\\\/\\\/autate.fr\\\/site\\\/#\\\/schema\\\/logo\\\/image\\\/\"},\"sameAs\":[\"https:\\\/\\\/www.facebook.com\\\/AutateToulouse\",\"https:\\\/\\\/x.com\\\/AutateToulouse\"]},{\"@type\":\"Person\",\"@id\":\"https:\\\/\\\/autate.fr\\\/site\\\/#\\\/schema\\\/person\\\/ae1ab8bdaa7b41d2a9b52d2557ce8254\",\"name\":\"pascalbarbier\",\"image\":{\"@type\":\"ImageObject\",\"inLanguage\":\"fr-FR\",\"@id\":\"https:\\\/\\\/secure.gravatar.com\\\/avatar\\\/03f4e8ced09894b72c67e83142540730d4b3bbf619bf46341b0074e3bf5f08a0?s=96&d=mm&r=g\",\"url\":\"https:\\\/\\\/secure.gravatar.com\\\/avatar\\\/03f4e8ced09894b72c67e83142540730d4b3bbf619bf46341b0074e3bf5f08a0?s=96&d=mm&r=g\",\"contentUrl\":\"https:\\\/\\\/secure.gravatar.com\\\/avatar\\\/03f4e8ced09894b72c67e83142540730d4b3bbf619bf46341b0074e3bf5f08a0?s=96&d=mm&r=g\",\"caption\":\"pascalbarbier\"},\"url\":\"https:\\\/\\\/autate.fr\\\/site\\\/author\\\/pascalbarbier\\\/\"}]}<\/script>\n<!-- \/ Yoast SEO plugin. -->","yoast_head_json":{"title":"[La D\u00e9p\u00eache] Quand le RER refait surface - AUTATE","robots":{"index":"index","follow":"follow","max-snippet":"max-snippet:-1","max-image-preview":"max-image-preview:large","max-video-preview":"max-video-preview:-1"},"canonical":"https:\/\/autate.fr\/site\/la-depeche-quand-le-rer-refait-surface\/","og_locale":"fr_FR","og_type":"article","og_title":"[La D\u00e9p\u00eache] Quand le RER refait surface - AUTATE","og_description":"Un article de Philippe Emery publi\u00e9 le 17\/10\/2016 (carte La D\u00e9p\u00eache) L&rsquo;association d&rsquo;usagers des transports Autate a d\u00e9pos\u00e9 une contribution au d\u00e9bat sur le projet de 3e ligne de m\u00e9tro, proposant la cr\u00e9ation d&rsquo;un r\u00e9seau de RER toulousain \u00e0 la place de la 3e ligne. L&rsquo;avantage avec le d\u00e9bat public sur le projet de troisi\u00e8meVOIR PLUS","og_url":"https:\/\/autate.fr\/site\/la-depeche-quand-le-rer-refait-surface\/","og_site_name":"AUTATE","article_publisher":"https:\/\/www.facebook.com\/AutateToulouse","article_published_time":"2016-10-17T17:35:43+00:00","article_modified_time":"2017-10-21T18:51:52+00:00","og_image":[{"width":650,"height":350,"url":"https:\/\/autate.fr\/site\/wp-content\/uploads\/2016\/10\/carteD\u00e9p\u00eache.jpg","type":"image\/jpeg"}],"author":"pascalbarbier","twitter_card":"summary_large_image","twitter_creator":"@AutateToulouse","twitter_site":"@AutateToulouse","twitter_misc":{"\u00c9crit par":"pascalbarbier","Dur\u00e9e de lecture estim\u00e9e":"1 minute"},"schema":{"@context":"https:\/\/schema.org","@graph":[{"@type":"Article","@id":"https:\/\/autate.fr\/site\/la-depeche-quand-le-rer-refait-surface\/#article","isPartOf":{"@id":"https:\/\/autate.fr\/site\/la-depeche-quand-le-rer-refait-surface\/"},"author":{"name":"pascalbarbier","@id":"https:\/\/autate.fr\/site\/#\/schema\/person\/ae1ab8bdaa7b41d2a9b52d2557ce8254"},"headline":"[La D\u00e9p\u00eache] Quand le RER refait surface","datePublished":"2016-10-17T17:35:43+00:00","dateModified":"2017-10-21T18:51:52+00:00","mainEntityOfPage":{"@id":"https:\/\/autate.fr\/site\/la-depeche-quand-le-rer-refait-surface\/"},"wordCount":142,"commentCount":0,"publisher":{"@id":"https:\/\/autate.fr\/site\/#organization"},"image":{"@id":"https:\/\/autate.fr\/site\/la-depeche-quand-le-rer-refait-surface\/#primaryimage"},"thumbnailUrl":"https:\/\/autate.fr\/site\/wp-content\/uploads\/2016\/10\/carteD\u00e9p\u00eache.jpg","keywords":["AUTATE","RER"],"articleSection":["Revue de presse","Trains urbains"],"inLanguage":"fr-FR","potentialAction":[{"@type":"CommentAction","name":"Comment","target":["https:\/\/autate.fr\/site\/la-depeche-quand-le-rer-refait-surface\/#respond"]}]},{"@type":"WebPage","@id":"https:\/\/autate.fr\/site\/la-depeche-quand-le-rer-refait-surface\/","url":"https:\/\/autate.fr\/site\/la-depeche-quand-le-rer-refait-surface\/","name":"[La D\u00e9p\u00eache] Quand le RER refait surface - AUTATE","isPartOf":{"@id":"https:\/\/autate.fr\/site\/#website"},"primaryImageOfPage":{"@id":"https:\/\/autate.fr\/site\/la-depeche-quand-le-rer-refait-surface\/#primaryimage"},"image":{"@id":"https:\/\/autate.fr\/site\/la-depeche-quand-le-rer-refait-surface\/#primaryimage"},"thumbnailUrl":"https:\/\/autate.fr\/site\/wp-content\/uploads\/2016\/10\/carteD\u00e9p\u00eache.jpg","datePublished":"2016-10-17T17:35:43+00:00","dateModified":"2017-10-21T18:51:52+00:00","breadcrumb":{"@id":"https:\/\/autate.fr\/site\/la-depeche-quand-le-rer-refait-surface\/#breadcrumb"},"inLanguage":"fr-FR","potentialAction":[{"@type":"ReadAction","target":["https:\/\/autate.fr\/site\/la-depeche-quand-le-rer-refait-surface\/"]}]},{"@type":"ImageObject","inLanguage":"fr-FR","@id":"https:\/\/autate.fr\/site\/la-depeche-quand-le-rer-refait-surface\/#primaryimage","url":"https:\/\/autate.fr\/site\/wp-content\/uploads\/2016\/10\/carteD\u00e9p\u00eache.jpg","contentUrl":"https:\/\/autate.fr\/site\/wp-content\/uploads\/2016\/10\/carteD\u00e9p\u00eache.jpg","width":650,"height":350},{"@type":"BreadcrumbList","@id":"https:\/\/autate.fr\/site\/la-depeche-quand-le-rer-refait-surface\/#breadcrumb","itemListElement":[{"@type":"ListItem","position":1,"name":"Accueil","item":"https:\/\/autate.fr\/site\/"},{"@type":"ListItem","position":2,"name":"[La D\u00e9p\u00eache] Quand le RER refait surface"}]},{"@type":"WebSite","@id":"https:\/\/autate.fr\/site\/#website","url":"https:\/\/autate.fr\/site\/","name":"AUTATE","description":"Association des usagers des transports de l&#039;agglom\u00e9ration Toulousaine et de ses environs","publisher":{"@id":"https:\/\/autate.fr\/site\/#organization"},"potentialAction":[{"@type":"SearchAction","target":{"@type":"EntryPoint","urlTemplate":"https:\/\/autate.fr\/site\/?s={search_term_string}"},"query-input":{"@type":"PropertyValueSpecification","valueRequired":true,"valueName":"search_term_string"}}],"inLanguage":"fr-FR"},{"@type":"Organization","@id":"https:\/\/autate.fr\/site\/#organization","name":"AUTATE","url":"https:\/\/autate.fr\/site\/","logo":{"@type":"ImageObject","inLanguage":"fr-FR","@id":"https:\/\/autate.fr\/site\/#\/schema\/logo\/image\/","url":"http:\/\/autate.fr\/site\/wp-content\/uploads\/2019\/01\/logo.png","contentUrl":"http:\/\/autate.fr\/site\/wp-content\/uploads\/2019\/01\/logo.png","width":506,"height":280,"caption":"AUTATE"},"image":{"@id":"https:\/\/autate.fr\/site\/#\/schema\/logo\/image\/"},"sameAs":["https:\/\/www.facebook.com\/AutateToulouse","https:\/\/x.com\/AutateToulouse"]},{"@type":"Person","@id":"https:\/\/autate.fr\/site\/#\/schema\/person\/ae1ab8bdaa7b41d2a9b52d2557ce8254","name":"pascalbarbier","image":{"@type":"ImageObject","inLanguage":"fr-FR","@id":"https:\/\/secure.gravatar.com\/avatar\/03f4e8ced09894b72c67e83142540730d4b3bbf619bf46341b0074e3bf5f08a0?s=96&d=mm&r=g","url":"https:\/\/secure.gravatar.com\/avatar\/03f4e8ced09894b72c67e83142540730d4b3bbf619bf46341b0074e3bf5f08a0?s=96&d=mm&r=g","contentUrl":"https:\/\/secure.gravatar.com\/avatar\/03f4e8ced09894b72c67e83142540730d4b3bbf619bf46341b0074e3bf5f08a0?s=96&d=mm&r=g","caption":"pascalbarbier"},"url":"https:\/\/autate.fr\/site\/author\/pascalbarbier\/"}]}},"_links":{"self":[{"href":"https:\/\/autate.fr\/site\/wp-json\/wp\/v2\/posts\/923","targetHints":{"allow":["GET"]}}],"collection":[{"href":"https:\/\/autate.fr\/site\/wp-json\/wp\/v2\/posts"}],"about":[{"href":"https:\/\/autate.fr\/site\/wp-json\/wp\/v2\/types\/post"}],"author":[{"embeddable":true,"href":"https:\/\/autate.fr\/site\/wp-json\/wp\/v2\/users\/1"}],"replies":[{"embeddable":true,"href":"https:\/\/autate.fr\/site\/wp-json\/wp\/v2\/comments?post=923"}],"version-history":[{"count":1,"href":"https:\/\/autate.fr\/site\/wp-json\/wp\/v2\/posts\/923\/revisions"}],"predecessor-version":[{"id":925,"href":"https:\/\/autate.fr\/site\/wp-json\/wp\/v2\/posts\/923\/revisions\/925"}],"wp:featuredmedia":[{"embeddable":true,"href":"https:\/\/autate.fr\/site\/wp-json\/wp\/v2\/media\/924"}],"wp:attachment":[{"href":"https:\/\/autate.fr\/site\/wp-json\/wp\/v2\/media?parent=923"}],"wp:term":[{"taxonomy":"category","embeddable":true,"href":"https:\/\/autate.fr\/site\/wp-json\/wp\/v2\/categories?post=923"},{"taxonomy":"post_tag","embeddable":true,"href":"https:\/\/autate.fr\/site\/wp-json\/wp\/v2\/tags?post=923"}],"curies":[{"name":"wp","href":"https:\/\/api.w.org\/{rel}","templated":true}]}}