{"id":87,"date":"2015-12-09T01:43:36","date_gmt":"2015-12-09T00:43:36","guid":{"rendered":"http:\/\/autate.fr\/site\/?p=87"},"modified":"2015-12-26T15:08:48","modified_gmt":"2015-12-26T14:08:48","slug":"20-minutes-le-futur-telepherique-urbain-en-cinq-chiffres","status":"publish","type":"post","link":"https:\/\/autate.fr\/site\/20-minutes-le-futur-telepherique-urbain-en-cinq-chiffres\/","title":{"rendered":"[20 minutes] Le futur t\u00e9l\u00e9ph\u00e9rique urbain en cinq chiffres"},"content":{"rendered":"<p><strong class=\"hat-label\">TRANSPORTS<\/strong> <span class=\"hat-summary\">Les appels d\u2019offres pour l\u2019A\u00e9rotram sont quasiment par\u00e9s au d\u00e9collage. Cinq choses \u00e0 savoir sur ce nouveau mode de transport qui devrait permettre de traverser la Garonne 2020\u2026<\/span><\/p>\n<p>Le <a href=\"http:\/\/www.mieuxbouger.fr\/index_AEROTRAM.html\" target=\"_blank\">\u00ab\u00a0T\u00e9l\u00e9ph\u00e9rique urbain sud\u00a0\u00bb<\/a> vient de passer le cap de la concertation publique sans vraiment rencontrer d\u2019hostilit\u00e9, m\u00eame si certains proposent un tunnel pour traverser les coteaux de Pech-David.<\/p>\n<p><a href=\"http:\/\/www.tisseo.fr\/\" target=\"_blank\">Tiss\u00e9o<\/a> peaufine d\u00e9sormais son \u00ab\u00a0appel \u00e0 conception\u00a0\u00bb pour cette nouvelle ligne a\u00e9rienne de 2,6\u00a0km entre l\u2019<a href=\"http:\/\/www.oncopole-toulouse.com\/\" target=\"_blank\">Oncopole<\/a> et le campus des sciences, via le<a href=\"http:\/\/www.chu-toulouse.fr\/-hopital-rangueil-\" target=\"_blank\"> CHU de Rangueil<\/a>. Cette desserte qui permettra de franchir la Garonne devrait entrer en service en 2020. Et \u00eatre prolong\u00e9e, d\u2019une part vers <a href=\"http:\/\/www.toulouse-metropole.fr\/projets\/toulouse-montaudran-aerospace\" target=\"_blank\">Montaudran<\/a>, d\u2019autre part vers Basso-Cambo.<\/p>\n<h2>10 minutes<\/h2>\n<p>Le temps de parcours en t\u00e9l\u00e9ph\u00e9rique entre l\u2019Oncopole et l\u2019<a href=\"http:\/\/www.univ-tlse3.fr\/\" target=\"_blank\">Universit\u00e9 Paul-Sabatier<\/a>(UPS). A l\u2019heure actuelle, relier ces deux points\u00a0prend en moyenne 45 minutes en transport en commun et une vingtaine de minutes en voiture (en dehors des heures de pointe). La ligne fonctionnera de 5h15 du matin \u00e0 minuit, avec une cabine \u00ab\u00a0toutes les 1min30 ou 2 minutes\u00a0\u00bb.<\/p>\n<p><a href=\"http:\/\/www.20minutes.fr\/toulouse\/1747359-20151209-toulouse-futur-telepherique-urbain-cinq-chiffres\">lire la suite sur le site de 20 minutes<\/a><\/p>\n<p>photo P.Fayolle Sipa<\/p>\n","protected":false},"excerpt":{"rendered":"<p>TRANSPORTS Les appels d\u2019offres pour l\u2019A\u00e9rotram sont quasiment par\u00e9s au d\u00e9collage. Cinq choses \u00e0 savoir sur ce nouveau mode de transport qui devrait permettre de traverser la Garonne 2020\u2026 Le \u00ab\u00a0T\u00e9l\u00e9ph\u00e9rique urbain sud\u00a0\u00bb vient de passer le cap de la concertation publique sans vraiment rencontrer d\u2019hostilit\u00e9, m\u00eame si certains proposent un tunnel pour traverser les<\/p>\n<p class=\"more-link\"><a href=\"https:\/\/autate.fr\/site\/20-minutes-le-futur-telepherique-urbain-en-cinq-chiffres\/\" class=\"themebutton2\">VOIR PLUS<\/a><\/p>\n","protected":false},"author":1,"featured_media":88,"comment_status":"open","ping_status":"open","sticky":false,"template":"","format":"standard","meta":{"footnotes":""},"categories":[7],"tags":[27,28,26],"class_list":["post-87","post","type-post","status-publish","format-standard","has-post-thumbnail","hentry","category-revue-de-presse","tag-aerotram","tag-telepherique","tag-teleporte"],"yoast_head":"<!-- This site is optimized with the Yoast SEO plugin v27.4 - https:\/\/yoast.com\/product\/yoast-seo-wordpress\/ -->\n<title>[20 minutes] Le futur t\u00e9l\u00e9ph\u00e9rique urbain en cinq chiffres - AUTATE<\/title>\n<meta name=\"robots\" content=\"index, follow, max-snippet:-1, max-image-preview:large, max-video-preview:-1\" \/>\n<link rel=\"canonical\" href=\"https:\/\/autate.fr\/site\/20-minutes-le-futur-telepherique-urbain-en-cinq-chiffres\/\" \/>\n<meta property=\"og:locale\" content=\"fr_FR\" \/>\n<meta property=\"og:type\" content=\"article\" \/>\n<meta property=\"og:title\" content=\"[20 minutes] Le futur t\u00e9l\u00e9ph\u00e9rique urbain en cinq chiffres - AUTATE\" \/>\n<meta property=\"og:description\" content=\"TRANSPORTS Les appels d\u2019offres pour l\u2019A\u00e9rotram sont quasiment par\u00e9s au d\u00e9collage. Cinq choses \u00e0 savoir sur ce nouveau mode de transport qui devrait permettre de traverser la Garonne 2020\u2026 Le \u00ab\u00a0T\u00e9l\u00e9ph\u00e9rique urbain sud\u00a0\u00bb vient de passer le cap de la concertation publique sans vraiment rencontrer d\u2019hostilit\u00e9, m\u00eame si certains proposent un tunnel pour traverser lesVOIR PLUS\" \/>\n<meta property=\"og:url\" content=\"https:\/\/autate.fr\/site\/20-minutes-le-futur-telepherique-urbain-en-cinq-chiffres\/\" \/>\n<meta property=\"og:site_name\" content=\"AUTATE\" \/>\n<meta property=\"article:publisher\" content=\"https:\/\/www.facebook.com\/AutateToulouse\" \/>\n<meta property=\"article:published_time\" content=\"2015-12-09T00:43:36+00:00\" \/>\n<meta property=\"article:modified_time\" content=\"2015-12-26T14:08:48+00:00\" \/>\n<meta property=\"og:image\" content=\"https:\/\/autate.fr\/site\/wp-content\/uploads\/2015\/12\/648x415_grenoble-possede-deja-telepherique-urbain.jpg\" \/>\n\t<meta property=\"og:image:width\" content=\"648\" \/>\n\t<meta property=\"og:image:height\" content=\"415\" \/>\n\t<meta property=\"og:image:type\" content=\"image\/jpeg\" \/>\n<meta name=\"author\" content=\"pascalbarbier\" \/>\n<meta name=\"twitter:card\" content=\"summary_large_image\" \/>\n<meta name=\"twitter:creator\" content=\"@AutateToulouse\" \/>\n<meta name=\"twitter:site\" content=\"@AutateToulouse\" \/>\n<meta name=\"twitter:label1\" content=\"\u00c9crit par\" \/>\n\t<meta name=\"twitter:data1\" content=\"pascalbarbier\" \/>\n\t<meta name=\"twitter:label2\" content=\"Dur\u00e9e de lecture estim\u00e9e\" \/>\n\t<meta name=\"twitter:data2\" content=\"1 minute\" \/>\n<script type=\"application\/ld+json\" class=\"yoast-schema-graph\">{\"@context\":\"https:\\\/\\\/schema.org\",\"@graph\":[{\"@type\":\"Article\",\"@id\":\"https:\\\/\\\/autate.fr\\\/site\\\/20-minutes-le-futur-telepherique-urbain-en-cinq-chiffres\\\/#article\",\"isPartOf\":{\"@id\":\"https:\\\/\\\/autate.fr\\\/site\\\/20-minutes-le-futur-telepherique-urbain-en-cinq-chiffres\\\/\"},\"author\":{\"name\":\"pascalbarbier\",\"@id\":\"https:\\\/\\\/autate.fr\\\/site\\\/#\\\/schema\\\/person\\\/ae1ab8bdaa7b41d2a9b52d2557ce8254\"},\"headline\":\"[20 minutes] Le futur t\u00e9l\u00e9ph\u00e9rique urbain en cinq chiffres\",\"datePublished\":\"2015-12-09T00:43:36+00:00\",\"dateModified\":\"2015-12-26T14:08:48+00:00\",\"mainEntityOfPage\":{\"@id\":\"https:\\\/\\\/autate.fr\\\/site\\\/20-minutes-le-futur-telepherique-urbain-en-cinq-chiffres\\\/\"},\"wordCount\":208,\"commentCount\":0,\"publisher\":{\"@id\":\"https:\\\/\\\/autate.fr\\\/site\\\/#organization\"},\"image\":{\"@id\":\"https:\\\/\\\/autate.fr\\\/site\\\/20-minutes-le-futur-telepherique-urbain-en-cinq-chiffres\\\/#primaryimage\"},\"thumbnailUrl\":\"https:\\\/\\\/autate.fr\\\/site\\\/wp-content\\\/uploads\\\/2015\\\/12\\\/648x415_grenoble-possede-deja-telepherique-urbain.jpg\",\"keywords\":[\"A\u00e9rotram\",\"t\u00e9l\u00e9ph\u00e9rique\",\"T\u00e9l\u00e9port\u00e9\"],\"articleSection\":[\"Revue de presse\"],\"inLanguage\":\"fr-FR\",\"potentialAction\":[{\"@type\":\"CommentAction\",\"name\":\"Comment\",\"target\":[\"https:\\\/\\\/autate.fr\\\/site\\\/20-minutes-le-futur-telepherique-urbain-en-cinq-chiffres\\\/#respond\"]}]},{\"@type\":\"WebPage\",\"@id\":\"https:\\\/\\\/autate.fr\\\/site\\\/20-minutes-le-futur-telepherique-urbain-en-cinq-chiffres\\\/\",\"url\":\"https:\\\/\\\/autate.fr\\\/site\\\/20-minutes-le-futur-telepherique-urbain-en-cinq-chiffres\\\/\",\"name\":\"[20 minutes] Le futur t\u00e9l\u00e9ph\u00e9rique urbain en cinq chiffres - AUTATE\",\"isPartOf\":{\"@id\":\"https:\\\/\\\/autate.fr\\\/site\\\/#website\"},\"primaryImageOfPage\":{\"@id\":\"https:\\\/\\\/autate.fr\\\/site\\\/20-minutes-le-futur-telepherique-urbain-en-cinq-chiffres\\\/#primaryimage\"},\"image\":{\"@id\":\"https:\\\/\\\/autate.fr\\\/site\\\/20-minutes-le-futur-telepherique-urbain-en-cinq-chiffres\\\/#primaryimage\"},\"thumbnailUrl\":\"https:\\\/\\\/autate.fr\\\/site\\\/wp-content\\\/uploads\\\/2015\\\/12\\\/648x415_grenoble-possede-deja-telepherique-urbain.jpg\",\"datePublished\":\"2015-12-09T00:43:36+00:00\",\"dateModified\":\"2015-12-26T14:08:48+00:00\",\"breadcrumb\":{\"@id\":\"https:\\\/\\\/autate.fr\\\/site\\\/20-minutes-le-futur-telepherique-urbain-en-cinq-chiffres\\\/#breadcrumb\"},\"inLanguage\":\"fr-FR\",\"potentialAction\":[{\"@type\":\"ReadAction\",\"target\":[\"https:\\\/\\\/autate.fr\\\/site\\\/20-minutes-le-futur-telepherique-urbain-en-cinq-chiffres\\\/\"]}]},{\"@type\":\"ImageObject\",\"inLanguage\":\"fr-FR\",\"@id\":\"https:\\\/\\\/autate.fr\\\/site\\\/20-minutes-le-futur-telepherique-urbain-en-cinq-chiffres\\\/#primaryimage\",\"url\":\"https:\\\/\\\/autate.fr\\\/site\\\/wp-content\\\/uploads\\\/2015\\\/12\\\/648x415_grenoble-possede-deja-telepherique-urbain.jpg\",\"contentUrl\":\"https:\\\/\\\/autate.fr\\\/site\\\/wp-content\\\/uploads\\\/2015\\\/12\\\/648x415_grenoble-possede-deja-telepherique-urbain.jpg\",\"width\":648,\"height\":415},{\"@type\":\"BreadcrumbList\",\"@id\":\"https:\\\/\\\/autate.fr\\\/site\\\/20-minutes-le-futur-telepherique-urbain-en-cinq-chiffres\\\/#breadcrumb\",\"itemListElement\":[{\"@type\":\"ListItem\",\"position\":1,\"name\":\"Accueil\",\"item\":\"https:\\\/\\\/autate.fr\\\/site\\\/\"},{\"@type\":\"ListItem\",\"position\":2,\"name\":\"[20 minutes] Le futur t\u00e9l\u00e9ph\u00e9rique urbain en cinq chiffres\"}]},{\"@type\":\"WebSite\",\"@id\":\"https:\\\/\\\/autate.fr\\\/site\\\/#website\",\"url\":\"https:\\\/\\\/autate.fr\\\/site\\\/\",\"name\":\"AUTATE\",\"description\":\"Association des usagers des transports de l&#039;agglom\u00e9ration Toulousaine et de ses environs\",\"publisher\":{\"@id\":\"https:\\\/\\\/autate.fr\\\/site\\\/#organization\"},\"potentialAction\":[{\"@type\":\"SearchAction\",\"target\":{\"@type\":\"EntryPoint\",\"urlTemplate\":\"https:\\\/\\\/autate.fr\\\/site\\\/?s={search_term_string}\"},\"query-input\":{\"@type\":\"PropertyValueSpecification\",\"valueRequired\":true,\"valueName\":\"search_term_string\"}}],\"inLanguage\":\"fr-FR\"},{\"@type\":\"Organization\",\"@id\":\"https:\\\/\\\/autate.fr\\\/site\\\/#organization\",\"name\":\"AUTATE\",\"url\":\"https:\\\/\\\/autate.fr\\\/site\\\/\",\"logo\":{\"@type\":\"ImageObject\",\"inLanguage\":\"fr-FR\",\"@id\":\"https:\\\/\\\/autate.fr\\\/site\\\/#\\\/schema\\\/logo\\\/image\\\/\",\"url\":\"http:\\\/\\\/autate.fr\\\/site\\\/wp-content\\\/uploads\\\/2019\\\/01\\\/logo.png\",\"contentUrl\":\"http:\\\/\\\/autate.fr\\\/site\\\/wp-content\\\/uploads\\\/2019\\\/01\\\/logo.png\",\"width\":506,\"height\":280,\"caption\":\"AUTATE\"},\"image\":{\"@id\":\"https:\\\/\\\/autate.fr\\\/site\\\/#\\\/schema\\\/logo\\\/image\\\/\"},\"sameAs\":[\"https:\\\/\\\/www.facebook.com\\\/AutateToulouse\",\"https:\\\/\\\/x.com\\\/AutateToulouse\"]},{\"@type\":\"Person\",\"@id\":\"https:\\\/\\\/autate.fr\\\/site\\\/#\\\/schema\\\/person\\\/ae1ab8bdaa7b41d2a9b52d2557ce8254\",\"name\":\"pascalbarbier\",\"image\":{\"@type\":\"ImageObject\",\"inLanguage\":\"fr-FR\",\"@id\":\"https:\\\/\\\/secure.gravatar.com\\\/avatar\\\/03f4e8ced09894b72c67e83142540730d4b3bbf619bf46341b0074e3bf5f08a0?s=96&d=mm&r=g\",\"url\":\"https:\\\/\\\/secure.gravatar.com\\\/avatar\\\/03f4e8ced09894b72c67e83142540730d4b3bbf619bf46341b0074e3bf5f08a0?s=96&d=mm&r=g\",\"contentUrl\":\"https:\\\/\\\/secure.gravatar.com\\\/avatar\\\/03f4e8ced09894b72c67e83142540730d4b3bbf619bf46341b0074e3bf5f08a0?s=96&d=mm&r=g\",\"caption\":\"pascalbarbier\"},\"url\":\"https:\\\/\\\/autate.fr\\\/site\\\/author\\\/pascalbarbier\\\/\"}]}<\/script>\n<!-- \/ Yoast SEO plugin. -->","yoast_head_json":{"title":"[20 minutes] Le futur t\u00e9l\u00e9ph\u00e9rique urbain en cinq chiffres - AUTATE","robots":{"index":"index","follow":"follow","max-snippet":"max-snippet:-1","max-image-preview":"max-image-preview:large","max-video-preview":"max-video-preview:-1"},"canonical":"https:\/\/autate.fr\/site\/20-minutes-le-futur-telepherique-urbain-en-cinq-chiffres\/","og_locale":"fr_FR","og_type":"article","og_title":"[20 minutes] Le futur t\u00e9l\u00e9ph\u00e9rique urbain en cinq chiffres - AUTATE","og_description":"TRANSPORTS Les appels d\u2019offres pour l\u2019A\u00e9rotram sont quasiment par\u00e9s au d\u00e9collage. Cinq choses \u00e0 savoir sur ce nouveau mode de transport qui devrait permettre de traverser la Garonne 2020\u2026 Le \u00ab\u00a0T\u00e9l\u00e9ph\u00e9rique urbain sud\u00a0\u00bb vient de passer le cap de la concertation publique sans vraiment rencontrer d\u2019hostilit\u00e9, m\u00eame si certains proposent un tunnel pour traverser lesVOIR PLUS","og_url":"https:\/\/autate.fr\/site\/20-minutes-le-futur-telepherique-urbain-en-cinq-chiffres\/","og_site_name":"AUTATE","article_publisher":"https:\/\/www.facebook.com\/AutateToulouse","article_published_time":"2015-12-09T00:43:36+00:00","article_modified_time":"2015-12-26T14:08:48+00:00","og_image":[{"width":648,"height":415,"url":"https:\/\/autate.fr\/site\/wp-content\/uploads\/2015\/12\/648x415_grenoble-possede-deja-telepherique-urbain.jpg","type":"image\/jpeg"}],"author":"pascalbarbier","twitter_card":"summary_large_image","twitter_creator":"@AutateToulouse","twitter_site":"@AutateToulouse","twitter_misc":{"\u00c9crit par":"pascalbarbier","Dur\u00e9e de lecture estim\u00e9e":"1 minute"},"schema":{"@context":"https:\/\/schema.org","@graph":[{"@type":"Article","@id":"https:\/\/autate.fr\/site\/20-minutes-le-futur-telepherique-urbain-en-cinq-chiffres\/#article","isPartOf":{"@id":"https:\/\/autate.fr\/site\/20-minutes-le-futur-telepherique-urbain-en-cinq-chiffres\/"},"author":{"name":"pascalbarbier","@id":"https:\/\/autate.fr\/site\/#\/schema\/person\/ae1ab8bdaa7b41d2a9b52d2557ce8254"},"headline":"[20 minutes] Le futur t\u00e9l\u00e9ph\u00e9rique urbain en cinq chiffres","datePublished":"2015-12-09T00:43:36+00:00","dateModified":"2015-12-26T14:08:48+00:00","mainEntityOfPage":{"@id":"https:\/\/autate.fr\/site\/20-minutes-le-futur-telepherique-urbain-en-cinq-chiffres\/"},"wordCount":208,"commentCount":0,"publisher":{"@id":"https:\/\/autate.fr\/site\/#organization"},"image":{"@id":"https:\/\/autate.fr\/site\/20-minutes-le-futur-telepherique-urbain-en-cinq-chiffres\/#primaryimage"},"thumbnailUrl":"https:\/\/autate.fr\/site\/wp-content\/uploads\/2015\/12\/648x415_grenoble-possede-deja-telepherique-urbain.jpg","keywords":["A\u00e9rotram","t\u00e9l\u00e9ph\u00e9rique","T\u00e9l\u00e9port\u00e9"],"articleSection":["Revue de presse"],"inLanguage":"fr-FR","potentialAction":[{"@type":"CommentAction","name":"Comment","target":["https:\/\/autate.fr\/site\/20-minutes-le-futur-telepherique-urbain-en-cinq-chiffres\/#respond"]}]},{"@type":"WebPage","@id":"https:\/\/autate.fr\/site\/20-minutes-le-futur-telepherique-urbain-en-cinq-chiffres\/","url":"https:\/\/autate.fr\/site\/20-minutes-le-futur-telepherique-urbain-en-cinq-chiffres\/","name":"[20 minutes] Le futur t\u00e9l\u00e9ph\u00e9rique urbain en cinq chiffres - AUTATE","isPartOf":{"@id":"https:\/\/autate.fr\/site\/#website"},"primaryImageOfPage":{"@id":"https:\/\/autate.fr\/site\/20-minutes-le-futur-telepherique-urbain-en-cinq-chiffres\/#primaryimage"},"image":{"@id":"https:\/\/autate.fr\/site\/20-minutes-le-futur-telepherique-urbain-en-cinq-chiffres\/#primaryimage"},"thumbnailUrl":"https:\/\/autate.fr\/site\/wp-content\/uploads\/2015\/12\/648x415_grenoble-possede-deja-telepherique-urbain.jpg","datePublished":"2015-12-09T00:43:36+00:00","dateModified":"2015-12-26T14:08:48+00:00","breadcrumb":{"@id":"https:\/\/autate.fr\/site\/20-minutes-le-futur-telepherique-urbain-en-cinq-chiffres\/#breadcrumb"},"inLanguage":"fr-FR","potentialAction":[{"@type":"ReadAction","target":["https:\/\/autate.fr\/site\/20-minutes-le-futur-telepherique-urbain-en-cinq-chiffres\/"]}]},{"@type":"ImageObject","inLanguage":"fr-FR","@id":"https:\/\/autate.fr\/site\/20-minutes-le-futur-telepherique-urbain-en-cinq-chiffres\/#primaryimage","url":"https:\/\/autate.fr\/site\/wp-content\/uploads\/2015\/12\/648x415_grenoble-possede-deja-telepherique-urbain.jpg","contentUrl":"https:\/\/autate.fr\/site\/wp-content\/uploads\/2015\/12\/648x415_grenoble-possede-deja-telepherique-urbain.jpg","width":648,"height":415},{"@type":"BreadcrumbList","@id":"https:\/\/autate.fr\/site\/20-minutes-le-futur-telepherique-urbain-en-cinq-chiffres\/#breadcrumb","itemListElement":[{"@type":"ListItem","position":1,"name":"Accueil","item":"https:\/\/autate.fr\/site\/"},{"@type":"ListItem","position":2,"name":"[20 minutes] Le futur t\u00e9l\u00e9ph\u00e9rique urbain en cinq chiffres"}]},{"@type":"WebSite","@id":"https:\/\/autate.fr\/site\/#website","url":"https:\/\/autate.fr\/site\/","name":"AUTATE","description":"Association des usagers des transports de l&#039;agglom\u00e9ration Toulousaine et de ses environs","publisher":{"@id":"https:\/\/autate.fr\/site\/#organization"},"potentialAction":[{"@type":"SearchAction","target":{"@type":"EntryPoint","urlTemplate":"https:\/\/autate.fr\/site\/?s={search_term_string}"},"query-input":{"@type":"PropertyValueSpecification","valueRequired":true,"valueName":"search_term_string"}}],"inLanguage":"fr-FR"},{"@type":"Organization","@id":"https:\/\/autate.fr\/site\/#organization","name":"AUTATE","url":"https:\/\/autate.fr\/site\/","logo":{"@type":"ImageObject","inLanguage":"fr-FR","@id":"https:\/\/autate.fr\/site\/#\/schema\/logo\/image\/","url":"http:\/\/autate.fr\/site\/wp-content\/uploads\/2019\/01\/logo.png","contentUrl":"http:\/\/autate.fr\/site\/wp-content\/uploads\/2019\/01\/logo.png","width":506,"height":280,"caption":"AUTATE"},"image":{"@id":"https:\/\/autate.fr\/site\/#\/schema\/logo\/image\/"},"sameAs":["https:\/\/www.facebook.com\/AutateToulouse","https:\/\/x.com\/AutateToulouse"]},{"@type":"Person","@id":"https:\/\/autate.fr\/site\/#\/schema\/person\/ae1ab8bdaa7b41d2a9b52d2557ce8254","name":"pascalbarbier","image":{"@type":"ImageObject","inLanguage":"fr-FR","@id":"https:\/\/secure.gravatar.com\/avatar\/03f4e8ced09894b72c67e83142540730d4b3bbf619bf46341b0074e3bf5f08a0?s=96&d=mm&r=g","url":"https:\/\/secure.gravatar.com\/avatar\/03f4e8ced09894b72c67e83142540730d4b3bbf619bf46341b0074e3bf5f08a0?s=96&d=mm&r=g","contentUrl":"https:\/\/secure.gravatar.com\/avatar\/03f4e8ced09894b72c67e83142540730d4b3bbf619bf46341b0074e3bf5f08a0?s=96&d=mm&r=g","caption":"pascalbarbier"},"url":"https:\/\/autate.fr\/site\/author\/pascalbarbier\/"}]}},"_links":{"self":[{"href":"https:\/\/autate.fr\/site\/wp-json\/wp\/v2\/posts\/87","targetHints":{"allow":["GET"]}}],"collection":[{"href":"https:\/\/autate.fr\/site\/wp-json\/wp\/v2\/posts"}],"about":[{"href":"https:\/\/autate.fr\/site\/wp-json\/wp\/v2\/types\/post"}],"author":[{"embeddable":true,"href":"https:\/\/autate.fr\/site\/wp-json\/wp\/v2\/users\/1"}],"replies":[{"embeddable":true,"href":"https:\/\/autate.fr\/site\/wp-json\/wp\/v2\/comments?post=87"}],"version-history":[{"count":2,"href":"https:\/\/autate.fr\/site\/wp-json\/wp\/v2\/posts\/87\/revisions"}],"predecessor-version":[{"id":117,"href":"https:\/\/autate.fr\/site\/wp-json\/wp\/v2\/posts\/87\/revisions\/117"}],"wp:featuredmedia":[{"embeddable":true,"href":"https:\/\/autate.fr\/site\/wp-json\/wp\/v2\/media\/88"}],"wp:attachment":[{"href":"https:\/\/autate.fr\/site\/wp-json\/wp\/v2\/media?parent=87"}],"wp:term":[{"taxonomy":"category","embeddable":true,"href":"https:\/\/autate.fr\/site\/wp-json\/wp\/v2\/categories?post=87"},{"taxonomy":"post_tag","embeddable":true,"href":"https:\/\/autate.fr\/site\/wp-json\/wp\/v2\/tags?post=87"}],"curies":[{"name":"wp","href":"https:\/\/api.w.org\/{rel}","templated":true}]}}