{"id":860,"date":"2016-09-23T19:09:49","date_gmt":"2016-09-23T17:09:49","guid":{"rendered":"http:\/\/autate.fr\/site\/?p=860"},"modified":"2016-09-24T07:09:04","modified_gmt":"2016-09-24T05:09:04","slug":"communique-de-presse-sur-la-modification-de-la-tarification-de-tisseo","status":"publish","type":"post","link":"https:\/\/autate.fr\/site\/communique-de-presse-sur-la-modification-de-la-tarification-de-tisseo\/","title":{"rendered":"Communiqu\u00e9 de presse sur la modification de la tarification de Tisseo"},"content":{"rendered":"<p align=\"CENTER\"><span style=\"font-size: large;\"><b>Communiqu\u00e9 de presse sur la modification de la tarification\u00a0de Tisseo<\/b><\/span><\/p>\n<p align=\"CENTER\"><b>23 Septembre 2016<\/b><\/p>\n<p align=\"JUSTIFY\">L\u2019AUTATE soutient les syndicats \u00e9tudiants et collectifs de jeunes qui demandent l\u2019annulation des mesures de hausse de tarifs des services de Tisseo. La fin du tarif senior n\u2019est pas non plus une bonne nouvelle.<\/p>\n<p align=\"JUSTIFY\">Dans une ville dont les transports en commun sont d\u00e9j\u00e0 peu emprunt\u00e9s (9% des d\u00e9placements), ce n\u2019est pas le moment de revoir la tarification \u00e0 la hausse. Il faut, au contraire, encourager financi\u00e8rement tous les habitants de l\u2019agglom\u00e9ration \u00e0 utiliser le r\u00e9seau (lundi gratuit, billet combin\u00e9 pour 2 personnes, ticket matinal moins on\u00e9reux, etc.). Dans les zones industrielles et commerciales (Lab\u00e8ge, Colomiers, Portet, Balma), les transports doivent \u00eatre gratuits, afin d\u2019\u00eatre incitatifs.<\/p>\n<p align=\"JUSTIFY\"><a name=\"_GoBack\"><\/a>Pour les jeunes et \u00e9tudiants, leurs revenus sont bas et les logements chers, laissons donc les tarifs de transport en commun au prix actuel. Il faut leur proposer surtout des transports nocturnes plus d\u00e9velopp\u00e9s et une desserte de la \u00ab\u00a0banlieue\u00a0\u00bb encore meilleure. Pourquoi un \u00e9tudiant tournefeuillais doit-il louer une chambre \u00e0 Rangueil pour r\u00e9ussir ces \u00e9tudes\u00a0? parce que les transports sont peu performants. Dans ces conditions de r\u00e9seau sous-dimensionn\u00e9, on ne peut comprendre une augmentation des tarifs.<\/p>\n<p align=\"JUSTIFY\">L\u2019am\u00e9lioration du service et du r\u00e9seau doit \u00eatre financ\u00e9e surtout par les entreprises, leurs actionnaires et les collectivit\u00e9s locales. Il doit aussi \u00eatre enti\u00e8rement g\u00e9r\u00e9 par le public afin de garder la maitrise du foncier, des investissements, du fonctionnement et des tarifs. Nous demandons, par exemple, l\u2019extension des billets combin\u00e9s SNCF-Tiss\u00e9o comme vers Colomiers.<\/p>\n<p align=\"JUSTIFY\">Tout ceci passe par la cr\u00e9ation d\u2019une Autorit\u00e9 Organisatrice des Transports sur l\u2019agglom\u00e9ration, qui est la recommandation la plus forte du rapport de la cour des comptes.<\/p>\n<p align=\"JUSTIFY\">\n","protected":false},"excerpt":{"rendered":"<p>Communiqu\u00e9 de presse sur la modification de la tarification\u00a0de Tisseo 23 Septembre 2016 L\u2019AUTATE soutient les syndicats \u00e9tudiants et collectifs de jeunes qui demandent l\u2019annulation des mesures de hausse de tarifs des services de Tisseo. La fin du tarif senior n\u2019est pas non plus une bonne nouvelle. Dans une ville dont les transports en commun<\/p>\n<p class=\"more-link\"><a href=\"https:\/\/autate.fr\/site\/communique-de-presse-sur-la-modification-de-la-tarification-de-tisseo\/\" class=\"themebutton2\">VOIR PLUS<\/a><\/p>\n","protected":false},"author":1,"featured_media":0,"comment_status":"open","ping_status":"open","sticky":false,"template":"","format":"standard","meta":{"footnotes":""},"categories":[4],"tags":[210,229,207,46],"class_list":["post-860","post","type-post","status-publish","format-standard","hentry","category-actualite-association","tag-etudiants","tag-jeunes","tag-tarifs","tag-tisseo"],"yoast_head":"<!-- This site is optimized with the Yoast SEO plugin v27.4 - https:\/\/yoast.com\/product\/yoast-seo-wordpress\/ -->\n<title>Communiqu\u00e9 de presse sur la modification de la tarification de Tisseo - AUTATE<\/title>\n<meta name=\"robots\" content=\"index, follow, max-snippet:-1, max-image-preview:large, max-video-preview:-1\" \/>\n<link rel=\"canonical\" href=\"https:\/\/autate.fr\/site\/communique-de-presse-sur-la-modification-de-la-tarification-de-tisseo\/\" \/>\n<meta property=\"og:locale\" content=\"fr_FR\" \/>\n<meta property=\"og:type\" content=\"article\" \/>\n<meta property=\"og:title\" content=\"Communiqu\u00e9 de presse sur la modification de la tarification de Tisseo - AUTATE\" \/>\n<meta property=\"og:description\" content=\"Communiqu\u00e9 de presse sur la modification de la tarification\u00a0de Tisseo 23 Septembre 2016 L\u2019AUTATE soutient les syndicats \u00e9tudiants et collectifs de jeunes qui demandent l\u2019annulation des mesures de hausse de tarifs des services de Tisseo. La fin du tarif senior n\u2019est pas non plus une bonne nouvelle. Dans une ville dont les transports en communVOIR PLUS\" \/>\n<meta property=\"og:url\" content=\"https:\/\/autate.fr\/site\/communique-de-presse-sur-la-modification-de-la-tarification-de-tisseo\/\" \/>\n<meta property=\"og:site_name\" content=\"AUTATE\" \/>\n<meta property=\"article:publisher\" content=\"https:\/\/www.facebook.com\/AutateToulouse\" \/>\n<meta property=\"article:published_time\" content=\"2016-09-23T17:09:49+00:00\" \/>\n<meta property=\"article:modified_time\" content=\"2016-09-24T05:09:04+00:00\" \/>\n<meta name=\"author\" content=\"pascalbarbier\" \/>\n<meta name=\"twitter:card\" content=\"summary_large_image\" \/>\n<meta name=\"twitter:creator\" content=\"@AutateToulouse\" \/>\n<meta name=\"twitter:site\" content=\"@AutateToulouse\" \/>\n<meta name=\"twitter:label1\" content=\"\u00c9crit par\" \/>\n\t<meta name=\"twitter:data1\" content=\"pascalbarbier\" \/>\n\t<meta name=\"twitter:label2\" content=\"Dur\u00e9e de lecture estim\u00e9e\" \/>\n\t<meta name=\"twitter:data2\" content=\"2 minutes\" \/>\n<script type=\"application\/ld+json\" class=\"yoast-schema-graph\">{\"@context\":\"https:\\\/\\\/schema.org\",\"@graph\":[{\"@type\":\"Article\",\"@id\":\"https:\\\/\\\/autate.fr\\\/site\\\/communique-de-presse-sur-la-modification-de-la-tarification-de-tisseo\\\/#article\",\"isPartOf\":{\"@id\":\"https:\\\/\\\/autate.fr\\\/site\\\/communique-de-presse-sur-la-modification-de-la-tarification-de-tisseo\\\/\"},\"author\":{\"name\":\"pascalbarbier\",\"@id\":\"https:\\\/\\\/autate.fr\\\/site\\\/#\\\/schema\\\/person\\\/ae1ab8bdaa7b41d2a9b52d2557ce8254\"},\"headline\":\"Communiqu\u00e9 de presse sur la modification de la tarification de Tisseo\",\"datePublished\":\"2016-09-23T17:09:49+00:00\",\"dateModified\":\"2016-09-24T05:09:04+00:00\",\"mainEntityOfPage\":{\"@id\":\"https:\\\/\\\/autate.fr\\\/site\\\/communique-de-presse-sur-la-modification-de-la-tarification-de-tisseo\\\/\"},\"wordCount\":314,\"commentCount\":0,\"publisher\":{\"@id\":\"https:\\\/\\\/autate.fr\\\/site\\\/#organization\"},\"keywords\":[\"\u00e9tudiants\",\"jeunes\",\"tarifs\",\"Tiss\u00e9o\"],\"articleSection\":[\"Actualit\u00e9s-AUTATE\"],\"inLanguage\":\"fr-FR\",\"potentialAction\":[{\"@type\":\"CommentAction\",\"name\":\"Comment\",\"target\":[\"https:\\\/\\\/autate.fr\\\/site\\\/communique-de-presse-sur-la-modification-de-la-tarification-de-tisseo\\\/#respond\"]}]},{\"@type\":\"WebPage\",\"@id\":\"https:\\\/\\\/autate.fr\\\/site\\\/communique-de-presse-sur-la-modification-de-la-tarification-de-tisseo\\\/\",\"url\":\"https:\\\/\\\/autate.fr\\\/site\\\/communique-de-presse-sur-la-modification-de-la-tarification-de-tisseo\\\/\",\"name\":\"Communiqu\u00e9 de presse sur la modification de la tarification de Tisseo - AUTATE\",\"isPartOf\":{\"@id\":\"https:\\\/\\\/autate.fr\\\/site\\\/#website\"},\"datePublished\":\"2016-09-23T17:09:49+00:00\",\"dateModified\":\"2016-09-24T05:09:04+00:00\",\"breadcrumb\":{\"@id\":\"https:\\\/\\\/autate.fr\\\/site\\\/communique-de-presse-sur-la-modification-de-la-tarification-de-tisseo\\\/#breadcrumb\"},\"inLanguage\":\"fr-FR\",\"potentialAction\":[{\"@type\":\"ReadAction\",\"target\":[\"https:\\\/\\\/autate.fr\\\/site\\\/communique-de-presse-sur-la-modification-de-la-tarification-de-tisseo\\\/\"]}]},{\"@type\":\"BreadcrumbList\",\"@id\":\"https:\\\/\\\/autate.fr\\\/site\\\/communique-de-presse-sur-la-modification-de-la-tarification-de-tisseo\\\/#breadcrumb\",\"itemListElement\":[{\"@type\":\"ListItem\",\"position\":1,\"name\":\"Accueil\",\"item\":\"https:\\\/\\\/autate.fr\\\/site\\\/\"},{\"@type\":\"ListItem\",\"position\":2,\"name\":\"Communiqu\u00e9 de presse sur la modification de la tarification de Tisseo\"}]},{\"@type\":\"WebSite\",\"@id\":\"https:\\\/\\\/autate.fr\\\/site\\\/#website\",\"url\":\"https:\\\/\\\/autate.fr\\\/site\\\/\",\"name\":\"AUTATE\",\"description\":\"Association des usagers des transports de l&#039;agglom\u00e9ration Toulousaine et de ses environs\",\"publisher\":{\"@id\":\"https:\\\/\\\/autate.fr\\\/site\\\/#organization\"},\"potentialAction\":[{\"@type\":\"SearchAction\",\"target\":{\"@type\":\"EntryPoint\",\"urlTemplate\":\"https:\\\/\\\/autate.fr\\\/site\\\/?s={search_term_string}\"},\"query-input\":{\"@type\":\"PropertyValueSpecification\",\"valueRequired\":true,\"valueName\":\"search_term_string\"}}],\"inLanguage\":\"fr-FR\"},{\"@type\":\"Organization\",\"@id\":\"https:\\\/\\\/autate.fr\\\/site\\\/#organization\",\"name\":\"AUTATE\",\"url\":\"https:\\\/\\\/autate.fr\\\/site\\\/\",\"logo\":{\"@type\":\"ImageObject\",\"inLanguage\":\"fr-FR\",\"@id\":\"https:\\\/\\\/autate.fr\\\/site\\\/#\\\/schema\\\/logo\\\/image\\\/\",\"url\":\"http:\\\/\\\/autate.fr\\\/site\\\/wp-content\\\/uploads\\\/2019\\\/01\\\/logo.png\",\"contentUrl\":\"http:\\\/\\\/autate.fr\\\/site\\\/wp-content\\\/uploads\\\/2019\\\/01\\\/logo.png\",\"width\":506,\"height\":280,\"caption\":\"AUTATE\"},\"image\":{\"@id\":\"https:\\\/\\\/autate.fr\\\/site\\\/#\\\/schema\\\/logo\\\/image\\\/\"},\"sameAs\":[\"https:\\\/\\\/www.facebook.com\\\/AutateToulouse\",\"https:\\\/\\\/x.com\\\/AutateToulouse\"]},{\"@type\":\"Person\",\"@id\":\"https:\\\/\\\/autate.fr\\\/site\\\/#\\\/schema\\\/person\\\/ae1ab8bdaa7b41d2a9b52d2557ce8254\",\"name\":\"pascalbarbier\",\"image\":{\"@type\":\"ImageObject\",\"inLanguage\":\"fr-FR\",\"@id\":\"https:\\\/\\\/secure.gravatar.com\\\/avatar\\\/03f4e8ced09894b72c67e83142540730d4b3bbf619bf46341b0074e3bf5f08a0?s=96&d=mm&r=g\",\"url\":\"https:\\\/\\\/secure.gravatar.com\\\/avatar\\\/03f4e8ced09894b72c67e83142540730d4b3bbf619bf46341b0074e3bf5f08a0?s=96&d=mm&r=g\",\"contentUrl\":\"https:\\\/\\\/secure.gravatar.com\\\/avatar\\\/03f4e8ced09894b72c67e83142540730d4b3bbf619bf46341b0074e3bf5f08a0?s=96&d=mm&r=g\",\"caption\":\"pascalbarbier\"},\"url\":\"https:\\\/\\\/autate.fr\\\/site\\\/author\\\/pascalbarbier\\\/\"}]}<\/script>\n<!-- \/ Yoast SEO plugin. -->","yoast_head_json":{"title":"Communiqu\u00e9 de presse sur la modification de la tarification de Tisseo - AUTATE","robots":{"index":"index","follow":"follow","max-snippet":"max-snippet:-1","max-image-preview":"max-image-preview:large","max-video-preview":"max-video-preview:-1"},"canonical":"https:\/\/autate.fr\/site\/communique-de-presse-sur-la-modification-de-la-tarification-de-tisseo\/","og_locale":"fr_FR","og_type":"article","og_title":"Communiqu\u00e9 de presse sur la modification de la tarification de Tisseo - AUTATE","og_description":"Communiqu\u00e9 de presse sur la modification de la tarification\u00a0de Tisseo 23 Septembre 2016 L\u2019AUTATE soutient les syndicats \u00e9tudiants et collectifs de jeunes qui demandent l\u2019annulation des mesures de hausse de tarifs des services de Tisseo. La fin du tarif senior n\u2019est pas non plus une bonne nouvelle. Dans une ville dont les transports en communVOIR PLUS","og_url":"https:\/\/autate.fr\/site\/communique-de-presse-sur-la-modification-de-la-tarification-de-tisseo\/","og_site_name":"AUTATE","article_publisher":"https:\/\/www.facebook.com\/AutateToulouse","article_published_time":"2016-09-23T17:09:49+00:00","article_modified_time":"2016-09-24T05:09:04+00:00","author":"pascalbarbier","twitter_card":"summary_large_image","twitter_creator":"@AutateToulouse","twitter_site":"@AutateToulouse","twitter_misc":{"\u00c9crit par":"pascalbarbier","Dur\u00e9e de lecture estim\u00e9e":"2 minutes"},"schema":{"@context":"https:\/\/schema.org","@graph":[{"@type":"Article","@id":"https:\/\/autate.fr\/site\/communique-de-presse-sur-la-modification-de-la-tarification-de-tisseo\/#article","isPartOf":{"@id":"https:\/\/autate.fr\/site\/communique-de-presse-sur-la-modification-de-la-tarification-de-tisseo\/"},"author":{"name":"pascalbarbier","@id":"https:\/\/autate.fr\/site\/#\/schema\/person\/ae1ab8bdaa7b41d2a9b52d2557ce8254"},"headline":"Communiqu\u00e9 de presse sur la modification de la tarification de Tisseo","datePublished":"2016-09-23T17:09:49+00:00","dateModified":"2016-09-24T05:09:04+00:00","mainEntityOfPage":{"@id":"https:\/\/autate.fr\/site\/communique-de-presse-sur-la-modification-de-la-tarification-de-tisseo\/"},"wordCount":314,"commentCount":0,"publisher":{"@id":"https:\/\/autate.fr\/site\/#organization"},"keywords":["\u00e9tudiants","jeunes","tarifs","Tiss\u00e9o"],"articleSection":["Actualit\u00e9s-AUTATE"],"inLanguage":"fr-FR","potentialAction":[{"@type":"CommentAction","name":"Comment","target":["https:\/\/autate.fr\/site\/communique-de-presse-sur-la-modification-de-la-tarification-de-tisseo\/#respond"]}]},{"@type":"WebPage","@id":"https:\/\/autate.fr\/site\/communique-de-presse-sur-la-modification-de-la-tarification-de-tisseo\/","url":"https:\/\/autate.fr\/site\/communique-de-presse-sur-la-modification-de-la-tarification-de-tisseo\/","name":"Communiqu\u00e9 de presse sur la modification de la tarification de Tisseo - AUTATE","isPartOf":{"@id":"https:\/\/autate.fr\/site\/#website"},"datePublished":"2016-09-23T17:09:49+00:00","dateModified":"2016-09-24T05:09:04+00:00","breadcrumb":{"@id":"https:\/\/autate.fr\/site\/communique-de-presse-sur-la-modification-de-la-tarification-de-tisseo\/#breadcrumb"},"inLanguage":"fr-FR","potentialAction":[{"@type":"ReadAction","target":["https:\/\/autate.fr\/site\/communique-de-presse-sur-la-modification-de-la-tarification-de-tisseo\/"]}]},{"@type":"BreadcrumbList","@id":"https:\/\/autate.fr\/site\/communique-de-presse-sur-la-modification-de-la-tarification-de-tisseo\/#breadcrumb","itemListElement":[{"@type":"ListItem","position":1,"name":"Accueil","item":"https:\/\/autate.fr\/site\/"},{"@type":"ListItem","position":2,"name":"Communiqu\u00e9 de presse sur la modification de la tarification de Tisseo"}]},{"@type":"WebSite","@id":"https:\/\/autate.fr\/site\/#website","url":"https:\/\/autate.fr\/site\/","name":"AUTATE","description":"Association des usagers des transports de l&#039;agglom\u00e9ration Toulousaine et de ses environs","publisher":{"@id":"https:\/\/autate.fr\/site\/#organization"},"potentialAction":[{"@type":"SearchAction","target":{"@type":"EntryPoint","urlTemplate":"https:\/\/autate.fr\/site\/?s={search_term_string}"},"query-input":{"@type":"PropertyValueSpecification","valueRequired":true,"valueName":"search_term_string"}}],"inLanguage":"fr-FR"},{"@type":"Organization","@id":"https:\/\/autate.fr\/site\/#organization","name":"AUTATE","url":"https:\/\/autate.fr\/site\/","logo":{"@type":"ImageObject","inLanguage":"fr-FR","@id":"https:\/\/autate.fr\/site\/#\/schema\/logo\/image\/","url":"http:\/\/autate.fr\/site\/wp-content\/uploads\/2019\/01\/logo.png","contentUrl":"http:\/\/autate.fr\/site\/wp-content\/uploads\/2019\/01\/logo.png","width":506,"height":280,"caption":"AUTATE"},"image":{"@id":"https:\/\/autate.fr\/site\/#\/schema\/logo\/image\/"},"sameAs":["https:\/\/www.facebook.com\/AutateToulouse","https:\/\/x.com\/AutateToulouse"]},{"@type":"Person","@id":"https:\/\/autate.fr\/site\/#\/schema\/person\/ae1ab8bdaa7b41d2a9b52d2557ce8254","name":"pascalbarbier","image":{"@type":"ImageObject","inLanguage":"fr-FR","@id":"https:\/\/secure.gravatar.com\/avatar\/03f4e8ced09894b72c67e83142540730d4b3bbf619bf46341b0074e3bf5f08a0?s=96&d=mm&r=g","url":"https:\/\/secure.gravatar.com\/avatar\/03f4e8ced09894b72c67e83142540730d4b3bbf619bf46341b0074e3bf5f08a0?s=96&d=mm&r=g","contentUrl":"https:\/\/secure.gravatar.com\/avatar\/03f4e8ced09894b72c67e83142540730d4b3bbf619bf46341b0074e3bf5f08a0?s=96&d=mm&r=g","caption":"pascalbarbier"},"url":"https:\/\/autate.fr\/site\/author\/pascalbarbier\/"}]}},"_links":{"self":[{"href":"https:\/\/autate.fr\/site\/wp-json\/wp\/v2\/posts\/860","targetHints":{"allow":["GET"]}}],"collection":[{"href":"https:\/\/autate.fr\/site\/wp-json\/wp\/v2\/posts"}],"about":[{"href":"https:\/\/autate.fr\/site\/wp-json\/wp\/v2\/types\/post"}],"author":[{"embeddable":true,"href":"https:\/\/autate.fr\/site\/wp-json\/wp\/v2\/users\/1"}],"replies":[{"embeddable":true,"href":"https:\/\/autate.fr\/site\/wp-json\/wp\/v2\/comments?post=860"}],"version-history":[{"count":3,"href":"https:\/\/autate.fr\/site\/wp-json\/wp\/v2\/posts\/860\/revisions"}],"predecessor-version":[{"id":866,"href":"https:\/\/autate.fr\/site\/wp-json\/wp\/v2\/posts\/860\/revisions\/866"}],"wp:attachment":[{"href":"https:\/\/autate.fr\/site\/wp-json\/wp\/v2\/media?parent=860"}],"wp:term":[{"taxonomy":"category","embeddable":true,"href":"https:\/\/autate.fr\/site\/wp-json\/wp\/v2\/categories?post=860"},{"taxonomy":"post_tag","embeddable":true,"href":"https:\/\/autate.fr\/site\/wp-json\/wp\/v2\/tags?post=860"}],"curies":[{"name":"wp","href":"https:\/\/api.w.org\/{rel}","templated":true}]}}