{"id":853,"date":"2016-09-15T17:28:07","date_gmt":"2016-09-15T15:28:07","guid":{"rendered":"http:\/\/autate.fr\/site\/?p=853"},"modified":"2017-10-04T13:02:53","modified_gmt":"2017-10-04T11:02:53","slug":"question-adherente-autate-tournefeuille-pour-debat-public-3eme-ligne","status":"publish","type":"post","link":"https:\/\/autate.fr\/site\/question-adherente-autate-tournefeuille-pour-debat-public-3eme-ligne\/","title":{"rendered":"Tiss\u00e9o a-t-il envisag\u00e9 le m\u00e9tro \u00e0 Tournefeuille ?"},"content":{"rendered":"<style type=\"text\/css\">\n\t<!-- @page { margin: 2cm } P { margin-bottom: 0.21cm } --><br \/>\t<\/style>\n<p>Je suis habitante de Tournefeuille et membre de l&rsquo;association Tournefeuille Plus.<\/p>\n<p>Tournefeuille est la 3\u00e8me ville de Haute-Garonne (26000 hab) apr\u00e8s Toulouse et Colomiers.<\/p>\n<p>Ma question est simple: le bureau d&rsquo;\u00e9tude de Tisseo a-t-il envisag\u00e9 un prolongement ou une branche sp\u00e9cifique de la 3\u00e8me ligne de m\u00e9tro vers Tournefeuille ?<\/p>\n<p>Actuellement les seuls transports en commun existant \u00e0 Tournefeuille se limitent \u00e0 5 lignes de bus. Tous les projets envisag\u00e9es ont \u00e9t\u00e9 successivement abandonn\u00e9s (prolongement m\u00e9tro ligne A, Tramway, BHNS), et la seule solution retenue \u00e0 ce jour est la mise en place d&rsquo;un bus Lineo.<\/p>\n<p>Ce mode de transport ne procure qu&rsquo;un niveau de service \u00e0 peine sup\u00e9rieur au bus \u00ab\u00a0de base\u00a0\u00bb (dur\u00e9e trajet \u00e0 peine am\u00e9lior\u00e9e et toujours enti\u00e8rement d\u00e9pendante de la circulation). Je consid\u00e8re le Lin\u00e9o comme le mode de transport du \u00ab\u00a0pauvre\u00a0\u00bb. Ils ne r\u00e9pond ainsi pas du tout au besoin de notre ville: la densification s&rsquo;y acc\u00e9l\u00e8re \u00e0 une cadence infernale et le SCOT exige le M\u00e9tro ou le Tramway dans le \u00ab\u00a0C\u0153ur d&rsquo;agglom\u00e9ration\u00a0\u00bb. Pour m\u00e9moire, lors de la concertation pour le BHNS ouest en 2012, une planche de l&rsquo;aua\/T a \u00e9t\u00e9 pr\u00e9sent\u00e9e en r\u00e9union publique: elle montrait une augmentation du nombre d&rsquo;habitants de +20000\/an au moins jusqu&rsquo;en 2020, avec localisation emploi et population dans le secteur ouest. Est-ce que cette tendance a subitement disparue ? (je tiens cette planche \u00e0 votre disposition )<\/p>\n<p>Une rapide analyse du r\u00e9seau de la m\u00e9tropole montre que toutes les villes de la premi\u00e8re couronne (toutes plus petites que Tournefeuille \u00e0 part Colomiers) sont largement mieux dot\u00e9es que Tournefeuille (Metro, Tramway, Train, BHNS, TAD, \u2026).<\/p>\n<p>Je souhaite obtenir une r\u00e9ponse pr\u00e9cise \u00e0 ma question \u00a0\u00bb Le bureau d&rsquo;\u00e9tude de Tisseo a-t-il envisag\u00e9 un prolongement ou une branche sp\u00e9cifique de la 3\u00e8me ligne de m\u00e9tro vers Tournefeuille ?\u00a0\u00bb.<\/p>\n<p>Si la r\u00e9ponse est \u00ab\u00a0oui\u00a0\u00bb, alors pouvez-vous expliquer quelles options ont \u00e9t\u00e9 envisag\u00e9es et donner les justifications qui ont conduit \u00e0 leur abandon.<\/p>\n<p>Si la r\u00e9ponse est \u00ab\u00a0non\u00a0\u00bb, alors il est urgent que Tisseo traite le sujet (le CNDP aura son r\u00f4le \u00e0 jouer pour appuyer la demande).<\/p>\n<p>Nous avons pens\u00e9 \u00e0 la possibilit\u00e9 d&rsquo;utiliser les r\u00e9servations fonci\u00e8res du quartier des Ramassiers \u00e0 Colomiers (pr\u00e9vues pour un BHNS ou Tramway, mais projet dormant), qui pourraient \u00eatre utilis\u00e9es pour une branche de M\u00e9tro en a\u00e9rien.<\/p>\n","protected":false},"excerpt":{"rendered":"<p>Je suis habitante de Tournefeuille et membre de l&rsquo;association Tournefeuille Plus. Tournefeuille est la 3\u00e8me ville de Haute-Garonne (26000 hab) apr\u00e8s Toulouse et Colomiers. Ma question est simple: le bureau d&rsquo;\u00e9tude de Tisseo a-t-il envisag\u00e9 un prolongement ou une branche sp\u00e9cifique de la 3\u00e8me ligne de m\u00e9tro vers Tournefeuille ? Actuellement les seuls transports en<\/p>\n<p class=\"more-link\"><a href=\"https:\/\/autate.fr\/site\/question-adherente-autate-tournefeuille-pour-debat-public-3eme-ligne\/\" class=\"themebutton2\">VOIR PLUS<\/a><\/p>\n","protected":false},"author":1,"featured_media":0,"comment_status":"open","ping_status":"open","sticky":false,"template":"","format":"standard","meta":{"footnotes":""},"categories":[4,265,336],"tags":[172,173,224,52,227],"class_list":["post-853","post","type-post","status-publish","format-standard","hentry","category-actualite-association","category-contribution-au-debat-public-3eme-ligne","category-temoignages","tag-3eme-ligne-metro","tag-cndp","tag-debat-public","tag-tae","tag-tournefeuille"],"yoast_head":"<!-- This site is optimized with the Yoast SEO plugin v27.4 - https:\/\/yoast.com\/product\/yoast-seo-wordpress\/ -->\n<title>Tiss\u00e9o a-t-il envisag\u00e9 le m\u00e9tro \u00e0 Tournefeuille ? - AUTATE<\/title>\n<meta name=\"robots\" content=\"index, follow, max-snippet:-1, max-image-preview:large, max-video-preview:-1\" \/>\n<link rel=\"canonical\" href=\"https:\/\/autate.fr\/site\/question-adherente-autate-tournefeuille-pour-debat-public-3eme-ligne\/\" \/>\n<meta property=\"og:locale\" content=\"fr_FR\" \/>\n<meta property=\"og:type\" content=\"article\" \/>\n<meta property=\"og:title\" content=\"Tiss\u00e9o a-t-il envisag\u00e9 le m\u00e9tro \u00e0 Tournefeuille ? - AUTATE\" \/>\n<meta property=\"og:description\" content=\"Je suis habitante de Tournefeuille et membre de l&rsquo;association Tournefeuille Plus. Tournefeuille est la 3\u00e8me ville de Haute-Garonne (26000 hab) apr\u00e8s Toulouse et Colomiers. Ma question est simple: le bureau d&rsquo;\u00e9tude de Tisseo a-t-il envisag\u00e9 un prolongement ou une branche sp\u00e9cifique de la 3\u00e8me ligne de m\u00e9tro vers Tournefeuille ? Actuellement les seuls transports enVOIR PLUS\" \/>\n<meta property=\"og:url\" content=\"https:\/\/autate.fr\/site\/question-adherente-autate-tournefeuille-pour-debat-public-3eme-ligne\/\" \/>\n<meta property=\"og:site_name\" content=\"AUTATE\" \/>\n<meta property=\"article:publisher\" content=\"https:\/\/www.facebook.com\/AutateToulouse\" \/>\n<meta property=\"article:published_time\" content=\"2016-09-15T15:28:07+00:00\" \/>\n<meta property=\"article:modified_time\" content=\"2017-10-04T11:02:53+00:00\" \/>\n<meta name=\"author\" content=\"pascalbarbier\" \/>\n<meta name=\"twitter:card\" content=\"summary_large_image\" \/>\n<meta name=\"twitter:creator\" content=\"@AutateToulouse\" \/>\n<meta name=\"twitter:site\" content=\"@AutateToulouse\" \/>\n<meta name=\"twitter:label1\" content=\"\u00c9crit par\" \/>\n\t<meta name=\"twitter:data1\" content=\"pascalbarbier\" \/>\n\t<meta name=\"twitter:label2\" content=\"Dur\u00e9e de lecture estim\u00e9e\" \/>\n\t<meta name=\"twitter:data2\" content=\"2 minutes\" \/>\n<script type=\"application\/ld+json\" class=\"yoast-schema-graph\">{\"@context\":\"https:\\\/\\\/schema.org\",\"@graph\":[{\"@type\":\"Article\",\"@id\":\"https:\\\/\\\/autate.fr\\\/site\\\/question-adherente-autate-tournefeuille-pour-debat-public-3eme-ligne\\\/#article\",\"isPartOf\":{\"@id\":\"https:\\\/\\\/autate.fr\\\/site\\\/question-adherente-autate-tournefeuille-pour-debat-public-3eme-ligne\\\/\"},\"author\":{\"name\":\"pascalbarbier\",\"@id\":\"https:\\\/\\\/autate.fr\\\/site\\\/#\\\/schema\\\/person\\\/ae1ab8bdaa7b41d2a9b52d2557ce8254\"},\"headline\":\"Tiss\u00e9o a-t-il envisag\u00e9 le m\u00e9tro \u00e0 Tournefeuille ?\",\"datePublished\":\"2016-09-15T15:28:07+00:00\",\"dateModified\":\"2017-10-04T11:02:53+00:00\",\"mainEntityOfPage\":{\"@id\":\"https:\\\/\\\/autate.fr\\\/site\\\/question-adherente-autate-tournefeuille-pour-debat-public-3eme-ligne\\\/\"},\"wordCount\":412,\"commentCount\":0,\"publisher\":{\"@id\":\"https:\\\/\\\/autate.fr\\\/site\\\/#organization\"},\"keywords\":[\"3\u00e8me ligne m\u00e9tro\",\"CNDP\",\"d\u00e9bat public\",\"TAE\",\"tournefeuille\"],\"articleSection\":[\"Actualit\u00e9s-AUTATE\",\"M\u00e9tro\",\"T\u00e9moignages\"],\"inLanguage\":\"fr-FR\",\"potentialAction\":[{\"@type\":\"CommentAction\",\"name\":\"Comment\",\"target\":[\"https:\\\/\\\/autate.fr\\\/site\\\/question-adherente-autate-tournefeuille-pour-debat-public-3eme-ligne\\\/#respond\"]}]},{\"@type\":\"WebPage\",\"@id\":\"https:\\\/\\\/autate.fr\\\/site\\\/question-adherente-autate-tournefeuille-pour-debat-public-3eme-ligne\\\/\",\"url\":\"https:\\\/\\\/autate.fr\\\/site\\\/question-adherente-autate-tournefeuille-pour-debat-public-3eme-ligne\\\/\",\"name\":\"Tiss\u00e9o a-t-il envisag\u00e9 le m\u00e9tro \u00e0 Tournefeuille ? - AUTATE\",\"isPartOf\":{\"@id\":\"https:\\\/\\\/autate.fr\\\/site\\\/#website\"},\"datePublished\":\"2016-09-15T15:28:07+00:00\",\"dateModified\":\"2017-10-04T11:02:53+00:00\",\"breadcrumb\":{\"@id\":\"https:\\\/\\\/autate.fr\\\/site\\\/question-adherente-autate-tournefeuille-pour-debat-public-3eme-ligne\\\/#breadcrumb\"},\"inLanguage\":\"fr-FR\",\"potentialAction\":[{\"@type\":\"ReadAction\",\"target\":[\"https:\\\/\\\/autate.fr\\\/site\\\/question-adherente-autate-tournefeuille-pour-debat-public-3eme-ligne\\\/\"]}]},{\"@type\":\"BreadcrumbList\",\"@id\":\"https:\\\/\\\/autate.fr\\\/site\\\/question-adherente-autate-tournefeuille-pour-debat-public-3eme-ligne\\\/#breadcrumb\",\"itemListElement\":[{\"@type\":\"ListItem\",\"position\":1,\"name\":\"Accueil\",\"item\":\"https:\\\/\\\/autate.fr\\\/site\\\/\"},{\"@type\":\"ListItem\",\"position\":2,\"name\":\"Tiss\u00e9o a-t-il envisag\u00e9 le m\u00e9tro \u00e0 Tournefeuille ?\"}]},{\"@type\":\"WebSite\",\"@id\":\"https:\\\/\\\/autate.fr\\\/site\\\/#website\",\"url\":\"https:\\\/\\\/autate.fr\\\/site\\\/\",\"name\":\"AUTATE\",\"description\":\"Association des usagers des transports de l&#039;agglom\u00e9ration Toulousaine et de ses environs\",\"publisher\":{\"@id\":\"https:\\\/\\\/autate.fr\\\/site\\\/#organization\"},\"potentialAction\":[{\"@type\":\"SearchAction\",\"target\":{\"@type\":\"EntryPoint\",\"urlTemplate\":\"https:\\\/\\\/autate.fr\\\/site\\\/?s={search_term_string}\"},\"query-input\":{\"@type\":\"PropertyValueSpecification\",\"valueRequired\":true,\"valueName\":\"search_term_string\"}}],\"inLanguage\":\"fr-FR\"},{\"@type\":\"Organization\",\"@id\":\"https:\\\/\\\/autate.fr\\\/site\\\/#organization\",\"name\":\"AUTATE\",\"url\":\"https:\\\/\\\/autate.fr\\\/site\\\/\",\"logo\":{\"@type\":\"ImageObject\",\"inLanguage\":\"fr-FR\",\"@id\":\"https:\\\/\\\/autate.fr\\\/site\\\/#\\\/schema\\\/logo\\\/image\\\/\",\"url\":\"http:\\\/\\\/autate.fr\\\/site\\\/wp-content\\\/uploads\\\/2019\\\/01\\\/logo.png\",\"contentUrl\":\"http:\\\/\\\/autate.fr\\\/site\\\/wp-content\\\/uploads\\\/2019\\\/01\\\/logo.png\",\"width\":506,\"height\":280,\"caption\":\"AUTATE\"},\"image\":{\"@id\":\"https:\\\/\\\/autate.fr\\\/site\\\/#\\\/schema\\\/logo\\\/image\\\/\"},\"sameAs\":[\"https:\\\/\\\/www.facebook.com\\\/AutateToulouse\",\"https:\\\/\\\/x.com\\\/AutateToulouse\"]},{\"@type\":\"Person\",\"@id\":\"https:\\\/\\\/autate.fr\\\/site\\\/#\\\/schema\\\/person\\\/ae1ab8bdaa7b41d2a9b52d2557ce8254\",\"name\":\"pascalbarbier\",\"image\":{\"@type\":\"ImageObject\",\"inLanguage\":\"fr-FR\",\"@id\":\"https:\\\/\\\/secure.gravatar.com\\\/avatar\\\/03f4e8ced09894b72c67e83142540730d4b3bbf619bf46341b0074e3bf5f08a0?s=96&d=mm&r=g\",\"url\":\"https:\\\/\\\/secure.gravatar.com\\\/avatar\\\/03f4e8ced09894b72c67e83142540730d4b3bbf619bf46341b0074e3bf5f08a0?s=96&d=mm&r=g\",\"contentUrl\":\"https:\\\/\\\/secure.gravatar.com\\\/avatar\\\/03f4e8ced09894b72c67e83142540730d4b3bbf619bf46341b0074e3bf5f08a0?s=96&d=mm&r=g\",\"caption\":\"pascalbarbier\"},\"url\":\"https:\\\/\\\/autate.fr\\\/site\\\/author\\\/pascalbarbier\\\/\"}]}<\/script>\n<!-- \/ Yoast SEO plugin. -->","yoast_head_json":{"title":"Tiss\u00e9o a-t-il envisag\u00e9 le m\u00e9tro \u00e0 Tournefeuille ? - AUTATE","robots":{"index":"index","follow":"follow","max-snippet":"max-snippet:-1","max-image-preview":"max-image-preview:large","max-video-preview":"max-video-preview:-1"},"canonical":"https:\/\/autate.fr\/site\/question-adherente-autate-tournefeuille-pour-debat-public-3eme-ligne\/","og_locale":"fr_FR","og_type":"article","og_title":"Tiss\u00e9o a-t-il envisag\u00e9 le m\u00e9tro \u00e0 Tournefeuille ? - AUTATE","og_description":"Je suis habitante de Tournefeuille et membre de l&rsquo;association Tournefeuille Plus. Tournefeuille est la 3\u00e8me ville de Haute-Garonne (26000 hab) apr\u00e8s Toulouse et Colomiers. Ma question est simple: le bureau d&rsquo;\u00e9tude de Tisseo a-t-il envisag\u00e9 un prolongement ou une branche sp\u00e9cifique de la 3\u00e8me ligne de m\u00e9tro vers Tournefeuille ? Actuellement les seuls transports enVOIR PLUS","og_url":"https:\/\/autate.fr\/site\/question-adherente-autate-tournefeuille-pour-debat-public-3eme-ligne\/","og_site_name":"AUTATE","article_publisher":"https:\/\/www.facebook.com\/AutateToulouse","article_published_time":"2016-09-15T15:28:07+00:00","article_modified_time":"2017-10-04T11:02:53+00:00","author":"pascalbarbier","twitter_card":"summary_large_image","twitter_creator":"@AutateToulouse","twitter_site":"@AutateToulouse","twitter_misc":{"\u00c9crit par":"pascalbarbier","Dur\u00e9e de lecture estim\u00e9e":"2 minutes"},"schema":{"@context":"https:\/\/schema.org","@graph":[{"@type":"Article","@id":"https:\/\/autate.fr\/site\/question-adherente-autate-tournefeuille-pour-debat-public-3eme-ligne\/#article","isPartOf":{"@id":"https:\/\/autate.fr\/site\/question-adherente-autate-tournefeuille-pour-debat-public-3eme-ligne\/"},"author":{"name":"pascalbarbier","@id":"https:\/\/autate.fr\/site\/#\/schema\/person\/ae1ab8bdaa7b41d2a9b52d2557ce8254"},"headline":"Tiss\u00e9o a-t-il envisag\u00e9 le m\u00e9tro \u00e0 Tournefeuille ?","datePublished":"2016-09-15T15:28:07+00:00","dateModified":"2017-10-04T11:02:53+00:00","mainEntityOfPage":{"@id":"https:\/\/autate.fr\/site\/question-adherente-autate-tournefeuille-pour-debat-public-3eme-ligne\/"},"wordCount":412,"commentCount":0,"publisher":{"@id":"https:\/\/autate.fr\/site\/#organization"},"keywords":["3\u00e8me ligne m\u00e9tro","CNDP","d\u00e9bat public","TAE","tournefeuille"],"articleSection":["Actualit\u00e9s-AUTATE","M\u00e9tro","T\u00e9moignages"],"inLanguage":"fr-FR","potentialAction":[{"@type":"CommentAction","name":"Comment","target":["https:\/\/autate.fr\/site\/question-adherente-autate-tournefeuille-pour-debat-public-3eme-ligne\/#respond"]}]},{"@type":"WebPage","@id":"https:\/\/autate.fr\/site\/question-adherente-autate-tournefeuille-pour-debat-public-3eme-ligne\/","url":"https:\/\/autate.fr\/site\/question-adherente-autate-tournefeuille-pour-debat-public-3eme-ligne\/","name":"Tiss\u00e9o a-t-il envisag\u00e9 le m\u00e9tro \u00e0 Tournefeuille ? - AUTATE","isPartOf":{"@id":"https:\/\/autate.fr\/site\/#website"},"datePublished":"2016-09-15T15:28:07+00:00","dateModified":"2017-10-04T11:02:53+00:00","breadcrumb":{"@id":"https:\/\/autate.fr\/site\/question-adherente-autate-tournefeuille-pour-debat-public-3eme-ligne\/#breadcrumb"},"inLanguage":"fr-FR","potentialAction":[{"@type":"ReadAction","target":["https:\/\/autate.fr\/site\/question-adherente-autate-tournefeuille-pour-debat-public-3eme-ligne\/"]}]},{"@type":"BreadcrumbList","@id":"https:\/\/autate.fr\/site\/question-adherente-autate-tournefeuille-pour-debat-public-3eme-ligne\/#breadcrumb","itemListElement":[{"@type":"ListItem","position":1,"name":"Accueil","item":"https:\/\/autate.fr\/site\/"},{"@type":"ListItem","position":2,"name":"Tiss\u00e9o a-t-il envisag\u00e9 le m\u00e9tro \u00e0 Tournefeuille ?"}]},{"@type":"WebSite","@id":"https:\/\/autate.fr\/site\/#website","url":"https:\/\/autate.fr\/site\/","name":"AUTATE","description":"Association des usagers des transports de l&#039;agglom\u00e9ration Toulousaine et de ses environs","publisher":{"@id":"https:\/\/autate.fr\/site\/#organization"},"potentialAction":[{"@type":"SearchAction","target":{"@type":"EntryPoint","urlTemplate":"https:\/\/autate.fr\/site\/?s={search_term_string}"},"query-input":{"@type":"PropertyValueSpecification","valueRequired":true,"valueName":"search_term_string"}}],"inLanguage":"fr-FR"},{"@type":"Organization","@id":"https:\/\/autate.fr\/site\/#organization","name":"AUTATE","url":"https:\/\/autate.fr\/site\/","logo":{"@type":"ImageObject","inLanguage":"fr-FR","@id":"https:\/\/autate.fr\/site\/#\/schema\/logo\/image\/","url":"http:\/\/autate.fr\/site\/wp-content\/uploads\/2019\/01\/logo.png","contentUrl":"http:\/\/autate.fr\/site\/wp-content\/uploads\/2019\/01\/logo.png","width":506,"height":280,"caption":"AUTATE"},"image":{"@id":"https:\/\/autate.fr\/site\/#\/schema\/logo\/image\/"},"sameAs":["https:\/\/www.facebook.com\/AutateToulouse","https:\/\/x.com\/AutateToulouse"]},{"@type":"Person","@id":"https:\/\/autate.fr\/site\/#\/schema\/person\/ae1ab8bdaa7b41d2a9b52d2557ce8254","name":"pascalbarbier","image":{"@type":"ImageObject","inLanguage":"fr-FR","@id":"https:\/\/secure.gravatar.com\/avatar\/03f4e8ced09894b72c67e83142540730d4b3bbf619bf46341b0074e3bf5f08a0?s=96&d=mm&r=g","url":"https:\/\/secure.gravatar.com\/avatar\/03f4e8ced09894b72c67e83142540730d4b3bbf619bf46341b0074e3bf5f08a0?s=96&d=mm&r=g","contentUrl":"https:\/\/secure.gravatar.com\/avatar\/03f4e8ced09894b72c67e83142540730d4b3bbf619bf46341b0074e3bf5f08a0?s=96&d=mm&r=g","caption":"pascalbarbier"},"url":"https:\/\/autate.fr\/site\/author\/pascalbarbier\/"}]}},"_links":{"self":[{"href":"https:\/\/autate.fr\/site\/wp-json\/wp\/v2\/posts\/853","targetHints":{"allow":["GET"]}}],"collection":[{"href":"https:\/\/autate.fr\/site\/wp-json\/wp\/v2\/posts"}],"about":[{"href":"https:\/\/autate.fr\/site\/wp-json\/wp\/v2\/types\/post"}],"author":[{"embeddable":true,"href":"https:\/\/autate.fr\/site\/wp-json\/wp\/v2\/users\/1"}],"replies":[{"embeddable":true,"href":"https:\/\/autate.fr\/site\/wp-json\/wp\/v2\/comments?post=853"}],"version-history":[{"count":5,"href":"https:\/\/autate.fr\/site\/wp-json\/wp\/v2\/posts\/853\/revisions"}],"predecessor-version":[{"id":1926,"href":"https:\/\/autate.fr\/site\/wp-json\/wp\/v2\/posts\/853\/revisions\/1926"}],"wp:attachment":[{"href":"https:\/\/autate.fr\/site\/wp-json\/wp\/v2\/media?parent=853"}],"wp:term":[{"taxonomy":"category","embeddable":true,"href":"https:\/\/autate.fr\/site\/wp-json\/wp\/v2\/categories?post=853"},{"taxonomy":"post_tag","embeddable":true,"href":"https:\/\/autate.fr\/site\/wp-json\/wp\/v2\/tags?post=853"}],"curies":[{"name":"wp","href":"https:\/\/api.w.org\/{rel}","templated":true}]}}