{"id":85,"date":"2015-12-10T01:40:06","date_gmt":"2015-12-10T00:40:06","guid":{"rendered":"http:\/\/autate.fr\/site\/?p=85"},"modified":"2015-12-26T15:08:27","modified_gmt":"2015-12-26T14:08:27","slug":"la-depeche-le-prolongement-de-la-ligne-b-vers-labege-fait-derailler-tisseo","status":"publish","type":"post","link":"https:\/\/autate.fr\/site\/la-depeche-le-prolongement-de-la-ligne-b-vers-labege-fait-derailler-tisseo\/","title":{"rendered":"[La D\u00e9p\u00eache] Le prolongement de la ligne B vers Lab\u00e8ge fait d\u00e9railler Tiss\u00e9o"},"content":{"rendered":"<p>Le d\u00e9bat sur le prolongement de la ligne B du m\u00e9tro vers <a href=\"http:\/\/www.ladepeche.fr\/communes\/labege,31254.html\">Lab\u00e8ge<\/a> a divis\u00e9 et enflamm\u00e9, hier, le comit\u00e9 syndical du SMTC Tiss\u00e9o, autorit\u00e9 charg\u00e9e d&rsquo;organiser les transports toulousains.<\/p>\n<div id=\"pub_dfp_article\" class=\"pub \"><\/div>\n<p>L&rsquo; annonce par Jean-Michel Lattes de la pr\u00e9sentation du trac\u00e9 de la future troisi\u00e8me ligne de m\u00e9tro lors d&rsquo;un comit\u00e9 syndical extraordinaire, le 18 d\u00e9cembre prochain, a mis le feu aux poudres, hier, lors du comit\u00e9 syndical du SMTC. Le pr\u00e9sident de l&rsquo;autorit\u00e9 charg\u00e9e d&rsquo;organiser les transports toulousains venait d&rsquo;\u00e9voquer les 40 r\u00e9serves techniques qui, selon lui, emp\u00eachent d&rsquo;aller plus avant sur le dossier du prolongement de la ligne B (PLB) de m\u00e9tro jusqu&rsquo;\u00e0 Lab\u00e8ge. Un projet dont le SMTC qu&rsquo;il pr\u00e9side devrait pourtant, en th\u00e9orie, \u00eatre le porteur.<\/p>\n<p>Henri Arevalo, adjoint au maire (EELV) de Ramonville et membre du Sicoval, une des quatre collectivit\u00e9s du SMTC, est alors mont\u00e9 au cr\u00e9neau : \u00abLa troisi\u00e8me ligne de m\u00e9tro correspond \u00e0 vos engagements \u00e0 Toulouse, pas aux n\u00f4tres, pas ceux des trois autres collectivit\u00e9s du SMTC\u00bb, esquissant ainsi une fronde des banlieues contre la ville centre.<\/p>\n<p><a href=\"http:\/\/www.ladepeche.fr\/article\/2015\/12\/10\/2235327-prolongement-ligne-b-vers-labege-fait-derailler-tisseo.html\">lire la suite sur le site de la D\u00e9p\u00eache<\/a><\/p>\n","protected":false},"excerpt":{"rendered":"<p>Le d\u00e9bat sur le prolongement de la ligne B du m\u00e9tro vers Lab\u00e8ge a divis\u00e9 et enflamm\u00e9, hier, le comit\u00e9 syndical du SMTC Tiss\u00e9o, autorit\u00e9 charg\u00e9e d&rsquo;organiser les transports toulousains. L&rsquo; annonce par Jean-Michel Lattes de la pr\u00e9sentation du trac\u00e9 de la future troisi\u00e8me ligne de m\u00e9tro lors d&rsquo;un comit\u00e9 syndical extraordinaire, le 18 d\u00e9cembre<\/p>\n<p class=\"more-link\"><a href=\"https:\/\/autate.fr\/site\/la-depeche-le-prolongement-de-la-ligne-b-vers-labege-fait-derailler-tisseo\/\" class=\"themebutton2\">VOIR PLUS<\/a><\/p>\n","protected":false},"author":1,"featured_media":0,"comment_status":"open","ping_status":"open","sticky":false,"template":"","format":"standard","meta":{"footnotes":""},"categories":[7],"tags":[22,18,12,17,23],"class_list":["post-85","post","type-post","status-publish","format-standard","hentry","category-revue-de-presse","tag-labege","tag-ligne-b","tag-metro","tag-plb","tag-sicoval"],"yoast_head":"<!-- This site is optimized with the Yoast SEO plugin v27.4 - https:\/\/yoast.com\/product\/yoast-seo-wordpress\/ -->\n<title>[La D\u00e9p\u00eache] Le prolongement de la ligne B vers Lab\u00e8ge fait d\u00e9railler Tiss\u00e9o - AUTATE<\/title>\n<meta name=\"robots\" content=\"index, follow, max-snippet:-1, max-image-preview:large, max-video-preview:-1\" \/>\n<link rel=\"canonical\" href=\"https:\/\/autate.fr\/site\/la-depeche-le-prolongement-de-la-ligne-b-vers-labege-fait-derailler-tisseo\/\" \/>\n<meta property=\"og:locale\" content=\"fr_FR\" \/>\n<meta property=\"og:type\" content=\"article\" \/>\n<meta property=\"og:title\" content=\"[La D\u00e9p\u00eache] Le prolongement de la ligne B vers Lab\u00e8ge fait d\u00e9railler Tiss\u00e9o - AUTATE\" \/>\n<meta property=\"og:description\" content=\"Le d\u00e9bat sur le prolongement de la ligne B du m\u00e9tro vers Lab\u00e8ge a divis\u00e9 et enflamm\u00e9, hier, le comit\u00e9 syndical du SMTC Tiss\u00e9o, autorit\u00e9 charg\u00e9e d&rsquo;organiser les transports toulousains. L&rsquo; annonce par Jean-Michel Lattes de la pr\u00e9sentation du trac\u00e9 de la future troisi\u00e8me ligne de m\u00e9tro lors d&rsquo;un comit\u00e9 syndical extraordinaire, le 18 d\u00e9cembreVOIR PLUS\" \/>\n<meta property=\"og:url\" content=\"https:\/\/autate.fr\/site\/la-depeche-le-prolongement-de-la-ligne-b-vers-labege-fait-derailler-tisseo\/\" \/>\n<meta property=\"og:site_name\" content=\"AUTATE\" \/>\n<meta property=\"article:publisher\" content=\"https:\/\/www.facebook.com\/AutateToulouse\" \/>\n<meta property=\"article:published_time\" content=\"2015-12-10T00:40:06+00:00\" \/>\n<meta property=\"article:modified_time\" content=\"2015-12-26T14:08:27+00:00\" \/>\n<meta name=\"author\" content=\"pascalbarbier\" \/>\n<meta name=\"twitter:card\" content=\"summary_large_image\" \/>\n<meta name=\"twitter:creator\" content=\"@AutateToulouse\" \/>\n<meta name=\"twitter:site\" content=\"@AutateToulouse\" \/>\n<meta name=\"twitter:label1\" content=\"\u00c9crit par\" \/>\n\t<meta name=\"twitter:data1\" content=\"pascalbarbier\" \/>\n\t<meta name=\"twitter:label2\" content=\"Dur\u00e9e de lecture estim\u00e9e\" \/>\n\t<meta name=\"twitter:data2\" content=\"1 minute\" \/>\n<script type=\"application\/ld+json\" class=\"yoast-schema-graph\">{\"@context\":\"https:\\\/\\\/schema.org\",\"@graph\":[{\"@type\":\"Article\",\"@id\":\"https:\\\/\\\/autate.fr\\\/site\\\/la-depeche-le-prolongement-de-la-ligne-b-vers-labege-fait-derailler-tisseo\\\/#article\",\"isPartOf\":{\"@id\":\"https:\\\/\\\/autate.fr\\\/site\\\/la-depeche-le-prolongement-de-la-ligne-b-vers-labege-fait-derailler-tisseo\\\/\"},\"author\":{\"name\":\"pascalbarbier\",\"@id\":\"https:\\\/\\\/autate.fr\\\/site\\\/#\\\/schema\\\/person\\\/ae1ab8bdaa7b41d2a9b52d2557ce8254\"},\"headline\":\"[La D\u00e9p\u00eache] Le prolongement de la ligne B vers Lab\u00e8ge fait d\u00e9railler Tiss\u00e9o\",\"datePublished\":\"2015-12-10T00:40:06+00:00\",\"dateModified\":\"2015-12-26T14:08:27+00:00\",\"mainEntityOfPage\":{\"@id\":\"https:\\\/\\\/autate.fr\\\/site\\\/la-depeche-le-prolongement-de-la-ligne-b-vers-labege-fait-derailler-tisseo\\\/\"},\"wordCount\":223,\"commentCount\":0,\"publisher\":{\"@id\":\"https:\\\/\\\/autate.fr\\\/site\\\/#organization\"},\"keywords\":[\"Lab\u00e8ge\",\"ligne B\",\"m\u00e9tro\",\"PLB\",\"Sicoval\"],\"articleSection\":[\"Revue de presse\"],\"inLanguage\":\"fr-FR\",\"potentialAction\":[{\"@type\":\"CommentAction\",\"name\":\"Comment\",\"target\":[\"https:\\\/\\\/autate.fr\\\/site\\\/la-depeche-le-prolongement-de-la-ligne-b-vers-labege-fait-derailler-tisseo\\\/#respond\"]}]},{\"@type\":\"WebPage\",\"@id\":\"https:\\\/\\\/autate.fr\\\/site\\\/la-depeche-le-prolongement-de-la-ligne-b-vers-labege-fait-derailler-tisseo\\\/\",\"url\":\"https:\\\/\\\/autate.fr\\\/site\\\/la-depeche-le-prolongement-de-la-ligne-b-vers-labege-fait-derailler-tisseo\\\/\",\"name\":\"[La D\u00e9p\u00eache] Le prolongement de la ligne B vers Lab\u00e8ge fait d\u00e9railler Tiss\u00e9o - AUTATE\",\"isPartOf\":{\"@id\":\"https:\\\/\\\/autate.fr\\\/site\\\/#website\"},\"datePublished\":\"2015-12-10T00:40:06+00:00\",\"dateModified\":\"2015-12-26T14:08:27+00:00\",\"breadcrumb\":{\"@id\":\"https:\\\/\\\/autate.fr\\\/site\\\/la-depeche-le-prolongement-de-la-ligne-b-vers-labege-fait-derailler-tisseo\\\/#breadcrumb\"},\"inLanguage\":\"fr-FR\",\"potentialAction\":[{\"@type\":\"ReadAction\",\"target\":[\"https:\\\/\\\/autate.fr\\\/site\\\/la-depeche-le-prolongement-de-la-ligne-b-vers-labege-fait-derailler-tisseo\\\/\"]}]},{\"@type\":\"BreadcrumbList\",\"@id\":\"https:\\\/\\\/autate.fr\\\/site\\\/la-depeche-le-prolongement-de-la-ligne-b-vers-labege-fait-derailler-tisseo\\\/#breadcrumb\",\"itemListElement\":[{\"@type\":\"ListItem\",\"position\":1,\"name\":\"Accueil\",\"item\":\"https:\\\/\\\/autate.fr\\\/site\\\/\"},{\"@type\":\"ListItem\",\"position\":2,\"name\":\"[La D\u00e9p\u00eache] Le prolongement de la ligne B vers Lab\u00e8ge fait d\u00e9railler Tiss\u00e9o\"}]},{\"@type\":\"WebSite\",\"@id\":\"https:\\\/\\\/autate.fr\\\/site\\\/#website\",\"url\":\"https:\\\/\\\/autate.fr\\\/site\\\/\",\"name\":\"AUTATE\",\"description\":\"Association des usagers des transports de l&#039;agglom\u00e9ration Toulousaine et de ses environs\",\"publisher\":{\"@id\":\"https:\\\/\\\/autate.fr\\\/site\\\/#organization\"},\"potentialAction\":[{\"@type\":\"SearchAction\",\"target\":{\"@type\":\"EntryPoint\",\"urlTemplate\":\"https:\\\/\\\/autate.fr\\\/site\\\/?s={search_term_string}\"},\"query-input\":{\"@type\":\"PropertyValueSpecification\",\"valueRequired\":true,\"valueName\":\"search_term_string\"}}],\"inLanguage\":\"fr-FR\"},{\"@type\":\"Organization\",\"@id\":\"https:\\\/\\\/autate.fr\\\/site\\\/#organization\",\"name\":\"AUTATE\",\"url\":\"https:\\\/\\\/autate.fr\\\/site\\\/\",\"logo\":{\"@type\":\"ImageObject\",\"inLanguage\":\"fr-FR\",\"@id\":\"https:\\\/\\\/autate.fr\\\/site\\\/#\\\/schema\\\/logo\\\/image\\\/\",\"url\":\"http:\\\/\\\/autate.fr\\\/site\\\/wp-content\\\/uploads\\\/2019\\\/01\\\/logo.png\",\"contentUrl\":\"http:\\\/\\\/autate.fr\\\/site\\\/wp-content\\\/uploads\\\/2019\\\/01\\\/logo.png\",\"width\":506,\"height\":280,\"caption\":\"AUTATE\"},\"image\":{\"@id\":\"https:\\\/\\\/autate.fr\\\/site\\\/#\\\/schema\\\/logo\\\/image\\\/\"},\"sameAs\":[\"https:\\\/\\\/www.facebook.com\\\/AutateToulouse\",\"https:\\\/\\\/x.com\\\/AutateToulouse\"]},{\"@type\":\"Person\",\"@id\":\"https:\\\/\\\/autate.fr\\\/site\\\/#\\\/schema\\\/person\\\/ae1ab8bdaa7b41d2a9b52d2557ce8254\",\"name\":\"pascalbarbier\",\"image\":{\"@type\":\"ImageObject\",\"inLanguage\":\"fr-FR\",\"@id\":\"https:\\\/\\\/secure.gravatar.com\\\/avatar\\\/03f4e8ced09894b72c67e83142540730d4b3bbf619bf46341b0074e3bf5f08a0?s=96&d=mm&r=g\",\"url\":\"https:\\\/\\\/secure.gravatar.com\\\/avatar\\\/03f4e8ced09894b72c67e83142540730d4b3bbf619bf46341b0074e3bf5f08a0?s=96&d=mm&r=g\",\"contentUrl\":\"https:\\\/\\\/secure.gravatar.com\\\/avatar\\\/03f4e8ced09894b72c67e83142540730d4b3bbf619bf46341b0074e3bf5f08a0?s=96&d=mm&r=g\",\"caption\":\"pascalbarbier\"},\"url\":\"https:\\\/\\\/autate.fr\\\/site\\\/author\\\/pascalbarbier\\\/\"}]}<\/script>\n<!-- \/ Yoast SEO plugin. -->","yoast_head_json":{"title":"[La D\u00e9p\u00eache] Le prolongement de la ligne B vers Lab\u00e8ge fait d\u00e9railler Tiss\u00e9o - AUTATE","robots":{"index":"index","follow":"follow","max-snippet":"max-snippet:-1","max-image-preview":"max-image-preview:large","max-video-preview":"max-video-preview:-1"},"canonical":"https:\/\/autate.fr\/site\/la-depeche-le-prolongement-de-la-ligne-b-vers-labege-fait-derailler-tisseo\/","og_locale":"fr_FR","og_type":"article","og_title":"[La D\u00e9p\u00eache] Le prolongement de la ligne B vers Lab\u00e8ge fait d\u00e9railler Tiss\u00e9o - AUTATE","og_description":"Le d\u00e9bat sur le prolongement de la ligne B du m\u00e9tro vers Lab\u00e8ge a divis\u00e9 et enflamm\u00e9, hier, le comit\u00e9 syndical du SMTC Tiss\u00e9o, autorit\u00e9 charg\u00e9e d&rsquo;organiser les transports toulousains. L&rsquo; annonce par Jean-Michel Lattes de la pr\u00e9sentation du trac\u00e9 de la future troisi\u00e8me ligne de m\u00e9tro lors d&rsquo;un comit\u00e9 syndical extraordinaire, le 18 d\u00e9cembreVOIR PLUS","og_url":"https:\/\/autate.fr\/site\/la-depeche-le-prolongement-de-la-ligne-b-vers-labege-fait-derailler-tisseo\/","og_site_name":"AUTATE","article_publisher":"https:\/\/www.facebook.com\/AutateToulouse","article_published_time":"2015-12-10T00:40:06+00:00","article_modified_time":"2015-12-26T14:08:27+00:00","author":"pascalbarbier","twitter_card":"summary_large_image","twitter_creator":"@AutateToulouse","twitter_site":"@AutateToulouse","twitter_misc":{"\u00c9crit par":"pascalbarbier","Dur\u00e9e de lecture estim\u00e9e":"1 minute"},"schema":{"@context":"https:\/\/schema.org","@graph":[{"@type":"Article","@id":"https:\/\/autate.fr\/site\/la-depeche-le-prolongement-de-la-ligne-b-vers-labege-fait-derailler-tisseo\/#article","isPartOf":{"@id":"https:\/\/autate.fr\/site\/la-depeche-le-prolongement-de-la-ligne-b-vers-labege-fait-derailler-tisseo\/"},"author":{"name":"pascalbarbier","@id":"https:\/\/autate.fr\/site\/#\/schema\/person\/ae1ab8bdaa7b41d2a9b52d2557ce8254"},"headline":"[La D\u00e9p\u00eache] Le prolongement de la ligne B vers Lab\u00e8ge fait d\u00e9railler Tiss\u00e9o","datePublished":"2015-12-10T00:40:06+00:00","dateModified":"2015-12-26T14:08:27+00:00","mainEntityOfPage":{"@id":"https:\/\/autate.fr\/site\/la-depeche-le-prolongement-de-la-ligne-b-vers-labege-fait-derailler-tisseo\/"},"wordCount":223,"commentCount":0,"publisher":{"@id":"https:\/\/autate.fr\/site\/#organization"},"keywords":["Lab\u00e8ge","ligne B","m\u00e9tro","PLB","Sicoval"],"articleSection":["Revue de presse"],"inLanguage":"fr-FR","potentialAction":[{"@type":"CommentAction","name":"Comment","target":["https:\/\/autate.fr\/site\/la-depeche-le-prolongement-de-la-ligne-b-vers-labege-fait-derailler-tisseo\/#respond"]}]},{"@type":"WebPage","@id":"https:\/\/autate.fr\/site\/la-depeche-le-prolongement-de-la-ligne-b-vers-labege-fait-derailler-tisseo\/","url":"https:\/\/autate.fr\/site\/la-depeche-le-prolongement-de-la-ligne-b-vers-labege-fait-derailler-tisseo\/","name":"[La D\u00e9p\u00eache] Le prolongement de la ligne B vers Lab\u00e8ge fait d\u00e9railler Tiss\u00e9o - AUTATE","isPartOf":{"@id":"https:\/\/autate.fr\/site\/#website"},"datePublished":"2015-12-10T00:40:06+00:00","dateModified":"2015-12-26T14:08:27+00:00","breadcrumb":{"@id":"https:\/\/autate.fr\/site\/la-depeche-le-prolongement-de-la-ligne-b-vers-labege-fait-derailler-tisseo\/#breadcrumb"},"inLanguage":"fr-FR","potentialAction":[{"@type":"ReadAction","target":["https:\/\/autate.fr\/site\/la-depeche-le-prolongement-de-la-ligne-b-vers-labege-fait-derailler-tisseo\/"]}]},{"@type":"BreadcrumbList","@id":"https:\/\/autate.fr\/site\/la-depeche-le-prolongement-de-la-ligne-b-vers-labege-fait-derailler-tisseo\/#breadcrumb","itemListElement":[{"@type":"ListItem","position":1,"name":"Accueil","item":"https:\/\/autate.fr\/site\/"},{"@type":"ListItem","position":2,"name":"[La D\u00e9p\u00eache] Le prolongement de la ligne B vers Lab\u00e8ge fait d\u00e9railler Tiss\u00e9o"}]},{"@type":"WebSite","@id":"https:\/\/autate.fr\/site\/#website","url":"https:\/\/autate.fr\/site\/","name":"AUTATE","description":"Association des usagers des transports de l&#039;agglom\u00e9ration Toulousaine et de ses environs","publisher":{"@id":"https:\/\/autate.fr\/site\/#organization"},"potentialAction":[{"@type":"SearchAction","target":{"@type":"EntryPoint","urlTemplate":"https:\/\/autate.fr\/site\/?s={search_term_string}"},"query-input":{"@type":"PropertyValueSpecification","valueRequired":true,"valueName":"search_term_string"}}],"inLanguage":"fr-FR"},{"@type":"Organization","@id":"https:\/\/autate.fr\/site\/#organization","name":"AUTATE","url":"https:\/\/autate.fr\/site\/","logo":{"@type":"ImageObject","inLanguage":"fr-FR","@id":"https:\/\/autate.fr\/site\/#\/schema\/logo\/image\/","url":"http:\/\/autate.fr\/site\/wp-content\/uploads\/2019\/01\/logo.png","contentUrl":"http:\/\/autate.fr\/site\/wp-content\/uploads\/2019\/01\/logo.png","width":506,"height":280,"caption":"AUTATE"},"image":{"@id":"https:\/\/autate.fr\/site\/#\/schema\/logo\/image\/"},"sameAs":["https:\/\/www.facebook.com\/AutateToulouse","https:\/\/x.com\/AutateToulouse"]},{"@type":"Person","@id":"https:\/\/autate.fr\/site\/#\/schema\/person\/ae1ab8bdaa7b41d2a9b52d2557ce8254","name":"pascalbarbier","image":{"@type":"ImageObject","inLanguage":"fr-FR","@id":"https:\/\/secure.gravatar.com\/avatar\/03f4e8ced09894b72c67e83142540730d4b3bbf619bf46341b0074e3bf5f08a0?s=96&d=mm&r=g","url":"https:\/\/secure.gravatar.com\/avatar\/03f4e8ced09894b72c67e83142540730d4b3bbf619bf46341b0074e3bf5f08a0?s=96&d=mm&r=g","contentUrl":"https:\/\/secure.gravatar.com\/avatar\/03f4e8ced09894b72c67e83142540730d4b3bbf619bf46341b0074e3bf5f08a0?s=96&d=mm&r=g","caption":"pascalbarbier"},"url":"https:\/\/autate.fr\/site\/author\/pascalbarbier\/"}]}},"_links":{"self":[{"href":"https:\/\/autate.fr\/site\/wp-json\/wp\/v2\/posts\/85","targetHints":{"allow":["GET"]}}],"collection":[{"href":"https:\/\/autate.fr\/site\/wp-json\/wp\/v2\/posts"}],"about":[{"href":"https:\/\/autate.fr\/site\/wp-json\/wp\/v2\/types\/post"}],"author":[{"embeddable":true,"href":"https:\/\/autate.fr\/site\/wp-json\/wp\/v2\/users\/1"}],"replies":[{"embeddable":true,"href":"https:\/\/autate.fr\/site\/wp-json\/wp\/v2\/comments?post=85"}],"version-history":[{"count":2,"href":"https:\/\/autate.fr\/site\/wp-json\/wp\/v2\/posts\/85\/revisions"}],"predecessor-version":[{"id":116,"href":"https:\/\/autate.fr\/site\/wp-json\/wp\/v2\/posts\/85\/revisions\/116"}],"wp:attachment":[{"href":"https:\/\/autate.fr\/site\/wp-json\/wp\/v2\/media?parent=85"}],"wp:term":[{"taxonomy":"category","embeddable":true,"href":"https:\/\/autate.fr\/site\/wp-json\/wp\/v2\/categories?post=85"},{"taxonomy":"post_tag","embeddable":true,"href":"https:\/\/autate.fr\/site\/wp-json\/wp\/v2\/tags?post=85"}],"curies":[{"name":"wp","href":"https:\/\/api.w.org\/{rel}","templated":true}]}}