{"id":849,"date":"2016-09-08T08:48:00","date_gmt":"2016-09-08T06:48:00","guid":{"rendered":"http:\/\/autate.fr\/site\/?p=849"},"modified":"2016-09-08T08:48:00","modified_gmt":"2016-09-08T06:48:00","slug":"notre-lettre-aux-ministres-pour-la-reouverture-ligne-de-chemin-de-fer-toulouse-luchon","status":"publish","type":"post","link":"https:\/\/autate.fr\/site\/notre-lettre-aux-ministres-pour-la-reouverture-ligne-de-chemin-de-fer-toulouse-luchon\/","title":{"rendered":"Notre lettre aux ministres pour la r\u00e9ouverture ligne de chemin de fer Toulouse-Luchon"},"content":{"rendered":"<p>\u00e0 Madame S\u00e9gol\u00e8ne Royal,<br \/>\nMINISTRE DE L&rsquo;ENVIRONNEMENT, DE L&rsquo;\u00c9NERGIE ET DE LA MER, CHARG\u00c9E DES RELATIONS INTERNATIONALES SUR LE CLIMAT<br \/>\nHOTEL DE ROQUELAURE &#8211; 246, BOULEVARD SAINT-GERMAIN 75007 \u2013 PARIS<\/p>\n<p>\u00e0 Monsieur Jean-Michel Baylet<br \/>\nMINISTRE DE L&rsquo;AM\u00c9NAGEMENT DU TERRITOIRE, DE LA RURALIT\u00c9 ET DES COLLECTIVIT\u00c9S TERRITORIALES<br \/>\nH\u00d4TEL DE CASTRIES &#8211; 72, RUE DE VARENNE 75007 PARIS<\/p>\n<p>(et) \u00e0 Monsieur Alain Vidalies<br \/>\nSECRETAIRE D&rsquo;ETAT AUPRES DE LA MINISTRE DE L&rsquo;ENVIRONNEMENT, CHARGE DES TRANSPORTS<br \/>\nHOTEL DE ROQUELAURE &#8211; 246, BOULEVARD SAINT-GERMAIN 75007 \u2013 PARIS<\/p>\n<p>Madame la ministre,<br \/>\nMonsieur le ministre,<br \/>\nMonsieur le secr\u00e9taire d&rsquo;\u00e9tat ,<\/p>\n<p>Je vous \u00e9cris en tant que pr\u00e9sidente de l&rsquo;AUTATE (Association des Usagers des Transports de l&rsquo;Agglom\u00e9ration Toulousaine et de ses Environs) pour vous faire part des impacts de la fermeture de la ligne Luchon-Toulouse sur l&rsquo;agglom\u00e9ration toulousaine :<\/p>\n<p>Celle-ci est d\u00e9j\u00e0 compl\u00e8tement satur\u00e9e aux heures de pointe. Nous n&rsquo;avons pas besoin, en plus, d&rsquo;automobiles qui viendraient ou iraient vers le sud de notre d\u00e9partement. Celles des toulousains et des banlieusards suffisent amplement \u00e0 saturer les p\u00e9riph\u00e9riques toulousains. Aussi, toutes les lignes de transport en commun depuis ou vers Toulouse soulagent les routes et l&rsquo;air irrespirable de notre m\u00e9tropole.<\/p>\n<p>Je veux par ce courrier attirer \u00e0 nouveau votre attention sur la ligne SNCF Montr\u00e9jeau- Luchon, sur le train de nuit Paris-Luchon et sur l&rsquo;importance, capitale pour nos vall\u00e9es, de la d\u00e9cision que vous aurez \u00e0 prendre prochainement.<br \/>\nVoil\u00e0 d\u00e9j\u00e0 22 mois que les trains ne circulent plus sur cette ligne.<\/p>\n<p>Aussi, nous soutenons les commingeois et baroussais, quasi unanimes, qui en demandent avec force la r\u00e9ouverture.<\/p>\n<p>Depuis, une \u00e9tude a \u00e9t\u00e9 r\u00e9alis\u00e9e par la soci\u00e9t\u00e9 EGIS et a pr\u00e9sent\u00e9 3 options possibles :<br \/>\n&gt; r\u00e9g\u00e9n\u00e9ration de la voie ferr\u00e9e et de la cat\u00e9naire avec locomotives \u00e9lectriques (sc\u00e9nario n\u00b01)<br \/>\n&gt; r\u00e9g\u00e9n\u00e9ration de la voie ferr\u00e9e seule avec locomotives diesel (sc\u00e9nario n\u00b02)<br \/>\n&gt; fermeture de la ligne SNCF (sc\u00e9nario n\u00b03)<\/p>\n<p>Derni\u00e8rement, le conseil r\u00e9gional a pris 2 d\u00e9lib\u00e9rations encourageantes pour l&rsquo;avenir de la ligne : en mai avec le vote de 2,5 Millions d&rsquo;\u20ac pour les \u00e9tudes avant travaux de r\u00e9g\u00e9n\u00e9ration de la voie et de la cat\u00e9naire et en juin en se pronon\u00e7ant pour l&rsquo;inscription au CPER des travaux de r\u00e9novation de la ligne Montrejeau-Luchon.<\/p>\n<p>Le Pr\u00e9fet de R\u00e9gion vous a transmis cette position du Conseil R\u00e9gional.<\/p>\n<p>C&rsquo;est maintenant \u00e0 vous de d\u00e9cider et \u00e0 l&rsquo;\u00c9tat d&rsquo;agir :<\/p>\n<p>Vous pouvez, sans plus tarder, donner des instructions au Pr\u00e9fet pour que, lors de la r\u00e9union du comit\u00e9 de pilotage qui se tiendra en septembre-octobre, cette op\u00e9ration soit inscrite au CPER avec les moyens financiers n\u00e9cessaires et pour que les travaux soient aussit\u00f4t engag\u00e9s.<\/p>\n<p>Vous pouvez retenir le sc\u00e9nario n\u00b01 (r\u00e9g\u00e9n\u00e9ration de la voie et de la cat\u00e9naire) et \u00e9carter l&rsquo;option diesel (sc\u00e9nario n\u00b02) d&rsquo;un co\u00fbt moins \u00e9lev\u00e9 \u00e0 court terme mais source d&rsquo;\u00e9conomies \u00e0 moyen et long terme, en coh\u00e9rence avec les engagements de la France lors de la COP 21.<\/p>\n<p>Vous pouvez d\u00e9cider du maintien du train de nuit Paris-Luchon comme vous l&rsquo;avez fait pour la liaison comparable Paris La Tour de Carol (cf : la convention Etat-SNCF en pr\u00e9paration).<\/p>\n<p>Ces d\u00e9cisions seraient en coh\u00e9rence avec vos discours et vos objectifs en mati\u00e8re de transition \u00e9cologique, d&rsquo;am\u00e9nagement du territoire et de desserte ferroviaire de tous les territoires.<\/p>\n<p>On peut aussi imaginer de lancer un projet exp\u00e9rimental en Haute-Garonne, celui de transformer luchon comme \u00ab\u00a0lieu de vacances sans voitures\u00a0\u00bb o\u00f9 on pourrait offrir des transports en commun autour du train : des navettes de la gare vers l&rsquo;Hospice de France, Superbagn\u00e8res, les Granges d&rsquo;Astau, \u00e0 l&rsquo;instar de Zermatt en Suisse.<\/p>\n<p>J&rsquo;attends avec impatience une d\u00e9cision rapide, \u00e9cologique et favorable \u00e0 l&rsquo;\u00e9quilibre de la Haute-Garonne.<\/p>\n<p>Je vous prie d&rsquo;agr\u00e9er, Madame la ministre, Monsieur le ministre, Monsieur le secr\u00e9taire d&rsquo;\u00e9tat , l&rsquo;expression de nos salutations r\u00e9publicaines.<\/p>\n","protected":false},"excerpt":{"rendered":"<p>\u00e0 Madame S\u00e9gol\u00e8ne Royal, MINISTRE DE L&rsquo;ENVIRONNEMENT, DE L&rsquo;\u00c9NERGIE ET DE LA MER, CHARG\u00c9E DES RELATIONS INTERNATIONALES SUR LE CLIMAT HOTEL DE ROQUELAURE &#8211; 246, BOULEVARD SAINT-GERMAIN 75007 \u2013 PARIS \u00e0 Monsieur Jean-Michel Baylet MINISTRE DE L&rsquo;AM\u00c9NAGEMENT DU TERRITOIRE, DE LA RURALIT\u00c9 ET DES COLLECTIVIT\u00c9S TERRITORIALES H\u00d4TEL DE CASTRIES &#8211; 72, RUE DE VARENNE 75007<\/p>\n<p class=\"more-link\"><a href=\"https:\/\/autate.fr\/site\/notre-lettre-aux-ministres-pour-la-reouverture-ligne-de-chemin-de-fer-toulouse-luchon\/\" class=\"themebutton2\">VOIR PLUS<\/a><\/p>\n","protected":false},"author":1,"featured_media":0,"comment_status":"open","ping_status":"open","sticky":false,"template":"","format":"standard","meta":{"footnotes":""},"categories":[4],"tags":[264,11],"class_list":["post-849","post","type-post","status-publish","format-standard","hentry","category-actualite-association","tag-luchon","tag-sncf"],"yoast_head":"<!-- This site is optimized with the Yoast SEO plugin v27.4 - https:\/\/yoast.com\/product\/yoast-seo-wordpress\/ -->\n<title>Notre lettre aux ministres pour la r\u00e9ouverture ligne de chemin de fer Toulouse-Luchon - AUTATE<\/title>\n<meta name=\"robots\" content=\"index, follow, max-snippet:-1, max-image-preview:large, max-video-preview:-1\" \/>\n<link rel=\"canonical\" href=\"https:\/\/autate.fr\/site\/notre-lettre-aux-ministres-pour-la-reouverture-ligne-de-chemin-de-fer-toulouse-luchon\/\" \/>\n<meta property=\"og:locale\" content=\"fr_FR\" \/>\n<meta property=\"og:type\" content=\"article\" \/>\n<meta property=\"og:title\" content=\"Notre lettre aux ministres pour la r\u00e9ouverture ligne de chemin de fer Toulouse-Luchon - AUTATE\" \/>\n<meta property=\"og:description\" content=\"\u00e0 Madame S\u00e9gol\u00e8ne Royal, MINISTRE DE L&rsquo;ENVIRONNEMENT, DE L&rsquo;\u00c9NERGIE ET DE LA MER, CHARG\u00c9E DES RELATIONS INTERNATIONALES SUR LE CLIMAT HOTEL DE ROQUELAURE &#8211; 246, BOULEVARD SAINT-GERMAIN 75007 \u2013 PARIS \u00e0 Monsieur Jean-Michel Baylet MINISTRE DE L&rsquo;AM\u00c9NAGEMENT DU TERRITOIRE, DE LA RURALIT\u00c9 ET DES COLLECTIVIT\u00c9S TERRITORIALES H\u00d4TEL DE CASTRIES &#8211; 72, RUE DE VARENNE 75007VOIR PLUS\" \/>\n<meta property=\"og:url\" content=\"https:\/\/autate.fr\/site\/notre-lettre-aux-ministres-pour-la-reouverture-ligne-de-chemin-de-fer-toulouse-luchon\/\" \/>\n<meta property=\"og:site_name\" content=\"AUTATE\" \/>\n<meta property=\"article:publisher\" content=\"https:\/\/www.facebook.com\/AutateToulouse\" \/>\n<meta property=\"article:published_time\" content=\"2016-09-08T06:48:00+00:00\" \/>\n<meta name=\"author\" content=\"pascalbarbier\" \/>\n<meta name=\"twitter:card\" content=\"summary_large_image\" \/>\n<meta name=\"twitter:creator\" content=\"@AutateToulouse\" \/>\n<meta name=\"twitter:site\" content=\"@AutateToulouse\" \/>\n<meta name=\"twitter:label1\" content=\"\u00c9crit par\" \/>\n\t<meta name=\"twitter:data1\" content=\"pascalbarbier\" \/>\n\t<meta name=\"twitter:label2\" content=\"Dur\u00e9e de lecture estim\u00e9e\" \/>\n\t<meta name=\"twitter:data2\" content=\"3 minutes\" \/>\n<script type=\"application\/ld+json\" class=\"yoast-schema-graph\">{\"@context\":\"https:\\\/\\\/schema.org\",\"@graph\":[{\"@type\":\"Article\",\"@id\":\"https:\\\/\\\/autate.fr\\\/site\\\/notre-lettre-aux-ministres-pour-la-reouverture-ligne-de-chemin-de-fer-toulouse-luchon\\\/#article\",\"isPartOf\":{\"@id\":\"https:\\\/\\\/autate.fr\\\/site\\\/notre-lettre-aux-ministres-pour-la-reouverture-ligne-de-chemin-de-fer-toulouse-luchon\\\/\"},\"author\":{\"name\":\"pascalbarbier\",\"@id\":\"https:\\\/\\\/autate.fr\\\/site\\\/#\\\/schema\\\/person\\\/ae1ab8bdaa7b41d2a9b52d2557ce8254\"},\"headline\":\"Notre lettre aux ministres pour la r\u00e9ouverture ligne de chemin de fer Toulouse-Luchon\",\"datePublished\":\"2016-09-08T06:48:00+00:00\",\"mainEntityOfPage\":{\"@id\":\"https:\\\/\\\/autate.fr\\\/site\\\/notre-lettre-aux-ministres-pour-la-reouverture-ligne-de-chemin-de-fer-toulouse-luchon\\\/\"},\"wordCount\":689,\"commentCount\":0,\"publisher\":{\"@id\":\"https:\\\/\\\/autate.fr\\\/site\\\/#organization\"},\"keywords\":[\"Luchon\",\"SNCF\"],\"articleSection\":[\"Actualit\u00e9s-AUTATE\"],\"inLanguage\":\"fr-FR\",\"potentialAction\":[{\"@type\":\"CommentAction\",\"name\":\"Comment\",\"target\":[\"https:\\\/\\\/autate.fr\\\/site\\\/notre-lettre-aux-ministres-pour-la-reouverture-ligne-de-chemin-de-fer-toulouse-luchon\\\/#respond\"]}]},{\"@type\":\"WebPage\",\"@id\":\"https:\\\/\\\/autate.fr\\\/site\\\/notre-lettre-aux-ministres-pour-la-reouverture-ligne-de-chemin-de-fer-toulouse-luchon\\\/\",\"url\":\"https:\\\/\\\/autate.fr\\\/site\\\/notre-lettre-aux-ministres-pour-la-reouverture-ligne-de-chemin-de-fer-toulouse-luchon\\\/\",\"name\":\"Notre lettre aux ministres pour la r\u00e9ouverture ligne de chemin de fer Toulouse-Luchon - AUTATE\",\"isPartOf\":{\"@id\":\"https:\\\/\\\/autate.fr\\\/site\\\/#website\"},\"datePublished\":\"2016-09-08T06:48:00+00:00\",\"breadcrumb\":{\"@id\":\"https:\\\/\\\/autate.fr\\\/site\\\/notre-lettre-aux-ministres-pour-la-reouverture-ligne-de-chemin-de-fer-toulouse-luchon\\\/#breadcrumb\"},\"inLanguage\":\"fr-FR\",\"potentialAction\":[{\"@type\":\"ReadAction\",\"target\":[\"https:\\\/\\\/autate.fr\\\/site\\\/notre-lettre-aux-ministres-pour-la-reouverture-ligne-de-chemin-de-fer-toulouse-luchon\\\/\"]}]},{\"@type\":\"BreadcrumbList\",\"@id\":\"https:\\\/\\\/autate.fr\\\/site\\\/notre-lettre-aux-ministres-pour-la-reouverture-ligne-de-chemin-de-fer-toulouse-luchon\\\/#breadcrumb\",\"itemListElement\":[{\"@type\":\"ListItem\",\"position\":1,\"name\":\"Accueil\",\"item\":\"https:\\\/\\\/autate.fr\\\/site\\\/\"},{\"@type\":\"ListItem\",\"position\":2,\"name\":\"Notre lettre aux ministres pour la r\u00e9ouverture ligne de chemin de fer Toulouse-Luchon\"}]},{\"@type\":\"WebSite\",\"@id\":\"https:\\\/\\\/autate.fr\\\/site\\\/#website\",\"url\":\"https:\\\/\\\/autate.fr\\\/site\\\/\",\"name\":\"AUTATE\",\"description\":\"Association des usagers des transports de l&#039;agglom\u00e9ration Toulousaine et de ses environs\",\"publisher\":{\"@id\":\"https:\\\/\\\/autate.fr\\\/site\\\/#organization\"},\"potentialAction\":[{\"@type\":\"SearchAction\",\"target\":{\"@type\":\"EntryPoint\",\"urlTemplate\":\"https:\\\/\\\/autate.fr\\\/site\\\/?s={search_term_string}\"},\"query-input\":{\"@type\":\"PropertyValueSpecification\",\"valueRequired\":true,\"valueName\":\"search_term_string\"}}],\"inLanguage\":\"fr-FR\"},{\"@type\":\"Organization\",\"@id\":\"https:\\\/\\\/autate.fr\\\/site\\\/#organization\",\"name\":\"AUTATE\",\"url\":\"https:\\\/\\\/autate.fr\\\/site\\\/\",\"logo\":{\"@type\":\"ImageObject\",\"inLanguage\":\"fr-FR\",\"@id\":\"https:\\\/\\\/autate.fr\\\/site\\\/#\\\/schema\\\/logo\\\/image\\\/\",\"url\":\"http:\\\/\\\/autate.fr\\\/site\\\/wp-content\\\/uploads\\\/2019\\\/01\\\/logo.png\",\"contentUrl\":\"http:\\\/\\\/autate.fr\\\/site\\\/wp-content\\\/uploads\\\/2019\\\/01\\\/logo.png\",\"width\":506,\"height\":280,\"caption\":\"AUTATE\"},\"image\":{\"@id\":\"https:\\\/\\\/autate.fr\\\/site\\\/#\\\/schema\\\/logo\\\/image\\\/\"},\"sameAs\":[\"https:\\\/\\\/www.facebook.com\\\/AutateToulouse\",\"https:\\\/\\\/x.com\\\/AutateToulouse\"]},{\"@type\":\"Person\",\"@id\":\"https:\\\/\\\/autate.fr\\\/site\\\/#\\\/schema\\\/person\\\/ae1ab8bdaa7b41d2a9b52d2557ce8254\",\"name\":\"pascalbarbier\",\"image\":{\"@type\":\"ImageObject\",\"inLanguage\":\"fr-FR\",\"@id\":\"https:\\\/\\\/secure.gravatar.com\\\/avatar\\\/03f4e8ced09894b72c67e83142540730d4b3bbf619bf46341b0074e3bf5f08a0?s=96&d=mm&r=g\",\"url\":\"https:\\\/\\\/secure.gravatar.com\\\/avatar\\\/03f4e8ced09894b72c67e83142540730d4b3bbf619bf46341b0074e3bf5f08a0?s=96&d=mm&r=g\",\"contentUrl\":\"https:\\\/\\\/secure.gravatar.com\\\/avatar\\\/03f4e8ced09894b72c67e83142540730d4b3bbf619bf46341b0074e3bf5f08a0?s=96&d=mm&r=g\",\"caption\":\"pascalbarbier\"},\"url\":\"https:\\\/\\\/autate.fr\\\/site\\\/author\\\/pascalbarbier\\\/\"}]}<\/script>\n<!-- \/ Yoast SEO plugin. -->","yoast_head_json":{"title":"Notre lettre aux ministres pour la r\u00e9ouverture ligne de chemin de fer Toulouse-Luchon - AUTATE","robots":{"index":"index","follow":"follow","max-snippet":"max-snippet:-1","max-image-preview":"max-image-preview:large","max-video-preview":"max-video-preview:-1"},"canonical":"https:\/\/autate.fr\/site\/notre-lettre-aux-ministres-pour-la-reouverture-ligne-de-chemin-de-fer-toulouse-luchon\/","og_locale":"fr_FR","og_type":"article","og_title":"Notre lettre aux ministres pour la r\u00e9ouverture ligne de chemin de fer Toulouse-Luchon - AUTATE","og_description":"\u00e0 Madame S\u00e9gol\u00e8ne Royal, MINISTRE DE L&rsquo;ENVIRONNEMENT, DE L&rsquo;\u00c9NERGIE ET DE LA MER, CHARG\u00c9E DES RELATIONS INTERNATIONALES SUR LE CLIMAT HOTEL DE ROQUELAURE &#8211; 246, BOULEVARD SAINT-GERMAIN 75007 \u2013 PARIS \u00e0 Monsieur Jean-Michel Baylet MINISTRE DE L&rsquo;AM\u00c9NAGEMENT DU TERRITOIRE, DE LA RURALIT\u00c9 ET DES COLLECTIVIT\u00c9S TERRITORIALES H\u00d4TEL DE CASTRIES &#8211; 72, RUE DE VARENNE 75007VOIR PLUS","og_url":"https:\/\/autate.fr\/site\/notre-lettre-aux-ministres-pour-la-reouverture-ligne-de-chemin-de-fer-toulouse-luchon\/","og_site_name":"AUTATE","article_publisher":"https:\/\/www.facebook.com\/AutateToulouse","article_published_time":"2016-09-08T06:48:00+00:00","author":"pascalbarbier","twitter_card":"summary_large_image","twitter_creator":"@AutateToulouse","twitter_site":"@AutateToulouse","twitter_misc":{"\u00c9crit par":"pascalbarbier","Dur\u00e9e de lecture estim\u00e9e":"3 minutes"},"schema":{"@context":"https:\/\/schema.org","@graph":[{"@type":"Article","@id":"https:\/\/autate.fr\/site\/notre-lettre-aux-ministres-pour-la-reouverture-ligne-de-chemin-de-fer-toulouse-luchon\/#article","isPartOf":{"@id":"https:\/\/autate.fr\/site\/notre-lettre-aux-ministres-pour-la-reouverture-ligne-de-chemin-de-fer-toulouse-luchon\/"},"author":{"name":"pascalbarbier","@id":"https:\/\/autate.fr\/site\/#\/schema\/person\/ae1ab8bdaa7b41d2a9b52d2557ce8254"},"headline":"Notre lettre aux ministres pour la r\u00e9ouverture ligne de chemin de fer Toulouse-Luchon","datePublished":"2016-09-08T06:48:00+00:00","mainEntityOfPage":{"@id":"https:\/\/autate.fr\/site\/notre-lettre-aux-ministres-pour-la-reouverture-ligne-de-chemin-de-fer-toulouse-luchon\/"},"wordCount":689,"commentCount":0,"publisher":{"@id":"https:\/\/autate.fr\/site\/#organization"},"keywords":["Luchon","SNCF"],"articleSection":["Actualit\u00e9s-AUTATE"],"inLanguage":"fr-FR","potentialAction":[{"@type":"CommentAction","name":"Comment","target":["https:\/\/autate.fr\/site\/notre-lettre-aux-ministres-pour-la-reouverture-ligne-de-chemin-de-fer-toulouse-luchon\/#respond"]}]},{"@type":"WebPage","@id":"https:\/\/autate.fr\/site\/notre-lettre-aux-ministres-pour-la-reouverture-ligne-de-chemin-de-fer-toulouse-luchon\/","url":"https:\/\/autate.fr\/site\/notre-lettre-aux-ministres-pour-la-reouverture-ligne-de-chemin-de-fer-toulouse-luchon\/","name":"Notre lettre aux ministres pour la r\u00e9ouverture ligne de chemin de fer Toulouse-Luchon - AUTATE","isPartOf":{"@id":"https:\/\/autate.fr\/site\/#website"},"datePublished":"2016-09-08T06:48:00+00:00","breadcrumb":{"@id":"https:\/\/autate.fr\/site\/notre-lettre-aux-ministres-pour-la-reouverture-ligne-de-chemin-de-fer-toulouse-luchon\/#breadcrumb"},"inLanguage":"fr-FR","potentialAction":[{"@type":"ReadAction","target":["https:\/\/autate.fr\/site\/notre-lettre-aux-ministres-pour-la-reouverture-ligne-de-chemin-de-fer-toulouse-luchon\/"]}]},{"@type":"BreadcrumbList","@id":"https:\/\/autate.fr\/site\/notre-lettre-aux-ministres-pour-la-reouverture-ligne-de-chemin-de-fer-toulouse-luchon\/#breadcrumb","itemListElement":[{"@type":"ListItem","position":1,"name":"Accueil","item":"https:\/\/autate.fr\/site\/"},{"@type":"ListItem","position":2,"name":"Notre lettre aux ministres pour la r\u00e9ouverture ligne de chemin de fer Toulouse-Luchon"}]},{"@type":"WebSite","@id":"https:\/\/autate.fr\/site\/#website","url":"https:\/\/autate.fr\/site\/","name":"AUTATE","description":"Association des usagers des transports de l&#039;agglom\u00e9ration Toulousaine et de ses environs","publisher":{"@id":"https:\/\/autate.fr\/site\/#organization"},"potentialAction":[{"@type":"SearchAction","target":{"@type":"EntryPoint","urlTemplate":"https:\/\/autate.fr\/site\/?s={search_term_string}"},"query-input":{"@type":"PropertyValueSpecification","valueRequired":true,"valueName":"search_term_string"}}],"inLanguage":"fr-FR"},{"@type":"Organization","@id":"https:\/\/autate.fr\/site\/#organization","name":"AUTATE","url":"https:\/\/autate.fr\/site\/","logo":{"@type":"ImageObject","inLanguage":"fr-FR","@id":"https:\/\/autate.fr\/site\/#\/schema\/logo\/image\/","url":"http:\/\/autate.fr\/site\/wp-content\/uploads\/2019\/01\/logo.png","contentUrl":"http:\/\/autate.fr\/site\/wp-content\/uploads\/2019\/01\/logo.png","width":506,"height":280,"caption":"AUTATE"},"image":{"@id":"https:\/\/autate.fr\/site\/#\/schema\/logo\/image\/"},"sameAs":["https:\/\/www.facebook.com\/AutateToulouse","https:\/\/x.com\/AutateToulouse"]},{"@type":"Person","@id":"https:\/\/autate.fr\/site\/#\/schema\/person\/ae1ab8bdaa7b41d2a9b52d2557ce8254","name":"pascalbarbier","image":{"@type":"ImageObject","inLanguage":"fr-FR","@id":"https:\/\/secure.gravatar.com\/avatar\/03f4e8ced09894b72c67e83142540730d4b3bbf619bf46341b0074e3bf5f08a0?s=96&d=mm&r=g","url":"https:\/\/secure.gravatar.com\/avatar\/03f4e8ced09894b72c67e83142540730d4b3bbf619bf46341b0074e3bf5f08a0?s=96&d=mm&r=g","contentUrl":"https:\/\/secure.gravatar.com\/avatar\/03f4e8ced09894b72c67e83142540730d4b3bbf619bf46341b0074e3bf5f08a0?s=96&d=mm&r=g","caption":"pascalbarbier"},"url":"https:\/\/autate.fr\/site\/author\/pascalbarbier\/"}]}},"_links":{"self":[{"href":"https:\/\/autate.fr\/site\/wp-json\/wp\/v2\/posts\/849","targetHints":{"allow":["GET"]}}],"collection":[{"href":"https:\/\/autate.fr\/site\/wp-json\/wp\/v2\/posts"}],"about":[{"href":"https:\/\/autate.fr\/site\/wp-json\/wp\/v2\/types\/post"}],"author":[{"embeddable":true,"href":"https:\/\/autate.fr\/site\/wp-json\/wp\/v2\/users\/1"}],"replies":[{"embeddable":true,"href":"https:\/\/autate.fr\/site\/wp-json\/wp\/v2\/comments?post=849"}],"version-history":[{"count":1,"href":"https:\/\/autate.fr\/site\/wp-json\/wp\/v2\/posts\/849\/revisions"}],"predecessor-version":[{"id":850,"href":"https:\/\/autate.fr\/site\/wp-json\/wp\/v2\/posts\/849\/revisions\/850"}],"wp:attachment":[{"href":"https:\/\/autate.fr\/site\/wp-json\/wp\/v2\/media?parent=849"}],"wp:term":[{"taxonomy":"category","embeddable":true,"href":"https:\/\/autate.fr\/site\/wp-json\/wp\/v2\/categories?post=849"},{"taxonomy":"post_tag","embeddable":true,"href":"https:\/\/autate.fr\/site\/wp-json\/wp\/v2\/tags?post=849"}],"curies":[{"name":"wp","href":"https:\/\/api.w.org\/{rel}","templated":true}]}}