{"id":834,"date":"2016-07-22T17:13:46","date_gmt":"2016-07-22T15:13:46","guid":{"rendered":"http:\/\/autate.fr\/site\/?p=834"},"modified":"2016-08-12T17:18:04","modified_gmt":"2016-08-12T15:18:04","slug":"liberation-trains-de-nuit-cest-en-partie-fini","status":"publish","type":"post","link":"https:\/\/autate.fr\/site\/liberation-trains-de-nuit-cest-en-partie-fini\/","title":{"rendered":"[Lib\u00e9ration] Trains de nuit, c\u2019est en partie fini"},"content":{"rendered":"<p>Un article de Philippe Brochen paru dans lib\u00e9ration du 21 juillet 2016 (Photo Eric Estrade AFP)<\/p>\n<h2 class=\"article-standfirst read-left-padding\">A terme, seules deux lignes nocturnes vont perdurer. Par ailleurs, l\u2019Etat entend optimiser trois lignes de jour \u00abstructurantes \u00e0 haute performance\u00bb actuellement hors jeu du r\u00e9seau TGV.<\/h2>\n<div class=\"article-body read-left-padding\">\n<p>La d\u00e9cision \u00e9tait attendue, elle est d\u00e9sormais officielle. L\u2019Etat entend serrer les boulons sur le financement des <em>\u00abtrains d\u2019\u00e9quilibre du territoire\u00bb<\/em> (TET). <em>\u00abIls ne r\u00e9pondent plus de mani\u00e8re satisfaisante aux attentes des voyageurs, \u00e0 la fois en termes de dessertes comme de qualit\u00e9 de service,<\/em> a d\u00e9clar\u00e9 ce jeudi le secr\u00e9taire d\u2019Etat aux Transports Alain Vidalies.<em> Depuis 2011, la fr\u00e9quentation a chut\u00e9 de 20%, rendant l\u2019exploitation de ces lignes financi\u00e8rement insoutenable.\u00bb<\/em> Selon Alain Vidalies, le d\u00e9ficit des TET devrait d\u00e9passer 400 millions d\u2019euros en 2016. R\u00e9sultat: le 1<sup>er<\/sup> octobre, quatre lignes SNCF de trains de nuit sur les huit en circulation ne seront plus.<\/p>\n<p>Voici, avec la redimension de trois lignes <em>\u00abstructurantes \u00e0 haute performance\u00bb,<\/em> les annonces phares du secr\u00e9taire d\u2019Etat aux Transports Alain Vidalies faites ce jeudi matin. D\u00e9tail des op\u00e9rations.<\/p>\n<p><a href=\"http:\/\/www.liberation.fr\/futurs\/2016\/07\/21\/trains-de-nuit-c-est-en-partie-fini_1467675\" target=\"_blank\"><strong>lire la suite<\/strong><\/a><\/p>\n<\/div>\n","protected":false},"excerpt":{"rendered":"<p>Un article de Philippe Brochen paru dans lib\u00e9ration du 21 juillet 2016 (Photo Eric Estrade AFP) A terme, seules deux lignes nocturnes vont perdurer. Par ailleurs, l\u2019Etat entend optimiser trois lignes de jour \u00abstructurantes \u00e0 haute performance\u00bb actuellement hors jeu du r\u00e9seau TGV. La d\u00e9cision \u00e9tait attendue, elle est d\u00e9sormais officielle. L\u2019Etat entend serrer les<\/p>\n<p class=\"more-link\"><a href=\"https:\/\/autate.fr\/site\/liberation-trains-de-nuit-cest-en-partie-fini\/\" class=\"themebutton2\">VOIR PLUS<\/a><\/p>\n","protected":false},"author":1,"featured_media":835,"comment_status":"open","ping_status":"open","sticky":false,"template":"","format":"standard","meta":{"footnotes":""},"categories":[7],"tags":[154,247,11,263,262],"class_list":["post-834","post","type-post","status-publish","format-standard","has-post-thumbnail","hentry","category-revue-de-presse","tag-a-vidalies","tag-intercites","tag-sncf","tag-tet","tag-trains-de-nuit"],"yoast_head":"<!-- This site is optimized with the Yoast SEO plugin v27.4 - https:\/\/yoast.com\/product\/yoast-seo-wordpress\/ -->\n<title>[Lib\u00e9ration] Trains de nuit, c\u2019est en partie fini - AUTATE<\/title>\n<meta name=\"robots\" content=\"index, follow, max-snippet:-1, max-image-preview:large, max-video-preview:-1\" \/>\n<link rel=\"canonical\" href=\"https:\/\/autate.fr\/site\/liberation-trains-de-nuit-cest-en-partie-fini\/\" \/>\n<meta property=\"og:locale\" content=\"fr_FR\" \/>\n<meta property=\"og:type\" content=\"article\" \/>\n<meta property=\"og:title\" content=\"[Lib\u00e9ration] Trains de nuit, c\u2019est en partie fini - AUTATE\" \/>\n<meta property=\"og:description\" content=\"Un article de Philippe Brochen paru dans lib\u00e9ration du 21 juillet 2016 (Photo Eric Estrade AFP) A terme, seules deux lignes nocturnes vont perdurer. Par ailleurs, l\u2019Etat entend optimiser trois lignes de jour \u00abstructurantes \u00e0 haute performance\u00bb actuellement hors jeu du r\u00e9seau TGV. La d\u00e9cision \u00e9tait attendue, elle est d\u00e9sormais officielle. L\u2019Etat entend serrer lesVOIR PLUS\" \/>\n<meta property=\"og:url\" content=\"https:\/\/autate.fr\/site\/liberation-trains-de-nuit-cest-en-partie-fini\/\" \/>\n<meta property=\"og:site_name\" content=\"AUTATE\" \/>\n<meta property=\"article:publisher\" content=\"https:\/\/www.facebook.com\/AutateToulouse\" \/>\n<meta property=\"article:published_time\" content=\"2016-07-22T15:13:46+00:00\" \/>\n<meta property=\"article:modified_time\" content=\"2016-08-12T15:18:04+00:00\" \/>\n<meta property=\"og:image\" content=\"https:\/\/autate.fr\/site\/wp-content\/uploads\/2016\/08\/corailnuit.jpg\" \/>\n\t<meta property=\"og:image:width\" content=\"960\" \/>\n\t<meta property=\"og:image:height\" content=\"639\" \/>\n\t<meta property=\"og:image:type\" content=\"image\/jpeg\" \/>\n<meta name=\"author\" content=\"pascalbarbier\" \/>\n<meta name=\"twitter:card\" content=\"summary_large_image\" \/>\n<meta name=\"twitter:creator\" content=\"@AutateToulouse\" \/>\n<meta name=\"twitter:site\" content=\"@AutateToulouse\" \/>\n<meta name=\"twitter:label1\" content=\"\u00c9crit par\" \/>\n\t<meta name=\"twitter:data1\" content=\"pascalbarbier\" \/>\n\t<meta name=\"twitter:label2\" content=\"Dur\u00e9e de lecture estim\u00e9e\" \/>\n\t<meta name=\"twitter:data2\" content=\"1 minute\" \/>\n<script type=\"application\/ld+json\" class=\"yoast-schema-graph\">{\"@context\":\"https:\\\/\\\/schema.org\",\"@graph\":[{\"@type\":\"Article\",\"@id\":\"https:\\\/\\\/autate.fr\\\/site\\\/liberation-trains-de-nuit-cest-en-partie-fini\\\/#article\",\"isPartOf\":{\"@id\":\"https:\\\/\\\/autate.fr\\\/site\\\/liberation-trains-de-nuit-cest-en-partie-fini\\\/\"},\"author\":{\"name\":\"pascalbarbier\",\"@id\":\"https:\\\/\\\/autate.fr\\\/site\\\/#\\\/schema\\\/person\\\/ae1ab8bdaa7b41d2a9b52d2557ce8254\"},\"headline\":\"[Lib\u00e9ration] Trains de nuit, c\u2019est en partie fini\",\"datePublished\":\"2016-07-22T15:13:46+00:00\",\"dateModified\":\"2016-08-12T15:18:04+00:00\",\"mainEntityOfPage\":{\"@id\":\"https:\\\/\\\/autate.fr\\\/site\\\/liberation-trains-de-nuit-cest-en-partie-fini\\\/\"},\"wordCount\":202,\"commentCount\":0,\"publisher\":{\"@id\":\"https:\\\/\\\/autate.fr\\\/site\\\/#organization\"},\"image\":{\"@id\":\"https:\\\/\\\/autate.fr\\\/site\\\/liberation-trains-de-nuit-cest-en-partie-fini\\\/#primaryimage\"},\"thumbnailUrl\":\"https:\\\/\\\/autate.fr\\\/site\\\/wp-content\\\/uploads\\\/2016\\\/08\\\/corailnuit.jpg\",\"keywords\":[\"A.Vidalies\",\"Intercit\u00e9s\",\"SNCF\",\"TET\",\"trains de nuit\"],\"articleSection\":[\"Revue de presse\"],\"inLanguage\":\"fr-FR\",\"potentialAction\":[{\"@type\":\"CommentAction\",\"name\":\"Comment\",\"target\":[\"https:\\\/\\\/autate.fr\\\/site\\\/liberation-trains-de-nuit-cest-en-partie-fini\\\/#respond\"]}]},{\"@type\":\"WebPage\",\"@id\":\"https:\\\/\\\/autate.fr\\\/site\\\/liberation-trains-de-nuit-cest-en-partie-fini\\\/\",\"url\":\"https:\\\/\\\/autate.fr\\\/site\\\/liberation-trains-de-nuit-cest-en-partie-fini\\\/\",\"name\":\"[Lib\u00e9ration] Trains de nuit, c\u2019est en partie fini - AUTATE\",\"isPartOf\":{\"@id\":\"https:\\\/\\\/autate.fr\\\/site\\\/#website\"},\"primaryImageOfPage\":{\"@id\":\"https:\\\/\\\/autate.fr\\\/site\\\/liberation-trains-de-nuit-cest-en-partie-fini\\\/#primaryimage\"},\"image\":{\"@id\":\"https:\\\/\\\/autate.fr\\\/site\\\/liberation-trains-de-nuit-cest-en-partie-fini\\\/#primaryimage\"},\"thumbnailUrl\":\"https:\\\/\\\/autate.fr\\\/site\\\/wp-content\\\/uploads\\\/2016\\\/08\\\/corailnuit.jpg\",\"datePublished\":\"2016-07-22T15:13:46+00:00\",\"dateModified\":\"2016-08-12T15:18:04+00:00\",\"breadcrumb\":{\"@id\":\"https:\\\/\\\/autate.fr\\\/site\\\/liberation-trains-de-nuit-cest-en-partie-fini\\\/#breadcrumb\"},\"inLanguage\":\"fr-FR\",\"potentialAction\":[{\"@type\":\"ReadAction\",\"target\":[\"https:\\\/\\\/autate.fr\\\/site\\\/liberation-trains-de-nuit-cest-en-partie-fini\\\/\"]}]},{\"@type\":\"ImageObject\",\"inLanguage\":\"fr-FR\",\"@id\":\"https:\\\/\\\/autate.fr\\\/site\\\/liberation-trains-de-nuit-cest-en-partie-fini\\\/#primaryimage\",\"url\":\"https:\\\/\\\/autate.fr\\\/site\\\/wp-content\\\/uploads\\\/2016\\\/08\\\/corailnuit.jpg\",\"contentUrl\":\"https:\\\/\\\/autate.fr\\\/site\\\/wp-content\\\/uploads\\\/2016\\\/08\\\/corailnuit.jpg\",\"width\":960,\"height\":639},{\"@type\":\"BreadcrumbList\",\"@id\":\"https:\\\/\\\/autate.fr\\\/site\\\/liberation-trains-de-nuit-cest-en-partie-fini\\\/#breadcrumb\",\"itemListElement\":[{\"@type\":\"ListItem\",\"position\":1,\"name\":\"Accueil\",\"item\":\"https:\\\/\\\/autate.fr\\\/site\\\/\"},{\"@type\":\"ListItem\",\"position\":2,\"name\":\"[Lib\u00e9ration] Trains de nuit, c\u2019est en partie fini\"}]},{\"@type\":\"WebSite\",\"@id\":\"https:\\\/\\\/autate.fr\\\/site\\\/#website\",\"url\":\"https:\\\/\\\/autate.fr\\\/site\\\/\",\"name\":\"AUTATE\",\"description\":\"Association des usagers des transports de l&#039;agglom\u00e9ration Toulousaine et de ses environs\",\"publisher\":{\"@id\":\"https:\\\/\\\/autate.fr\\\/site\\\/#organization\"},\"potentialAction\":[{\"@type\":\"SearchAction\",\"target\":{\"@type\":\"EntryPoint\",\"urlTemplate\":\"https:\\\/\\\/autate.fr\\\/site\\\/?s={search_term_string}\"},\"query-input\":{\"@type\":\"PropertyValueSpecification\",\"valueRequired\":true,\"valueName\":\"search_term_string\"}}],\"inLanguage\":\"fr-FR\"},{\"@type\":\"Organization\",\"@id\":\"https:\\\/\\\/autate.fr\\\/site\\\/#organization\",\"name\":\"AUTATE\",\"url\":\"https:\\\/\\\/autate.fr\\\/site\\\/\",\"logo\":{\"@type\":\"ImageObject\",\"inLanguage\":\"fr-FR\",\"@id\":\"https:\\\/\\\/autate.fr\\\/site\\\/#\\\/schema\\\/logo\\\/image\\\/\",\"url\":\"http:\\\/\\\/autate.fr\\\/site\\\/wp-content\\\/uploads\\\/2019\\\/01\\\/logo.png\",\"contentUrl\":\"http:\\\/\\\/autate.fr\\\/site\\\/wp-content\\\/uploads\\\/2019\\\/01\\\/logo.png\",\"width\":506,\"height\":280,\"caption\":\"AUTATE\"},\"image\":{\"@id\":\"https:\\\/\\\/autate.fr\\\/site\\\/#\\\/schema\\\/logo\\\/image\\\/\"},\"sameAs\":[\"https:\\\/\\\/www.facebook.com\\\/AutateToulouse\",\"https:\\\/\\\/x.com\\\/AutateToulouse\"]},{\"@type\":\"Person\",\"@id\":\"https:\\\/\\\/autate.fr\\\/site\\\/#\\\/schema\\\/person\\\/ae1ab8bdaa7b41d2a9b52d2557ce8254\",\"name\":\"pascalbarbier\",\"image\":{\"@type\":\"ImageObject\",\"inLanguage\":\"fr-FR\",\"@id\":\"https:\\\/\\\/secure.gravatar.com\\\/avatar\\\/03f4e8ced09894b72c67e83142540730d4b3bbf619bf46341b0074e3bf5f08a0?s=96&d=mm&r=g\",\"url\":\"https:\\\/\\\/secure.gravatar.com\\\/avatar\\\/03f4e8ced09894b72c67e83142540730d4b3bbf619bf46341b0074e3bf5f08a0?s=96&d=mm&r=g\",\"contentUrl\":\"https:\\\/\\\/secure.gravatar.com\\\/avatar\\\/03f4e8ced09894b72c67e83142540730d4b3bbf619bf46341b0074e3bf5f08a0?s=96&d=mm&r=g\",\"caption\":\"pascalbarbier\"},\"url\":\"https:\\\/\\\/autate.fr\\\/site\\\/author\\\/pascalbarbier\\\/\"}]}<\/script>\n<!-- \/ Yoast SEO plugin. -->","yoast_head_json":{"title":"[Lib\u00e9ration] Trains de nuit, c\u2019est en partie fini - AUTATE","robots":{"index":"index","follow":"follow","max-snippet":"max-snippet:-1","max-image-preview":"max-image-preview:large","max-video-preview":"max-video-preview:-1"},"canonical":"https:\/\/autate.fr\/site\/liberation-trains-de-nuit-cest-en-partie-fini\/","og_locale":"fr_FR","og_type":"article","og_title":"[Lib\u00e9ration] Trains de nuit, c\u2019est en partie fini - AUTATE","og_description":"Un article de Philippe Brochen paru dans lib\u00e9ration du 21 juillet 2016 (Photo Eric Estrade AFP) A terme, seules deux lignes nocturnes vont perdurer. Par ailleurs, l\u2019Etat entend optimiser trois lignes de jour \u00abstructurantes \u00e0 haute performance\u00bb actuellement hors jeu du r\u00e9seau TGV. La d\u00e9cision \u00e9tait attendue, elle est d\u00e9sormais officielle. L\u2019Etat entend serrer lesVOIR PLUS","og_url":"https:\/\/autate.fr\/site\/liberation-trains-de-nuit-cest-en-partie-fini\/","og_site_name":"AUTATE","article_publisher":"https:\/\/www.facebook.com\/AutateToulouse","article_published_time":"2016-07-22T15:13:46+00:00","article_modified_time":"2016-08-12T15:18:04+00:00","og_image":[{"width":960,"height":639,"url":"https:\/\/autate.fr\/site\/wp-content\/uploads\/2016\/08\/corailnuit.jpg","type":"image\/jpeg"}],"author":"pascalbarbier","twitter_card":"summary_large_image","twitter_creator":"@AutateToulouse","twitter_site":"@AutateToulouse","twitter_misc":{"\u00c9crit par":"pascalbarbier","Dur\u00e9e de lecture estim\u00e9e":"1 minute"},"schema":{"@context":"https:\/\/schema.org","@graph":[{"@type":"Article","@id":"https:\/\/autate.fr\/site\/liberation-trains-de-nuit-cest-en-partie-fini\/#article","isPartOf":{"@id":"https:\/\/autate.fr\/site\/liberation-trains-de-nuit-cest-en-partie-fini\/"},"author":{"name":"pascalbarbier","@id":"https:\/\/autate.fr\/site\/#\/schema\/person\/ae1ab8bdaa7b41d2a9b52d2557ce8254"},"headline":"[Lib\u00e9ration] Trains de nuit, c\u2019est en partie fini","datePublished":"2016-07-22T15:13:46+00:00","dateModified":"2016-08-12T15:18:04+00:00","mainEntityOfPage":{"@id":"https:\/\/autate.fr\/site\/liberation-trains-de-nuit-cest-en-partie-fini\/"},"wordCount":202,"commentCount":0,"publisher":{"@id":"https:\/\/autate.fr\/site\/#organization"},"image":{"@id":"https:\/\/autate.fr\/site\/liberation-trains-de-nuit-cest-en-partie-fini\/#primaryimage"},"thumbnailUrl":"https:\/\/autate.fr\/site\/wp-content\/uploads\/2016\/08\/corailnuit.jpg","keywords":["A.Vidalies","Intercit\u00e9s","SNCF","TET","trains de nuit"],"articleSection":["Revue de presse"],"inLanguage":"fr-FR","potentialAction":[{"@type":"CommentAction","name":"Comment","target":["https:\/\/autate.fr\/site\/liberation-trains-de-nuit-cest-en-partie-fini\/#respond"]}]},{"@type":"WebPage","@id":"https:\/\/autate.fr\/site\/liberation-trains-de-nuit-cest-en-partie-fini\/","url":"https:\/\/autate.fr\/site\/liberation-trains-de-nuit-cest-en-partie-fini\/","name":"[Lib\u00e9ration] Trains de nuit, c\u2019est en partie fini - AUTATE","isPartOf":{"@id":"https:\/\/autate.fr\/site\/#website"},"primaryImageOfPage":{"@id":"https:\/\/autate.fr\/site\/liberation-trains-de-nuit-cest-en-partie-fini\/#primaryimage"},"image":{"@id":"https:\/\/autate.fr\/site\/liberation-trains-de-nuit-cest-en-partie-fini\/#primaryimage"},"thumbnailUrl":"https:\/\/autate.fr\/site\/wp-content\/uploads\/2016\/08\/corailnuit.jpg","datePublished":"2016-07-22T15:13:46+00:00","dateModified":"2016-08-12T15:18:04+00:00","breadcrumb":{"@id":"https:\/\/autate.fr\/site\/liberation-trains-de-nuit-cest-en-partie-fini\/#breadcrumb"},"inLanguage":"fr-FR","potentialAction":[{"@type":"ReadAction","target":["https:\/\/autate.fr\/site\/liberation-trains-de-nuit-cest-en-partie-fini\/"]}]},{"@type":"ImageObject","inLanguage":"fr-FR","@id":"https:\/\/autate.fr\/site\/liberation-trains-de-nuit-cest-en-partie-fini\/#primaryimage","url":"https:\/\/autate.fr\/site\/wp-content\/uploads\/2016\/08\/corailnuit.jpg","contentUrl":"https:\/\/autate.fr\/site\/wp-content\/uploads\/2016\/08\/corailnuit.jpg","width":960,"height":639},{"@type":"BreadcrumbList","@id":"https:\/\/autate.fr\/site\/liberation-trains-de-nuit-cest-en-partie-fini\/#breadcrumb","itemListElement":[{"@type":"ListItem","position":1,"name":"Accueil","item":"https:\/\/autate.fr\/site\/"},{"@type":"ListItem","position":2,"name":"[Lib\u00e9ration] Trains de nuit, c\u2019est en partie fini"}]},{"@type":"WebSite","@id":"https:\/\/autate.fr\/site\/#website","url":"https:\/\/autate.fr\/site\/","name":"AUTATE","description":"Association des usagers des transports de l&#039;agglom\u00e9ration Toulousaine et de ses environs","publisher":{"@id":"https:\/\/autate.fr\/site\/#organization"},"potentialAction":[{"@type":"SearchAction","target":{"@type":"EntryPoint","urlTemplate":"https:\/\/autate.fr\/site\/?s={search_term_string}"},"query-input":{"@type":"PropertyValueSpecification","valueRequired":true,"valueName":"search_term_string"}}],"inLanguage":"fr-FR"},{"@type":"Organization","@id":"https:\/\/autate.fr\/site\/#organization","name":"AUTATE","url":"https:\/\/autate.fr\/site\/","logo":{"@type":"ImageObject","inLanguage":"fr-FR","@id":"https:\/\/autate.fr\/site\/#\/schema\/logo\/image\/","url":"http:\/\/autate.fr\/site\/wp-content\/uploads\/2019\/01\/logo.png","contentUrl":"http:\/\/autate.fr\/site\/wp-content\/uploads\/2019\/01\/logo.png","width":506,"height":280,"caption":"AUTATE"},"image":{"@id":"https:\/\/autate.fr\/site\/#\/schema\/logo\/image\/"},"sameAs":["https:\/\/www.facebook.com\/AutateToulouse","https:\/\/x.com\/AutateToulouse"]},{"@type":"Person","@id":"https:\/\/autate.fr\/site\/#\/schema\/person\/ae1ab8bdaa7b41d2a9b52d2557ce8254","name":"pascalbarbier","image":{"@type":"ImageObject","inLanguage":"fr-FR","@id":"https:\/\/secure.gravatar.com\/avatar\/03f4e8ced09894b72c67e83142540730d4b3bbf619bf46341b0074e3bf5f08a0?s=96&d=mm&r=g","url":"https:\/\/secure.gravatar.com\/avatar\/03f4e8ced09894b72c67e83142540730d4b3bbf619bf46341b0074e3bf5f08a0?s=96&d=mm&r=g","contentUrl":"https:\/\/secure.gravatar.com\/avatar\/03f4e8ced09894b72c67e83142540730d4b3bbf619bf46341b0074e3bf5f08a0?s=96&d=mm&r=g","caption":"pascalbarbier"},"url":"https:\/\/autate.fr\/site\/author\/pascalbarbier\/"}]}},"_links":{"self":[{"href":"https:\/\/autate.fr\/site\/wp-json\/wp\/v2\/posts\/834","targetHints":{"allow":["GET"]}}],"collection":[{"href":"https:\/\/autate.fr\/site\/wp-json\/wp\/v2\/posts"}],"about":[{"href":"https:\/\/autate.fr\/site\/wp-json\/wp\/v2\/types\/post"}],"author":[{"embeddable":true,"href":"https:\/\/autate.fr\/site\/wp-json\/wp\/v2\/users\/1"}],"replies":[{"embeddable":true,"href":"https:\/\/autate.fr\/site\/wp-json\/wp\/v2\/comments?post=834"}],"version-history":[{"count":1,"href":"https:\/\/autate.fr\/site\/wp-json\/wp\/v2\/posts\/834\/revisions"}],"predecessor-version":[{"id":836,"href":"https:\/\/autate.fr\/site\/wp-json\/wp\/v2\/posts\/834\/revisions\/836"}],"wp:featuredmedia":[{"embeddable":true,"href":"https:\/\/autate.fr\/site\/wp-json\/wp\/v2\/media\/835"}],"wp:attachment":[{"href":"https:\/\/autate.fr\/site\/wp-json\/wp\/v2\/media?parent=834"}],"wp:term":[{"taxonomy":"category","embeddable":true,"href":"https:\/\/autate.fr\/site\/wp-json\/wp\/v2\/categories?post=834"},{"taxonomy":"post_tag","embeddable":true,"href":"https:\/\/autate.fr\/site\/wp-json\/wp\/v2\/tags?post=834"}],"curies":[{"name":"wp","href":"https:\/\/api.w.org\/{rel}","templated":true}]}}