{"id":832,"date":"2016-01-28T18:42:25","date_gmt":"2016-01-28T17:42:25","guid":{"rendered":"http:\/\/autate.fr\/site\/?p=832"},"modified":"2017-10-21T21:40:32","modified_gmt":"2017-10-21T19:40:32","slug":"cote-toulouse-tout-ce-qui-va-changer-a-la-gare-sncf-de-matabiau-en-2016","status":"publish","type":"post","link":"https:\/\/autate.fr\/site\/cote-toulouse-tout-ce-qui-va-changer-a-la-gare-sncf-de-matabiau-en-2016\/","title":{"rendered":"[C\u00f4t\u00e9 Toulouse] Tout ce qui va changer \u00e0 la gare SNCF de Matabiau en 2016"},"content":{"rendered":"<p>Un article de paru dans Actu C\u00f4t\u00e9 Toulouse le 27\/01\/2016<\/p>\n<h2 class=\"bigger mts mbs\" data-role=\"chapo\">La SNCF Midi-Pyr\u00e9n\u00e9es (fusionn\u00e9e avec Languedoc-Roussillon) a pr\u00e9sent\u00e9 les projets 2016 pour la gare Matabiau. Am\u00e9nagements, services, s\u00e9curit\u00e9 : voici ce qui vous attend.<\/h2>\n<p>L\u2019ann\u00e9e 2016 sera le symbole de quelques changements autour et dans la gare Matabiau de Toulouse. C\u2019est ce qui ressort des annonces faites par la direction de la SNCF en Midi-Pyr\u00e9n\u00e9es\/Languedoc-Roussillon (fusionn\u00e9e en m\u00eame temps que la fusion des deux r\u00e9gions au 1er janvier 2016), lundi 25 janvier 2016. Tour d\u2019horizon.<\/p>\n<h3>Dans la gare : le hall arriv\u00e9es relook\u00e9, le \u00ab We Bike \u00bb annonc\u00e9<\/h3>\n<p>Apr\u00e8s une ann\u00e9e 2015 marqu\u00e9e par l\u2019arriv\u00e9e du WiFi et le r\u00e9am\u00e9nagement du hall d\u00e9parts et l\u2019installation de davantage de places assises, et plus confortables, 2016 verra la poursuite du relooking int\u00e9rieur de la gare Matabiau. Pas besoin de s\u2019appeler St\u00e9phane Plaza pour remarquer certains aspects sombres de la gare, peu propices au sentiment de s\u00e9curit\u00e9.<\/p>\n<p>Ainsi, d\u2019ici la fin de l\u2019ann\u00e9e, des travaux se d\u00e9rouleront dans le hall arriv\u00e9es, qui aura la m\u00eame physionomie que le hall d\u00e9parts avec davantage de luminosit\u00e9 et de places assises.<\/p>\n<p><a href=\"http:\/\/actu.cotetoulouse.fr\/toulouse-tout-va-changer-gare-sncf-matabiau-2016_28333\/\" target=\"_blank\" rel=\"noopener\"><strong>lire la suite<\/strong><\/a><\/p>\n","protected":false},"excerpt":{"rendered":"<p>Un article de paru dans Actu C\u00f4t\u00e9 Toulouse le 27\/01\/2016 La SNCF Midi-Pyr\u00e9n\u00e9es (fusionn\u00e9e avec Languedoc-Roussillon) a pr\u00e9sent\u00e9 les projets 2016 pour la gare Matabiau. Am\u00e9nagements, services, s\u00e9curit\u00e9 : voici ce qui vous attend. L\u2019ann\u00e9e 2016 sera le symbole de quelques changements autour et dans la gare Matabiau de Toulouse. C\u2019est ce qui ressort des<\/p>\n<p class=\"more-link\"><a href=\"https:\/\/autate.fr\/site\/cote-toulouse-tout-ce-qui-va-changer-a-la-gare-sncf-de-matabiau-en-2016\/\" class=\"themebutton2\">VOIR PLUS<\/a><\/p>\n","protected":false},"author":1,"featured_media":0,"comment_status":"open","ping_status":"open","sticky":false,"template":"","format":"standard","meta":{"footnotes":""},"categories":[7],"tags":[41,11,15],"class_list":["post-832","post","type-post","status-publish","format-standard","hentry","category-revue-de-presse","tag-gare-matabiau","tag-sncf","tag-travaux"],"yoast_head":"<!-- This site is optimized with the Yoast SEO plugin v27.4 - https:\/\/yoast.com\/product\/yoast-seo-wordpress\/ -->\n<title>[C\u00f4t\u00e9 Toulouse] Tout ce qui va changer \u00e0 la gare SNCF de Matabiau en 2016 - AUTATE<\/title>\n<meta name=\"robots\" content=\"index, follow, max-snippet:-1, max-image-preview:large, max-video-preview:-1\" \/>\n<link rel=\"canonical\" href=\"https:\/\/autate.fr\/site\/cote-toulouse-tout-ce-qui-va-changer-a-la-gare-sncf-de-matabiau-en-2016\/\" \/>\n<meta property=\"og:locale\" content=\"fr_FR\" \/>\n<meta property=\"og:type\" content=\"article\" \/>\n<meta property=\"og:title\" content=\"[C\u00f4t\u00e9 Toulouse] Tout ce qui va changer \u00e0 la gare SNCF de Matabiau en 2016 - AUTATE\" \/>\n<meta property=\"og:description\" content=\"Un article de paru dans Actu C\u00f4t\u00e9 Toulouse le 27\/01\/2016 La SNCF Midi-Pyr\u00e9n\u00e9es (fusionn\u00e9e avec Languedoc-Roussillon) a pr\u00e9sent\u00e9 les projets 2016 pour la gare Matabiau. Am\u00e9nagements, services, s\u00e9curit\u00e9 : voici ce qui vous attend. L\u2019ann\u00e9e 2016 sera le symbole de quelques changements autour et dans la gare Matabiau de Toulouse. C\u2019est ce qui ressort desVOIR PLUS\" \/>\n<meta property=\"og:url\" content=\"https:\/\/autate.fr\/site\/cote-toulouse-tout-ce-qui-va-changer-a-la-gare-sncf-de-matabiau-en-2016\/\" \/>\n<meta property=\"og:site_name\" content=\"AUTATE\" \/>\n<meta property=\"article:publisher\" content=\"https:\/\/www.facebook.com\/AutateToulouse\" \/>\n<meta property=\"article:published_time\" content=\"2016-01-28T17:42:25+00:00\" \/>\n<meta property=\"article:modified_time\" content=\"2017-10-21T19:40:32+00:00\" \/>\n<meta name=\"author\" content=\"pascalbarbier\" \/>\n<meta name=\"twitter:card\" content=\"summary_large_image\" \/>\n<meta name=\"twitter:creator\" content=\"@AutateToulouse\" \/>\n<meta name=\"twitter:site\" content=\"@AutateToulouse\" \/>\n<meta name=\"twitter:label1\" content=\"\u00c9crit par\" \/>\n\t<meta name=\"twitter:data1\" content=\"pascalbarbier\" \/>\n\t<meta name=\"twitter:label2\" content=\"Dur\u00e9e de lecture estim\u00e9e\" \/>\n\t<meta name=\"twitter:data2\" content=\"1 minute\" \/>\n<script type=\"application\/ld+json\" class=\"yoast-schema-graph\">{\"@context\":\"https:\\\/\\\/schema.org\",\"@graph\":[{\"@type\":\"Article\",\"@id\":\"https:\\\/\\\/autate.fr\\\/site\\\/cote-toulouse-tout-ce-qui-va-changer-a-la-gare-sncf-de-matabiau-en-2016\\\/#article\",\"isPartOf\":{\"@id\":\"https:\\\/\\\/autate.fr\\\/site\\\/cote-toulouse-tout-ce-qui-va-changer-a-la-gare-sncf-de-matabiau-en-2016\\\/\"},\"author\":{\"name\":\"pascalbarbier\",\"@id\":\"https:\\\/\\\/autate.fr\\\/site\\\/#\\\/schema\\\/person\\\/ae1ab8bdaa7b41d2a9b52d2557ce8254\"},\"headline\":\"[C\u00f4t\u00e9 Toulouse] Tout ce qui va changer \u00e0 la gare SNCF de Matabiau en 2016\",\"datePublished\":\"2016-01-28T17:42:25+00:00\",\"dateModified\":\"2017-10-21T19:40:32+00:00\",\"mainEntityOfPage\":{\"@id\":\"https:\\\/\\\/autate.fr\\\/site\\\/cote-toulouse-tout-ce-qui-va-changer-a-la-gare-sncf-de-matabiau-en-2016\\\/\"},\"wordCount\":229,\"commentCount\":0,\"publisher\":{\"@id\":\"https:\\\/\\\/autate.fr\\\/site\\\/#organization\"},\"keywords\":[\"gare Matabiau\",\"SNCF\",\"travaux\"],\"articleSection\":[\"Revue de presse\"],\"inLanguage\":\"fr-FR\",\"potentialAction\":[{\"@type\":\"CommentAction\",\"name\":\"Comment\",\"target\":[\"https:\\\/\\\/autate.fr\\\/site\\\/cote-toulouse-tout-ce-qui-va-changer-a-la-gare-sncf-de-matabiau-en-2016\\\/#respond\"]}]},{\"@type\":\"WebPage\",\"@id\":\"https:\\\/\\\/autate.fr\\\/site\\\/cote-toulouse-tout-ce-qui-va-changer-a-la-gare-sncf-de-matabiau-en-2016\\\/\",\"url\":\"https:\\\/\\\/autate.fr\\\/site\\\/cote-toulouse-tout-ce-qui-va-changer-a-la-gare-sncf-de-matabiau-en-2016\\\/\",\"name\":\"[C\u00f4t\u00e9 Toulouse] Tout ce qui va changer \u00e0 la gare SNCF de Matabiau en 2016 - AUTATE\",\"isPartOf\":{\"@id\":\"https:\\\/\\\/autate.fr\\\/site\\\/#website\"},\"datePublished\":\"2016-01-28T17:42:25+00:00\",\"dateModified\":\"2017-10-21T19:40:32+00:00\",\"breadcrumb\":{\"@id\":\"https:\\\/\\\/autate.fr\\\/site\\\/cote-toulouse-tout-ce-qui-va-changer-a-la-gare-sncf-de-matabiau-en-2016\\\/#breadcrumb\"},\"inLanguage\":\"fr-FR\",\"potentialAction\":[{\"@type\":\"ReadAction\",\"target\":[\"https:\\\/\\\/autate.fr\\\/site\\\/cote-toulouse-tout-ce-qui-va-changer-a-la-gare-sncf-de-matabiau-en-2016\\\/\"]}]},{\"@type\":\"BreadcrumbList\",\"@id\":\"https:\\\/\\\/autate.fr\\\/site\\\/cote-toulouse-tout-ce-qui-va-changer-a-la-gare-sncf-de-matabiau-en-2016\\\/#breadcrumb\",\"itemListElement\":[{\"@type\":\"ListItem\",\"position\":1,\"name\":\"Accueil\",\"item\":\"https:\\\/\\\/autate.fr\\\/site\\\/\"},{\"@type\":\"ListItem\",\"position\":2,\"name\":\"[C\u00f4t\u00e9 Toulouse] Tout ce qui va changer \u00e0 la gare SNCF de Matabiau en 2016\"}]},{\"@type\":\"WebSite\",\"@id\":\"https:\\\/\\\/autate.fr\\\/site\\\/#website\",\"url\":\"https:\\\/\\\/autate.fr\\\/site\\\/\",\"name\":\"AUTATE\",\"description\":\"Association des usagers des transports de l&#039;agglom\u00e9ration Toulousaine et de ses environs\",\"publisher\":{\"@id\":\"https:\\\/\\\/autate.fr\\\/site\\\/#organization\"},\"potentialAction\":[{\"@type\":\"SearchAction\",\"target\":{\"@type\":\"EntryPoint\",\"urlTemplate\":\"https:\\\/\\\/autate.fr\\\/site\\\/?s={search_term_string}\"},\"query-input\":{\"@type\":\"PropertyValueSpecification\",\"valueRequired\":true,\"valueName\":\"search_term_string\"}}],\"inLanguage\":\"fr-FR\"},{\"@type\":\"Organization\",\"@id\":\"https:\\\/\\\/autate.fr\\\/site\\\/#organization\",\"name\":\"AUTATE\",\"url\":\"https:\\\/\\\/autate.fr\\\/site\\\/\",\"logo\":{\"@type\":\"ImageObject\",\"inLanguage\":\"fr-FR\",\"@id\":\"https:\\\/\\\/autate.fr\\\/site\\\/#\\\/schema\\\/logo\\\/image\\\/\",\"url\":\"http:\\\/\\\/autate.fr\\\/site\\\/wp-content\\\/uploads\\\/2019\\\/01\\\/logo.png\",\"contentUrl\":\"http:\\\/\\\/autate.fr\\\/site\\\/wp-content\\\/uploads\\\/2019\\\/01\\\/logo.png\",\"width\":506,\"height\":280,\"caption\":\"AUTATE\"},\"image\":{\"@id\":\"https:\\\/\\\/autate.fr\\\/site\\\/#\\\/schema\\\/logo\\\/image\\\/\"},\"sameAs\":[\"https:\\\/\\\/www.facebook.com\\\/AutateToulouse\",\"https:\\\/\\\/x.com\\\/AutateToulouse\"]},{\"@type\":\"Person\",\"@id\":\"https:\\\/\\\/autate.fr\\\/site\\\/#\\\/schema\\\/person\\\/ae1ab8bdaa7b41d2a9b52d2557ce8254\",\"name\":\"pascalbarbier\",\"image\":{\"@type\":\"ImageObject\",\"inLanguage\":\"fr-FR\",\"@id\":\"https:\\\/\\\/secure.gravatar.com\\\/avatar\\\/03f4e8ced09894b72c67e83142540730d4b3bbf619bf46341b0074e3bf5f08a0?s=96&d=mm&r=g\",\"url\":\"https:\\\/\\\/secure.gravatar.com\\\/avatar\\\/03f4e8ced09894b72c67e83142540730d4b3bbf619bf46341b0074e3bf5f08a0?s=96&d=mm&r=g\",\"contentUrl\":\"https:\\\/\\\/secure.gravatar.com\\\/avatar\\\/03f4e8ced09894b72c67e83142540730d4b3bbf619bf46341b0074e3bf5f08a0?s=96&d=mm&r=g\",\"caption\":\"pascalbarbier\"},\"url\":\"https:\\\/\\\/autate.fr\\\/site\\\/author\\\/pascalbarbier\\\/\"}]}<\/script>\n<!-- \/ Yoast SEO plugin. -->","yoast_head_json":{"title":"[C\u00f4t\u00e9 Toulouse] Tout ce qui va changer \u00e0 la gare SNCF de Matabiau en 2016 - AUTATE","robots":{"index":"index","follow":"follow","max-snippet":"max-snippet:-1","max-image-preview":"max-image-preview:large","max-video-preview":"max-video-preview:-1"},"canonical":"https:\/\/autate.fr\/site\/cote-toulouse-tout-ce-qui-va-changer-a-la-gare-sncf-de-matabiau-en-2016\/","og_locale":"fr_FR","og_type":"article","og_title":"[C\u00f4t\u00e9 Toulouse] Tout ce qui va changer \u00e0 la gare SNCF de Matabiau en 2016 - AUTATE","og_description":"Un article de paru dans Actu C\u00f4t\u00e9 Toulouse le 27\/01\/2016 La SNCF Midi-Pyr\u00e9n\u00e9es (fusionn\u00e9e avec Languedoc-Roussillon) a pr\u00e9sent\u00e9 les projets 2016 pour la gare Matabiau. Am\u00e9nagements, services, s\u00e9curit\u00e9 : voici ce qui vous attend. L\u2019ann\u00e9e 2016 sera le symbole de quelques changements autour et dans la gare Matabiau de Toulouse. C\u2019est ce qui ressort desVOIR PLUS","og_url":"https:\/\/autate.fr\/site\/cote-toulouse-tout-ce-qui-va-changer-a-la-gare-sncf-de-matabiau-en-2016\/","og_site_name":"AUTATE","article_publisher":"https:\/\/www.facebook.com\/AutateToulouse","article_published_time":"2016-01-28T17:42:25+00:00","article_modified_time":"2017-10-21T19:40:32+00:00","author":"pascalbarbier","twitter_card":"summary_large_image","twitter_creator":"@AutateToulouse","twitter_site":"@AutateToulouse","twitter_misc":{"\u00c9crit par":"pascalbarbier","Dur\u00e9e de lecture estim\u00e9e":"1 minute"},"schema":{"@context":"https:\/\/schema.org","@graph":[{"@type":"Article","@id":"https:\/\/autate.fr\/site\/cote-toulouse-tout-ce-qui-va-changer-a-la-gare-sncf-de-matabiau-en-2016\/#article","isPartOf":{"@id":"https:\/\/autate.fr\/site\/cote-toulouse-tout-ce-qui-va-changer-a-la-gare-sncf-de-matabiau-en-2016\/"},"author":{"name":"pascalbarbier","@id":"https:\/\/autate.fr\/site\/#\/schema\/person\/ae1ab8bdaa7b41d2a9b52d2557ce8254"},"headline":"[C\u00f4t\u00e9 Toulouse] Tout ce qui va changer \u00e0 la gare SNCF de Matabiau en 2016","datePublished":"2016-01-28T17:42:25+00:00","dateModified":"2017-10-21T19:40:32+00:00","mainEntityOfPage":{"@id":"https:\/\/autate.fr\/site\/cote-toulouse-tout-ce-qui-va-changer-a-la-gare-sncf-de-matabiau-en-2016\/"},"wordCount":229,"commentCount":0,"publisher":{"@id":"https:\/\/autate.fr\/site\/#organization"},"keywords":["gare Matabiau","SNCF","travaux"],"articleSection":["Revue de presse"],"inLanguage":"fr-FR","potentialAction":[{"@type":"CommentAction","name":"Comment","target":["https:\/\/autate.fr\/site\/cote-toulouse-tout-ce-qui-va-changer-a-la-gare-sncf-de-matabiau-en-2016\/#respond"]}]},{"@type":"WebPage","@id":"https:\/\/autate.fr\/site\/cote-toulouse-tout-ce-qui-va-changer-a-la-gare-sncf-de-matabiau-en-2016\/","url":"https:\/\/autate.fr\/site\/cote-toulouse-tout-ce-qui-va-changer-a-la-gare-sncf-de-matabiau-en-2016\/","name":"[C\u00f4t\u00e9 Toulouse] Tout ce qui va changer \u00e0 la gare SNCF de Matabiau en 2016 - AUTATE","isPartOf":{"@id":"https:\/\/autate.fr\/site\/#website"},"datePublished":"2016-01-28T17:42:25+00:00","dateModified":"2017-10-21T19:40:32+00:00","breadcrumb":{"@id":"https:\/\/autate.fr\/site\/cote-toulouse-tout-ce-qui-va-changer-a-la-gare-sncf-de-matabiau-en-2016\/#breadcrumb"},"inLanguage":"fr-FR","potentialAction":[{"@type":"ReadAction","target":["https:\/\/autate.fr\/site\/cote-toulouse-tout-ce-qui-va-changer-a-la-gare-sncf-de-matabiau-en-2016\/"]}]},{"@type":"BreadcrumbList","@id":"https:\/\/autate.fr\/site\/cote-toulouse-tout-ce-qui-va-changer-a-la-gare-sncf-de-matabiau-en-2016\/#breadcrumb","itemListElement":[{"@type":"ListItem","position":1,"name":"Accueil","item":"https:\/\/autate.fr\/site\/"},{"@type":"ListItem","position":2,"name":"[C\u00f4t\u00e9 Toulouse] Tout ce qui va changer \u00e0 la gare SNCF de Matabiau en 2016"}]},{"@type":"WebSite","@id":"https:\/\/autate.fr\/site\/#website","url":"https:\/\/autate.fr\/site\/","name":"AUTATE","description":"Association des usagers des transports de l&#039;agglom\u00e9ration Toulousaine et de ses environs","publisher":{"@id":"https:\/\/autate.fr\/site\/#organization"},"potentialAction":[{"@type":"SearchAction","target":{"@type":"EntryPoint","urlTemplate":"https:\/\/autate.fr\/site\/?s={search_term_string}"},"query-input":{"@type":"PropertyValueSpecification","valueRequired":true,"valueName":"search_term_string"}}],"inLanguage":"fr-FR"},{"@type":"Organization","@id":"https:\/\/autate.fr\/site\/#organization","name":"AUTATE","url":"https:\/\/autate.fr\/site\/","logo":{"@type":"ImageObject","inLanguage":"fr-FR","@id":"https:\/\/autate.fr\/site\/#\/schema\/logo\/image\/","url":"http:\/\/autate.fr\/site\/wp-content\/uploads\/2019\/01\/logo.png","contentUrl":"http:\/\/autate.fr\/site\/wp-content\/uploads\/2019\/01\/logo.png","width":506,"height":280,"caption":"AUTATE"},"image":{"@id":"https:\/\/autate.fr\/site\/#\/schema\/logo\/image\/"},"sameAs":["https:\/\/www.facebook.com\/AutateToulouse","https:\/\/x.com\/AutateToulouse"]},{"@type":"Person","@id":"https:\/\/autate.fr\/site\/#\/schema\/person\/ae1ab8bdaa7b41d2a9b52d2557ce8254","name":"pascalbarbier","image":{"@type":"ImageObject","inLanguage":"fr-FR","@id":"https:\/\/secure.gravatar.com\/avatar\/03f4e8ced09894b72c67e83142540730d4b3bbf619bf46341b0074e3bf5f08a0?s=96&d=mm&r=g","url":"https:\/\/secure.gravatar.com\/avatar\/03f4e8ced09894b72c67e83142540730d4b3bbf619bf46341b0074e3bf5f08a0?s=96&d=mm&r=g","contentUrl":"https:\/\/secure.gravatar.com\/avatar\/03f4e8ced09894b72c67e83142540730d4b3bbf619bf46341b0074e3bf5f08a0?s=96&d=mm&r=g","caption":"pascalbarbier"},"url":"https:\/\/autate.fr\/site\/author\/pascalbarbier\/"}]}},"_links":{"self":[{"href":"https:\/\/autate.fr\/site\/wp-json\/wp\/v2\/posts\/832","targetHints":{"allow":["GET"]}}],"collection":[{"href":"https:\/\/autate.fr\/site\/wp-json\/wp\/v2\/posts"}],"about":[{"href":"https:\/\/autate.fr\/site\/wp-json\/wp\/v2\/types\/post"}],"author":[{"embeddable":true,"href":"https:\/\/autate.fr\/site\/wp-json\/wp\/v2\/users\/1"}],"replies":[{"embeddable":true,"href":"https:\/\/autate.fr\/site\/wp-json\/wp\/v2\/comments?post=832"}],"version-history":[{"count":2,"href":"https:\/\/autate.fr\/site\/wp-json\/wp\/v2\/posts\/832\/revisions"}],"predecessor-version":[{"id":2011,"href":"https:\/\/autate.fr\/site\/wp-json\/wp\/v2\/posts\/832\/revisions\/2011"}],"wp:attachment":[{"href":"https:\/\/autate.fr\/site\/wp-json\/wp\/v2\/media?parent=832"}],"wp:term":[{"taxonomy":"category","embeddable":true,"href":"https:\/\/autate.fr\/site\/wp-json\/wp\/v2\/categories?post=832"},{"taxonomy":"post_tag","embeddable":true,"href":"https:\/\/autate.fr\/site\/wp-json\/wp\/v2\/tags?post=832"}],"curies":[{"name":"wp","href":"https:\/\/api.w.org\/{rel}","templated":true}]}}