{"id":83,"date":"2015-12-08T01:32:52","date_gmt":"2015-12-08T00:32:52","guid":{"rendered":"http:\/\/autate.fr\/site\/?p=83"},"modified":"2015-12-26T15:09:05","modified_gmt":"2015-12-26T14:09:05","slug":"actu-cote-toulouse-plb-les-elus-du-sicoval-autorisent-leur-president-a-engager-un-recours-en-justice-contre-tisseo","status":"publish","type":"post","link":"https:\/\/autate.fr\/site\/actu-cote-toulouse-plb-les-elus-du-sicoval-autorisent-leur-president-a-engager-un-recours-en-justice-contre-tisseo\/","title":{"rendered":"[Actu C\u00f4t\u00e9 Toulouse] PLB. Les \u00e9lus du Sicoval autorisent leur pr\u00e9sident \u00e0 engager un recours en justice contre Tiss\u00e9o"},"content":{"rendered":"<h2 class=\"bigger mts mbs\" data-role=\"chapo\">Lundi 7 d\u00e9cembre, les \u00e9lus du Sicoval ont vot\u00e9 \u00e0 l&rsquo;unanimit\u00e9 une d\u00e9lib\u00e9ration autorisant leur pr\u00e9sident, Jacques Oberti, \u00e0 engager une action contentieuse \u00e0 l&rsquo;encontre de Tiss\u00e9o.<\/h2>\n<p>R\u00e9unis en conseil communautaire lundi 7 d\u00e9cembre au soir, <a href=\"http:\/\/www.voixdumidilauragais.fr\/le-sicoval-vote-une-deliberation-autorisant-son-president-a-engager-une-action-en-justice-contre-tisseo_4195\/\" target=\"_blank\">les \u00e9lus du Sicoval ont approuv\u00e9 \u00e0 l\u2019unanimit\u00e9<\/a> et \u00e0 main lev\u00e9e une d\u00e9lib\u00e9ration donnant l\u2019autorisation \u00e0 leur pr\u00e9sident, Jacques Oberti, d\u2019engager un recours contentieux devant la justice administrative \u00e0 l\u2019encontre de Tiss\u00e9o SMTC.<\/p>\n<p><strong>&gt; LIRE AUSSI :<\/strong> <a href=\"http:\/\/actu.cotetoulouse.fr\/metro-labege-ligne-b-sicoval-met-pression-tisseo_24841\/\" target=\"_blank\">M\u00e9tro \u00e0 Lab\u00e8ge : le Sicoval met la pression sur Tiss\u00e9o en posant la premi\u00e8re pierre symbolique du PLB<\/a><\/p>\n<p>Cette action de la communaut\u00e9 d\u2019agglom\u00e9ration du sud-est toulousain porte sur des irr\u00e9gularit\u00e9s constat\u00e9es au niveau de la d\u00e9lib\u00e9ration pr\u00e9sent\u00e9e en comit\u00e9 syndical de Tiss\u00e9o le 14 octobre 2015, relative aux objectifs de la r\u00e9vision du Plan de d\u00e9placements urbains (PDU) de la grande agglom\u00e9ration toulousaine. Une proc\u00e9dure qui d\u00e9nonce par ailleurs la retranscription ayant \u00e9t\u00e9 faite du bilan de la concertation.<\/p>\n<h3>Des irr\u00e9gularit\u00e9s sur le fond et sur la forme<\/h3>\n<p>C\u2019est Arnaud Lafon, vice-pr\u00e9sident du Sicoval en charge des transports et repr\u00e9sentant de la collectivit\u00e9 au sein de Tiss\u00e9o, qui a expliqu\u00e9 les raisons de la d\u00e9marche du Sicoval. Il a en particulier apport\u00e9 des pr\u00e9cisions quant aux irr\u00e9gularit\u00e9 vis\u00e9es par cette action, que ce soit sur la forme ou sur le fond :<\/p>\n<p><a href=\"http:\/\/actu.cotetoulouse.fr\/toulouse-transports-sicoval-president-recours-justice-tisseo_25118\/\">lire la suite sur le site d&rsquo;Actu C\u00f4t\u00e9 Toulouse<\/a><\/p>\n","protected":false},"excerpt":{"rendered":"<p>Lundi 7 d\u00e9cembre, les \u00e9lus du Sicoval ont vot\u00e9 \u00e0 l&rsquo;unanimit\u00e9 une d\u00e9lib\u00e9ration autorisant leur pr\u00e9sident, Jacques Oberti, \u00e0 engager une action contentieuse \u00e0 l&rsquo;encontre de Tiss\u00e9o. R\u00e9unis en conseil communautaire lundi 7 d\u00e9cembre au soir, les \u00e9lus du Sicoval ont approuv\u00e9 \u00e0 l\u2019unanimit\u00e9 et \u00e0 main lev\u00e9e une d\u00e9lib\u00e9ration donnant l\u2019autorisation \u00e0 leur pr\u00e9sident,<\/p>\n<p class=\"more-link\"><a href=\"https:\/\/autate.fr\/site\/actu-cote-toulouse-plb-les-elus-du-sicoval-autorisent-leur-president-a-engager-un-recours-en-justice-contre-tisseo\/\" class=\"themebutton2\">VOIR PLUS<\/a><\/p>\n","protected":false},"author":1,"featured_media":0,"comment_status":"open","ping_status":"open","sticky":false,"template":"","format":"standard","meta":{"footnotes":""},"categories":[7],"tags":[18,12,17,23],"class_list":["post-83","post","type-post","status-publish","format-standard","hentry","category-revue-de-presse","tag-ligne-b","tag-metro","tag-plb","tag-sicoval"],"yoast_head":"<!-- This site is optimized with the Yoast SEO plugin v27.4 - https:\/\/yoast.com\/product\/yoast-seo-wordpress\/ -->\n<title>[Actu C\u00f4t\u00e9 Toulouse] PLB. Les \u00e9lus du Sicoval autorisent leur pr\u00e9sident \u00e0 engager un recours en justice contre Tiss\u00e9o - AUTATE<\/title>\n<meta name=\"robots\" content=\"index, follow, max-snippet:-1, max-image-preview:large, max-video-preview:-1\" \/>\n<link rel=\"canonical\" href=\"https:\/\/autate.fr\/site\/actu-cote-toulouse-plb-les-elus-du-sicoval-autorisent-leur-president-a-engager-un-recours-en-justice-contre-tisseo\/\" \/>\n<meta property=\"og:locale\" content=\"fr_FR\" \/>\n<meta property=\"og:type\" content=\"article\" \/>\n<meta property=\"og:title\" content=\"[Actu C\u00f4t\u00e9 Toulouse] PLB. Les \u00e9lus du Sicoval autorisent leur pr\u00e9sident \u00e0 engager un recours en justice contre Tiss\u00e9o - AUTATE\" \/>\n<meta property=\"og:description\" content=\"Lundi 7 d\u00e9cembre, les \u00e9lus du Sicoval ont vot\u00e9 \u00e0 l&rsquo;unanimit\u00e9 une d\u00e9lib\u00e9ration autorisant leur pr\u00e9sident, Jacques Oberti, \u00e0 engager une action contentieuse \u00e0 l&rsquo;encontre de Tiss\u00e9o. R\u00e9unis en conseil communautaire lundi 7 d\u00e9cembre au soir, les \u00e9lus du Sicoval ont approuv\u00e9 \u00e0 l\u2019unanimit\u00e9 et \u00e0 main lev\u00e9e une d\u00e9lib\u00e9ration donnant l\u2019autorisation \u00e0 leur pr\u00e9sident,VOIR PLUS\" \/>\n<meta property=\"og:url\" content=\"https:\/\/autate.fr\/site\/actu-cote-toulouse-plb-les-elus-du-sicoval-autorisent-leur-president-a-engager-un-recours-en-justice-contre-tisseo\/\" \/>\n<meta property=\"og:site_name\" content=\"AUTATE\" \/>\n<meta property=\"article:publisher\" content=\"https:\/\/www.facebook.com\/AutateToulouse\" \/>\n<meta property=\"article:published_time\" content=\"2015-12-08T00:32:52+00:00\" \/>\n<meta property=\"article:modified_time\" content=\"2015-12-26T14:09:05+00:00\" \/>\n<meta name=\"author\" content=\"pascalbarbier\" \/>\n<meta name=\"twitter:card\" content=\"summary_large_image\" \/>\n<meta name=\"twitter:creator\" content=\"@AutateToulouse\" \/>\n<meta name=\"twitter:site\" content=\"@AutateToulouse\" \/>\n<meta name=\"twitter:label1\" content=\"\u00c9crit par\" \/>\n\t<meta name=\"twitter:data1\" content=\"pascalbarbier\" \/>\n\t<meta name=\"twitter:label2\" content=\"Dur\u00e9e de lecture estim\u00e9e\" \/>\n\t<meta name=\"twitter:data2\" content=\"1 minute\" \/>\n<script type=\"application\/ld+json\" class=\"yoast-schema-graph\">{\"@context\":\"https:\\\/\\\/schema.org\",\"@graph\":[{\"@type\":\"Article\",\"@id\":\"https:\\\/\\\/autate.fr\\\/site\\\/actu-cote-toulouse-plb-les-elus-du-sicoval-autorisent-leur-president-a-engager-un-recours-en-justice-contre-tisseo\\\/#article\",\"isPartOf\":{\"@id\":\"https:\\\/\\\/autate.fr\\\/site\\\/actu-cote-toulouse-plb-les-elus-du-sicoval-autorisent-leur-president-a-engager-un-recours-en-justice-contre-tisseo\\\/\"},\"author\":{\"name\":\"pascalbarbier\",\"@id\":\"https:\\\/\\\/autate.fr\\\/site\\\/#\\\/schema\\\/person\\\/ae1ab8bdaa7b41d2a9b52d2557ce8254\"},\"headline\":\"[Actu C\u00f4t\u00e9 Toulouse] PLB. Les \u00e9lus du Sicoval autorisent leur pr\u00e9sident \u00e0 engager un recours en justice contre Tiss\u00e9o\",\"datePublished\":\"2015-12-08T00:32:52+00:00\",\"dateModified\":\"2015-12-26T14:09:05+00:00\",\"mainEntityOfPage\":{\"@id\":\"https:\\\/\\\/autate.fr\\\/site\\\/actu-cote-toulouse-plb-les-elus-du-sicoval-autorisent-leur-president-a-engager-un-recours-en-justice-contre-tisseo\\\/\"},\"wordCount\":279,\"commentCount\":0,\"publisher\":{\"@id\":\"https:\\\/\\\/autate.fr\\\/site\\\/#organization\"},\"keywords\":[\"ligne B\",\"m\u00e9tro\",\"PLB\",\"Sicoval\"],\"articleSection\":[\"Revue de presse\"],\"inLanguage\":\"fr-FR\",\"potentialAction\":[{\"@type\":\"CommentAction\",\"name\":\"Comment\",\"target\":[\"https:\\\/\\\/autate.fr\\\/site\\\/actu-cote-toulouse-plb-les-elus-du-sicoval-autorisent-leur-president-a-engager-un-recours-en-justice-contre-tisseo\\\/#respond\"]}]},{\"@type\":\"WebPage\",\"@id\":\"https:\\\/\\\/autate.fr\\\/site\\\/actu-cote-toulouse-plb-les-elus-du-sicoval-autorisent-leur-president-a-engager-un-recours-en-justice-contre-tisseo\\\/\",\"url\":\"https:\\\/\\\/autate.fr\\\/site\\\/actu-cote-toulouse-plb-les-elus-du-sicoval-autorisent-leur-president-a-engager-un-recours-en-justice-contre-tisseo\\\/\",\"name\":\"[Actu C\u00f4t\u00e9 Toulouse] PLB. Les \u00e9lus du Sicoval autorisent leur pr\u00e9sident \u00e0 engager un recours en justice contre Tiss\u00e9o - AUTATE\",\"isPartOf\":{\"@id\":\"https:\\\/\\\/autate.fr\\\/site\\\/#website\"},\"datePublished\":\"2015-12-08T00:32:52+00:00\",\"dateModified\":\"2015-12-26T14:09:05+00:00\",\"breadcrumb\":{\"@id\":\"https:\\\/\\\/autate.fr\\\/site\\\/actu-cote-toulouse-plb-les-elus-du-sicoval-autorisent-leur-president-a-engager-un-recours-en-justice-contre-tisseo\\\/#breadcrumb\"},\"inLanguage\":\"fr-FR\",\"potentialAction\":[{\"@type\":\"ReadAction\",\"target\":[\"https:\\\/\\\/autate.fr\\\/site\\\/actu-cote-toulouse-plb-les-elus-du-sicoval-autorisent-leur-president-a-engager-un-recours-en-justice-contre-tisseo\\\/\"]}]},{\"@type\":\"BreadcrumbList\",\"@id\":\"https:\\\/\\\/autate.fr\\\/site\\\/actu-cote-toulouse-plb-les-elus-du-sicoval-autorisent-leur-president-a-engager-un-recours-en-justice-contre-tisseo\\\/#breadcrumb\",\"itemListElement\":[{\"@type\":\"ListItem\",\"position\":1,\"name\":\"Accueil\",\"item\":\"https:\\\/\\\/autate.fr\\\/site\\\/\"},{\"@type\":\"ListItem\",\"position\":2,\"name\":\"[Actu C\u00f4t\u00e9 Toulouse] PLB. Les \u00e9lus du Sicoval autorisent leur pr\u00e9sident \u00e0 engager un recours en justice contre Tiss\u00e9o\"}]},{\"@type\":\"WebSite\",\"@id\":\"https:\\\/\\\/autate.fr\\\/site\\\/#website\",\"url\":\"https:\\\/\\\/autate.fr\\\/site\\\/\",\"name\":\"AUTATE\",\"description\":\"Association des usagers des transports de l&#039;agglom\u00e9ration Toulousaine et de ses environs\",\"publisher\":{\"@id\":\"https:\\\/\\\/autate.fr\\\/site\\\/#organization\"},\"potentialAction\":[{\"@type\":\"SearchAction\",\"target\":{\"@type\":\"EntryPoint\",\"urlTemplate\":\"https:\\\/\\\/autate.fr\\\/site\\\/?s={search_term_string}\"},\"query-input\":{\"@type\":\"PropertyValueSpecification\",\"valueRequired\":true,\"valueName\":\"search_term_string\"}}],\"inLanguage\":\"fr-FR\"},{\"@type\":\"Organization\",\"@id\":\"https:\\\/\\\/autate.fr\\\/site\\\/#organization\",\"name\":\"AUTATE\",\"url\":\"https:\\\/\\\/autate.fr\\\/site\\\/\",\"logo\":{\"@type\":\"ImageObject\",\"inLanguage\":\"fr-FR\",\"@id\":\"https:\\\/\\\/autate.fr\\\/site\\\/#\\\/schema\\\/logo\\\/image\\\/\",\"url\":\"http:\\\/\\\/autate.fr\\\/site\\\/wp-content\\\/uploads\\\/2019\\\/01\\\/logo.png\",\"contentUrl\":\"http:\\\/\\\/autate.fr\\\/site\\\/wp-content\\\/uploads\\\/2019\\\/01\\\/logo.png\",\"width\":506,\"height\":280,\"caption\":\"AUTATE\"},\"image\":{\"@id\":\"https:\\\/\\\/autate.fr\\\/site\\\/#\\\/schema\\\/logo\\\/image\\\/\"},\"sameAs\":[\"https:\\\/\\\/www.facebook.com\\\/AutateToulouse\",\"https:\\\/\\\/x.com\\\/AutateToulouse\"]},{\"@type\":\"Person\",\"@id\":\"https:\\\/\\\/autate.fr\\\/site\\\/#\\\/schema\\\/person\\\/ae1ab8bdaa7b41d2a9b52d2557ce8254\",\"name\":\"pascalbarbier\",\"image\":{\"@type\":\"ImageObject\",\"inLanguage\":\"fr-FR\",\"@id\":\"https:\\\/\\\/secure.gravatar.com\\\/avatar\\\/03f4e8ced09894b72c67e83142540730d4b3bbf619bf46341b0074e3bf5f08a0?s=96&d=mm&r=g\",\"url\":\"https:\\\/\\\/secure.gravatar.com\\\/avatar\\\/03f4e8ced09894b72c67e83142540730d4b3bbf619bf46341b0074e3bf5f08a0?s=96&d=mm&r=g\",\"contentUrl\":\"https:\\\/\\\/secure.gravatar.com\\\/avatar\\\/03f4e8ced09894b72c67e83142540730d4b3bbf619bf46341b0074e3bf5f08a0?s=96&d=mm&r=g\",\"caption\":\"pascalbarbier\"},\"url\":\"https:\\\/\\\/autate.fr\\\/site\\\/author\\\/pascalbarbier\\\/\"}]}<\/script>\n<!-- \/ Yoast SEO plugin. -->","yoast_head_json":{"title":"[Actu C\u00f4t\u00e9 Toulouse] PLB. Les \u00e9lus du Sicoval autorisent leur pr\u00e9sident \u00e0 engager un recours en justice contre Tiss\u00e9o - AUTATE","robots":{"index":"index","follow":"follow","max-snippet":"max-snippet:-1","max-image-preview":"max-image-preview:large","max-video-preview":"max-video-preview:-1"},"canonical":"https:\/\/autate.fr\/site\/actu-cote-toulouse-plb-les-elus-du-sicoval-autorisent-leur-president-a-engager-un-recours-en-justice-contre-tisseo\/","og_locale":"fr_FR","og_type":"article","og_title":"[Actu C\u00f4t\u00e9 Toulouse] PLB. Les \u00e9lus du Sicoval autorisent leur pr\u00e9sident \u00e0 engager un recours en justice contre Tiss\u00e9o - AUTATE","og_description":"Lundi 7 d\u00e9cembre, les \u00e9lus du Sicoval ont vot\u00e9 \u00e0 l&rsquo;unanimit\u00e9 une d\u00e9lib\u00e9ration autorisant leur pr\u00e9sident, Jacques Oberti, \u00e0 engager une action contentieuse \u00e0 l&rsquo;encontre de Tiss\u00e9o. R\u00e9unis en conseil communautaire lundi 7 d\u00e9cembre au soir, les \u00e9lus du Sicoval ont approuv\u00e9 \u00e0 l\u2019unanimit\u00e9 et \u00e0 main lev\u00e9e une d\u00e9lib\u00e9ration donnant l\u2019autorisation \u00e0 leur pr\u00e9sident,VOIR PLUS","og_url":"https:\/\/autate.fr\/site\/actu-cote-toulouse-plb-les-elus-du-sicoval-autorisent-leur-president-a-engager-un-recours-en-justice-contre-tisseo\/","og_site_name":"AUTATE","article_publisher":"https:\/\/www.facebook.com\/AutateToulouse","article_published_time":"2015-12-08T00:32:52+00:00","article_modified_time":"2015-12-26T14:09:05+00:00","author":"pascalbarbier","twitter_card":"summary_large_image","twitter_creator":"@AutateToulouse","twitter_site":"@AutateToulouse","twitter_misc":{"\u00c9crit par":"pascalbarbier","Dur\u00e9e de lecture estim\u00e9e":"1 minute"},"schema":{"@context":"https:\/\/schema.org","@graph":[{"@type":"Article","@id":"https:\/\/autate.fr\/site\/actu-cote-toulouse-plb-les-elus-du-sicoval-autorisent-leur-president-a-engager-un-recours-en-justice-contre-tisseo\/#article","isPartOf":{"@id":"https:\/\/autate.fr\/site\/actu-cote-toulouse-plb-les-elus-du-sicoval-autorisent-leur-president-a-engager-un-recours-en-justice-contre-tisseo\/"},"author":{"name":"pascalbarbier","@id":"https:\/\/autate.fr\/site\/#\/schema\/person\/ae1ab8bdaa7b41d2a9b52d2557ce8254"},"headline":"[Actu C\u00f4t\u00e9 Toulouse] PLB. Les \u00e9lus du Sicoval autorisent leur pr\u00e9sident \u00e0 engager un recours en justice contre Tiss\u00e9o","datePublished":"2015-12-08T00:32:52+00:00","dateModified":"2015-12-26T14:09:05+00:00","mainEntityOfPage":{"@id":"https:\/\/autate.fr\/site\/actu-cote-toulouse-plb-les-elus-du-sicoval-autorisent-leur-president-a-engager-un-recours-en-justice-contre-tisseo\/"},"wordCount":279,"commentCount":0,"publisher":{"@id":"https:\/\/autate.fr\/site\/#organization"},"keywords":["ligne B","m\u00e9tro","PLB","Sicoval"],"articleSection":["Revue de presse"],"inLanguage":"fr-FR","potentialAction":[{"@type":"CommentAction","name":"Comment","target":["https:\/\/autate.fr\/site\/actu-cote-toulouse-plb-les-elus-du-sicoval-autorisent-leur-president-a-engager-un-recours-en-justice-contre-tisseo\/#respond"]}]},{"@type":"WebPage","@id":"https:\/\/autate.fr\/site\/actu-cote-toulouse-plb-les-elus-du-sicoval-autorisent-leur-president-a-engager-un-recours-en-justice-contre-tisseo\/","url":"https:\/\/autate.fr\/site\/actu-cote-toulouse-plb-les-elus-du-sicoval-autorisent-leur-president-a-engager-un-recours-en-justice-contre-tisseo\/","name":"[Actu C\u00f4t\u00e9 Toulouse] PLB. Les \u00e9lus du Sicoval autorisent leur pr\u00e9sident \u00e0 engager un recours en justice contre Tiss\u00e9o - AUTATE","isPartOf":{"@id":"https:\/\/autate.fr\/site\/#website"},"datePublished":"2015-12-08T00:32:52+00:00","dateModified":"2015-12-26T14:09:05+00:00","breadcrumb":{"@id":"https:\/\/autate.fr\/site\/actu-cote-toulouse-plb-les-elus-du-sicoval-autorisent-leur-president-a-engager-un-recours-en-justice-contre-tisseo\/#breadcrumb"},"inLanguage":"fr-FR","potentialAction":[{"@type":"ReadAction","target":["https:\/\/autate.fr\/site\/actu-cote-toulouse-plb-les-elus-du-sicoval-autorisent-leur-president-a-engager-un-recours-en-justice-contre-tisseo\/"]}]},{"@type":"BreadcrumbList","@id":"https:\/\/autate.fr\/site\/actu-cote-toulouse-plb-les-elus-du-sicoval-autorisent-leur-president-a-engager-un-recours-en-justice-contre-tisseo\/#breadcrumb","itemListElement":[{"@type":"ListItem","position":1,"name":"Accueil","item":"https:\/\/autate.fr\/site\/"},{"@type":"ListItem","position":2,"name":"[Actu C\u00f4t\u00e9 Toulouse] PLB. Les \u00e9lus du Sicoval autorisent leur pr\u00e9sident \u00e0 engager un recours en justice contre Tiss\u00e9o"}]},{"@type":"WebSite","@id":"https:\/\/autate.fr\/site\/#website","url":"https:\/\/autate.fr\/site\/","name":"AUTATE","description":"Association des usagers des transports de l&#039;agglom\u00e9ration Toulousaine et de ses environs","publisher":{"@id":"https:\/\/autate.fr\/site\/#organization"},"potentialAction":[{"@type":"SearchAction","target":{"@type":"EntryPoint","urlTemplate":"https:\/\/autate.fr\/site\/?s={search_term_string}"},"query-input":{"@type":"PropertyValueSpecification","valueRequired":true,"valueName":"search_term_string"}}],"inLanguage":"fr-FR"},{"@type":"Organization","@id":"https:\/\/autate.fr\/site\/#organization","name":"AUTATE","url":"https:\/\/autate.fr\/site\/","logo":{"@type":"ImageObject","inLanguage":"fr-FR","@id":"https:\/\/autate.fr\/site\/#\/schema\/logo\/image\/","url":"http:\/\/autate.fr\/site\/wp-content\/uploads\/2019\/01\/logo.png","contentUrl":"http:\/\/autate.fr\/site\/wp-content\/uploads\/2019\/01\/logo.png","width":506,"height":280,"caption":"AUTATE"},"image":{"@id":"https:\/\/autate.fr\/site\/#\/schema\/logo\/image\/"},"sameAs":["https:\/\/www.facebook.com\/AutateToulouse","https:\/\/x.com\/AutateToulouse"]},{"@type":"Person","@id":"https:\/\/autate.fr\/site\/#\/schema\/person\/ae1ab8bdaa7b41d2a9b52d2557ce8254","name":"pascalbarbier","image":{"@type":"ImageObject","inLanguage":"fr-FR","@id":"https:\/\/secure.gravatar.com\/avatar\/03f4e8ced09894b72c67e83142540730d4b3bbf619bf46341b0074e3bf5f08a0?s=96&d=mm&r=g","url":"https:\/\/secure.gravatar.com\/avatar\/03f4e8ced09894b72c67e83142540730d4b3bbf619bf46341b0074e3bf5f08a0?s=96&d=mm&r=g","contentUrl":"https:\/\/secure.gravatar.com\/avatar\/03f4e8ced09894b72c67e83142540730d4b3bbf619bf46341b0074e3bf5f08a0?s=96&d=mm&r=g","caption":"pascalbarbier"},"url":"https:\/\/autate.fr\/site\/author\/pascalbarbier\/"}]}},"_links":{"self":[{"href":"https:\/\/autate.fr\/site\/wp-json\/wp\/v2\/posts\/83","targetHints":{"allow":["GET"]}}],"collection":[{"href":"https:\/\/autate.fr\/site\/wp-json\/wp\/v2\/posts"}],"about":[{"href":"https:\/\/autate.fr\/site\/wp-json\/wp\/v2\/types\/post"}],"author":[{"embeddable":true,"href":"https:\/\/autate.fr\/site\/wp-json\/wp\/v2\/users\/1"}],"replies":[{"embeddable":true,"href":"https:\/\/autate.fr\/site\/wp-json\/wp\/v2\/comments?post=83"}],"version-history":[{"count":2,"href":"https:\/\/autate.fr\/site\/wp-json\/wp\/v2\/posts\/83\/revisions"}],"predecessor-version":[{"id":118,"href":"https:\/\/autate.fr\/site\/wp-json\/wp\/v2\/posts\/83\/revisions\/118"}],"wp:attachment":[{"href":"https:\/\/autate.fr\/site\/wp-json\/wp\/v2\/media?parent=83"}],"wp:term":[{"taxonomy":"category","embeddable":true,"href":"https:\/\/autate.fr\/site\/wp-json\/wp\/v2\/categories?post=83"},{"taxonomy":"post_tag","embeddable":true,"href":"https:\/\/autate.fr\/site\/wp-json\/wp\/v2\/tags?post=83"}],"curies":[{"name":"wp","href":"https:\/\/api.w.org\/{rel}","templated":true}]}}