{"id":829,"date":"2016-08-12T18:26:03","date_gmt":"2016-08-12T16:26:03","guid":{"rendered":"http:\/\/autate.fr\/site\/?p=829"},"modified":"2016-08-11T18:28:23","modified_gmt":"2016-08-11T16:28:23","slug":"mediapart-precarite-a-la-sncf-les-prudhommes-plutot-que-le-cdi","status":"publish","type":"post","link":"https:\/\/autate.fr\/site\/mediapart-precarite-a-la-sncf-les-prudhommes-plutot-que-le-cdi\/","title":{"rendered":"[Mediapart] Pr\u00e9carit\u00e9 \u00e0 la SNCF: les prud\u2019hommes plut\u00f4t que le CDI"},"content":{"rendered":"<p>Un article de Mathilde Gloanec paru dans Mediapart le 11 ao\u00fbt 2016<\/p>\n<p>\u00c0 la SNCF, entreprise publique, la pr\u00e9carit\u00e9 gagne les salari\u00e9s. Comme ailleurs, les CDD \u00e0 r\u00e9p\u00e9tition deviennent un mode de gestion du personnel, quitte pour la direction \u00e0 payer des indemnit\u00e9s prud\u2019homales plut\u00f4t que d\u2019embaucher.<\/p>\n<p><a href=\"https:\/\/www.mediapart.fr\/journal\/france\/110816\/precarite-la-sncf-les-prud-hommes-plutot-que-le-cdi?utm_source=twitter&amp;utm_medium=social&amp;utm_campaign=Sharing&amp;xtor=CS3-67\" target=\"_blank\"><strong>lire la suite (abonn\u00e9s)<\/strong><\/a><\/p>\n","protected":false},"excerpt":{"rendered":"<p>Un article de Mathilde Gloanec paru dans Mediapart le 11 ao\u00fbt 2016 \u00c0 la SNCF, entreprise publique, la pr\u00e9carit\u00e9 gagne les salari\u00e9s. Comme ailleurs, les CDD \u00e0 r\u00e9p\u00e9tition deviennent un mode de gestion du personnel, quitte pour la direction \u00e0 payer des indemnit\u00e9s prud\u2019homales plut\u00f4t que d\u2019embaucher. lire la suite (abonn\u00e9s)<\/p>\n","protected":false},"author":1,"featured_media":0,"comment_status":"open","ping_status":"open","sticky":false,"template":"","format":"standard","meta":{"footnotes":""},"categories":[7],"tags":[261,260,259,11],"class_list":["post-829","post","type-post","status-publish","format-standard","hentry","category-revue-de-presse","tag-cdd","tag-cdi","tag-precarite","tag-sncf"],"yoast_head":"<!-- This site is optimized with the Yoast SEO plugin v27.4 - https:\/\/yoast.com\/product\/yoast-seo-wordpress\/ -->\n<title>[Mediapart] Pr\u00e9carit\u00e9 \u00e0 la SNCF: les prud\u2019hommes plut\u00f4t que le CDI - AUTATE<\/title>\n<meta name=\"robots\" content=\"index, follow, max-snippet:-1, max-image-preview:large, max-video-preview:-1\" \/>\n<link rel=\"canonical\" href=\"https:\/\/autate.fr\/site\/mediapart-precarite-a-la-sncf-les-prudhommes-plutot-que-le-cdi\/\" \/>\n<meta property=\"og:locale\" content=\"fr_FR\" \/>\n<meta property=\"og:type\" content=\"article\" \/>\n<meta property=\"og:title\" content=\"[Mediapart] Pr\u00e9carit\u00e9 \u00e0 la SNCF: les prud\u2019hommes plut\u00f4t que le CDI - AUTATE\" \/>\n<meta property=\"og:description\" content=\"Un article de Mathilde Gloanec paru dans Mediapart le 11 ao\u00fbt 2016 \u00c0 la SNCF, entreprise publique, la pr\u00e9carit\u00e9 gagne les salari\u00e9s. Comme ailleurs, les CDD \u00e0 r\u00e9p\u00e9tition deviennent un mode de gestion du personnel, quitte pour la direction \u00e0 payer des indemnit\u00e9s prud\u2019homales plut\u00f4t que d\u2019embaucher. lire la suite (abonn\u00e9s)\" \/>\n<meta property=\"og:url\" content=\"https:\/\/autate.fr\/site\/mediapart-precarite-a-la-sncf-les-prudhommes-plutot-que-le-cdi\/\" \/>\n<meta property=\"og:site_name\" content=\"AUTATE\" \/>\n<meta property=\"article:publisher\" content=\"https:\/\/www.facebook.com\/AutateToulouse\" \/>\n<meta property=\"article:published_time\" content=\"2016-08-12T16:26:03+00:00\" \/>\n<meta name=\"author\" content=\"pascalbarbier\" \/>\n<meta name=\"twitter:card\" content=\"summary_large_image\" \/>\n<meta name=\"twitter:creator\" content=\"@AutateToulouse\" \/>\n<meta name=\"twitter:site\" content=\"@AutateToulouse\" \/>\n<meta name=\"twitter:label1\" content=\"\u00c9crit par\" \/>\n\t<meta name=\"twitter:data1\" content=\"pascalbarbier\" \/>\n<script type=\"application\/ld+json\" class=\"yoast-schema-graph\">{\"@context\":\"https:\\\/\\\/schema.org\",\"@graph\":[{\"@type\":\"Article\",\"@id\":\"https:\\\/\\\/autate.fr\\\/site\\\/mediapart-precarite-a-la-sncf-les-prudhommes-plutot-que-le-cdi\\\/#article\",\"isPartOf\":{\"@id\":\"https:\\\/\\\/autate.fr\\\/site\\\/mediapart-precarite-a-la-sncf-les-prudhommes-plutot-que-le-cdi\\\/\"},\"author\":{\"name\":\"pascalbarbier\",\"@id\":\"https:\\\/\\\/autate.fr\\\/site\\\/#\\\/schema\\\/person\\\/ae1ab8bdaa7b41d2a9b52d2557ce8254\"},\"headline\":\"[Mediapart] Pr\u00e9carit\u00e9 \u00e0 la SNCF: les prud\u2019hommes plut\u00f4t que le CDI\",\"datePublished\":\"2016-08-12T16:26:03+00:00\",\"mainEntityOfPage\":{\"@id\":\"https:\\\/\\\/autate.fr\\\/site\\\/mediapart-precarite-a-la-sncf-les-prudhommes-plutot-que-le-cdi\\\/\"},\"wordCount\":69,\"commentCount\":0,\"publisher\":{\"@id\":\"https:\\\/\\\/autate.fr\\\/site\\\/#organization\"},\"keywords\":[\"CDD\",\"CDI\",\"pr\u00e9carit\u00e9\",\"SNCF\"],\"articleSection\":[\"Revue de presse\"],\"inLanguage\":\"fr-FR\",\"potentialAction\":[{\"@type\":\"CommentAction\",\"name\":\"Comment\",\"target\":[\"https:\\\/\\\/autate.fr\\\/site\\\/mediapart-precarite-a-la-sncf-les-prudhommes-plutot-que-le-cdi\\\/#respond\"]}]},{\"@type\":\"WebPage\",\"@id\":\"https:\\\/\\\/autate.fr\\\/site\\\/mediapart-precarite-a-la-sncf-les-prudhommes-plutot-que-le-cdi\\\/\",\"url\":\"https:\\\/\\\/autate.fr\\\/site\\\/mediapart-precarite-a-la-sncf-les-prudhommes-plutot-que-le-cdi\\\/\",\"name\":\"[Mediapart] Pr\u00e9carit\u00e9 \u00e0 la SNCF: les prud\u2019hommes plut\u00f4t que le CDI - AUTATE\",\"isPartOf\":{\"@id\":\"https:\\\/\\\/autate.fr\\\/site\\\/#website\"},\"datePublished\":\"2016-08-12T16:26:03+00:00\",\"breadcrumb\":{\"@id\":\"https:\\\/\\\/autate.fr\\\/site\\\/mediapart-precarite-a-la-sncf-les-prudhommes-plutot-que-le-cdi\\\/#breadcrumb\"},\"inLanguage\":\"fr-FR\",\"potentialAction\":[{\"@type\":\"ReadAction\",\"target\":[\"https:\\\/\\\/autate.fr\\\/site\\\/mediapart-precarite-a-la-sncf-les-prudhommes-plutot-que-le-cdi\\\/\"]}]},{\"@type\":\"BreadcrumbList\",\"@id\":\"https:\\\/\\\/autate.fr\\\/site\\\/mediapart-precarite-a-la-sncf-les-prudhommes-plutot-que-le-cdi\\\/#breadcrumb\",\"itemListElement\":[{\"@type\":\"ListItem\",\"position\":1,\"name\":\"Accueil\",\"item\":\"https:\\\/\\\/autate.fr\\\/site\\\/\"},{\"@type\":\"ListItem\",\"position\":2,\"name\":\"[Mediapart] Pr\u00e9carit\u00e9 \u00e0 la SNCF: les prud\u2019hommes plut\u00f4t que le CDI\"}]},{\"@type\":\"WebSite\",\"@id\":\"https:\\\/\\\/autate.fr\\\/site\\\/#website\",\"url\":\"https:\\\/\\\/autate.fr\\\/site\\\/\",\"name\":\"AUTATE\",\"description\":\"Association des usagers des transports de l&#039;agglom\u00e9ration Toulousaine et de ses environs\",\"publisher\":{\"@id\":\"https:\\\/\\\/autate.fr\\\/site\\\/#organization\"},\"potentialAction\":[{\"@type\":\"SearchAction\",\"target\":{\"@type\":\"EntryPoint\",\"urlTemplate\":\"https:\\\/\\\/autate.fr\\\/site\\\/?s={search_term_string}\"},\"query-input\":{\"@type\":\"PropertyValueSpecification\",\"valueRequired\":true,\"valueName\":\"search_term_string\"}}],\"inLanguage\":\"fr-FR\"},{\"@type\":\"Organization\",\"@id\":\"https:\\\/\\\/autate.fr\\\/site\\\/#organization\",\"name\":\"AUTATE\",\"url\":\"https:\\\/\\\/autate.fr\\\/site\\\/\",\"logo\":{\"@type\":\"ImageObject\",\"inLanguage\":\"fr-FR\",\"@id\":\"https:\\\/\\\/autate.fr\\\/site\\\/#\\\/schema\\\/logo\\\/image\\\/\",\"url\":\"http:\\\/\\\/autate.fr\\\/site\\\/wp-content\\\/uploads\\\/2019\\\/01\\\/logo.png\",\"contentUrl\":\"http:\\\/\\\/autate.fr\\\/site\\\/wp-content\\\/uploads\\\/2019\\\/01\\\/logo.png\",\"width\":506,\"height\":280,\"caption\":\"AUTATE\"},\"image\":{\"@id\":\"https:\\\/\\\/autate.fr\\\/site\\\/#\\\/schema\\\/logo\\\/image\\\/\"},\"sameAs\":[\"https:\\\/\\\/www.facebook.com\\\/AutateToulouse\",\"https:\\\/\\\/x.com\\\/AutateToulouse\"]},{\"@type\":\"Person\",\"@id\":\"https:\\\/\\\/autate.fr\\\/site\\\/#\\\/schema\\\/person\\\/ae1ab8bdaa7b41d2a9b52d2557ce8254\",\"name\":\"pascalbarbier\",\"image\":{\"@type\":\"ImageObject\",\"inLanguage\":\"fr-FR\",\"@id\":\"https:\\\/\\\/secure.gravatar.com\\\/avatar\\\/03f4e8ced09894b72c67e83142540730d4b3bbf619bf46341b0074e3bf5f08a0?s=96&d=mm&r=g\",\"url\":\"https:\\\/\\\/secure.gravatar.com\\\/avatar\\\/03f4e8ced09894b72c67e83142540730d4b3bbf619bf46341b0074e3bf5f08a0?s=96&d=mm&r=g\",\"contentUrl\":\"https:\\\/\\\/secure.gravatar.com\\\/avatar\\\/03f4e8ced09894b72c67e83142540730d4b3bbf619bf46341b0074e3bf5f08a0?s=96&d=mm&r=g\",\"caption\":\"pascalbarbier\"},\"url\":\"https:\\\/\\\/autate.fr\\\/site\\\/author\\\/pascalbarbier\\\/\"}]}<\/script>\n<!-- \/ Yoast SEO plugin. -->","yoast_head_json":{"title":"[Mediapart] Pr\u00e9carit\u00e9 \u00e0 la SNCF: les prud\u2019hommes plut\u00f4t que le CDI - AUTATE","robots":{"index":"index","follow":"follow","max-snippet":"max-snippet:-1","max-image-preview":"max-image-preview:large","max-video-preview":"max-video-preview:-1"},"canonical":"https:\/\/autate.fr\/site\/mediapart-precarite-a-la-sncf-les-prudhommes-plutot-que-le-cdi\/","og_locale":"fr_FR","og_type":"article","og_title":"[Mediapart] Pr\u00e9carit\u00e9 \u00e0 la SNCF: les prud\u2019hommes plut\u00f4t que le CDI - AUTATE","og_description":"Un article de Mathilde Gloanec paru dans Mediapart le 11 ao\u00fbt 2016 \u00c0 la SNCF, entreprise publique, la pr\u00e9carit\u00e9 gagne les salari\u00e9s. Comme ailleurs, les CDD \u00e0 r\u00e9p\u00e9tition deviennent un mode de gestion du personnel, quitte pour la direction \u00e0 payer des indemnit\u00e9s prud\u2019homales plut\u00f4t que d\u2019embaucher. lire la suite (abonn\u00e9s)","og_url":"https:\/\/autate.fr\/site\/mediapart-precarite-a-la-sncf-les-prudhommes-plutot-que-le-cdi\/","og_site_name":"AUTATE","article_publisher":"https:\/\/www.facebook.com\/AutateToulouse","article_published_time":"2016-08-12T16:26:03+00:00","author":"pascalbarbier","twitter_card":"summary_large_image","twitter_creator":"@AutateToulouse","twitter_site":"@AutateToulouse","twitter_misc":{"\u00c9crit par":"pascalbarbier"},"schema":{"@context":"https:\/\/schema.org","@graph":[{"@type":"Article","@id":"https:\/\/autate.fr\/site\/mediapart-precarite-a-la-sncf-les-prudhommes-plutot-que-le-cdi\/#article","isPartOf":{"@id":"https:\/\/autate.fr\/site\/mediapart-precarite-a-la-sncf-les-prudhommes-plutot-que-le-cdi\/"},"author":{"name":"pascalbarbier","@id":"https:\/\/autate.fr\/site\/#\/schema\/person\/ae1ab8bdaa7b41d2a9b52d2557ce8254"},"headline":"[Mediapart] Pr\u00e9carit\u00e9 \u00e0 la SNCF: les prud\u2019hommes plut\u00f4t que le CDI","datePublished":"2016-08-12T16:26:03+00:00","mainEntityOfPage":{"@id":"https:\/\/autate.fr\/site\/mediapart-precarite-a-la-sncf-les-prudhommes-plutot-que-le-cdi\/"},"wordCount":69,"commentCount":0,"publisher":{"@id":"https:\/\/autate.fr\/site\/#organization"},"keywords":["CDD","CDI","pr\u00e9carit\u00e9","SNCF"],"articleSection":["Revue de presse"],"inLanguage":"fr-FR","potentialAction":[{"@type":"CommentAction","name":"Comment","target":["https:\/\/autate.fr\/site\/mediapart-precarite-a-la-sncf-les-prudhommes-plutot-que-le-cdi\/#respond"]}]},{"@type":"WebPage","@id":"https:\/\/autate.fr\/site\/mediapart-precarite-a-la-sncf-les-prudhommes-plutot-que-le-cdi\/","url":"https:\/\/autate.fr\/site\/mediapart-precarite-a-la-sncf-les-prudhommes-plutot-que-le-cdi\/","name":"[Mediapart] Pr\u00e9carit\u00e9 \u00e0 la SNCF: les prud\u2019hommes plut\u00f4t que le CDI - AUTATE","isPartOf":{"@id":"https:\/\/autate.fr\/site\/#website"},"datePublished":"2016-08-12T16:26:03+00:00","breadcrumb":{"@id":"https:\/\/autate.fr\/site\/mediapart-precarite-a-la-sncf-les-prudhommes-plutot-que-le-cdi\/#breadcrumb"},"inLanguage":"fr-FR","potentialAction":[{"@type":"ReadAction","target":["https:\/\/autate.fr\/site\/mediapart-precarite-a-la-sncf-les-prudhommes-plutot-que-le-cdi\/"]}]},{"@type":"BreadcrumbList","@id":"https:\/\/autate.fr\/site\/mediapart-precarite-a-la-sncf-les-prudhommes-plutot-que-le-cdi\/#breadcrumb","itemListElement":[{"@type":"ListItem","position":1,"name":"Accueil","item":"https:\/\/autate.fr\/site\/"},{"@type":"ListItem","position":2,"name":"[Mediapart] Pr\u00e9carit\u00e9 \u00e0 la SNCF: les prud\u2019hommes plut\u00f4t que le CDI"}]},{"@type":"WebSite","@id":"https:\/\/autate.fr\/site\/#website","url":"https:\/\/autate.fr\/site\/","name":"AUTATE","description":"Association des usagers des transports de l&#039;agglom\u00e9ration Toulousaine et de ses environs","publisher":{"@id":"https:\/\/autate.fr\/site\/#organization"},"potentialAction":[{"@type":"SearchAction","target":{"@type":"EntryPoint","urlTemplate":"https:\/\/autate.fr\/site\/?s={search_term_string}"},"query-input":{"@type":"PropertyValueSpecification","valueRequired":true,"valueName":"search_term_string"}}],"inLanguage":"fr-FR"},{"@type":"Organization","@id":"https:\/\/autate.fr\/site\/#organization","name":"AUTATE","url":"https:\/\/autate.fr\/site\/","logo":{"@type":"ImageObject","inLanguage":"fr-FR","@id":"https:\/\/autate.fr\/site\/#\/schema\/logo\/image\/","url":"http:\/\/autate.fr\/site\/wp-content\/uploads\/2019\/01\/logo.png","contentUrl":"http:\/\/autate.fr\/site\/wp-content\/uploads\/2019\/01\/logo.png","width":506,"height":280,"caption":"AUTATE"},"image":{"@id":"https:\/\/autate.fr\/site\/#\/schema\/logo\/image\/"},"sameAs":["https:\/\/www.facebook.com\/AutateToulouse","https:\/\/x.com\/AutateToulouse"]},{"@type":"Person","@id":"https:\/\/autate.fr\/site\/#\/schema\/person\/ae1ab8bdaa7b41d2a9b52d2557ce8254","name":"pascalbarbier","image":{"@type":"ImageObject","inLanguage":"fr-FR","@id":"https:\/\/secure.gravatar.com\/avatar\/03f4e8ced09894b72c67e83142540730d4b3bbf619bf46341b0074e3bf5f08a0?s=96&d=mm&r=g","url":"https:\/\/secure.gravatar.com\/avatar\/03f4e8ced09894b72c67e83142540730d4b3bbf619bf46341b0074e3bf5f08a0?s=96&d=mm&r=g","contentUrl":"https:\/\/secure.gravatar.com\/avatar\/03f4e8ced09894b72c67e83142540730d4b3bbf619bf46341b0074e3bf5f08a0?s=96&d=mm&r=g","caption":"pascalbarbier"},"url":"https:\/\/autate.fr\/site\/author\/pascalbarbier\/"}]}},"_links":{"self":[{"href":"https:\/\/autate.fr\/site\/wp-json\/wp\/v2\/posts\/829","targetHints":{"allow":["GET"]}}],"collection":[{"href":"https:\/\/autate.fr\/site\/wp-json\/wp\/v2\/posts"}],"about":[{"href":"https:\/\/autate.fr\/site\/wp-json\/wp\/v2\/types\/post"}],"author":[{"embeddable":true,"href":"https:\/\/autate.fr\/site\/wp-json\/wp\/v2\/users\/1"}],"replies":[{"embeddable":true,"href":"https:\/\/autate.fr\/site\/wp-json\/wp\/v2\/comments?post=829"}],"version-history":[{"count":2,"href":"https:\/\/autate.fr\/site\/wp-json\/wp\/v2\/posts\/829\/revisions"}],"predecessor-version":[{"id":831,"href":"https:\/\/autate.fr\/site\/wp-json\/wp\/v2\/posts\/829\/revisions\/831"}],"wp:attachment":[{"href":"https:\/\/autate.fr\/site\/wp-json\/wp\/v2\/media?parent=829"}],"wp:term":[{"taxonomy":"category","embeddable":true,"href":"https:\/\/autate.fr\/site\/wp-json\/wp\/v2\/categories?post=829"},{"taxonomy":"post_tag","embeddable":true,"href":"https:\/\/autate.fr\/site\/wp-json\/wp\/v2\/tags?post=829"}],"curies":[{"name":"wp","href":"https:\/\/api.w.org\/{rel}","templated":true}]}}