{"id":823,"date":"2016-08-03T18:17:04","date_gmt":"2016-08-03T16:17:04","guid":{"rendered":"http:\/\/autate.fr\/site\/?p=823"},"modified":"2016-08-19T14:55:36","modified_gmt":"2016-08-19T12:55:36","slug":"jacques-archimbaud-parle-du-debat-sur-la-3eme-ligne-au-micro-de-france-bleu","status":"publish","type":"post","link":"https:\/\/autate.fr\/site\/jacques-archimbaud-parle-du-debat-sur-la-3eme-ligne-au-micro-de-france-bleu\/","title":{"rendered":"[France Bleu Toulouse] Jacques Archimbaud parle du d\u00e9bat sur la 3\u00e8me ligne au micro de France Bleu"},"content":{"rendered":"<p>Jacques Archimbaud, <strong><a href=\"https:\/\/soundcloud.com\/cndpdebatpublic\/jacques-archimbaud-parle-du-debat-sur-la-3e-ligne-de-metro-a-toulouse-france-bleu-toulouse\" target=\"_blank\">au micro de France Bleu Toulouse<\/a><\/strong>, pour parler du d\u00e9bat sur la 3e ligne de m\u00e9tro \u00e0 Toulouse<\/p>\n<p>3 ao\u00fbt 2016<\/p>\n","protected":false},"excerpt":{"rendered":"<p>Jacques Archimbaud, au micro de France Bleu Toulouse, pour parler du d\u00e9bat sur la 3e ligne de m\u00e9tro \u00e0 Toulouse 3 ao\u00fbt 2016<\/p>\n","protected":false},"author":1,"featured_media":824,"comment_status":"open","ping_status":"open","sticky":false,"template":"","format":"standard","meta":{"footnotes":""},"categories":[7],"tags":[172,173,224,246,52],"class_list":["post-823","post","type-post","status-publish","format-standard","has-post-thumbnail","hentry","category-revue-de-presse","tag-3eme-ligne-metro","tag-cndp","tag-debat-public","tag-j-archimbaud","tag-tae"],"yoast_head":"<!-- This site is optimized with the Yoast SEO plugin v27.4 - https:\/\/yoast.com\/product\/yoast-seo-wordpress\/ -->\n<title>[France Bleu Toulouse] Jacques Archimbaud parle du d\u00e9bat sur la 3\u00e8me ligne au micro de France Bleu - AUTATE<\/title>\n<meta name=\"robots\" content=\"index, follow, max-snippet:-1, max-image-preview:large, max-video-preview:-1\" \/>\n<link rel=\"canonical\" href=\"https:\/\/autate.fr\/site\/jacques-archimbaud-parle-du-debat-sur-la-3eme-ligne-au-micro-de-france-bleu\/\" \/>\n<meta property=\"og:locale\" content=\"fr_FR\" \/>\n<meta property=\"og:type\" content=\"article\" \/>\n<meta property=\"og:title\" content=\"[France Bleu Toulouse] Jacques Archimbaud parle du d\u00e9bat sur la 3\u00e8me ligne au micro de France Bleu - AUTATE\" \/>\n<meta property=\"og:description\" content=\"Jacques Archimbaud, au micro de France Bleu Toulouse, pour parler du d\u00e9bat sur la 3e ligne de m\u00e9tro \u00e0 Toulouse 3 ao\u00fbt 2016\" \/>\n<meta property=\"og:url\" content=\"https:\/\/autate.fr\/site\/jacques-archimbaud-parle-du-debat-sur-la-3eme-ligne-au-micro-de-france-bleu\/\" \/>\n<meta property=\"og:site_name\" content=\"AUTATE\" \/>\n<meta property=\"article:publisher\" content=\"https:\/\/www.facebook.com\/AutateToulouse\" \/>\n<meta property=\"article:published_time\" content=\"2016-08-03T16:17:04+00:00\" \/>\n<meta property=\"article:modified_time\" content=\"2016-08-19T12:55:36+00:00\" \/>\n<meta property=\"og:image\" content=\"https:\/\/autate.fr\/site\/wp-content\/uploads\/2016\/08\/J.Archimbaud.jpg\" \/>\n\t<meta property=\"og:image:width\" content=\"800\" \/>\n\t<meta property=\"og:image:height\" content=\"600\" \/>\n\t<meta property=\"og:image:type\" content=\"image\/jpeg\" \/>\n<meta name=\"author\" content=\"pascalbarbier\" \/>\n<meta name=\"twitter:card\" content=\"summary_large_image\" \/>\n<meta name=\"twitter:creator\" content=\"@AutateToulouse\" \/>\n<meta name=\"twitter:site\" content=\"@AutateToulouse\" \/>\n<meta name=\"twitter:label1\" content=\"\u00c9crit par\" \/>\n\t<meta name=\"twitter:data1\" content=\"pascalbarbier\" \/>\n<script type=\"application\/ld+json\" class=\"yoast-schema-graph\">{\"@context\":\"https:\\\/\\\/schema.org\",\"@graph\":[{\"@type\":\"Article\",\"@id\":\"https:\\\/\\\/autate.fr\\\/site\\\/jacques-archimbaud-parle-du-debat-sur-la-3eme-ligne-au-micro-de-france-bleu\\\/#article\",\"isPartOf\":{\"@id\":\"https:\\\/\\\/autate.fr\\\/site\\\/jacques-archimbaud-parle-du-debat-sur-la-3eme-ligne-au-micro-de-france-bleu\\\/\"},\"author\":{\"name\":\"pascalbarbier\",\"@id\":\"https:\\\/\\\/autate.fr\\\/site\\\/#\\\/schema\\\/person\\\/ae1ab8bdaa7b41d2a9b52d2557ce8254\"},\"headline\":\"[France Bleu Toulouse] Jacques Archimbaud parle du d\u00e9bat sur la 3\u00e8me ligne au micro de France Bleu\",\"datePublished\":\"2016-08-03T16:17:04+00:00\",\"dateModified\":\"2016-08-19T12:55:36+00:00\",\"mainEntityOfPage\":{\"@id\":\"https:\\\/\\\/autate.fr\\\/site\\\/jacques-archimbaud-parle-du-debat-sur-la-3eme-ligne-au-micro-de-france-bleu\\\/\"},\"wordCount\":41,\"commentCount\":0,\"publisher\":{\"@id\":\"https:\\\/\\\/autate.fr\\\/site\\\/#organization\"},\"image\":{\"@id\":\"https:\\\/\\\/autate.fr\\\/site\\\/jacques-archimbaud-parle-du-debat-sur-la-3eme-ligne-au-micro-de-france-bleu\\\/#primaryimage\"},\"thumbnailUrl\":\"https:\\\/\\\/autate.fr\\\/site\\\/wp-content\\\/uploads\\\/2016\\\/08\\\/J.Archimbaud.jpg\",\"keywords\":[\"3\u00e8me ligne m\u00e9tro\",\"CNDP\",\"d\u00e9bat public\",\"J.Archimbaud\",\"TAE\"],\"articleSection\":[\"Revue de presse\"],\"inLanguage\":\"fr-FR\",\"potentialAction\":[{\"@type\":\"CommentAction\",\"name\":\"Comment\",\"target\":[\"https:\\\/\\\/autate.fr\\\/site\\\/jacques-archimbaud-parle-du-debat-sur-la-3eme-ligne-au-micro-de-france-bleu\\\/#respond\"]}]},{\"@type\":\"WebPage\",\"@id\":\"https:\\\/\\\/autate.fr\\\/site\\\/jacques-archimbaud-parle-du-debat-sur-la-3eme-ligne-au-micro-de-france-bleu\\\/\",\"url\":\"https:\\\/\\\/autate.fr\\\/site\\\/jacques-archimbaud-parle-du-debat-sur-la-3eme-ligne-au-micro-de-france-bleu\\\/\",\"name\":\"[France Bleu Toulouse] Jacques Archimbaud parle du d\u00e9bat sur la 3\u00e8me ligne au micro de France Bleu - AUTATE\",\"isPartOf\":{\"@id\":\"https:\\\/\\\/autate.fr\\\/site\\\/#website\"},\"primaryImageOfPage\":{\"@id\":\"https:\\\/\\\/autate.fr\\\/site\\\/jacques-archimbaud-parle-du-debat-sur-la-3eme-ligne-au-micro-de-france-bleu\\\/#primaryimage\"},\"image\":{\"@id\":\"https:\\\/\\\/autate.fr\\\/site\\\/jacques-archimbaud-parle-du-debat-sur-la-3eme-ligne-au-micro-de-france-bleu\\\/#primaryimage\"},\"thumbnailUrl\":\"https:\\\/\\\/autate.fr\\\/site\\\/wp-content\\\/uploads\\\/2016\\\/08\\\/J.Archimbaud.jpg\",\"datePublished\":\"2016-08-03T16:17:04+00:00\",\"dateModified\":\"2016-08-19T12:55:36+00:00\",\"breadcrumb\":{\"@id\":\"https:\\\/\\\/autate.fr\\\/site\\\/jacques-archimbaud-parle-du-debat-sur-la-3eme-ligne-au-micro-de-france-bleu\\\/#breadcrumb\"},\"inLanguage\":\"fr-FR\",\"potentialAction\":[{\"@type\":\"ReadAction\",\"target\":[\"https:\\\/\\\/autate.fr\\\/site\\\/jacques-archimbaud-parle-du-debat-sur-la-3eme-ligne-au-micro-de-france-bleu\\\/\"]}]},{\"@type\":\"ImageObject\",\"inLanguage\":\"fr-FR\",\"@id\":\"https:\\\/\\\/autate.fr\\\/site\\\/jacques-archimbaud-parle-du-debat-sur-la-3eme-ligne-au-micro-de-france-bleu\\\/#primaryimage\",\"url\":\"https:\\\/\\\/autate.fr\\\/site\\\/wp-content\\\/uploads\\\/2016\\\/08\\\/J.Archimbaud.jpg\",\"contentUrl\":\"https:\\\/\\\/autate.fr\\\/site\\\/wp-content\\\/uploads\\\/2016\\\/08\\\/J.Archimbaud.jpg\",\"width\":800,\"height\":600},{\"@type\":\"BreadcrumbList\",\"@id\":\"https:\\\/\\\/autate.fr\\\/site\\\/jacques-archimbaud-parle-du-debat-sur-la-3eme-ligne-au-micro-de-france-bleu\\\/#breadcrumb\",\"itemListElement\":[{\"@type\":\"ListItem\",\"position\":1,\"name\":\"Accueil\",\"item\":\"https:\\\/\\\/autate.fr\\\/site\\\/\"},{\"@type\":\"ListItem\",\"position\":2,\"name\":\"[France Bleu Toulouse] Jacques Archimbaud parle du d\u00e9bat sur la 3\u00e8me ligne au micro de France Bleu\"}]},{\"@type\":\"WebSite\",\"@id\":\"https:\\\/\\\/autate.fr\\\/site\\\/#website\",\"url\":\"https:\\\/\\\/autate.fr\\\/site\\\/\",\"name\":\"AUTATE\",\"description\":\"Association des usagers des transports de l&#039;agglom\u00e9ration Toulousaine et de ses environs\",\"publisher\":{\"@id\":\"https:\\\/\\\/autate.fr\\\/site\\\/#organization\"},\"potentialAction\":[{\"@type\":\"SearchAction\",\"target\":{\"@type\":\"EntryPoint\",\"urlTemplate\":\"https:\\\/\\\/autate.fr\\\/site\\\/?s={search_term_string}\"},\"query-input\":{\"@type\":\"PropertyValueSpecification\",\"valueRequired\":true,\"valueName\":\"search_term_string\"}}],\"inLanguage\":\"fr-FR\"},{\"@type\":\"Organization\",\"@id\":\"https:\\\/\\\/autate.fr\\\/site\\\/#organization\",\"name\":\"AUTATE\",\"url\":\"https:\\\/\\\/autate.fr\\\/site\\\/\",\"logo\":{\"@type\":\"ImageObject\",\"inLanguage\":\"fr-FR\",\"@id\":\"https:\\\/\\\/autate.fr\\\/site\\\/#\\\/schema\\\/logo\\\/image\\\/\",\"url\":\"http:\\\/\\\/autate.fr\\\/site\\\/wp-content\\\/uploads\\\/2019\\\/01\\\/logo.png\",\"contentUrl\":\"http:\\\/\\\/autate.fr\\\/site\\\/wp-content\\\/uploads\\\/2019\\\/01\\\/logo.png\",\"width\":506,\"height\":280,\"caption\":\"AUTATE\"},\"image\":{\"@id\":\"https:\\\/\\\/autate.fr\\\/site\\\/#\\\/schema\\\/logo\\\/image\\\/\"},\"sameAs\":[\"https:\\\/\\\/www.facebook.com\\\/AutateToulouse\",\"https:\\\/\\\/x.com\\\/AutateToulouse\"]},{\"@type\":\"Person\",\"@id\":\"https:\\\/\\\/autate.fr\\\/site\\\/#\\\/schema\\\/person\\\/ae1ab8bdaa7b41d2a9b52d2557ce8254\",\"name\":\"pascalbarbier\",\"image\":{\"@type\":\"ImageObject\",\"inLanguage\":\"fr-FR\",\"@id\":\"https:\\\/\\\/secure.gravatar.com\\\/avatar\\\/03f4e8ced09894b72c67e83142540730d4b3bbf619bf46341b0074e3bf5f08a0?s=96&d=mm&r=g\",\"url\":\"https:\\\/\\\/secure.gravatar.com\\\/avatar\\\/03f4e8ced09894b72c67e83142540730d4b3bbf619bf46341b0074e3bf5f08a0?s=96&d=mm&r=g\",\"contentUrl\":\"https:\\\/\\\/secure.gravatar.com\\\/avatar\\\/03f4e8ced09894b72c67e83142540730d4b3bbf619bf46341b0074e3bf5f08a0?s=96&d=mm&r=g\",\"caption\":\"pascalbarbier\"},\"url\":\"https:\\\/\\\/autate.fr\\\/site\\\/author\\\/pascalbarbier\\\/\"}]}<\/script>\n<!-- \/ Yoast SEO plugin. -->","yoast_head_json":{"title":"[France Bleu Toulouse] Jacques Archimbaud parle du d\u00e9bat sur la 3\u00e8me ligne au micro de France Bleu - AUTATE","robots":{"index":"index","follow":"follow","max-snippet":"max-snippet:-1","max-image-preview":"max-image-preview:large","max-video-preview":"max-video-preview:-1"},"canonical":"https:\/\/autate.fr\/site\/jacques-archimbaud-parle-du-debat-sur-la-3eme-ligne-au-micro-de-france-bleu\/","og_locale":"fr_FR","og_type":"article","og_title":"[France Bleu Toulouse] Jacques Archimbaud parle du d\u00e9bat sur la 3\u00e8me ligne au micro de France Bleu - AUTATE","og_description":"Jacques Archimbaud, au micro de France Bleu Toulouse, pour parler du d\u00e9bat sur la 3e ligne de m\u00e9tro \u00e0 Toulouse 3 ao\u00fbt 2016","og_url":"https:\/\/autate.fr\/site\/jacques-archimbaud-parle-du-debat-sur-la-3eme-ligne-au-micro-de-france-bleu\/","og_site_name":"AUTATE","article_publisher":"https:\/\/www.facebook.com\/AutateToulouse","article_published_time":"2016-08-03T16:17:04+00:00","article_modified_time":"2016-08-19T12:55:36+00:00","og_image":[{"width":800,"height":600,"url":"https:\/\/autate.fr\/site\/wp-content\/uploads\/2016\/08\/J.Archimbaud.jpg","type":"image\/jpeg"}],"author":"pascalbarbier","twitter_card":"summary_large_image","twitter_creator":"@AutateToulouse","twitter_site":"@AutateToulouse","twitter_misc":{"\u00c9crit par":"pascalbarbier"},"schema":{"@context":"https:\/\/schema.org","@graph":[{"@type":"Article","@id":"https:\/\/autate.fr\/site\/jacques-archimbaud-parle-du-debat-sur-la-3eme-ligne-au-micro-de-france-bleu\/#article","isPartOf":{"@id":"https:\/\/autate.fr\/site\/jacques-archimbaud-parle-du-debat-sur-la-3eme-ligne-au-micro-de-france-bleu\/"},"author":{"name":"pascalbarbier","@id":"https:\/\/autate.fr\/site\/#\/schema\/person\/ae1ab8bdaa7b41d2a9b52d2557ce8254"},"headline":"[France Bleu Toulouse] Jacques Archimbaud parle du d\u00e9bat sur la 3\u00e8me ligne au micro de France Bleu","datePublished":"2016-08-03T16:17:04+00:00","dateModified":"2016-08-19T12:55:36+00:00","mainEntityOfPage":{"@id":"https:\/\/autate.fr\/site\/jacques-archimbaud-parle-du-debat-sur-la-3eme-ligne-au-micro-de-france-bleu\/"},"wordCount":41,"commentCount":0,"publisher":{"@id":"https:\/\/autate.fr\/site\/#organization"},"image":{"@id":"https:\/\/autate.fr\/site\/jacques-archimbaud-parle-du-debat-sur-la-3eme-ligne-au-micro-de-france-bleu\/#primaryimage"},"thumbnailUrl":"https:\/\/autate.fr\/site\/wp-content\/uploads\/2016\/08\/J.Archimbaud.jpg","keywords":["3\u00e8me ligne m\u00e9tro","CNDP","d\u00e9bat public","J.Archimbaud","TAE"],"articleSection":["Revue de presse"],"inLanguage":"fr-FR","potentialAction":[{"@type":"CommentAction","name":"Comment","target":["https:\/\/autate.fr\/site\/jacques-archimbaud-parle-du-debat-sur-la-3eme-ligne-au-micro-de-france-bleu\/#respond"]}]},{"@type":"WebPage","@id":"https:\/\/autate.fr\/site\/jacques-archimbaud-parle-du-debat-sur-la-3eme-ligne-au-micro-de-france-bleu\/","url":"https:\/\/autate.fr\/site\/jacques-archimbaud-parle-du-debat-sur-la-3eme-ligne-au-micro-de-france-bleu\/","name":"[France Bleu Toulouse] Jacques Archimbaud parle du d\u00e9bat sur la 3\u00e8me ligne au micro de France Bleu - AUTATE","isPartOf":{"@id":"https:\/\/autate.fr\/site\/#website"},"primaryImageOfPage":{"@id":"https:\/\/autate.fr\/site\/jacques-archimbaud-parle-du-debat-sur-la-3eme-ligne-au-micro-de-france-bleu\/#primaryimage"},"image":{"@id":"https:\/\/autate.fr\/site\/jacques-archimbaud-parle-du-debat-sur-la-3eme-ligne-au-micro-de-france-bleu\/#primaryimage"},"thumbnailUrl":"https:\/\/autate.fr\/site\/wp-content\/uploads\/2016\/08\/J.Archimbaud.jpg","datePublished":"2016-08-03T16:17:04+00:00","dateModified":"2016-08-19T12:55:36+00:00","breadcrumb":{"@id":"https:\/\/autate.fr\/site\/jacques-archimbaud-parle-du-debat-sur-la-3eme-ligne-au-micro-de-france-bleu\/#breadcrumb"},"inLanguage":"fr-FR","potentialAction":[{"@type":"ReadAction","target":["https:\/\/autate.fr\/site\/jacques-archimbaud-parle-du-debat-sur-la-3eme-ligne-au-micro-de-france-bleu\/"]}]},{"@type":"ImageObject","inLanguage":"fr-FR","@id":"https:\/\/autate.fr\/site\/jacques-archimbaud-parle-du-debat-sur-la-3eme-ligne-au-micro-de-france-bleu\/#primaryimage","url":"https:\/\/autate.fr\/site\/wp-content\/uploads\/2016\/08\/J.Archimbaud.jpg","contentUrl":"https:\/\/autate.fr\/site\/wp-content\/uploads\/2016\/08\/J.Archimbaud.jpg","width":800,"height":600},{"@type":"BreadcrumbList","@id":"https:\/\/autate.fr\/site\/jacques-archimbaud-parle-du-debat-sur-la-3eme-ligne-au-micro-de-france-bleu\/#breadcrumb","itemListElement":[{"@type":"ListItem","position":1,"name":"Accueil","item":"https:\/\/autate.fr\/site\/"},{"@type":"ListItem","position":2,"name":"[France Bleu Toulouse] Jacques Archimbaud parle du d\u00e9bat sur la 3\u00e8me ligne au micro de France Bleu"}]},{"@type":"WebSite","@id":"https:\/\/autate.fr\/site\/#website","url":"https:\/\/autate.fr\/site\/","name":"AUTATE","description":"Association des usagers des transports de l&#039;agglom\u00e9ration Toulousaine et de ses environs","publisher":{"@id":"https:\/\/autate.fr\/site\/#organization"},"potentialAction":[{"@type":"SearchAction","target":{"@type":"EntryPoint","urlTemplate":"https:\/\/autate.fr\/site\/?s={search_term_string}"},"query-input":{"@type":"PropertyValueSpecification","valueRequired":true,"valueName":"search_term_string"}}],"inLanguage":"fr-FR"},{"@type":"Organization","@id":"https:\/\/autate.fr\/site\/#organization","name":"AUTATE","url":"https:\/\/autate.fr\/site\/","logo":{"@type":"ImageObject","inLanguage":"fr-FR","@id":"https:\/\/autate.fr\/site\/#\/schema\/logo\/image\/","url":"http:\/\/autate.fr\/site\/wp-content\/uploads\/2019\/01\/logo.png","contentUrl":"http:\/\/autate.fr\/site\/wp-content\/uploads\/2019\/01\/logo.png","width":506,"height":280,"caption":"AUTATE"},"image":{"@id":"https:\/\/autate.fr\/site\/#\/schema\/logo\/image\/"},"sameAs":["https:\/\/www.facebook.com\/AutateToulouse","https:\/\/x.com\/AutateToulouse"]},{"@type":"Person","@id":"https:\/\/autate.fr\/site\/#\/schema\/person\/ae1ab8bdaa7b41d2a9b52d2557ce8254","name":"pascalbarbier","image":{"@type":"ImageObject","inLanguage":"fr-FR","@id":"https:\/\/secure.gravatar.com\/avatar\/03f4e8ced09894b72c67e83142540730d4b3bbf619bf46341b0074e3bf5f08a0?s=96&d=mm&r=g","url":"https:\/\/secure.gravatar.com\/avatar\/03f4e8ced09894b72c67e83142540730d4b3bbf619bf46341b0074e3bf5f08a0?s=96&d=mm&r=g","contentUrl":"https:\/\/secure.gravatar.com\/avatar\/03f4e8ced09894b72c67e83142540730d4b3bbf619bf46341b0074e3bf5f08a0?s=96&d=mm&r=g","caption":"pascalbarbier"},"url":"https:\/\/autate.fr\/site\/author\/pascalbarbier\/"}]}},"_links":{"self":[{"href":"https:\/\/autate.fr\/site\/wp-json\/wp\/v2\/posts\/823","targetHints":{"allow":["GET"]}}],"collection":[{"href":"https:\/\/autate.fr\/site\/wp-json\/wp\/v2\/posts"}],"about":[{"href":"https:\/\/autate.fr\/site\/wp-json\/wp\/v2\/types\/post"}],"author":[{"embeddable":true,"href":"https:\/\/autate.fr\/site\/wp-json\/wp\/v2\/users\/1"}],"replies":[{"embeddable":true,"href":"https:\/\/autate.fr\/site\/wp-json\/wp\/v2\/comments?post=823"}],"version-history":[{"count":2,"href":"https:\/\/autate.fr\/site\/wp-json\/wp\/v2\/posts\/823\/revisions"}],"predecessor-version":[{"id":840,"href":"https:\/\/autate.fr\/site\/wp-json\/wp\/v2\/posts\/823\/revisions\/840"}],"wp:featuredmedia":[{"embeddable":true,"href":"https:\/\/autate.fr\/site\/wp-json\/wp\/v2\/media\/824"}],"wp:attachment":[{"href":"https:\/\/autate.fr\/site\/wp-json\/wp\/v2\/media?parent=823"}],"wp:term":[{"taxonomy":"category","embeddable":true,"href":"https:\/\/autate.fr\/site\/wp-json\/wp\/v2\/categories?post=823"},{"taxonomy":"post_tag","embeddable":true,"href":"https:\/\/autate.fr\/site\/wp-json\/wp\/v2\/tags?post=823"}],"curies":[{"name":"wp","href":"https:\/\/api.w.org\/{rel}","templated":true}]}}