{"id":815,"date":"2016-07-28T20:58:27","date_gmt":"2016-07-28T18:58:27","guid":{"rendered":"http:\/\/autate.fr\/site\/?p=815"},"modified":"2016-08-10T21:01:52","modified_gmt":"2016-08-10T19:01:52","slug":"cote-toulouse-troisieme-ligne-de-metro-a-toulouse-polemique-sur-le-financement-entre-colomiers-blagnac-et-tisseo","status":"publish","type":"post","link":"https:\/\/autate.fr\/site\/cote-toulouse-troisieme-ligne-de-metro-a-toulouse-polemique-sur-le-financement-entre-colomiers-blagnac-et-tisseo\/","title":{"rendered":"[C\u00f4t\u00e9 Toulouse] Troisi\u00e8me ligne de m\u00e9tro \u00e0 Toulouse. Pol\u00e9mique sur le financement entre Colomiers, Blagnac et Tiss\u00e9o"},"content":{"rendered":"<p>Un article d&rsquo;Anthony Assemat paru dans Actu C\u00f4t\u00e9 Toulouse le 27 juillet 2016<\/p>\n<h2 class=\"bigger mts mbs\" data-role=\"chapo\">Apr\u00e8s la pr\u00e9sentation du plan de financement de la troisi\u00e8me ligne de m\u00e9tro, Tiss\u00e9o a appel\u00e9 Blagnac et Colomiers \u00e0 participer financi\u00e8rement au tron\u00e7on Airbus-Colomiers gare.<\/h2>\n<p>La pr\u00e9sentation du plan de financement de la troisi\u00e8me ligne de m\u00e9tro, par Tiss\u00e9o, lundi 25 juillet 2016, n\u2019a pas manqu\u00e9 de faire r\u00e9agir le Landerneau politique. Et particuli\u00e8rement les villes de Blagnac et Colomiers, concern\u00e9es par les \u00e9tudes sur la desserte de l\u2019a\u00e9roport pour l\u2019un, et la gare pour l\u2019autre.<\/p>\n<p><strong>&gt; LIRE AUSSI :<\/strong> <a href=\"http:\/\/actu.cotetoulouse.fr\/troisieme-ligne-de-metro-combien-ca-va-couter-et-qui-va-payer_41648\/\" target=\"_blank\">Troisi\u00e8me ligne de m\u00e9tro \u00e0 Toulouse. Combien \u00e7a va co\u00fbter et qui va payer<\/a><\/p>\n<p>Dans le plan de financement de <strong>3,8 milliards d\u2019euros<\/strong> pour le d\u00e9veloppement des transports en commun dans la m\u00e9tropole toulousaine, dont plus de 2,1 milliards pour la seule troisi\u00e8me ligne de m\u00e9tro, plusieurs inconnues subsistent. Dont celle de la r\u00e9alisation du tron\u00e7on entre la zone d\u2019Airbus \u00e0 Colomiers et la gare de la deuxi\u00e8me ville du d\u00e9partement (d\u2019un co\u00fbt de 141 millions d\u2019euros selon les chiffres d\u00e9voil\u00e9s par Tiss\u00e9o), et le barreau de liaison entre Jean Maga et l\u2019a\u00e9roport, estim\u00e9e \u00e0 110 millions d\u2019euros.<\/p>\n<p><a href=\"http:\/\/actu.cotetoulouse.fr\/troisieme-ligne-metro-toulouse-polemique-financement-colomiers-tisseo_41807\/?utm_source=dlvr.it&amp;utm_medium=twitter&amp;utm_campaign=troisieme-ligne-metro-toulouse-polemique-financement-colomiers-tisseo\" target=\"_blank\"><strong>lire la suite<\/strong><\/a><\/p>\n","protected":false},"excerpt":{"rendered":"<p>Un article d&rsquo;Anthony Assemat paru dans Actu C\u00f4t\u00e9 Toulouse le 27 juillet 2016 Apr\u00e8s la pr\u00e9sentation du plan de financement de la troisi\u00e8me ligne de m\u00e9tro, Tiss\u00e9o a appel\u00e9 Blagnac et Colomiers \u00e0 participer financi\u00e8rement au tron\u00e7on Airbus-Colomiers gare. La pr\u00e9sentation du plan de financement de la troisi\u00e8me ligne de m\u00e9tro, par Tiss\u00e9o, lundi 25<\/p>\n<p class=\"more-link\"><a href=\"https:\/\/autate.fr\/site\/cote-toulouse-troisieme-ligne-de-metro-a-toulouse-polemique-sur-le-financement-entre-colomiers-blagnac-et-tisseo\/\" class=\"themebutton2\">VOIR PLUS<\/a><\/p>\n","protected":false},"author":1,"featured_media":770,"comment_status":"open","ping_status":"open","sticky":false,"template":"","format":"standard","meta":{"footnotes":""},"categories":[7],"tags":[34,35,195,244,52,46],"class_list":["post-815","post","type-post","status-publish","format-standard","has-post-thumbnail","hentry","category-revue-de-presse","tag-blagnac","tag-colomiers","tag-financement","tag-g-meric","tag-tae","tag-tisseo"],"yoast_head":"<!-- This site is optimized with the Yoast SEO plugin v27.4 - https:\/\/yoast.com\/product\/yoast-seo-wordpress\/ -->\n<title>[C\u00f4t\u00e9 Toulouse] Troisi\u00e8me ligne de m\u00e9tro \u00e0 Toulouse. Pol\u00e9mique sur le financement entre Colomiers, Blagnac et Tiss\u00e9o - AUTATE<\/title>\n<meta name=\"robots\" content=\"index, follow, max-snippet:-1, max-image-preview:large, max-video-preview:-1\" \/>\n<link rel=\"canonical\" href=\"https:\/\/autate.fr\/site\/cote-toulouse-troisieme-ligne-de-metro-a-toulouse-polemique-sur-le-financement-entre-colomiers-blagnac-et-tisseo\/\" \/>\n<meta property=\"og:locale\" content=\"fr_FR\" \/>\n<meta property=\"og:type\" content=\"article\" \/>\n<meta property=\"og:title\" content=\"[C\u00f4t\u00e9 Toulouse] Troisi\u00e8me ligne de m\u00e9tro \u00e0 Toulouse. Pol\u00e9mique sur le financement entre Colomiers, Blagnac et Tiss\u00e9o - AUTATE\" \/>\n<meta property=\"og:description\" content=\"Un article d&rsquo;Anthony Assemat paru dans Actu C\u00f4t\u00e9 Toulouse le 27 juillet 2016 Apr\u00e8s la pr\u00e9sentation du plan de financement de la troisi\u00e8me ligne de m\u00e9tro, Tiss\u00e9o a appel\u00e9 Blagnac et Colomiers \u00e0 participer financi\u00e8rement au tron\u00e7on Airbus-Colomiers gare. La pr\u00e9sentation du plan de financement de la troisi\u00e8me ligne de m\u00e9tro, par Tiss\u00e9o, lundi 25VOIR PLUS\" \/>\n<meta property=\"og:url\" content=\"https:\/\/autate.fr\/site\/cote-toulouse-troisieme-ligne-de-metro-a-toulouse-polemique-sur-le-financement-entre-colomiers-blagnac-et-tisseo\/\" \/>\n<meta property=\"og:site_name\" content=\"AUTATE\" \/>\n<meta property=\"article:publisher\" content=\"https:\/\/www.facebook.com\/AutateToulouse\" \/>\n<meta property=\"article:published_time\" content=\"2016-07-28T18:58:27+00:00\" \/>\n<meta property=\"article:modified_time\" content=\"2016-08-10T19:01:52+00:00\" \/>\n<meta property=\"og:image\" content=\"https:\/\/autate.fr\/site\/wp-content\/uploads\/2016\/08\/m\u00e9tro.jpg\" \/>\n\t<meta property=\"og:image:width\" content=\"630\" \/>\n\t<meta property=\"og:image:height\" content=\"420\" \/>\n\t<meta property=\"og:image:type\" content=\"image\/jpeg\" \/>\n<meta name=\"author\" content=\"pascalbarbier\" \/>\n<meta name=\"twitter:card\" content=\"summary_large_image\" \/>\n<meta name=\"twitter:creator\" content=\"@AutateToulouse\" \/>\n<meta name=\"twitter:site\" content=\"@AutateToulouse\" \/>\n<meta name=\"twitter:label1\" content=\"\u00c9crit par\" \/>\n\t<meta name=\"twitter:data1\" content=\"pascalbarbier\" \/>\n\t<meta name=\"twitter:label2\" content=\"Dur\u00e9e de lecture estim\u00e9e\" \/>\n\t<meta name=\"twitter:data2\" content=\"1 minute\" \/>\n<script type=\"application\/ld+json\" class=\"yoast-schema-graph\">{\"@context\":\"https:\\\/\\\/schema.org\",\"@graph\":[{\"@type\":\"Article\",\"@id\":\"https:\\\/\\\/autate.fr\\\/site\\\/cote-toulouse-troisieme-ligne-de-metro-a-toulouse-polemique-sur-le-financement-entre-colomiers-blagnac-et-tisseo\\\/#article\",\"isPartOf\":{\"@id\":\"https:\\\/\\\/autate.fr\\\/site\\\/cote-toulouse-troisieme-ligne-de-metro-a-toulouse-polemique-sur-le-financement-entre-colomiers-blagnac-et-tisseo\\\/\"},\"author\":{\"name\":\"pascalbarbier\",\"@id\":\"https:\\\/\\\/autate.fr\\\/site\\\/#\\\/schema\\\/person\\\/ae1ab8bdaa7b41d2a9b52d2557ce8254\"},\"headline\":\"[C\u00f4t\u00e9 Toulouse] Troisi\u00e8me ligne de m\u00e9tro \u00e0 Toulouse. Pol\u00e9mique sur le financement entre Colomiers, Blagnac et Tiss\u00e9o\",\"datePublished\":\"2016-07-28T18:58:27+00:00\",\"dateModified\":\"2016-08-10T19:01:52+00:00\",\"mainEntityOfPage\":{\"@id\":\"https:\\\/\\\/autate.fr\\\/site\\\/cote-toulouse-troisieme-ligne-de-metro-a-toulouse-polemique-sur-le-financement-entre-colomiers-blagnac-et-tisseo\\\/\"},\"wordCount\":246,\"commentCount\":0,\"publisher\":{\"@id\":\"https:\\\/\\\/autate.fr\\\/site\\\/#organization\"},\"image\":{\"@id\":\"https:\\\/\\\/autate.fr\\\/site\\\/cote-toulouse-troisieme-ligne-de-metro-a-toulouse-polemique-sur-le-financement-entre-colomiers-blagnac-et-tisseo\\\/#primaryimage\"},\"thumbnailUrl\":\"https:\\\/\\\/autate.fr\\\/site\\\/wp-content\\\/uploads\\\/2016\\\/08\\\/m\u00e9tro.jpg\",\"keywords\":[\"Blagnac\",\"Colomiers\",\"Financement\",\"G.M\u00e9ric\",\"TAE\",\"Tiss\u00e9o\"],\"articleSection\":[\"Revue de presse\"],\"inLanguage\":\"fr-FR\",\"potentialAction\":[{\"@type\":\"CommentAction\",\"name\":\"Comment\",\"target\":[\"https:\\\/\\\/autate.fr\\\/site\\\/cote-toulouse-troisieme-ligne-de-metro-a-toulouse-polemique-sur-le-financement-entre-colomiers-blagnac-et-tisseo\\\/#respond\"]}]},{\"@type\":\"WebPage\",\"@id\":\"https:\\\/\\\/autate.fr\\\/site\\\/cote-toulouse-troisieme-ligne-de-metro-a-toulouse-polemique-sur-le-financement-entre-colomiers-blagnac-et-tisseo\\\/\",\"url\":\"https:\\\/\\\/autate.fr\\\/site\\\/cote-toulouse-troisieme-ligne-de-metro-a-toulouse-polemique-sur-le-financement-entre-colomiers-blagnac-et-tisseo\\\/\",\"name\":\"[C\u00f4t\u00e9 Toulouse] Troisi\u00e8me ligne de m\u00e9tro \u00e0 Toulouse. Pol\u00e9mique sur le financement entre Colomiers, Blagnac et Tiss\u00e9o - AUTATE\",\"isPartOf\":{\"@id\":\"https:\\\/\\\/autate.fr\\\/site\\\/#website\"},\"primaryImageOfPage\":{\"@id\":\"https:\\\/\\\/autate.fr\\\/site\\\/cote-toulouse-troisieme-ligne-de-metro-a-toulouse-polemique-sur-le-financement-entre-colomiers-blagnac-et-tisseo\\\/#primaryimage\"},\"image\":{\"@id\":\"https:\\\/\\\/autate.fr\\\/site\\\/cote-toulouse-troisieme-ligne-de-metro-a-toulouse-polemique-sur-le-financement-entre-colomiers-blagnac-et-tisseo\\\/#primaryimage\"},\"thumbnailUrl\":\"https:\\\/\\\/autate.fr\\\/site\\\/wp-content\\\/uploads\\\/2016\\\/08\\\/m\u00e9tro.jpg\",\"datePublished\":\"2016-07-28T18:58:27+00:00\",\"dateModified\":\"2016-08-10T19:01:52+00:00\",\"breadcrumb\":{\"@id\":\"https:\\\/\\\/autate.fr\\\/site\\\/cote-toulouse-troisieme-ligne-de-metro-a-toulouse-polemique-sur-le-financement-entre-colomiers-blagnac-et-tisseo\\\/#breadcrumb\"},\"inLanguage\":\"fr-FR\",\"potentialAction\":[{\"@type\":\"ReadAction\",\"target\":[\"https:\\\/\\\/autate.fr\\\/site\\\/cote-toulouse-troisieme-ligne-de-metro-a-toulouse-polemique-sur-le-financement-entre-colomiers-blagnac-et-tisseo\\\/\"]}]},{\"@type\":\"ImageObject\",\"inLanguage\":\"fr-FR\",\"@id\":\"https:\\\/\\\/autate.fr\\\/site\\\/cote-toulouse-troisieme-ligne-de-metro-a-toulouse-polemique-sur-le-financement-entre-colomiers-blagnac-et-tisseo\\\/#primaryimage\",\"url\":\"https:\\\/\\\/autate.fr\\\/site\\\/wp-content\\\/uploads\\\/2016\\\/08\\\/m\u00e9tro.jpg\",\"contentUrl\":\"https:\\\/\\\/autate.fr\\\/site\\\/wp-content\\\/uploads\\\/2016\\\/08\\\/m\u00e9tro.jpg\",\"width\":630,\"height\":420},{\"@type\":\"BreadcrumbList\",\"@id\":\"https:\\\/\\\/autate.fr\\\/site\\\/cote-toulouse-troisieme-ligne-de-metro-a-toulouse-polemique-sur-le-financement-entre-colomiers-blagnac-et-tisseo\\\/#breadcrumb\",\"itemListElement\":[{\"@type\":\"ListItem\",\"position\":1,\"name\":\"Accueil\",\"item\":\"https:\\\/\\\/autate.fr\\\/site\\\/\"},{\"@type\":\"ListItem\",\"position\":2,\"name\":\"[C\u00f4t\u00e9 Toulouse] Troisi\u00e8me ligne de m\u00e9tro \u00e0 Toulouse. Pol\u00e9mique sur le financement entre Colomiers, Blagnac et Tiss\u00e9o\"}]},{\"@type\":\"WebSite\",\"@id\":\"https:\\\/\\\/autate.fr\\\/site\\\/#website\",\"url\":\"https:\\\/\\\/autate.fr\\\/site\\\/\",\"name\":\"AUTATE\",\"description\":\"Association des usagers des transports de l&#039;agglom\u00e9ration Toulousaine et de ses environs\",\"publisher\":{\"@id\":\"https:\\\/\\\/autate.fr\\\/site\\\/#organization\"},\"potentialAction\":[{\"@type\":\"SearchAction\",\"target\":{\"@type\":\"EntryPoint\",\"urlTemplate\":\"https:\\\/\\\/autate.fr\\\/site\\\/?s={search_term_string}\"},\"query-input\":{\"@type\":\"PropertyValueSpecification\",\"valueRequired\":true,\"valueName\":\"search_term_string\"}}],\"inLanguage\":\"fr-FR\"},{\"@type\":\"Organization\",\"@id\":\"https:\\\/\\\/autate.fr\\\/site\\\/#organization\",\"name\":\"AUTATE\",\"url\":\"https:\\\/\\\/autate.fr\\\/site\\\/\",\"logo\":{\"@type\":\"ImageObject\",\"inLanguage\":\"fr-FR\",\"@id\":\"https:\\\/\\\/autate.fr\\\/site\\\/#\\\/schema\\\/logo\\\/image\\\/\",\"url\":\"http:\\\/\\\/autate.fr\\\/site\\\/wp-content\\\/uploads\\\/2019\\\/01\\\/logo.png\",\"contentUrl\":\"http:\\\/\\\/autate.fr\\\/site\\\/wp-content\\\/uploads\\\/2019\\\/01\\\/logo.png\",\"width\":506,\"height\":280,\"caption\":\"AUTATE\"},\"image\":{\"@id\":\"https:\\\/\\\/autate.fr\\\/site\\\/#\\\/schema\\\/logo\\\/image\\\/\"},\"sameAs\":[\"https:\\\/\\\/www.facebook.com\\\/AutateToulouse\",\"https:\\\/\\\/x.com\\\/AutateToulouse\"]},{\"@type\":\"Person\",\"@id\":\"https:\\\/\\\/autate.fr\\\/site\\\/#\\\/schema\\\/person\\\/ae1ab8bdaa7b41d2a9b52d2557ce8254\",\"name\":\"pascalbarbier\",\"image\":{\"@type\":\"ImageObject\",\"inLanguage\":\"fr-FR\",\"@id\":\"https:\\\/\\\/secure.gravatar.com\\\/avatar\\\/03f4e8ced09894b72c67e83142540730d4b3bbf619bf46341b0074e3bf5f08a0?s=96&d=mm&r=g\",\"url\":\"https:\\\/\\\/secure.gravatar.com\\\/avatar\\\/03f4e8ced09894b72c67e83142540730d4b3bbf619bf46341b0074e3bf5f08a0?s=96&d=mm&r=g\",\"contentUrl\":\"https:\\\/\\\/secure.gravatar.com\\\/avatar\\\/03f4e8ced09894b72c67e83142540730d4b3bbf619bf46341b0074e3bf5f08a0?s=96&d=mm&r=g\",\"caption\":\"pascalbarbier\"},\"url\":\"https:\\\/\\\/autate.fr\\\/site\\\/author\\\/pascalbarbier\\\/\"}]}<\/script>\n<!-- \/ Yoast SEO plugin. -->","yoast_head_json":{"title":"[C\u00f4t\u00e9 Toulouse] Troisi\u00e8me ligne de m\u00e9tro \u00e0 Toulouse. Pol\u00e9mique sur le financement entre Colomiers, Blagnac et Tiss\u00e9o - AUTATE","robots":{"index":"index","follow":"follow","max-snippet":"max-snippet:-1","max-image-preview":"max-image-preview:large","max-video-preview":"max-video-preview:-1"},"canonical":"https:\/\/autate.fr\/site\/cote-toulouse-troisieme-ligne-de-metro-a-toulouse-polemique-sur-le-financement-entre-colomiers-blagnac-et-tisseo\/","og_locale":"fr_FR","og_type":"article","og_title":"[C\u00f4t\u00e9 Toulouse] Troisi\u00e8me ligne de m\u00e9tro \u00e0 Toulouse. Pol\u00e9mique sur le financement entre Colomiers, Blagnac et Tiss\u00e9o - AUTATE","og_description":"Un article d&rsquo;Anthony Assemat paru dans Actu C\u00f4t\u00e9 Toulouse le 27 juillet 2016 Apr\u00e8s la pr\u00e9sentation du plan de financement de la troisi\u00e8me ligne de m\u00e9tro, Tiss\u00e9o a appel\u00e9 Blagnac et Colomiers \u00e0 participer financi\u00e8rement au tron\u00e7on Airbus-Colomiers gare. La pr\u00e9sentation du plan de financement de la troisi\u00e8me ligne de m\u00e9tro, par Tiss\u00e9o, lundi 25VOIR PLUS","og_url":"https:\/\/autate.fr\/site\/cote-toulouse-troisieme-ligne-de-metro-a-toulouse-polemique-sur-le-financement-entre-colomiers-blagnac-et-tisseo\/","og_site_name":"AUTATE","article_publisher":"https:\/\/www.facebook.com\/AutateToulouse","article_published_time":"2016-07-28T18:58:27+00:00","article_modified_time":"2016-08-10T19:01:52+00:00","og_image":[{"width":630,"height":420,"url":"https:\/\/autate.fr\/site\/wp-content\/uploads\/2016\/08\/m\u00e9tro.jpg","type":"image\/jpeg"}],"author":"pascalbarbier","twitter_card":"summary_large_image","twitter_creator":"@AutateToulouse","twitter_site":"@AutateToulouse","twitter_misc":{"\u00c9crit par":"pascalbarbier","Dur\u00e9e de lecture estim\u00e9e":"1 minute"},"schema":{"@context":"https:\/\/schema.org","@graph":[{"@type":"Article","@id":"https:\/\/autate.fr\/site\/cote-toulouse-troisieme-ligne-de-metro-a-toulouse-polemique-sur-le-financement-entre-colomiers-blagnac-et-tisseo\/#article","isPartOf":{"@id":"https:\/\/autate.fr\/site\/cote-toulouse-troisieme-ligne-de-metro-a-toulouse-polemique-sur-le-financement-entre-colomiers-blagnac-et-tisseo\/"},"author":{"name":"pascalbarbier","@id":"https:\/\/autate.fr\/site\/#\/schema\/person\/ae1ab8bdaa7b41d2a9b52d2557ce8254"},"headline":"[C\u00f4t\u00e9 Toulouse] Troisi\u00e8me ligne de m\u00e9tro \u00e0 Toulouse. Pol\u00e9mique sur le financement entre Colomiers, Blagnac et Tiss\u00e9o","datePublished":"2016-07-28T18:58:27+00:00","dateModified":"2016-08-10T19:01:52+00:00","mainEntityOfPage":{"@id":"https:\/\/autate.fr\/site\/cote-toulouse-troisieme-ligne-de-metro-a-toulouse-polemique-sur-le-financement-entre-colomiers-blagnac-et-tisseo\/"},"wordCount":246,"commentCount":0,"publisher":{"@id":"https:\/\/autate.fr\/site\/#organization"},"image":{"@id":"https:\/\/autate.fr\/site\/cote-toulouse-troisieme-ligne-de-metro-a-toulouse-polemique-sur-le-financement-entre-colomiers-blagnac-et-tisseo\/#primaryimage"},"thumbnailUrl":"https:\/\/autate.fr\/site\/wp-content\/uploads\/2016\/08\/m\u00e9tro.jpg","keywords":["Blagnac","Colomiers","Financement","G.M\u00e9ric","TAE","Tiss\u00e9o"],"articleSection":["Revue de presse"],"inLanguage":"fr-FR","potentialAction":[{"@type":"CommentAction","name":"Comment","target":["https:\/\/autate.fr\/site\/cote-toulouse-troisieme-ligne-de-metro-a-toulouse-polemique-sur-le-financement-entre-colomiers-blagnac-et-tisseo\/#respond"]}]},{"@type":"WebPage","@id":"https:\/\/autate.fr\/site\/cote-toulouse-troisieme-ligne-de-metro-a-toulouse-polemique-sur-le-financement-entre-colomiers-blagnac-et-tisseo\/","url":"https:\/\/autate.fr\/site\/cote-toulouse-troisieme-ligne-de-metro-a-toulouse-polemique-sur-le-financement-entre-colomiers-blagnac-et-tisseo\/","name":"[C\u00f4t\u00e9 Toulouse] Troisi\u00e8me ligne de m\u00e9tro \u00e0 Toulouse. Pol\u00e9mique sur le financement entre Colomiers, Blagnac et Tiss\u00e9o - AUTATE","isPartOf":{"@id":"https:\/\/autate.fr\/site\/#website"},"primaryImageOfPage":{"@id":"https:\/\/autate.fr\/site\/cote-toulouse-troisieme-ligne-de-metro-a-toulouse-polemique-sur-le-financement-entre-colomiers-blagnac-et-tisseo\/#primaryimage"},"image":{"@id":"https:\/\/autate.fr\/site\/cote-toulouse-troisieme-ligne-de-metro-a-toulouse-polemique-sur-le-financement-entre-colomiers-blagnac-et-tisseo\/#primaryimage"},"thumbnailUrl":"https:\/\/autate.fr\/site\/wp-content\/uploads\/2016\/08\/m\u00e9tro.jpg","datePublished":"2016-07-28T18:58:27+00:00","dateModified":"2016-08-10T19:01:52+00:00","breadcrumb":{"@id":"https:\/\/autate.fr\/site\/cote-toulouse-troisieme-ligne-de-metro-a-toulouse-polemique-sur-le-financement-entre-colomiers-blagnac-et-tisseo\/#breadcrumb"},"inLanguage":"fr-FR","potentialAction":[{"@type":"ReadAction","target":["https:\/\/autate.fr\/site\/cote-toulouse-troisieme-ligne-de-metro-a-toulouse-polemique-sur-le-financement-entre-colomiers-blagnac-et-tisseo\/"]}]},{"@type":"ImageObject","inLanguage":"fr-FR","@id":"https:\/\/autate.fr\/site\/cote-toulouse-troisieme-ligne-de-metro-a-toulouse-polemique-sur-le-financement-entre-colomiers-blagnac-et-tisseo\/#primaryimage","url":"https:\/\/autate.fr\/site\/wp-content\/uploads\/2016\/08\/m\u00e9tro.jpg","contentUrl":"https:\/\/autate.fr\/site\/wp-content\/uploads\/2016\/08\/m\u00e9tro.jpg","width":630,"height":420},{"@type":"BreadcrumbList","@id":"https:\/\/autate.fr\/site\/cote-toulouse-troisieme-ligne-de-metro-a-toulouse-polemique-sur-le-financement-entre-colomiers-blagnac-et-tisseo\/#breadcrumb","itemListElement":[{"@type":"ListItem","position":1,"name":"Accueil","item":"https:\/\/autate.fr\/site\/"},{"@type":"ListItem","position":2,"name":"[C\u00f4t\u00e9 Toulouse] Troisi\u00e8me ligne de m\u00e9tro \u00e0 Toulouse. Pol\u00e9mique sur le financement entre Colomiers, Blagnac et Tiss\u00e9o"}]},{"@type":"WebSite","@id":"https:\/\/autate.fr\/site\/#website","url":"https:\/\/autate.fr\/site\/","name":"AUTATE","description":"Association des usagers des transports de l&#039;agglom\u00e9ration Toulousaine et de ses environs","publisher":{"@id":"https:\/\/autate.fr\/site\/#organization"},"potentialAction":[{"@type":"SearchAction","target":{"@type":"EntryPoint","urlTemplate":"https:\/\/autate.fr\/site\/?s={search_term_string}"},"query-input":{"@type":"PropertyValueSpecification","valueRequired":true,"valueName":"search_term_string"}}],"inLanguage":"fr-FR"},{"@type":"Organization","@id":"https:\/\/autate.fr\/site\/#organization","name":"AUTATE","url":"https:\/\/autate.fr\/site\/","logo":{"@type":"ImageObject","inLanguage":"fr-FR","@id":"https:\/\/autate.fr\/site\/#\/schema\/logo\/image\/","url":"http:\/\/autate.fr\/site\/wp-content\/uploads\/2019\/01\/logo.png","contentUrl":"http:\/\/autate.fr\/site\/wp-content\/uploads\/2019\/01\/logo.png","width":506,"height":280,"caption":"AUTATE"},"image":{"@id":"https:\/\/autate.fr\/site\/#\/schema\/logo\/image\/"},"sameAs":["https:\/\/www.facebook.com\/AutateToulouse","https:\/\/x.com\/AutateToulouse"]},{"@type":"Person","@id":"https:\/\/autate.fr\/site\/#\/schema\/person\/ae1ab8bdaa7b41d2a9b52d2557ce8254","name":"pascalbarbier","image":{"@type":"ImageObject","inLanguage":"fr-FR","@id":"https:\/\/secure.gravatar.com\/avatar\/03f4e8ced09894b72c67e83142540730d4b3bbf619bf46341b0074e3bf5f08a0?s=96&d=mm&r=g","url":"https:\/\/secure.gravatar.com\/avatar\/03f4e8ced09894b72c67e83142540730d4b3bbf619bf46341b0074e3bf5f08a0?s=96&d=mm&r=g","contentUrl":"https:\/\/secure.gravatar.com\/avatar\/03f4e8ced09894b72c67e83142540730d4b3bbf619bf46341b0074e3bf5f08a0?s=96&d=mm&r=g","caption":"pascalbarbier"},"url":"https:\/\/autate.fr\/site\/author\/pascalbarbier\/"}]}},"_links":{"self":[{"href":"https:\/\/autate.fr\/site\/wp-json\/wp\/v2\/posts\/815","targetHints":{"allow":["GET"]}}],"collection":[{"href":"https:\/\/autate.fr\/site\/wp-json\/wp\/v2\/posts"}],"about":[{"href":"https:\/\/autate.fr\/site\/wp-json\/wp\/v2\/types\/post"}],"author":[{"embeddable":true,"href":"https:\/\/autate.fr\/site\/wp-json\/wp\/v2\/users\/1"}],"replies":[{"embeddable":true,"href":"https:\/\/autate.fr\/site\/wp-json\/wp\/v2\/comments?post=815"}],"version-history":[{"count":1,"href":"https:\/\/autate.fr\/site\/wp-json\/wp\/v2\/posts\/815\/revisions"}],"predecessor-version":[{"id":816,"href":"https:\/\/autate.fr\/site\/wp-json\/wp\/v2\/posts\/815\/revisions\/816"}],"wp:featuredmedia":[{"embeddable":true,"href":"https:\/\/autate.fr\/site\/wp-json\/wp\/v2\/media\/770"}],"wp:attachment":[{"href":"https:\/\/autate.fr\/site\/wp-json\/wp\/v2\/media?parent=815"}],"wp:term":[{"taxonomy":"category","embeddable":true,"href":"https:\/\/autate.fr\/site\/wp-json\/wp\/v2\/categories?post=815"},{"taxonomy":"post_tag","embeddable":true,"href":"https:\/\/autate.fr\/site\/wp-json\/wp\/v2\/tags?post=815"}],"curies":[{"name":"wp","href":"https:\/\/api.w.org\/{rel}","templated":true}]}}