{"id":810,"date":"2016-07-28T20:54:24","date_gmt":"2016-07-28T18:54:24","guid":{"rendered":"http:\/\/autate.fr\/site\/?p=810"},"modified":"2016-08-10T21:09:03","modified_gmt":"2016-08-10T19:09:03","slug":"la-tribune-3e-ligne-de-metro-la-maire-de-colomiers-refuse-de-participer-au-financement","status":"publish","type":"post","link":"https:\/\/autate.fr\/site\/la-tribune-3e-ligne-de-metro-la-maire-de-colomiers-refuse-de-participer-au-financement\/","title":{"rendered":"[La Tribune] 3e ligne de m\u00e9tro : la maire de Colomiers refuse de participer au financement"},"content":{"rendered":"<p>Un article de Sophie Arutunian paru dans La Tribune le 27 juillet 2016 (photo Mairie de Colomiers\/Yann Gachet)<\/p>\n<p>Dans un communiqu\u00e9 de presse, la maire de Colomiers r\u00e9pond s\u00e8chement \u00e0 Sacha Briand, vice-pr\u00e9sident de Toulouse M\u00e9tropole en charge des Finances. Lors de la pr\u00e9sentation du financement de la 3e ligne de m\u00e9tro, ce dernier a sugg\u00e9r\u00e9 que Colomiers puisse participer financi\u00e8rement au projet. Pour Karine Traval-Michelet, c&rsquo;est non.<\/p>\n<p>La maire de Colomiers, Karine Traval-Michelet, s&rsquo;est exprim\u00e9e le 26 juillet sur le financement de la 3e ligne de m\u00e9tro (TAE). Dans un communiqu\u00e9, elle explique pourquoi la ville de Colomiers ne participera pas au financement du tron\u00e7on Airbus &#8211; Colomiers Gare, m\u00eame s&rsquo;il est pr\u00e9vu que le m\u00e9tro passe par cette commune.<\/p>\n<p><a href=\"http:\/\/objectifnews.latribune.fr\/economie\/developpement-economique\/2016-07-27\/financement-de-la-3e-ligne-de-metro-la-maire-de-colomiers-refuse-de-participer.html\" target=\"_blank\"><strong>lire la suite<\/strong><\/a><\/p>\n<p>&nbsp;<\/p>\n","protected":false},"excerpt":{"rendered":"<p>Un article de Sophie Arutunian paru dans La Tribune le 27 juillet 2016 (photo Mairie de Colomiers\/Yann Gachet) Dans un communiqu\u00e9 de presse, la maire de Colomiers r\u00e9pond s\u00e8chement \u00e0 Sacha Briand, vice-pr\u00e9sident de Toulouse M\u00e9tropole en charge des Finances. Lors de la pr\u00e9sentation du financement de la 3e ligne de m\u00e9tro, ce dernier a<\/p>\n<p class=\"more-link\"><a href=\"https:\/\/autate.fr\/site\/la-tribune-3e-ligne-de-metro-la-maire-de-colomiers-refuse-de-participer-au-financement\/\" class=\"themebutton2\">VOIR PLUS<\/a><\/p>\n","protected":false},"author":1,"featured_media":811,"comment_status":"open","ping_status":"open","sticky":false,"template":"","format":"standard","meta":{"footnotes":""},"categories":[7],"tags":[35,195,243,52],"class_list":["post-810","post","type-post","status-publish","format-standard","has-post-thumbnail","hentry","category-revue-de-presse","tag-colomiers","tag-financement","tag-k-traval-michelet","tag-tae"],"yoast_head":"<!-- This site is optimized with the Yoast SEO plugin v27.4 - https:\/\/yoast.com\/product\/yoast-seo-wordpress\/ -->\n<title>[La Tribune] 3e ligne de m\u00e9tro : la maire de Colomiers refuse de participer au financement - AUTATE<\/title>\n<meta name=\"robots\" content=\"index, follow, max-snippet:-1, max-image-preview:large, max-video-preview:-1\" \/>\n<link rel=\"canonical\" href=\"https:\/\/autate.fr\/site\/la-tribune-3e-ligne-de-metro-la-maire-de-colomiers-refuse-de-participer-au-financement\/\" \/>\n<meta property=\"og:locale\" content=\"fr_FR\" \/>\n<meta property=\"og:type\" content=\"article\" \/>\n<meta property=\"og:title\" content=\"[La Tribune] 3e ligne de m\u00e9tro : la maire de Colomiers refuse de participer au financement - AUTATE\" \/>\n<meta property=\"og:description\" content=\"Un article de Sophie Arutunian paru dans La Tribune le 27 juillet 2016 (photo Mairie de Colomiers\/Yann Gachet) Dans un communiqu\u00e9 de presse, la maire de Colomiers r\u00e9pond s\u00e8chement \u00e0 Sacha Briand, vice-pr\u00e9sident de Toulouse M\u00e9tropole en charge des Finances. Lors de la pr\u00e9sentation du financement de la 3e ligne de m\u00e9tro, ce dernier aVOIR PLUS\" \/>\n<meta property=\"og:url\" content=\"https:\/\/autate.fr\/site\/la-tribune-3e-ligne-de-metro-la-maire-de-colomiers-refuse-de-participer-au-financement\/\" \/>\n<meta property=\"og:site_name\" content=\"AUTATE\" \/>\n<meta property=\"article:publisher\" content=\"https:\/\/www.facebook.com\/AutateToulouse\" \/>\n<meta property=\"article:published_time\" content=\"2016-07-28T18:54:24+00:00\" \/>\n<meta property=\"article:modified_time\" content=\"2016-08-10T19:09:03+00:00\" \/>\n<meta property=\"og:image\" content=\"https:\/\/autate.fr\/site\/wp-content\/uploads\/2016\/08\/karine-traval-michelet.png\" \/>\n\t<meta property=\"og:image:width\" content=\"612\" \/>\n\t<meta property=\"og:image:height\" content=\"306\" \/>\n\t<meta property=\"og:image:type\" content=\"image\/png\" \/>\n<meta name=\"author\" content=\"pascalbarbier\" \/>\n<meta name=\"twitter:card\" content=\"summary_large_image\" \/>\n<meta name=\"twitter:creator\" content=\"@AutateToulouse\" \/>\n<meta name=\"twitter:site\" content=\"@AutateToulouse\" \/>\n<meta name=\"twitter:label1\" content=\"\u00c9crit par\" \/>\n\t<meta name=\"twitter:data1\" content=\"pascalbarbier\" \/>\n\t<meta name=\"twitter:label2\" content=\"Dur\u00e9e de lecture estim\u00e9e\" \/>\n\t<meta name=\"twitter:data2\" content=\"1 minute\" \/>\n<script type=\"application\/ld+json\" class=\"yoast-schema-graph\">{\"@context\":\"https:\\\/\\\/schema.org\",\"@graph\":[{\"@type\":\"Article\",\"@id\":\"https:\\\/\\\/autate.fr\\\/site\\\/la-tribune-3e-ligne-de-metro-la-maire-de-colomiers-refuse-de-participer-au-financement\\\/#article\",\"isPartOf\":{\"@id\":\"https:\\\/\\\/autate.fr\\\/site\\\/la-tribune-3e-ligne-de-metro-la-maire-de-colomiers-refuse-de-participer-au-financement\\\/\"},\"author\":{\"name\":\"pascalbarbier\",\"@id\":\"https:\\\/\\\/autate.fr\\\/site\\\/#\\\/schema\\\/person\\\/ae1ab8bdaa7b41d2a9b52d2557ce8254\"},\"headline\":\"[La Tribune] 3e ligne de m\u00e9tro : la maire de Colomiers refuse de participer au financement\",\"datePublished\":\"2016-07-28T18:54:24+00:00\",\"dateModified\":\"2016-08-10T19:09:03+00:00\",\"mainEntityOfPage\":{\"@id\":\"https:\\\/\\\/autate.fr\\\/site\\\/la-tribune-3e-ligne-de-metro-la-maire-de-colomiers-refuse-de-participer-au-financement\\\/\"},\"wordCount\":152,\"commentCount\":0,\"publisher\":{\"@id\":\"https:\\\/\\\/autate.fr\\\/site\\\/#organization\"},\"image\":{\"@id\":\"https:\\\/\\\/autate.fr\\\/site\\\/la-tribune-3e-ligne-de-metro-la-maire-de-colomiers-refuse-de-participer-au-financement\\\/#primaryimage\"},\"thumbnailUrl\":\"https:\\\/\\\/autate.fr\\\/site\\\/wp-content\\\/uploads\\\/2016\\\/08\\\/karine-traval-michelet.png\",\"keywords\":[\"Colomiers\",\"Financement\",\"K.Traval-Michelet\",\"TAE\"],\"articleSection\":[\"Revue de presse\"],\"inLanguage\":\"fr-FR\",\"potentialAction\":[{\"@type\":\"CommentAction\",\"name\":\"Comment\",\"target\":[\"https:\\\/\\\/autate.fr\\\/site\\\/la-tribune-3e-ligne-de-metro-la-maire-de-colomiers-refuse-de-participer-au-financement\\\/#respond\"]}]},{\"@type\":\"WebPage\",\"@id\":\"https:\\\/\\\/autate.fr\\\/site\\\/la-tribune-3e-ligne-de-metro-la-maire-de-colomiers-refuse-de-participer-au-financement\\\/\",\"url\":\"https:\\\/\\\/autate.fr\\\/site\\\/la-tribune-3e-ligne-de-metro-la-maire-de-colomiers-refuse-de-participer-au-financement\\\/\",\"name\":\"[La Tribune] 3e ligne de m\u00e9tro : la maire de Colomiers refuse de participer au financement - AUTATE\",\"isPartOf\":{\"@id\":\"https:\\\/\\\/autate.fr\\\/site\\\/#website\"},\"primaryImageOfPage\":{\"@id\":\"https:\\\/\\\/autate.fr\\\/site\\\/la-tribune-3e-ligne-de-metro-la-maire-de-colomiers-refuse-de-participer-au-financement\\\/#primaryimage\"},\"image\":{\"@id\":\"https:\\\/\\\/autate.fr\\\/site\\\/la-tribune-3e-ligne-de-metro-la-maire-de-colomiers-refuse-de-participer-au-financement\\\/#primaryimage\"},\"thumbnailUrl\":\"https:\\\/\\\/autate.fr\\\/site\\\/wp-content\\\/uploads\\\/2016\\\/08\\\/karine-traval-michelet.png\",\"datePublished\":\"2016-07-28T18:54:24+00:00\",\"dateModified\":\"2016-08-10T19:09:03+00:00\",\"breadcrumb\":{\"@id\":\"https:\\\/\\\/autate.fr\\\/site\\\/la-tribune-3e-ligne-de-metro-la-maire-de-colomiers-refuse-de-participer-au-financement\\\/#breadcrumb\"},\"inLanguage\":\"fr-FR\",\"potentialAction\":[{\"@type\":\"ReadAction\",\"target\":[\"https:\\\/\\\/autate.fr\\\/site\\\/la-tribune-3e-ligne-de-metro-la-maire-de-colomiers-refuse-de-participer-au-financement\\\/\"]}]},{\"@type\":\"ImageObject\",\"inLanguage\":\"fr-FR\",\"@id\":\"https:\\\/\\\/autate.fr\\\/site\\\/la-tribune-3e-ligne-de-metro-la-maire-de-colomiers-refuse-de-participer-au-financement\\\/#primaryimage\",\"url\":\"https:\\\/\\\/autate.fr\\\/site\\\/wp-content\\\/uploads\\\/2016\\\/08\\\/karine-traval-michelet.png\",\"contentUrl\":\"https:\\\/\\\/autate.fr\\\/site\\\/wp-content\\\/uploads\\\/2016\\\/08\\\/karine-traval-michelet.png\",\"width\":612,\"height\":306},{\"@type\":\"BreadcrumbList\",\"@id\":\"https:\\\/\\\/autate.fr\\\/site\\\/la-tribune-3e-ligne-de-metro-la-maire-de-colomiers-refuse-de-participer-au-financement\\\/#breadcrumb\",\"itemListElement\":[{\"@type\":\"ListItem\",\"position\":1,\"name\":\"Accueil\",\"item\":\"https:\\\/\\\/autate.fr\\\/site\\\/\"},{\"@type\":\"ListItem\",\"position\":2,\"name\":\"[La Tribune] 3e ligne de m\u00e9tro : la maire de Colomiers refuse de participer au financement\"}]},{\"@type\":\"WebSite\",\"@id\":\"https:\\\/\\\/autate.fr\\\/site\\\/#website\",\"url\":\"https:\\\/\\\/autate.fr\\\/site\\\/\",\"name\":\"AUTATE\",\"description\":\"Association des usagers des transports de l&#039;agglom\u00e9ration Toulousaine et de ses environs\",\"publisher\":{\"@id\":\"https:\\\/\\\/autate.fr\\\/site\\\/#organization\"},\"potentialAction\":[{\"@type\":\"SearchAction\",\"target\":{\"@type\":\"EntryPoint\",\"urlTemplate\":\"https:\\\/\\\/autate.fr\\\/site\\\/?s={search_term_string}\"},\"query-input\":{\"@type\":\"PropertyValueSpecification\",\"valueRequired\":true,\"valueName\":\"search_term_string\"}}],\"inLanguage\":\"fr-FR\"},{\"@type\":\"Organization\",\"@id\":\"https:\\\/\\\/autate.fr\\\/site\\\/#organization\",\"name\":\"AUTATE\",\"url\":\"https:\\\/\\\/autate.fr\\\/site\\\/\",\"logo\":{\"@type\":\"ImageObject\",\"inLanguage\":\"fr-FR\",\"@id\":\"https:\\\/\\\/autate.fr\\\/site\\\/#\\\/schema\\\/logo\\\/image\\\/\",\"url\":\"http:\\\/\\\/autate.fr\\\/site\\\/wp-content\\\/uploads\\\/2019\\\/01\\\/logo.png\",\"contentUrl\":\"http:\\\/\\\/autate.fr\\\/site\\\/wp-content\\\/uploads\\\/2019\\\/01\\\/logo.png\",\"width\":506,\"height\":280,\"caption\":\"AUTATE\"},\"image\":{\"@id\":\"https:\\\/\\\/autate.fr\\\/site\\\/#\\\/schema\\\/logo\\\/image\\\/\"},\"sameAs\":[\"https:\\\/\\\/www.facebook.com\\\/AutateToulouse\",\"https:\\\/\\\/x.com\\\/AutateToulouse\"]},{\"@type\":\"Person\",\"@id\":\"https:\\\/\\\/autate.fr\\\/site\\\/#\\\/schema\\\/person\\\/ae1ab8bdaa7b41d2a9b52d2557ce8254\",\"name\":\"pascalbarbier\",\"image\":{\"@type\":\"ImageObject\",\"inLanguage\":\"fr-FR\",\"@id\":\"https:\\\/\\\/secure.gravatar.com\\\/avatar\\\/03f4e8ced09894b72c67e83142540730d4b3bbf619bf46341b0074e3bf5f08a0?s=96&d=mm&r=g\",\"url\":\"https:\\\/\\\/secure.gravatar.com\\\/avatar\\\/03f4e8ced09894b72c67e83142540730d4b3bbf619bf46341b0074e3bf5f08a0?s=96&d=mm&r=g\",\"contentUrl\":\"https:\\\/\\\/secure.gravatar.com\\\/avatar\\\/03f4e8ced09894b72c67e83142540730d4b3bbf619bf46341b0074e3bf5f08a0?s=96&d=mm&r=g\",\"caption\":\"pascalbarbier\"},\"url\":\"https:\\\/\\\/autate.fr\\\/site\\\/author\\\/pascalbarbier\\\/\"}]}<\/script>\n<!-- \/ Yoast SEO plugin. -->","yoast_head_json":{"title":"[La Tribune] 3e ligne de m\u00e9tro : la maire de Colomiers refuse de participer au financement - AUTATE","robots":{"index":"index","follow":"follow","max-snippet":"max-snippet:-1","max-image-preview":"max-image-preview:large","max-video-preview":"max-video-preview:-1"},"canonical":"https:\/\/autate.fr\/site\/la-tribune-3e-ligne-de-metro-la-maire-de-colomiers-refuse-de-participer-au-financement\/","og_locale":"fr_FR","og_type":"article","og_title":"[La Tribune] 3e ligne de m\u00e9tro : la maire de Colomiers refuse de participer au financement - AUTATE","og_description":"Un article de Sophie Arutunian paru dans La Tribune le 27 juillet 2016 (photo Mairie de Colomiers\/Yann Gachet) Dans un communiqu\u00e9 de presse, la maire de Colomiers r\u00e9pond s\u00e8chement \u00e0 Sacha Briand, vice-pr\u00e9sident de Toulouse M\u00e9tropole en charge des Finances. Lors de la pr\u00e9sentation du financement de la 3e ligne de m\u00e9tro, ce dernier aVOIR PLUS","og_url":"https:\/\/autate.fr\/site\/la-tribune-3e-ligne-de-metro-la-maire-de-colomiers-refuse-de-participer-au-financement\/","og_site_name":"AUTATE","article_publisher":"https:\/\/www.facebook.com\/AutateToulouse","article_published_time":"2016-07-28T18:54:24+00:00","article_modified_time":"2016-08-10T19:09:03+00:00","og_image":[{"width":612,"height":306,"url":"https:\/\/autate.fr\/site\/wp-content\/uploads\/2016\/08\/karine-traval-michelet.png","type":"image\/png"}],"author":"pascalbarbier","twitter_card":"summary_large_image","twitter_creator":"@AutateToulouse","twitter_site":"@AutateToulouse","twitter_misc":{"\u00c9crit par":"pascalbarbier","Dur\u00e9e de lecture estim\u00e9e":"1 minute"},"schema":{"@context":"https:\/\/schema.org","@graph":[{"@type":"Article","@id":"https:\/\/autate.fr\/site\/la-tribune-3e-ligne-de-metro-la-maire-de-colomiers-refuse-de-participer-au-financement\/#article","isPartOf":{"@id":"https:\/\/autate.fr\/site\/la-tribune-3e-ligne-de-metro-la-maire-de-colomiers-refuse-de-participer-au-financement\/"},"author":{"name":"pascalbarbier","@id":"https:\/\/autate.fr\/site\/#\/schema\/person\/ae1ab8bdaa7b41d2a9b52d2557ce8254"},"headline":"[La Tribune] 3e ligne de m\u00e9tro : la maire de Colomiers refuse de participer au financement","datePublished":"2016-07-28T18:54:24+00:00","dateModified":"2016-08-10T19:09:03+00:00","mainEntityOfPage":{"@id":"https:\/\/autate.fr\/site\/la-tribune-3e-ligne-de-metro-la-maire-de-colomiers-refuse-de-participer-au-financement\/"},"wordCount":152,"commentCount":0,"publisher":{"@id":"https:\/\/autate.fr\/site\/#organization"},"image":{"@id":"https:\/\/autate.fr\/site\/la-tribune-3e-ligne-de-metro-la-maire-de-colomiers-refuse-de-participer-au-financement\/#primaryimage"},"thumbnailUrl":"https:\/\/autate.fr\/site\/wp-content\/uploads\/2016\/08\/karine-traval-michelet.png","keywords":["Colomiers","Financement","K.Traval-Michelet","TAE"],"articleSection":["Revue de presse"],"inLanguage":"fr-FR","potentialAction":[{"@type":"CommentAction","name":"Comment","target":["https:\/\/autate.fr\/site\/la-tribune-3e-ligne-de-metro-la-maire-de-colomiers-refuse-de-participer-au-financement\/#respond"]}]},{"@type":"WebPage","@id":"https:\/\/autate.fr\/site\/la-tribune-3e-ligne-de-metro-la-maire-de-colomiers-refuse-de-participer-au-financement\/","url":"https:\/\/autate.fr\/site\/la-tribune-3e-ligne-de-metro-la-maire-de-colomiers-refuse-de-participer-au-financement\/","name":"[La Tribune] 3e ligne de m\u00e9tro : la maire de Colomiers refuse de participer au financement - AUTATE","isPartOf":{"@id":"https:\/\/autate.fr\/site\/#website"},"primaryImageOfPage":{"@id":"https:\/\/autate.fr\/site\/la-tribune-3e-ligne-de-metro-la-maire-de-colomiers-refuse-de-participer-au-financement\/#primaryimage"},"image":{"@id":"https:\/\/autate.fr\/site\/la-tribune-3e-ligne-de-metro-la-maire-de-colomiers-refuse-de-participer-au-financement\/#primaryimage"},"thumbnailUrl":"https:\/\/autate.fr\/site\/wp-content\/uploads\/2016\/08\/karine-traval-michelet.png","datePublished":"2016-07-28T18:54:24+00:00","dateModified":"2016-08-10T19:09:03+00:00","breadcrumb":{"@id":"https:\/\/autate.fr\/site\/la-tribune-3e-ligne-de-metro-la-maire-de-colomiers-refuse-de-participer-au-financement\/#breadcrumb"},"inLanguage":"fr-FR","potentialAction":[{"@type":"ReadAction","target":["https:\/\/autate.fr\/site\/la-tribune-3e-ligne-de-metro-la-maire-de-colomiers-refuse-de-participer-au-financement\/"]}]},{"@type":"ImageObject","inLanguage":"fr-FR","@id":"https:\/\/autate.fr\/site\/la-tribune-3e-ligne-de-metro-la-maire-de-colomiers-refuse-de-participer-au-financement\/#primaryimage","url":"https:\/\/autate.fr\/site\/wp-content\/uploads\/2016\/08\/karine-traval-michelet.png","contentUrl":"https:\/\/autate.fr\/site\/wp-content\/uploads\/2016\/08\/karine-traval-michelet.png","width":612,"height":306},{"@type":"BreadcrumbList","@id":"https:\/\/autate.fr\/site\/la-tribune-3e-ligne-de-metro-la-maire-de-colomiers-refuse-de-participer-au-financement\/#breadcrumb","itemListElement":[{"@type":"ListItem","position":1,"name":"Accueil","item":"https:\/\/autate.fr\/site\/"},{"@type":"ListItem","position":2,"name":"[La Tribune] 3e ligne de m\u00e9tro : la maire de Colomiers refuse de participer au financement"}]},{"@type":"WebSite","@id":"https:\/\/autate.fr\/site\/#website","url":"https:\/\/autate.fr\/site\/","name":"AUTATE","description":"Association des usagers des transports de l&#039;agglom\u00e9ration Toulousaine et de ses environs","publisher":{"@id":"https:\/\/autate.fr\/site\/#organization"},"potentialAction":[{"@type":"SearchAction","target":{"@type":"EntryPoint","urlTemplate":"https:\/\/autate.fr\/site\/?s={search_term_string}"},"query-input":{"@type":"PropertyValueSpecification","valueRequired":true,"valueName":"search_term_string"}}],"inLanguage":"fr-FR"},{"@type":"Organization","@id":"https:\/\/autate.fr\/site\/#organization","name":"AUTATE","url":"https:\/\/autate.fr\/site\/","logo":{"@type":"ImageObject","inLanguage":"fr-FR","@id":"https:\/\/autate.fr\/site\/#\/schema\/logo\/image\/","url":"http:\/\/autate.fr\/site\/wp-content\/uploads\/2019\/01\/logo.png","contentUrl":"http:\/\/autate.fr\/site\/wp-content\/uploads\/2019\/01\/logo.png","width":506,"height":280,"caption":"AUTATE"},"image":{"@id":"https:\/\/autate.fr\/site\/#\/schema\/logo\/image\/"},"sameAs":["https:\/\/www.facebook.com\/AutateToulouse","https:\/\/x.com\/AutateToulouse"]},{"@type":"Person","@id":"https:\/\/autate.fr\/site\/#\/schema\/person\/ae1ab8bdaa7b41d2a9b52d2557ce8254","name":"pascalbarbier","image":{"@type":"ImageObject","inLanguage":"fr-FR","@id":"https:\/\/secure.gravatar.com\/avatar\/03f4e8ced09894b72c67e83142540730d4b3bbf619bf46341b0074e3bf5f08a0?s=96&d=mm&r=g","url":"https:\/\/secure.gravatar.com\/avatar\/03f4e8ced09894b72c67e83142540730d4b3bbf619bf46341b0074e3bf5f08a0?s=96&d=mm&r=g","contentUrl":"https:\/\/secure.gravatar.com\/avatar\/03f4e8ced09894b72c67e83142540730d4b3bbf619bf46341b0074e3bf5f08a0?s=96&d=mm&r=g","caption":"pascalbarbier"},"url":"https:\/\/autate.fr\/site\/author\/pascalbarbier\/"}]}},"_links":{"self":[{"href":"https:\/\/autate.fr\/site\/wp-json\/wp\/v2\/posts\/810","targetHints":{"allow":["GET"]}}],"collection":[{"href":"https:\/\/autate.fr\/site\/wp-json\/wp\/v2\/posts"}],"about":[{"href":"https:\/\/autate.fr\/site\/wp-json\/wp\/v2\/types\/post"}],"author":[{"embeddable":true,"href":"https:\/\/autate.fr\/site\/wp-json\/wp\/v2\/users\/1"}],"replies":[{"embeddable":true,"href":"https:\/\/autate.fr\/site\/wp-json\/wp\/v2\/comments?post=810"}],"version-history":[{"count":3,"href":"https:\/\/autate.fr\/site\/wp-json\/wp\/v2\/posts\/810\/revisions"}],"predecessor-version":[{"id":821,"href":"https:\/\/autate.fr\/site\/wp-json\/wp\/v2\/posts\/810\/revisions\/821"}],"wp:featuredmedia":[{"embeddable":true,"href":"https:\/\/autate.fr\/site\/wp-json\/wp\/v2\/media\/811"}],"wp:attachment":[{"href":"https:\/\/autate.fr\/site\/wp-json\/wp\/v2\/media?parent=810"}],"wp:term":[{"taxonomy":"category","embeddable":true,"href":"https:\/\/autate.fr\/site\/wp-json\/wp\/v2\/categories?post=810"},{"taxonomy":"post_tag","embeddable":true,"href":"https:\/\/autate.fr\/site\/wp-json\/wp\/v2\/tags?post=810"}],"curies":[{"name":"wp","href":"https:\/\/api.w.org\/{rel}","templated":true}]}}