{"id":81,"date":"2015-12-08T01:29:28","date_gmt":"2015-12-08T00:29:28","guid":{"rendered":"http:\/\/autate.fr\/site\/?p=81"},"modified":"2015-12-26T15:09:20","modified_gmt":"2015-12-26T14:09:20","slug":"la-depeche-laerotram-mais-rien-sur-le-plb","status":"publish","type":"post","link":"https:\/\/autate.fr\/site\/la-depeche-laerotram-mais-rien-sur-le-plb\/","title":{"rendered":"[La D\u00e9p\u00eache] L&rsquo;a\u00e9rotram mais rien sur le PLB"},"content":{"rendered":"<div class=\"p402_premium\">\n<h2 class=\"sous_titre\">Transports &#8211; SMTC tiss\u00e9o<\/h2>\n<p class=\"\">Le prochain comit\u00e9 syndical du SMTC Tiss\u00e9o (syndicat mixte des transports en commun de l&rsquo;agglom\u00e9ration toulousaine) aura lieu demain mercredi 9 d\u00e9cembre \u00e0 9 heures dans les locaux de\u00a0<a class=\"\" href=\"http:\/\/www.ladepeche.fr\/communes\/toulouse,31555.html\">Toulouse<\/a> M\u00e9tropole (9e \u00e9tage).<\/p>\n<div id=\"pub_dfp_article\" class=\"pub\"><\/div>\n<p class=\"\">\u00c0 l&rsquo;ordre du jour, notamment, l&rsquo;examen du budget suppl\u00e9mentaire 2015 et le d\u00e9bat sur les orientations budg\u00e9taires pour 2016, ainsi que l&rsquo;autorisation de contracter deux pr\u00eats de 10 et 20 millions d&rsquo;euros afin de financer des travaux du SMTC.<\/p>\n<p class=\"\">\u00c0 noter aussi trois d\u00e9lib\u00e9rations sur le projet de t\u00e9l\u00e9ph\u00e9rique urbain sud, dont l&rsquo;approbation du bilan de concertation et celle du principe d&rsquo;indemnisation des candidats \u00e0 la conception, r\u00e9alisation et maintenance de la liaison Oncopole-Rangueil-UPS. Un dossier qui avance donc m\u00eame s&rsquo;il n&rsquo;est pas, pour l&rsquo;instant, d\u00e9finitivement act\u00e9.<\/p>\n<p class=\"\">On rel\u00e8ve aussi, \u00e0 l&rsquo;ordre du jour, l&rsquo;approbation du programme d&rsquo;op\u00e9ration du Lineo 6, projet de super-bus reliant Castanet-Tolosan \u00e0 Ramonville et celle du programme de l&rsquo;op\u00e9ration Lineo 8 entre Marengo SNCF et Gonin. Mais rien de pr\u00e9vu, aucune d\u00e9lib\u00e9ration ni d\u00e9bat \u00e0 l&rsquo;ordre du jour, sur le prolongement de la ligne B du m\u00e9tro vers Lab\u00e8ge tant attendu par le Sicoval, membre du SMTC, et dont l&rsquo;enqu\u00eate publique est termin\u00e9e. Nul doute que les repr\u00e9sentants du Sicoval sauront \u00e9voquer ce projet au cours des d\u00e9bats.<\/p>\n<\/div>\n<div class=\"article_author\">Ph. E.<\/div>\n<div class=\"article_author\"><\/div>\n<div class=\"article_author\"><a href=\"http:\/\/www.ladepeche.fr\/article\/2015\/12\/08\/2233361-l-aerotram-mais-rien-sur-le-plb.html\">lire l&rsquo;article sur le site de la D\u00e9p\u00eache<\/a><\/div>\n","protected":false},"excerpt":{"rendered":"<p>Transports &#8211; SMTC tiss\u00e9o Le prochain comit\u00e9 syndical du SMTC Tiss\u00e9o (syndicat mixte des transports en commun de l&rsquo;agglom\u00e9ration toulousaine) aura lieu demain mercredi 9 d\u00e9cembre \u00e0 9 heures dans les locaux de\u00a0Toulouse M\u00e9tropole (9e \u00e9tage). \u00c0 l&rsquo;ordre du jour, notamment, l&rsquo;examen du budget suppl\u00e9mentaire 2015 et le d\u00e9bat sur les orientations budg\u00e9taires pour 2016,<\/p>\n<p class=\"more-link\"><a href=\"https:\/\/autate.fr\/site\/la-depeche-laerotram-mais-rien-sur-le-plb\/\" class=\"themebutton2\">VOIR PLUS<\/a><\/p>\n","protected":false},"author":1,"featured_media":0,"comment_status":"open","ping_status":"open","sticky":false,"template":"","format":"standard","meta":{"footnotes":""},"categories":[7],"tags":[27,28,26],"class_list":["post-81","post","type-post","status-publish","format-standard","hentry","category-revue-de-presse","tag-aerotram","tag-telepherique","tag-teleporte"],"yoast_head":"<!-- This site is optimized with the Yoast SEO plugin v27.4 - https:\/\/yoast.com\/product\/yoast-seo-wordpress\/ -->\n<title>[La D\u00e9p\u00eache] L&#039;a\u00e9rotram mais rien sur le PLB - AUTATE<\/title>\n<meta name=\"robots\" content=\"index, follow, max-snippet:-1, max-image-preview:large, max-video-preview:-1\" \/>\n<link rel=\"canonical\" href=\"https:\/\/autate.fr\/site\/la-depeche-laerotram-mais-rien-sur-le-plb\/\" \/>\n<meta property=\"og:locale\" content=\"fr_FR\" \/>\n<meta property=\"og:type\" content=\"article\" \/>\n<meta property=\"og:title\" content=\"[La D\u00e9p\u00eache] L&#039;a\u00e9rotram mais rien sur le PLB - AUTATE\" \/>\n<meta property=\"og:description\" content=\"Transports &#8211; SMTC tiss\u00e9o Le prochain comit\u00e9 syndical du SMTC Tiss\u00e9o (syndicat mixte des transports en commun de l&rsquo;agglom\u00e9ration toulousaine) aura lieu demain mercredi 9 d\u00e9cembre \u00e0 9 heures dans les locaux de\u00a0Toulouse M\u00e9tropole (9e \u00e9tage). \u00c0 l&rsquo;ordre du jour, notamment, l&rsquo;examen du budget suppl\u00e9mentaire 2015 et le d\u00e9bat sur les orientations budg\u00e9taires pour 2016,VOIR PLUS\" \/>\n<meta property=\"og:url\" content=\"https:\/\/autate.fr\/site\/la-depeche-laerotram-mais-rien-sur-le-plb\/\" \/>\n<meta property=\"og:site_name\" content=\"AUTATE\" \/>\n<meta property=\"article:publisher\" content=\"https:\/\/www.facebook.com\/AutateToulouse\" \/>\n<meta property=\"article:published_time\" content=\"2015-12-08T00:29:28+00:00\" \/>\n<meta property=\"article:modified_time\" content=\"2015-12-26T14:09:20+00:00\" \/>\n<meta name=\"author\" content=\"pascalbarbier\" \/>\n<meta name=\"twitter:card\" content=\"summary_large_image\" \/>\n<meta name=\"twitter:creator\" content=\"@AutateToulouse\" \/>\n<meta name=\"twitter:site\" content=\"@AutateToulouse\" \/>\n<meta name=\"twitter:label1\" content=\"\u00c9crit par\" \/>\n\t<meta name=\"twitter:data1\" content=\"pascalbarbier\" \/>\n\t<meta name=\"twitter:label2\" content=\"Dur\u00e9e de lecture estim\u00e9e\" \/>\n\t<meta name=\"twitter:data2\" content=\"1 minute\" \/>\n<script type=\"application\/ld+json\" class=\"yoast-schema-graph\">{\"@context\":\"https:\\\/\\\/schema.org\",\"@graph\":[{\"@type\":\"Article\",\"@id\":\"https:\\\/\\\/autate.fr\\\/site\\\/la-depeche-laerotram-mais-rien-sur-le-plb\\\/#article\",\"isPartOf\":{\"@id\":\"https:\\\/\\\/autate.fr\\\/site\\\/la-depeche-laerotram-mais-rien-sur-le-plb\\\/\"},\"author\":{\"name\":\"pascalbarbier\",\"@id\":\"https:\\\/\\\/autate.fr\\\/site\\\/#\\\/schema\\\/person\\\/ae1ab8bdaa7b41d2a9b52d2557ce8254\"},\"headline\":\"[La D\u00e9p\u00eache] L&rsquo;a\u00e9rotram mais rien sur le PLB\",\"datePublished\":\"2015-12-08T00:29:28+00:00\",\"dateModified\":\"2015-12-26T14:09:20+00:00\",\"mainEntityOfPage\":{\"@id\":\"https:\\\/\\\/autate.fr\\\/site\\\/la-depeche-laerotram-mais-rien-sur-le-plb\\\/\"},\"wordCount\":248,\"commentCount\":0,\"publisher\":{\"@id\":\"https:\\\/\\\/autate.fr\\\/site\\\/#organization\"},\"keywords\":[\"A\u00e9rotram\",\"t\u00e9l\u00e9ph\u00e9rique\",\"T\u00e9l\u00e9port\u00e9\"],\"articleSection\":[\"Revue de presse\"],\"inLanguage\":\"fr-FR\",\"potentialAction\":[{\"@type\":\"CommentAction\",\"name\":\"Comment\",\"target\":[\"https:\\\/\\\/autate.fr\\\/site\\\/la-depeche-laerotram-mais-rien-sur-le-plb\\\/#respond\"]}]},{\"@type\":\"WebPage\",\"@id\":\"https:\\\/\\\/autate.fr\\\/site\\\/la-depeche-laerotram-mais-rien-sur-le-plb\\\/\",\"url\":\"https:\\\/\\\/autate.fr\\\/site\\\/la-depeche-laerotram-mais-rien-sur-le-plb\\\/\",\"name\":\"[La D\u00e9p\u00eache] L'a\u00e9rotram mais rien sur le PLB - AUTATE\",\"isPartOf\":{\"@id\":\"https:\\\/\\\/autate.fr\\\/site\\\/#website\"},\"datePublished\":\"2015-12-08T00:29:28+00:00\",\"dateModified\":\"2015-12-26T14:09:20+00:00\",\"breadcrumb\":{\"@id\":\"https:\\\/\\\/autate.fr\\\/site\\\/la-depeche-laerotram-mais-rien-sur-le-plb\\\/#breadcrumb\"},\"inLanguage\":\"fr-FR\",\"potentialAction\":[{\"@type\":\"ReadAction\",\"target\":[\"https:\\\/\\\/autate.fr\\\/site\\\/la-depeche-laerotram-mais-rien-sur-le-plb\\\/\"]}]},{\"@type\":\"BreadcrumbList\",\"@id\":\"https:\\\/\\\/autate.fr\\\/site\\\/la-depeche-laerotram-mais-rien-sur-le-plb\\\/#breadcrumb\",\"itemListElement\":[{\"@type\":\"ListItem\",\"position\":1,\"name\":\"Accueil\",\"item\":\"https:\\\/\\\/autate.fr\\\/site\\\/\"},{\"@type\":\"ListItem\",\"position\":2,\"name\":\"[La D\u00e9p\u00eache] L&rsquo;a\u00e9rotram mais rien sur le PLB\"}]},{\"@type\":\"WebSite\",\"@id\":\"https:\\\/\\\/autate.fr\\\/site\\\/#website\",\"url\":\"https:\\\/\\\/autate.fr\\\/site\\\/\",\"name\":\"AUTATE\",\"description\":\"Association des usagers des transports de l&#039;agglom\u00e9ration Toulousaine et de ses environs\",\"publisher\":{\"@id\":\"https:\\\/\\\/autate.fr\\\/site\\\/#organization\"},\"potentialAction\":[{\"@type\":\"SearchAction\",\"target\":{\"@type\":\"EntryPoint\",\"urlTemplate\":\"https:\\\/\\\/autate.fr\\\/site\\\/?s={search_term_string}\"},\"query-input\":{\"@type\":\"PropertyValueSpecification\",\"valueRequired\":true,\"valueName\":\"search_term_string\"}}],\"inLanguage\":\"fr-FR\"},{\"@type\":\"Organization\",\"@id\":\"https:\\\/\\\/autate.fr\\\/site\\\/#organization\",\"name\":\"AUTATE\",\"url\":\"https:\\\/\\\/autate.fr\\\/site\\\/\",\"logo\":{\"@type\":\"ImageObject\",\"inLanguage\":\"fr-FR\",\"@id\":\"https:\\\/\\\/autate.fr\\\/site\\\/#\\\/schema\\\/logo\\\/image\\\/\",\"url\":\"http:\\\/\\\/autate.fr\\\/site\\\/wp-content\\\/uploads\\\/2019\\\/01\\\/logo.png\",\"contentUrl\":\"http:\\\/\\\/autate.fr\\\/site\\\/wp-content\\\/uploads\\\/2019\\\/01\\\/logo.png\",\"width\":506,\"height\":280,\"caption\":\"AUTATE\"},\"image\":{\"@id\":\"https:\\\/\\\/autate.fr\\\/site\\\/#\\\/schema\\\/logo\\\/image\\\/\"},\"sameAs\":[\"https:\\\/\\\/www.facebook.com\\\/AutateToulouse\",\"https:\\\/\\\/x.com\\\/AutateToulouse\"]},{\"@type\":\"Person\",\"@id\":\"https:\\\/\\\/autate.fr\\\/site\\\/#\\\/schema\\\/person\\\/ae1ab8bdaa7b41d2a9b52d2557ce8254\",\"name\":\"pascalbarbier\",\"image\":{\"@type\":\"ImageObject\",\"inLanguage\":\"fr-FR\",\"@id\":\"https:\\\/\\\/secure.gravatar.com\\\/avatar\\\/03f4e8ced09894b72c67e83142540730d4b3bbf619bf46341b0074e3bf5f08a0?s=96&d=mm&r=g\",\"url\":\"https:\\\/\\\/secure.gravatar.com\\\/avatar\\\/03f4e8ced09894b72c67e83142540730d4b3bbf619bf46341b0074e3bf5f08a0?s=96&d=mm&r=g\",\"contentUrl\":\"https:\\\/\\\/secure.gravatar.com\\\/avatar\\\/03f4e8ced09894b72c67e83142540730d4b3bbf619bf46341b0074e3bf5f08a0?s=96&d=mm&r=g\",\"caption\":\"pascalbarbier\"},\"url\":\"https:\\\/\\\/autate.fr\\\/site\\\/author\\\/pascalbarbier\\\/\"}]}<\/script>\n<!-- \/ Yoast SEO plugin. -->","yoast_head_json":{"title":"[La D\u00e9p\u00eache] L'a\u00e9rotram mais rien sur le PLB - AUTATE","robots":{"index":"index","follow":"follow","max-snippet":"max-snippet:-1","max-image-preview":"max-image-preview:large","max-video-preview":"max-video-preview:-1"},"canonical":"https:\/\/autate.fr\/site\/la-depeche-laerotram-mais-rien-sur-le-plb\/","og_locale":"fr_FR","og_type":"article","og_title":"[La D\u00e9p\u00eache] L'a\u00e9rotram mais rien sur le PLB - AUTATE","og_description":"Transports &#8211; SMTC tiss\u00e9o Le prochain comit\u00e9 syndical du SMTC Tiss\u00e9o (syndicat mixte des transports en commun de l&rsquo;agglom\u00e9ration toulousaine) aura lieu demain mercredi 9 d\u00e9cembre \u00e0 9 heures dans les locaux de\u00a0Toulouse M\u00e9tropole (9e \u00e9tage). \u00c0 l&rsquo;ordre du jour, notamment, l&rsquo;examen du budget suppl\u00e9mentaire 2015 et le d\u00e9bat sur les orientations budg\u00e9taires pour 2016,VOIR PLUS","og_url":"https:\/\/autate.fr\/site\/la-depeche-laerotram-mais-rien-sur-le-plb\/","og_site_name":"AUTATE","article_publisher":"https:\/\/www.facebook.com\/AutateToulouse","article_published_time":"2015-12-08T00:29:28+00:00","article_modified_time":"2015-12-26T14:09:20+00:00","author":"pascalbarbier","twitter_card":"summary_large_image","twitter_creator":"@AutateToulouse","twitter_site":"@AutateToulouse","twitter_misc":{"\u00c9crit par":"pascalbarbier","Dur\u00e9e de lecture estim\u00e9e":"1 minute"},"schema":{"@context":"https:\/\/schema.org","@graph":[{"@type":"Article","@id":"https:\/\/autate.fr\/site\/la-depeche-laerotram-mais-rien-sur-le-plb\/#article","isPartOf":{"@id":"https:\/\/autate.fr\/site\/la-depeche-laerotram-mais-rien-sur-le-plb\/"},"author":{"name":"pascalbarbier","@id":"https:\/\/autate.fr\/site\/#\/schema\/person\/ae1ab8bdaa7b41d2a9b52d2557ce8254"},"headline":"[La D\u00e9p\u00eache] L&rsquo;a\u00e9rotram mais rien sur le PLB","datePublished":"2015-12-08T00:29:28+00:00","dateModified":"2015-12-26T14:09:20+00:00","mainEntityOfPage":{"@id":"https:\/\/autate.fr\/site\/la-depeche-laerotram-mais-rien-sur-le-plb\/"},"wordCount":248,"commentCount":0,"publisher":{"@id":"https:\/\/autate.fr\/site\/#organization"},"keywords":["A\u00e9rotram","t\u00e9l\u00e9ph\u00e9rique","T\u00e9l\u00e9port\u00e9"],"articleSection":["Revue de presse"],"inLanguage":"fr-FR","potentialAction":[{"@type":"CommentAction","name":"Comment","target":["https:\/\/autate.fr\/site\/la-depeche-laerotram-mais-rien-sur-le-plb\/#respond"]}]},{"@type":"WebPage","@id":"https:\/\/autate.fr\/site\/la-depeche-laerotram-mais-rien-sur-le-plb\/","url":"https:\/\/autate.fr\/site\/la-depeche-laerotram-mais-rien-sur-le-plb\/","name":"[La D\u00e9p\u00eache] L'a\u00e9rotram mais rien sur le PLB - AUTATE","isPartOf":{"@id":"https:\/\/autate.fr\/site\/#website"},"datePublished":"2015-12-08T00:29:28+00:00","dateModified":"2015-12-26T14:09:20+00:00","breadcrumb":{"@id":"https:\/\/autate.fr\/site\/la-depeche-laerotram-mais-rien-sur-le-plb\/#breadcrumb"},"inLanguage":"fr-FR","potentialAction":[{"@type":"ReadAction","target":["https:\/\/autate.fr\/site\/la-depeche-laerotram-mais-rien-sur-le-plb\/"]}]},{"@type":"BreadcrumbList","@id":"https:\/\/autate.fr\/site\/la-depeche-laerotram-mais-rien-sur-le-plb\/#breadcrumb","itemListElement":[{"@type":"ListItem","position":1,"name":"Accueil","item":"https:\/\/autate.fr\/site\/"},{"@type":"ListItem","position":2,"name":"[La D\u00e9p\u00eache] L&rsquo;a\u00e9rotram mais rien sur le PLB"}]},{"@type":"WebSite","@id":"https:\/\/autate.fr\/site\/#website","url":"https:\/\/autate.fr\/site\/","name":"AUTATE","description":"Association des usagers des transports de l&#039;agglom\u00e9ration Toulousaine et de ses environs","publisher":{"@id":"https:\/\/autate.fr\/site\/#organization"},"potentialAction":[{"@type":"SearchAction","target":{"@type":"EntryPoint","urlTemplate":"https:\/\/autate.fr\/site\/?s={search_term_string}"},"query-input":{"@type":"PropertyValueSpecification","valueRequired":true,"valueName":"search_term_string"}}],"inLanguage":"fr-FR"},{"@type":"Organization","@id":"https:\/\/autate.fr\/site\/#organization","name":"AUTATE","url":"https:\/\/autate.fr\/site\/","logo":{"@type":"ImageObject","inLanguage":"fr-FR","@id":"https:\/\/autate.fr\/site\/#\/schema\/logo\/image\/","url":"http:\/\/autate.fr\/site\/wp-content\/uploads\/2019\/01\/logo.png","contentUrl":"http:\/\/autate.fr\/site\/wp-content\/uploads\/2019\/01\/logo.png","width":506,"height":280,"caption":"AUTATE"},"image":{"@id":"https:\/\/autate.fr\/site\/#\/schema\/logo\/image\/"},"sameAs":["https:\/\/www.facebook.com\/AutateToulouse","https:\/\/x.com\/AutateToulouse"]},{"@type":"Person","@id":"https:\/\/autate.fr\/site\/#\/schema\/person\/ae1ab8bdaa7b41d2a9b52d2557ce8254","name":"pascalbarbier","image":{"@type":"ImageObject","inLanguage":"fr-FR","@id":"https:\/\/secure.gravatar.com\/avatar\/03f4e8ced09894b72c67e83142540730d4b3bbf619bf46341b0074e3bf5f08a0?s=96&d=mm&r=g","url":"https:\/\/secure.gravatar.com\/avatar\/03f4e8ced09894b72c67e83142540730d4b3bbf619bf46341b0074e3bf5f08a0?s=96&d=mm&r=g","contentUrl":"https:\/\/secure.gravatar.com\/avatar\/03f4e8ced09894b72c67e83142540730d4b3bbf619bf46341b0074e3bf5f08a0?s=96&d=mm&r=g","caption":"pascalbarbier"},"url":"https:\/\/autate.fr\/site\/author\/pascalbarbier\/"}]}},"_links":{"self":[{"href":"https:\/\/autate.fr\/site\/wp-json\/wp\/v2\/posts\/81","targetHints":{"allow":["GET"]}}],"collection":[{"href":"https:\/\/autate.fr\/site\/wp-json\/wp\/v2\/posts"}],"about":[{"href":"https:\/\/autate.fr\/site\/wp-json\/wp\/v2\/types\/post"}],"author":[{"embeddable":true,"href":"https:\/\/autate.fr\/site\/wp-json\/wp\/v2\/users\/1"}],"replies":[{"embeddable":true,"href":"https:\/\/autate.fr\/site\/wp-json\/wp\/v2\/comments?post=81"}],"version-history":[{"count":2,"href":"https:\/\/autate.fr\/site\/wp-json\/wp\/v2\/posts\/81\/revisions"}],"predecessor-version":[{"id":119,"href":"https:\/\/autate.fr\/site\/wp-json\/wp\/v2\/posts\/81\/revisions\/119"}],"wp:attachment":[{"href":"https:\/\/autate.fr\/site\/wp-json\/wp\/v2\/media?parent=81"}],"wp:term":[{"taxonomy":"category","embeddable":true,"href":"https:\/\/autate.fr\/site\/wp-json\/wp\/v2\/categories?post=81"},{"taxonomy":"post_tag","embeddable":true,"href":"https:\/\/autate.fr\/site\/wp-json\/wp\/v2\/tags?post=81"}],"curies":[{"name":"wp","href":"https:\/\/api.w.org\/{rel}","templated":true}]}}