{"id":807,"date":"2016-07-27T20:47:39","date_gmt":"2016-07-27T18:47:39","guid":{"rendered":"http:\/\/autate.fr\/site\/?p=807"},"modified":"2016-08-10T21:10:30","modified_gmt":"2016-08-10T19:10:30","slug":"le-moniteur-lagglomeration-toulousaine-va-depenser-38-milliards-deuros-pour-les-transports","status":"publish","type":"post","link":"https:\/\/autate.fr\/site\/le-moniteur-lagglomeration-toulousaine-va-depenser-38-milliards-deuros-pour-les-transports\/","title":{"rendered":"[Le Moniteur] L\u2019agglom\u00e9ration toulousaine va d\u00e9penser 3,8 milliards d\u2019euros pour les transports"},"content":{"rendered":"<p>un article de Christiane Wanaverbecq paru dans le Moniteur le 26 juillet 2016<\/p>\n<p>Le plan de financement du projet \u00abmobilit\u00e9s\u00bb d\u2019ici \u00e0 2030 pour l\u2019agglom\u00e9ration toulousaine vient d\u2019\u00eatre arr\u00eat\u00e9. 3,8\u00a0milliards d\u2019euros seront investis, dont 2,1\u00a0milliards d\u2019euros pour la troisi\u00e8me ligne de m\u00e9tro. SMTC-Tiss\u00e9o compte financer sa part avec un emprunt de 2,8\u00a0milliards d\u2019euros.<\/p>\n<p>Ils \u00e9taient quatre \u00e9lus, ce 25 juillet dans les locaux du syndicat mixte des transports en commun (SMTC) Tiss\u00e9o \u00e0 Toulouse, pour pr\u00e9senter le projet mobilit\u00e9s de l\u2019agglom\u00e9ration toulousaine sur la p\u00e9riode 2020-2025-2030: Jean-Michel Lattes, pr\u00e9sident du SMTC Tiss\u00e9o, Jean-Luc Moudenc, pr\u00e9sident de Toulouse m\u00e9tropole, Sacha Briand, son vice-pr\u00e9sident aux finances et Francis Grass, pr\u00e9sident de la Soci\u00e9t\u00e9 de la mobilit\u00e9 de l\u2019agglom\u00e9ration toulousaine (Smat).<\/p>\n<p>Apr\u00e8s les engagements du conseil d\u00e9partemental de la Haute-Garonne, puis du conseil r\u00e9gional Occitanie, qui apportent respectivement un financement de 201 millions d\u2019euros et de 150 millions d\u2019euros, il \u00e9tait temps pour Tiss\u00e9o, autorit\u00e9 organisatrice des transports, de pr\u00e9senter le plan de financement d\u2019un programme \u00e9valu\u00e9 \u00e0 3,8 milliards d\u2019euros.<\/p>\n<p><a href=\"http:\/\/www.lemoniteur.fr\/article\/l-agglomeration-toulousaine-va-depenser-3-8-milliards-d-euros-pour-les-transports-32768407\" target=\"_blank\"><strong>lire la suite<\/strong><\/a><\/p>\n","protected":false},"excerpt":{"rendered":"<p>un article de Christiane Wanaverbecq paru dans le Moniteur le 26 juillet 2016 Le plan de financement du projet \u00abmobilit\u00e9s\u00bb d\u2019ici \u00e0 2030 pour l\u2019agglom\u00e9ration toulousaine vient d\u2019\u00eatre arr\u00eat\u00e9. 3,8\u00a0milliards d\u2019euros seront investis, dont 2,1\u00a0milliards d\u2019euros pour la troisi\u00e8me ligne de m\u00e9tro. SMTC-Tiss\u00e9o compte financer sa part avec un emprunt de 2,8\u00a0milliards d\u2019euros. Ils \u00e9taient<\/p>\n<p class=\"more-link\"><a href=\"https:\/\/autate.fr\/site\/le-moniteur-lagglomeration-toulousaine-va-depenser-38-milliards-deuros-pour-les-transports\/\" class=\"themebutton2\">VOIR PLUS<\/a><\/p>\n","protected":false},"author":1,"featured_media":808,"comment_status":"open","ping_status":"open","sticky":false,"template":"","format":"standard","meta":{"footnotes":""},"categories":[7],"tags":[172,195,236,52],"class_list":["post-807","post","type-post","status-publish","format-standard","has-post-thumbnail","hentry","category-revue-de-presse","tag-3eme-ligne-metro","tag-financement","tag-projet-mobilites","tag-tae"],"yoast_head":"<!-- This site is optimized with the Yoast SEO plugin v27.4 - https:\/\/yoast.com\/product\/yoast-seo-wordpress\/ -->\n<title>[Le Moniteur] L\u2019agglom\u00e9ration toulousaine va d\u00e9penser 3,8 milliards d\u2019euros pour les transports - AUTATE<\/title>\n<meta name=\"robots\" content=\"index, follow, max-snippet:-1, max-image-preview:large, max-video-preview:-1\" \/>\n<link rel=\"canonical\" href=\"https:\/\/autate.fr\/site\/le-moniteur-lagglomeration-toulousaine-va-depenser-38-milliards-deuros-pour-les-transports\/\" \/>\n<meta property=\"og:locale\" content=\"fr_FR\" \/>\n<meta property=\"og:type\" content=\"article\" \/>\n<meta property=\"og:title\" content=\"[Le Moniteur] L\u2019agglom\u00e9ration toulousaine va d\u00e9penser 3,8 milliards d\u2019euros pour les transports - AUTATE\" \/>\n<meta property=\"og:description\" content=\"un article de Christiane Wanaverbecq paru dans le Moniteur le 26 juillet 2016 Le plan de financement du projet \u00abmobilit\u00e9s\u00bb d\u2019ici \u00e0 2030 pour l\u2019agglom\u00e9ration toulousaine vient d\u2019\u00eatre arr\u00eat\u00e9. 3,8\u00a0milliards d\u2019euros seront investis, dont 2,1\u00a0milliards d\u2019euros pour la troisi\u00e8me ligne de m\u00e9tro. SMTC-Tiss\u00e9o compte financer sa part avec un emprunt de 2,8\u00a0milliards d\u2019euros. Ils \u00e9taientVOIR PLUS\" \/>\n<meta property=\"og:url\" content=\"https:\/\/autate.fr\/site\/le-moniteur-lagglomeration-toulousaine-va-depenser-38-milliards-deuros-pour-les-transports\/\" \/>\n<meta property=\"og:site_name\" content=\"AUTATE\" \/>\n<meta property=\"article:publisher\" content=\"https:\/\/www.facebook.com\/AutateToulouse\" \/>\n<meta property=\"article:published_time\" content=\"2016-07-27T18:47:39+00:00\" \/>\n<meta property=\"article:modified_time\" content=\"2016-08-10T19:10:30+00:00\" \/>\n<meta property=\"og:image\" content=\"https:\/\/autate.fr\/site\/wp-content\/uploads\/2016\/08\/r\u00e9seauprojettis\u00e9o.jpg\" \/>\n\t<meta property=\"og:image:width\" content=\"382\" \/>\n\t<meta property=\"og:image:height\" content=\"365\" \/>\n\t<meta property=\"og:image:type\" content=\"image\/jpeg\" \/>\n<meta name=\"author\" content=\"pascalbarbier\" \/>\n<meta name=\"twitter:card\" content=\"summary_large_image\" \/>\n<meta name=\"twitter:creator\" content=\"@AutateToulouse\" \/>\n<meta name=\"twitter:site\" content=\"@AutateToulouse\" \/>\n<meta name=\"twitter:label1\" content=\"\u00c9crit par\" \/>\n\t<meta name=\"twitter:data1\" content=\"pascalbarbier\" \/>\n\t<meta name=\"twitter:label2\" content=\"Dur\u00e9e de lecture estim\u00e9e\" \/>\n\t<meta name=\"twitter:data2\" content=\"1 minute\" \/>\n<script type=\"application\/ld+json\" class=\"yoast-schema-graph\">{\"@context\":\"https:\\\/\\\/schema.org\",\"@graph\":[{\"@type\":\"Article\",\"@id\":\"https:\\\/\\\/autate.fr\\\/site\\\/le-moniteur-lagglomeration-toulousaine-va-depenser-38-milliards-deuros-pour-les-transports\\\/#article\",\"isPartOf\":{\"@id\":\"https:\\\/\\\/autate.fr\\\/site\\\/le-moniteur-lagglomeration-toulousaine-va-depenser-38-milliards-deuros-pour-les-transports\\\/\"},\"author\":{\"name\":\"pascalbarbier\",\"@id\":\"https:\\\/\\\/autate.fr\\\/site\\\/#\\\/schema\\\/person\\\/ae1ab8bdaa7b41d2a9b52d2557ce8254\"},\"headline\":\"[Le Moniteur] L\u2019agglom\u00e9ration toulousaine va d\u00e9penser 3,8 milliards d\u2019euros pour les transports\",\"datePublished\":\"2016-07-27T18:47:39+00:00\",\"dateModified\":\"2016-08-10T19:10:30+00:00\",\"mainEntityOfPage\":{\"@id\":\"https:\\\/\\\/autate.fr\\\/site\\\/le-moniteur-lagglomeration-toulousaine-va-depenser-38-milliards-deuros-pour-les-transports\\\/\"},\"wordCount\":213,\"commentCount\":0,\"publisher\":{\"@id\":\"https:\\\/\\\/autate.fr\\\/site\\\/#organization\"},\"image\":{\"@id\":\"https:\\\/\\\/autate.fr\\\/site\\\/le-moniteur-lagglomeration-toulousaine-va-depenser-38-milliards-deuros-pour-les-transports\\\/#primaryimage\"},\"thumbnailUrl\":\"https:\\\/\\\/autate.fr\\\/site\\\/wp-content\\\/uploads\\\/2016\\\/08\\\/r\u00e9seauprojettis\u00e9o.jpg\",\"keywords\":[\"3\u00e8me ligne m\u00e9tro\",\"Financement\",\"projet mobilit\u00e9s\",\"TAE\"],\"articleSection\":[\"Revue de presse\"],\"inLanguage\":\"fr-FR\",\"potentialAction\":[{\"@type\":\"CommentAction\",\"name\":\"Comment\",\"target\":[\"https:\\\/\\\/autate.fr\\\/site\\\/le-moniteur-lagglomeration-toulousaine-va-depenser-38-milliards-deuros-pour-les-transports\\\/#respond\"]}]},{\"@type\":\"WebPage\",\"@id\":\"https:\\\/\\\/autate.fr\\\/site\\\/le-moniteur-lagglomeration-toulousaine-va-depenser-38-milliards-deuros-pour-les-transports\\\/\",\"url\":\"https:\\\/\\\/autate.fr\\\/site\\\/le-moniteur-lagglomeration-toulousaine-va-depenser-38-milliards-deuros-pour-les-transports\\\/\",\"name\":\"[Le Moniteur] L\u2019agglom\u00e9ration toulousaine va d\u00e9penser 3,8 milliards d\u2019euros pour les transports - AUTATE\",\"isPartOf\":{\"@id\":\"https:\\\/\\\/autate.fr\\\/site\\\/#website\"},\"primaryImageOfPage\":{\"@id\":\"https:\\\/\\\/autate.fr\\\/site\\\/le-moniteur-lagglomeration-toulousaine-va-depenser-38-milliards-deuros-pour-les-transports\\\/#primaryimage\"},\"image\":{\"@id\":\"https:\\\/\\\/autate.fr\\\/site\\\/le-moniteur-lagglomeration-toulousaine-va-depenser-38-milliards-deuros-pour-les-transports\\\/#primaryimage\"},\"thumbnailUrl\":\"https:\\\/\\\/autate.fr\\\/site\\\/wp-content\\\/uploads\\\/2016\\\/08\\\/r\u00e9seauprojettis\u00e9o.jpg\",\"datePublished\":\"2016-07-27T18:47:39+00:00\",\"dateModified\":\"2016-08-10T19:10:30+00:00\",\"breadcrumb\":{\"@id\":\"https:\\\/\\\/autate.fr\\\/site\\\/le-moniteur-lagglomeration-toulousaine-va-depenser-38-milliards-deuros-pour-les-transports\\\/#breadcrumb\"},\"inLanguage\":\"fr-FR\",\"potentialAction\":[{\"@type\":\"ReadAction\",\"target\":[\"https:\\\/\\\/autate.fr\\\/site\\\/le-moniteur-lagglomeration-toulousaine-va-depenser-38-milliards-deuros-pour-les-transports\\\/\"]}]},{\"@type\":\"ImageObject\",\"inLanguage\":\"fr-FR\",\"@id\":\"https:\\\/\\\/autate.fr\\\/site\\\/le-moniteur-lagglomeration-toulousaine-va-depenser-38-milliards-deuros-pour-les-transports\\\/#primaryimage\",\"url\":\"https:\\\/\\\/autate.fr\\\/site\\\/wp-content\\\/uploads\\\/2016\\\/08\\\/r\u00e9seauprojettis\u00e9o.jpg\",\"contentUrl\":\"https:\\\/\\\/autate.fr\\\/site\\\/wp-content\\\/uploads\\\/2016\\\/08\\\/r\u00e9seauprojettis\u00e9o.jpg\",\"width\":382,\"height\":365},{\"@type\":\"BreadcrumbList\",\"@id\":\"https:\\\/\\\/autate.fr\\\/site\\\/le-moniteur-lagglomeration-toulousaine-va-depenser-38-milliards-deuros-pour-les-transports\\\/#breadcrumb\",\"itemListElement\":[{\"@type\":\"ListItem\",\"position\":1,\"name\":\"Accueil\",\"item\":\"https:\\\/\\\/autate.fr\\\/site\\\/\"},{\"@type\":\"ListItem\",\"position\":2,\"name\":\"[Le Moniteur] L\u2019agglom\u00e9ration toulousaine va d\u00e9penser 3,8 milliards d\u2019euros pour les transports\"}]},{\"@type\":\"WebSite\",\"@id\":\"https:\\\/\\\/autate.fr\\\/site\\\/#website\",\"url\":\"https:\\\/\\\/autate.fr\\\/site\\\/\",\"name\":\"AUTATE\",\"description\":\"Association des usagers des transports de l&#039;agglom\u00e9ration Toulousaine et de ses environs\",\"publisher\":{\"@id\":\"https:\\\/\\\/autate.fr\\\/site\\\/#organization\"},\"potentialAction\":[{\"@type\":\"SearchAction\",\"target\":{\"@type\":\"EntryPoint\",\"urlTemplate\":\"https:\\\/\\\/autate.fr\\\/site\\\/?s={search_term_string}\"},\"query-input\":{\"@type\":\"PropertyValueSpecification\",\"valueRequired\":true,\"valueName\":\"search_term_string\"}}],\"inLanguage\":\"fr-FR\"},{\"@type\":\"Organization\",\"@id\":\"https:\\\/\\\/autate.fr\\\/site\\\/#organization\",\"name\":\"AUTATE\",\"url\":\"https:\\\/\\\/autate.fr\\\/site\\\/\",\"logo\":{\"@type\":\"ImageObject\",\"inLanguage\":\"fr-FR\",\"@id\":\"https:\\\/\\\/autate.fr\\\/site\\\/#\\\/schema\\\/logo\\\/image\\\/\",\"url\":\"http:\\\/\\\/autate.fr\\\/site\\\/wp-content\\\/uploads\\\/2019\\\/01\\\/logo.png\",\"contentUrl\":\"http:\\\/\\\/autate.fr\\\/site\\\/wp-content\\\/uploads\\\/2019\\\/01\\\/logo.png\",\"width\":506,\"height\":280,\"caption\":\"AUTATE\"},\"image\":{\"@id\":\"https:\\\/\\\/autate.fr\\\/site\\\/#\\\/schema\\\/logo\\\/image\\\/\"},\"sameAs\":[\"https:\\\/\\\/www.facebook.com\\\/AutateToulouse\",\"https:\\\/\\\/x.com\\\/AutateToulouse\"]},{\"@type\":\"Person\",\"@id\":\"https:\\\/\\\/autate.fr\\\/site\\\/#\\\/schema\\\/person\\\/ae1ab8bdaa7b41d2a9b52d2557ce8254\",\"name\":\"pascalbarbier\",\"image\":{\"@type\":\"ImageObject\",\"inLanguage\":\"fr-FR\",\"@id\":\"https:\\\/\\\/secure.gravatar.com\\\/avatar\\\/03f4e8ced09894b72c67e83142540730d4b3bbf619bf46341b0074e3bf5f08a0?s=96&d=mm&r=g\",\"url\":\"https:\\\/\\\/secure.gravatar.com\\\/avatar\\\/03f4e8ced09894b72c67e83142540730d4b3bbf619bf46341b0074e3bf5f08a0?s=96&d=mm&r=g\",\"contentUrl\":\"https:\\\/\\\/secure.gravatar.com\\\/avatar\\\/03f4e8ced09894b72c67e83142540730d4b3bbf619bf46341b0074e3bf5f08a0?s=96&d=mm&r=g\",\"caption\":\"pascalbarbier\"},\"url\":\"https:\\\/\\\/autate.fr\\\/site\\\/author\\\/pascalbarbier\\\/\"}]}<\/script>\n<!-- \/ Yoast SEO plugin. -->","yoast_head_json":{"title":"[Le Moniteur] L\u2019agglom\u00e9ration toulousaine va d\u00e9penser 3,8 milliards d\u2019euros pour les transports - AUTATE","robots":{"index":"index","follow":"follow","max-snippet":"max-snippet:-1","max-image-preview":"max-image-preview:large","max-video-preview":"max-video-preview:-1"},"canonical":"https:\/\/autate.fr\/site\/le-moniteur-lagglomeration-toulousaine-va-depenser-38-milliards-deuros-pour-les-transports\/","og_locale":"fr_FR","og_type":"article","og_title":"[Le Moniteur] L\u2019agglom\u00e9ration toulousaine va d\u00e9penser 3,8 milliards d\u2019euros pour les transports - AUTATE","og_description":"un article de Christiane Wanaverbecq paru dans le Moniteur le 26 juillet 2016 Le plan de financement du projet \u00abmobilit\u00e9s\u00bb d\u2019ici \u00e0 2030 pour l\u2019agglom\u00e9ration toulousaine vient d\u2019\u00eatre arr\u00eat\u00e9. 3,8\u00a0milliards d\u2019euros seront investis, dont 2,1\u00a0milliards d\u2019euros pour la troisi\u00e8me ligne de m\u00e9tro. SMTC-Tiss\u00e9o compte financer sa part avec un emprunt de 2,8\u00a0milliards d\u2019euros. Ils \u00e9taientVOIR PLUS","og_url":"https:\/\/autate.fr\/site\/le-moniteur-lagglomeration-toulousaine-va-depenser-38-milliards-deuros-pour-les-transports\/","og_site_name":"AUTATE","article_publisher":"https:\/\/www.facebook.com\/AutateToulouse","article_published_time":"2016-07-27T18:47:39+00:00","article_modified_time":"2016-08-10T19:10:30+00:00","og_image":[{"width":382,"height":365,"url":"https:\/\/autate.fr\/site\/wp-content\/uploads\/2016\/08\/r\u00e9seauprojettis\u00e9o.jpg","type":"image\/jpeg"}],"author":"pascalbarbier","twitter_card":"summary_large_image","twitter_creator":"@AutateToulouse","twitter_site":"@AutateToulouse","twitter_misc":{"\u00c9crit par":"pascalbarbier","Dur\u00e9e de lecture estim\u00e9e":"1 minute"},"schema":{"@context":"https:\/\/schema.org","@graph":[{"@type":"Article","@id":"https:\/\/autate.fr\/site\/le-moniteur-lagglomeration-toulousaine-va-depenser-38-milliards-deuros-pour-les-transports\/#article","isPartOf":{"@id":"https:\/\/autate.fr\/site\/le-moniteur-lagglomeration-toulousaine-va-depenser-38-milliards-deuros-pour-les-transports\/"},"author":{"name":"pascalbarbier","@id":"https:\/\/autate.fr\/site\/#\/schema\/person\/ae1ab8bdaa7b41d2a9b52d2557ce8254"},"headline":"[Le Moniteur] L\u2019agglom\u00e9ration toulousaine va d\u00e9penser 3,8 milliards d\u2019euros pour les transports","datePublished":"2016-07-27T18:47:39+00:00","dateModified":"2016-08-10T19:10:30+00:00","mainEntityOfPage":{"@id":"https:\/\/autate.fr\/site\/le-moniteur-lagglomeration-toulousaine-va-depenser-38-milliards-deuros-pour-les-transports\/"},"wordCount":213,"commentCount":0,"publisher":{"@id":"https:\/\/autate.fr\/site\/#organization"},"image":{"@id":"https:\/\/autate.fr\/site\/le-moniteur-lagglomeration-toulousaine-va-depenser-38-milliards-deuros-pour-les-transports\/#primaryimage"},"thumbnailUrl":"https:\/\/autate.fr\/site\/wp-content\/uploads\/2016\/08\/r\u00e9seauprojettis\u00e9o.jpg","keywords":["3\u00e8me ligne m\u00e9tro","Financement","projet mobilit\u00e9s","TAE"],"articleSection":["Revue de presse"],"inLanguage":"fr-FR","potentialAction":[{"@type":"CommentAction","name":"Comment","target":["https:\/\/autate.fr\/site\/le-moniteur-lagglomeration-toulousaine-va-depenser-38-milliards-deuros-pour-les-transports\/#respond"]}]},{"@type":"WebPage","@id":"https:\/\/autate.fr\/site\/le-moniteur-lagglomeration-toulousaine-va-depenser-38-milliards-deuros-pour-les-transports\/","url":"https:\/\/autate.fr\/site\/le-moniteur-lagglomeration-toulousaine-va-depenser-38-milliards-deuros-pour-les-transports\/","name":"[Le Moniteur] L\u2019agglom\u00e9ration toulousaine va d\u00e9penser 3,8 milliards d\u2019euros pour les transports - AUTATE","isPartOf":{"@id":"https:\/\/autate.fr\/site\/#website"},"primaryImageOfPage":{"@id":"https:\/\/autate.fr\/site\/le-moniteur-lagglomeration-toulousaine-va-depenser-38-milliards-deuros-pour-les-transports\/#primaryimage"},"image":{"@id":"https:\/\/autate.fr\/site\/le-moniteur-lagglomeration-toulousaine-va-depenser-38-milliards-deuros-pour-les-transports\/#primaryimage"},"thumbnailUrl":"https:\/\/autate.fr\/site\/wp-content\/uploads\/2016\/08\/r\u00e9seauprojettis\u00e9o.jpg","datePublished":"2016-07-27T18:47:39+00:00","dateModified":"2016-08-10T19:10:30+00:00","breadcrumb":{"@id":"https:\/\/autate.fr\/site\/le-moniteur-lagglomeration-toulousaine-va-depenser-38-milliards-deuros-pour-les-transports\/#breadcrumb"},"inLanguage":"fr-FR","potentialAction":[{"@type":"ReadAction","target":["https:\/\/autate.fr\/site\/le-moniteur-lagglomeration-toulousaine-va-depenser-38-milliards-deuros-pour-les-transports\/"]}]},{"@type":"ImageObject","inLanguage":"fr-FR","@id":"https:\/\/autate.fr\/site\/le-moniteur-lagglomeration-toulousaine-va-depenser-38-milliards-deuros-pour-les-transports\/#primaryimage","url":"https:\/\/autate.fr\/site\/wp-content\/uploads\/2016\/08\/r\u00e9seauprojettis\u00e9o.jpg","contentUrl":"https:\/\/autate.fr\/site\/wp-content\/uploads\/2016\/08\/r\u00e9seauprojettis\u00e9o.jpg","width":382,"height":365},{"@type":"BreadcrumbList","@id":"https:\/\/autate.fr\/site\/le-moniteur-lagglomeration-toulousaine-va-depenser-38-milliards-deuros-pour-les-transports\/#breadcrumb","itemListElement":[{"@type":"ListItem","position":1,"name":"Accueil","item":"https:\/\/autate.fr\/site\/"},{"@type":"ListItem","position":2,"name":"[Le Moniteur] L\u2019agglom\u00e9ration toulousaine va d\u00e9penser 3,8 milliards d\u2019euros pour les transports"}]},{"@type":"WebSite","@id":"https:\/\/autate.fr\/site\/#website","url":"https:\/\/autate.fr\/site\/","name":"AUTATE","description":"Association des usagers des transports de l&#039;agglom\u00e9ration Toulousaine et de ses environs","publisher":{"@id":"https:\/\/autate.fr\/site\/#organization"},"potentialAction":[{"@type":"SearchAction","target":{"@type":"EntryPoint","urlTemplate":"https:\/\/autate.fr\/site\/?s={search_term_string}"},"query-input":{"@type":"PropertyValueSpecification","valueRequired":true,"valueName":"search_term_string"}}],"inLanguage":"fr-FR"},{"@type":"Organization","@id":"https:\/\/autate.fr\/site\/#organization","name":"AUTATE","url":"https:\/\/autate.fr\/site\/","logo":{"@type":"ImageObject","inLanguage":"fr-FR","@id":"https:\/\/autate.fr\/site\/#\/schema\/logo\/image\/","url":"http:\/\/autate.fr\/site\/wp-content\/uploads\/2019\/01\/logo.png","contentUrl":"http:\/\/autate.fr\/site\/wp-content\/uploads\/2019\/01\/logo.png","width":506,"height":280,"caption":"AUTATE"},"image":{"@id":"https:\/\/autate.fr\/site\/#\/schema\/logo\/image\/"},"sameAs":["https:\/\/www.facebook.com\/AutateToulouse","https:\/\/x.com\/AutateToulouse"]},{"@type":"Person","@id":"https:\/\/autate.fr\/site\/#\/schema\/person\/ae1ab8bdaa7b41d2a9b52d2557ce8254","name":"pascalbarbier","image":{"@type":"ImageObject","inLanguage":"fr-FR","@id":"https:\/\/secure.gravatar.com\/avatar\/03f4e8ced09894b72c67e83142540730d4b3bbf619bf46341b0074e3bf5f08a0?s=96&d=mm&r=g","url":"https:\/\/secure.gravatar.com\/avatar\/03f4e8ced09894b72c67e83142540730d4b3bbf619bf46341b0074e3bf5f08a0?s=96&d=mm&r=g","contentUrl":"https:\/\/secure.gravatar.com\/avatar\/03f4e8ced09894b72c67e83142540730d4b3bbf619bf46341b0074e3bf5f08a0?s=96&d=mm&r=g","caption":"pascalbarbier"},"url":"https:\/\/autate.fr\/site\/author\/pascalbarbier\/"}]}},"_links":{"self":[{"href":"https:\/\/autate.fr\/site\/wp-json\/wp\/v2\/posts\/807","targetHints":{"allow":["GET"]}}],"collection":[{"href":"https:\/\/autate.fr\/site\/wp-json\/wp\/v2\/posts"}],"about":[{"href":"https:\/\/autate.fr\/site\/wp-json\/wp\/v2\/types\/post"}],"author":[{"embeddable":true,"href":"https:\/\/autate.fr\/site\/wp-json\/wp\/v2\/users\/1"}],"replies":[{"embeddable":true,"href":"https:\/\/autate.fr\/site\/wp-json\/wp\/v2\/comments?post=807"}],"version-history":[{"count":1,"href":"https:\/\/autate.fr\/site\/wp-json\/wp\/v2\/posts\/807\/revisions"}],"predecessor-version":[{"id":809,"href":"https:\/\/autate.fr\/site\/wp-json\/wp\/v2\/posts\/807\/revisions\/809"}],"wp:featuredmedia":[{"embeddable":true,"href":"https:\/\/autate.fr\/site\/wp-json\/wp\/v2\/media\/808"}],"wp:attachment":[{"href":"https:\/\/autate.fr\/site\/wp-json\/wp\/v2\/media?parent=807"}],"wp:term":[{"taxonomy":"category","embeddable":true,"href":"https:\/\/autate.fr\/site\/wp-json\/wp\/v2\/categories?post=807"},{"taxonomy":"post_tag","embeddable":true,"href":"https:\/\/autate.fr\/site\/wp-json\/wp\/v2\/tags?post=807"}],"curies":[{"name":"wp","href":"https:\/\/api.w.org\/{rel}","templated":true}]}}