{"id":802,"date":"2016-07-27T20:40:23","date_gmt":"2016-07-27T18:40:23","guid":{"rendered":"http:\/\/autate.fr\/site\/?p=802"},"modified":"2016-08-10T20:43:44","modified_gmt":"2016-08-10T18:43:44","slug":"cote-toulouse-la-troisieme-ligne-de-metro-va-t-elle-mettre-en-peril-les-finances-de-toulouse","status":"publish","type":"post","link":"https:\/\/autate.fr\/site\/cote-toulouse-la-troisieme-ligne-de-metro-va-t-elle-mettre-en-peril-les-finances-de-toulouse\/","title":{"rendered":"[C\u00f4t\u00e9 Toulouse] La troisi\u00e8me ligne de m\u00e9tro va-t-elle mettre en p\u00e9ril les finances de Toulouse ?"},"content":{"rendered":"<p>Un article d&rsquo;Anthony Assemat paru dans Actu C\u00f4t\u00e9 Toulouse le 26 juillet 2016 (Photo Tiss\u00e9o)<\/p>\n<h2 class=\"bigger mts mbs\" data-role=\"chapo\">Lundi 25 juillet, Tiss\u00e9o a pr\u00e9sent\u00e9, \u00e0 coups de milliards, le plan de financement de la troisi\u00e8me ligne de m\u00e9tro et des autres projets de transports \u00e0 Toulouse. Les d\u00e9tails.<\/h2>\n<p>Depuis la campagne municipale de 2014, l\u2019\u00e9quipe de Jean-Luc Moudenc, maire Les R\u00e9publicains de Toulouse, s\u2019avance avec une s\u00e9r\u00e9nit\u00e9 et une foi in\u00e9branlable pour le projet de troisi\u00e8me ligne de m\u00e9tro pour l\u2019agglom\u00e9ration toulousaine.<\/p>\n<blockquote><p>Une ligne de m\u00e9tro, des \u00e9tudes \u00e0 son inauguration, c\u2019est dix ans, nous expliquait fin 2013, durant la campagne, Francis Grass, pr\u00e9sident de la Smat (Soci\u00e9t\u00e9 de la mobilit\u00e9 de l\u2019agglom\u00e9ration toulousaine), en r\u00e9f\u00e9rence aux deux pr\u00e9c\u00e9dents et aux deux r\u00e9ussites que furent la ligne A (dans les ann\u00e9es 80) et la ligne B (fin des ann\u00e9es 90 et d\u00e9but des ann\u00e9es 2000).<\/p><\/blockquote>\n<p>Trois ans plus tard,\u00a0<a href=\"http:\/\/actu.cotetoulouse.fr\/metro-prolongement-ligne-b-labege-savoir-rien-compris-au-sujet_31238\/\" target=\"_blank\">et apr\u00e8s bien des bisbilles avec le Sicoval, sur fond de prolongement avort\u00e9 de la ligne B<\/a> du trac\u00e9 initial entre Ramonville et Lab\u00e8ge, le financement n\u2019\u00e9tait toujours pas clair pour un projet cens\u00e9 sortir de terre fin 2024 entre l\u2019ouest et l\u2019est toulousain. Ou aux calendes grecques pour les moins fervents thurif\u00e9raires\u2026<\/p>\n<p><a href=\"http:\/\/actu.cotetoulouse.fr\/decryptage-troisieme-ligne-metro-va-mettre-peril-finances-toulouse_41703\/\" target=\"_blank\"><strong>lire la suite<\/strong><\/a><\/p>\n","protected":false},"excerpt":{"rendered":"<p>Un article d&rsquo;Anthony Assemat paru dans Actu C\u00f4t\u00e9 Toulouse le 26 juillet 2016 (Photo Tiss\u00e9o) Lundi 25 juillet, Tiss\u00e9o a pr\u00e9sent\u00e9, \u00e0 coups de milliards, le plan de financement de la troisi\u00e8me ligne de m\u00e9tro et des autres projets de transports \u00e0 Toulouse. Les d\u00e9tails. Depuis la campagne municipale de 2014, l\u2019\u00e9quipe de Jean-Luc Moudenc,<\/p>\n<p class=\"more-link\"><a href=\"https:\/\/autate.fr\/site\/cote-toulouse-la-troisieme-ligne-de-metro-va-t-elle-mettre-en-peril-les-finances-de-toulouse\/\" class=\"themebutton2\">VOIR PLUS<\/a><\/p>\n","protected":false},"author":1,"featured_media":803,"comment_status":"open","ping_status":"open","sticky":false,"template":"","format":"standard","meta":{"footnotes":""},"categories":[7],"tags":[172,195,52],"class_list":["post-802","post","type-post","status-publish","format-standard","has-post-thumbnail","hentry","category-revue-de-presse","tag-3eme-ligne-metro","tag-financement","tag-tae"],"yoast_head":"<!-- This site is optimized with the Yoast SEO plugin v27.4 - https:\/\/yoast.com\/product\/yoast-seo-wordpress\/ -->\n<title>[C\u00f4t\u00e9 Toulouse] La troisi\u00e8me ligne de m\u00e9tro va-t-elle mettre en p\u00e9ril les finances de Toulouse ? - AUTATE<\/title>\n<meta name=\"robots\" content=\"index, follow, max-snippet:-1, max-image-preview:large, max-video-preview:-1\" \/>\n<link rel=\"canonical\" href=\"https:\/\/autate.fr\/site\/cote-toulouse-la-troisieme-ligne-de-metro-va-t-elle-mettre-en-peril-les-finances-de-toulouse\/\" \/>\n<meta property=\"og:locale\" content=\"fr_FR\" \/>\n<meta property=\"og:type\" content=\"article\" \/>\n<meta property=\"og:title\" content=\"[C\u00f4t\u00e9 Toulouse] La troisi\u00e8me ligne de m\u00e9tro va-t-elle mettre en p\u00e9ril les finances de Toulouse ? - AUTATE\" \/>\n<meta property=\"og:description\" content=\"Un article d&rsquo;Anthony Assemat paru dans Actu C\u00f4t\u00e9 Toulouse le 26 juillet 2016 (Photo Tiss\u00e9o) Lundi 25 juillet, Tiss\u00e9o a pr\u00e9sent\u00e9, \u00e0 coups de milliards, le plan de financement de la troisi\u00e8me ligne de m\u00e9tro et des autres projets de transports \u00e0 Toulouse. Les d\u00e9tails. Depuis la campagne municipale de 2014, l\u2019\u00e9quipe de Jean-Luc Moudenc,VOIR PLUS\" \/>\n<meta property=\"og:url\" content=\"https:\/\/autate.fr\/site\/cote-toulouse-la-troisieme-ligne-de-metro-va-t-elle-mettre-en-peril-les-finances-de-toulouse\/\" \/>\n<meta property=\"og:site_name\" content=\"AUTATE\" \/>\n<meta property=\"article:publisher\" content=\"https:\/\/www.facebook.com\/AutateToulouse\" \/>\n<meta property=\"article:published_time\" content=\"2016-07-27T18:40:23+00:00\" \/>\n<meta property=\"article:modified_time\" content=\"2016-08-10T18:43:44+00:00\" \/>\n<meta property=\"og:image\" content=\"https:\/\/autate.fr\/site\/wp-content\/uploads\/2016\/08\/lattes-moudenc-Tisseo-630x0.jpg\" \/>\n\t<meta property=\"og:image:width\" content=\"630\" \/>\n\t<meta property=\"og:image:height\" content=\"419\" \/>\n\t<meta property=\"og:image:type\" content=\"image\/jpeg\" \/>\n<meta name=\"author\" content=\"pascalbarbier\" \/>\n<meta name=\"twitter:card\" content=\"summary_large_image\" \/>\n<meta name=\"twitter:creator\" content=\"@AutateToulouse\" \/>\n<meta name=\"twitter:site\" content=\"@AutateToulouse\" \/>\n<meta name=\"twitter:label1\" content=\"\u00c9crit par\" \/>\n\t<meta name=\"twitter:data1\" content=\"pascalbarbier\" \/>\n\t<meta name=\"twitter:label2\" content=\"Dur\u00e9e de lecture estim\u00e9e\" \/>\n\t<meta name=\"twitter:data2\" content=\"1 minute\" \/>\n<script type=\"application\/ld+json\" class=\"yoast-schema-graph\">{\"@context\":\"https:\\\/\\\/schema.org\",\"@graph\":[{\"@type\":\"Article\",\"@id\":\"https:\\\/\\\/autate.fr\\\/site\\\/cote-toulouse-la-troisieme-ligne-de-metro-va-t-elle-mettre-en-peril-les-finances-de-toulouse\\\/#article\",\"isPartOf\":{\"@id\":\"https:\\\/\\\/autate.fr\\\/site\\\/cote-toulouse-la-troisieme-ligne-de-metro-va-t-elle-mettre-en-peril-les-finances-de-toulouse\\\/\"},\"author\":{\"name\":\"pascalbarbier\",\"@id\":\"https:\\\/\\\/autate.fr\\\/site\\\/#\\\/schema\\\/person\\\/ae1ab8bdaa7b41d2a9b52d2557ce8254\"},\"headline\":\"[C\u00f4t\u00e9 Toulouse] La troisi\u00e8me ligne de m\u00e9tro va-t-elle mettre en p\u00e9ril les finances de Toulouse ?\",\"datePublished\":\"2016-07-27T18:40:23+00:00\",\"dateModified\":\"2016-08-10T18:43:44+00:00\",\"mainEntityOfPage\":{\"@id\":\"https:\\\/\\\/autate.fr\\\/site\\\/cote-toulouse-la-troisieme-ligne-de-metro-va-t-elle-mettre-en-peril-les-finances-de-toulouse\\\/\"},\"wordCount\":247,\"commentCount\":0,\"publisher\":{\"@id\":\"https:\\\/\\\/autate.fr\\\/site\\\/#organization\"},\"image\":{\"@id\":\"https:\\\/\\\/autate.fr\\\/site\\\/cote-toulouse-la-troisieme-ligne-de-metro-va-t-elle-mettre-en-peril-les-finances-de-toulouse\\\/#primaryimage\"},\"thumbnailUrl\":\"https:\\\/\\\/autate.fr\\\/site\\\/wp-content\\\/uploads\\\/2016\\\/08\\\/lattes-moudenc-Tisseo-630x0.jpg\",\"keywords\":[\"3\u00e8me ligne m\u00e9tro\",\"Financement\",\"TAE\"],\"articleSection\":[\"Revue de presse\"],\"inLanguage\":\"fr-FR\",\"potentialAction\":[{\"@type\":\"CommentAction\",\"name\":\"Comment\",\"target\":[\"https:\\\/\\\/autate.fr\\\/site\\\/cote-toulouse-la-troisieme-ligne-de-metro-va-t-elle-mettre-en-peril-les-finances-de-toulouse\\\/#respond\"]}]},{\"@type\":\"WebPage\",\"@id\":\"https:\\\/\\\/autate.fr\\\/site\\\/cote-toulouse-la-troisieme-ligne-de-metro-va-t-elle-mettre-en-peril-les-finances-de-toulouse\\\/\",\"url\":\"https:\\\/\\\/autate.fr\\\/site\\\/cote-toulouse-la-troisieme-ligne-de-metro-va-t-elle-mettre-en-peril-les-finances-de-toulouse\\\/\",\"name\":\"[C\u00f4t\u00e9 Toulouse] La troisi\u00e8me ligne de m\u00e9tro va-t-elle mettre en p\u00e9ril les finances de Toulouse ? - AUTATE\",\"isPartOf\":{\"@id\":\"https:\\\/\\\/autate.fr\\\/site\\\/#website\"},\"primaryImageOfPage\":{\"@id\":\"https:\\\/\\\/autate.fr\\\/site\\\/cote-toulouse-la-troisieme-ligne-de-metro-va-t-elle-mettre-en-peril-les-finances-de-toulouse\\\/#primaryimage\"},\"image\":{\"@id\":\"https:\\\/\\\/autate.fr\\\/site\\\/cote-toulouse-la-troisieme-ligne-de-metro-va-t-elle-mettre-en-peril-les-finances-de-toulouse\\\/#primaryimage\"},\"thumbnailUrl\":\"https:\\\/\\\/autate.fr\\\/site\\\/wp-content\\\/uploads\\\/2016\\\/08\\\/lattes-moudenc-Tisseo-630x0.jpg\",\"datePublished\":\"2016-07-27T18:40:23+00:00\",\"dateModified\":\"2016-08-10T18:43:44+00:00\",\"breadcrumb\":{\"@id\":\"https:\\\/\\\/autate.fr\\\/site\\\/cote-toulouse-la-troisieme-ligne-de-metro-va-t-elle-mettre-en-peril-les-finances-de-toulouse\\\/#breadcrumb\"},\"inLanguage\":\"fr-FR\",\"potentialAction\":[{\"@type\":\"ReadAction\",\"target\":[\"https:\\\/\\\/autate.fr\\\/site\\\/cote-toulouse-la-troisieme-ligne-de-metro-va-t-elle-mettre-en-peril-les-finances-de-toulouse\\\/\"]}]},{\"@type\":\"ImageObject\",\"inLanguage\":\"fr-FR\",\"@id\":\"https:\\\/\\\/autate.fr\\\/site\\\/cote-toulouse-la-troisieme-ligne-de-metro-va-t-elle-mettre-en-peril-les-finances-de-toulouse\\\/#primaryimage\",\"url\":\"https:\\\/\\\/autate.fr\\\/site\\\/wp-content\\\/uploads\\\/2016\\\/08\\\/lattes-moudenc-Tisseo-630x0.jpg\",\"contentUrl\":\"https:\\\/\\\/autate.fr\\\/site\\\/wp-content\\\/uploads\\\/2016\\\/08\\\/lattes-moudenc-Tisseo-630x0.jpg\",\"width\":630,\"height\":419},{\"@type\":\"BreadcrumbList\",\"@id\":\"https:\\\/\\\/autate.fr\\\/site\\\/cote-toulouse-la-troisieme-ligne-de-metro-va-t-elle-mettre-en-peril-les-finances-de-toulouse\\\/#breadcrumb\",\"itemListElement\":[{\"@type\":\"ListItem\",\"position\":1,\"name\":\"Accueil\",\"item\":\"https:\\\/\\\/autate.fr\\\/site\\\/\"},{\"@type\":\"ListItem\",\"position\":2,\"name\":\"[C\u00f4t\u00e9 Toulouse] La troisi\u00e8me ligne de m\u00e9tro va-t-elle mettre en p\u00e9ril les finances de Toulouse ?\"}]},{\"@type\":\"WebSite\",\"@id\":\"https:\\\/\\\/autate.fr\\\/site\\\/#website\",\"url\":\"https:\\\/\\\/autate.fr\\\/site\\\/\",\"name\":\"AUTATE\",\"description\":\"Association des usagers des transports de l&#039;agglom\u00e9ration Toulousaine et de ses environs\",\"publisher\":{\"@id\":\"https:\\\/\\\/autate.fr\\\/site\\\/#organization\"},\"potentialAction\":[{\"@type\":\"SearchAction\",\"target\":{\"@type\":\"EntryPoint\",\"urlTemplate\":\"https:\\\/\\\/autate.fr\\\/site\\\/?s={search_term_string}\"},\"query-input\":{\"@type\":\"PropertyValueSpecification\",\"valueRequired\":true,\"valueName\":\"search_term_string\"}}],\"inLanguage\":\"fr-FR\"},{\"@type\":\"Organization\",\"@id\":\"https:\\\/\\\/autate.fr\\\/site\\\/#organization\",\"name\":\"AUTATE\",\"url\":\"https:\\\/\\\/autate.fr\\\/site\\\/\",\"logo\":{\"@type\":\"ImageObject\",\"inLanguage\":\"fr-FR\",\"@id\":\"https:\\\/\\\/autate.fr\\\/site\\\/#\\\/schema\\\/logo\\\/image\\\/\",\"url\":\"http:\\\/\\\/autate.fr\\\/site\\\/wp-content\\\/uploads\\\/2019\\\/01\\\/logo.png\",\"contentUrl\":\"http:\\\/\\\/autate.fr\\\/site\\\/wp-content\\\/uploads\\\/2019\\\/01\\\/logo.png\",\"width\":506,\"height\":280,\"caption\":\"AUTATE\"},\"image\":{\"@id\":\"https:\\\/\\\/autate.fr\\\/site\\\/#\\\/schema\\\/logo\\\/image\\\/\"},\"sameAs\":[\"https:\\\/\\\/www.facebook.com\\\/AutateToulouse\",\"https:\\\/\\\/x.com\\\/AutateToulouse\"]},{\"@type\":\"Person\",\"@id\":\"https:\\\/\\\/autate.fr\\\/site\\\/#\\\/schema\\\/person\\\/ae1ab8bdaa7b41d2a9b52d2557ce8254\",\"name\":\"pascalbarbier\",\"image\":{\"@type\":\"ImageObject\",\"inLanguage\":\"fr-FR\",\"@id\":\"https:\\\/\\\/secure.gravatar.com\\\/avatar\\\/03f4e8ced09894b72c67e83142540730d4b3bbf619bf46341b0074e3bf5f08a0?s=96&d=mm&r=g\",\"url\":\"https:\\\/\\\/secure.gravatar.com\\\/avatar\\\/03f4e8ced09894b72c67e83142540730d4b3bbf619bf46341b0074e3bf5f08a0?s=96&d=mm&r=g\",\"contentUrl\":\"https:\\\/\\\/secure.gravatar.com\\\/avatar\\\/03f4e8ced09894b72c67e83142540730d4b3bbf619bf46341b0074e3bf5f08a0?s=96&d=mm&r=g\",\"caption\":\"pascalbarbier\"},\"url\":\"https:\\\/\\\/autate.fr\\\/site\\\/author\\\/pascalbarbier\\\/\"}]}<\/script>\n<!-- \/ Yoast SEO plugin. -->","yoast_head_json":{"title":"[C\u00f4t\u00e9 Toulouse] La troisi\u00e8me ligne de m\u00e9tro va-t-elle mettre en p\u00e9ril les finances de Toulouse ? - AUTATE","robots":{"index":"index","follow":"follow","max-snippet":"max-snippet:-1","max-image-preview":"max-image-preview:large","max-video-preview":"max-video-preview:-1"},"canonical":"https:\/\/autate.fr\/site\/cote-toulouse-la-troisieme-ligne-de-metro-va-t-elle-mettre-en-peril-les-finances-de-toulouse\/","og_locale":"fr_FR","og_type":"article","og_title":"[C\u00f4t\u00e9 Toulouse] La troisi\u00e8me ligne de m\u00e9tro va-t-elle mettre en p\u00e9ril les finances de Toulouse ? - AUTATE","og_description":"Un article d&rsquo;Anthony Assemat paru dans Actu C\u00f4t\u00e9 Toulouse le 26 juillet 2016 (Photo Tiss\u00e9o) Lundi 25 juillet, Tiss\u00e9o a pr\u00e9sent\u00e9, \u00e0 coups de milliards, le plan de financement de la troisi\u00e8me ligne de m\u00e9tro et des autres projets de transports \u00e0 Toulouse. Les d\u00e9tails. Depuis la campagne municipale de 2014, l\u2019\u00e9quipe de Jean-Luc Moudenc,VOIR PLUS","og_url":"https:\/\/autate.fr\/site\/cote-toulouse-la-troisieme-ligne-de-metro-va-t-elle-mettre-en-peril-les-finances-de-toulouse\/","og_site_name":"AUTATE","article_publisher":"https:\/\/www.facebook.com\/AutateToulouse","article_published_time":"2016-07-27T18:40:23+00:00","article_modified_time":"2016-08-10T18:43:44+00:00","og_image":[{"width":630,"height":419,"url":"https:\/\/autate.fr\/site\/wp-content\/uploads\/2016\/08\/lattes-moudenc-Tisseo-630x0.jpg","type":"image\/jpeg"}],"author":"pascalbarbier","twitter_card":"summary_large_image","twitter_creator":"@AutateToulouse","twitter_site":"@AutateToulouse","twitter_misc":{"\u00c9crit par":"pascalbarbier","Dur\u00e9e de lecture estim\u00e9e":"1 minute"},"schema":{"@context":"https:\/\/schema.org","@graph":[{"@type":"Article","@id":"https:\/\/autate.fr\/site\/cote-toulouse-la-troisieme-ligne-de-metro-va-t-elle-mettre-en-peril-les-finances-de-toulouse\/#article","isPartOf":{"@id":"https:\/\/autate.fr\/site\/cote-toulouse-la-troisieme-ligne-de-metro-va-t-elle-mettre-en-peril-les-finances-de-toulouse\/"},"author":{"name":"pascalbarbier","@id":"https:\/\/autate.fr\/site\/#\/schema\/person\/ae1ab8bdaa7b41d2a9b52d2557ce8254"},"headline":"[C\u00f4t\u00e9 Toulouse] La troisi\u00e8me ligne de m\u00e9tro va-t-elle mettre en p\u00e9ril les finances de Toulouse ?","datePublished":"2016-07-27T18:40:23+00:00","dateModified":"2016-08-10T18:43:44+00:00","mainEntityOfPage":{"@id":"https:\/\/autate.fr\/site\/cote-toulouse-la-troisieme-ligne-de-metro-va-t-elle-mettre-en-peril-les-finances-de-toulouse\/"},"wordCount":247,"commentCount":0,"publisher":{"@id":"https:\/\/autate.fr\/site\/#organization"},"image":{"@id":"https:\/\/autate.fr\/site\/cote-toulouse-la-troisieme-ligne-de-metro-va-t-elle-mettre-en-peril-les-finances-de-toulouse\/#primaryimage"},"thumbnailUrl":"https:\/\/autate.fr\/site\/wp-content\/uploads\/2016\/08\/lattes-moudenc-Tisseo-630x0.jpg","keywords":["3\u00e8me ligne m\u00e9tro","Financement","TAE"],"articleSection":["Revue de presse"],"inLanguage":"fr-FR","potentialAction":[{"@type":"CommentAction","name":"Comment","target":["https:\/\/autate.fr\/site\/cote-toulouse-la-troisieme-ligne-de-metro-va-t-elle-mettre-en-peril-les-finances-de-toulouse\/#respond"]}]},{"@type":"WebPage","@id":"https:\/\/autate.fr\/site\/cote-toulouse-la-troisieme-ligne-de-metro-va-t-elle-mettre-en-peril-les-finances-de-toulouse\/","url":"https:\/\/autate.fr\/site\/cote-toulouse-la-troisieme-ligne-de-metro-va-t-elle-mettre-en-peril-les-finances-de-toulouse\/","name":"[C\u00f4t\u00e9 Toulouse] La troisi\u00e8me ligne de m\u00e9tro va-t-elle mettre en p\u00e9ril les finances de Toulouse ? - AUTATE","isPartOf":{"@id":"https:\/\/autate.fr\/site\/#website"},"primaryImageOfPage":{"@id":"https:\/\/autate.fr\/site\/cote-toulouse-la-troisieme-ligne-de-metro-va-t-elle-mettre-en-peril-les-finances-de-toulouse\/#primaryimage"},"image":{"@id":"https:\/\/autate.fr\/site\/cote-toulouse-la-troisieme-ligne-de-metro-va-t-elle-mettre-en-peril-les-finances-de-toulouse\/#primaryimage"},"thumbnailUrl":"https:\/\/autate.fr\/site\/wp-content\/uploads\/2016\/08\/lattes-moudenc-Tisseo-630x0.jpg","datePublished":"2016-07-27T18:40:23+00:00","dateModified":"2016-08-10T18:43:44+00:00","breadcrumb":{"@id":"https:\/\/autate.fr\/site\/cote-toulouse-la-troisieme-ligne-de-metro-va-t-elle-mettre-en-peril-les-finances-de-toulouse\/#breadcrumb"},"inLanguage":"fr-FR","potentialAction":[{"@type":"ReadAction","target":["https:\/\/autate.fr\/site\/cote-toulouse-la-troisieme-ligne-de-metro-va-t-elle-mettre-en-peril-les-finances-de-toulouse\/"]}]},{"@type":"ImageObject","inLanguage":"fr-FR","@id":"https:\/\/autate.fr\/site\/cote-toulouse-la-troisieme-ligne-de-metro-va-t-elle-mettre-en-peril-les-finances-de-toulouse\/#primaryimage","url":"https:\/\/autate.fr\/site\/wp-content\/uploads\/2016\/08\/lattes-moudenc-Tisseo-630x0.jpg","contentUrl":"https:\/\/autate.fr\/site\/wp-content\/uploads\/2016\/08\/lattes-moudenc-Tisseo-630x0.jpg","width":630,"height":419},{"@type":"BreadcrumbList","@id":"https:\/\/autate.fr\/site\/cote-toulouse-la-troisieme-ligne-de-metro-va-t-elle-mettre-en-peril-les-finances-de-toulouse\/#breadcrumb","itemListElement":[{"@type":"ListItem","position":1,"name":"Accueil","item":"https:\/\/autate.fr\/site\/"},{"@type":"ListItem","position":2,"name":"[C\u00f4t\u00e9 Toulouse] La troisi\u00e8me ligne de m\u00e9tro va-t-elle mettre en p\u00e9ril les finances de Toulouse ?"}]},{"@type":"WebSite","@id":"https:\/\/autate.fr\/site\/#website","url":"https:\/\/autate.fr\/site\/","name":"AUTATE","description":"Association des usagers des transports de l&#039;agglom\u00e9ration Toulousaine et de ses environs","publisher":{"@id":"https:\/\/autate.fr\/site\/#organization"},"potentialAction":[{"@type":"SearchAction","target":{"@type":"EntryPoint","urlTemplate":"https:\/\/autate.fr\/site\/?s={search_term_string}"},"query-input":{"@type":"PropertyValueSpecification","valueRequired":true,"valueName":"search_term_string"}}],"inLanguage":"fr-FR"},{"@type":"Organization","@id":"https:\/\/autate.fr\/site\/#organization","name":"AUTATE","url":"https:\/\/autate.fr\/site\/","logo":{"@type":"ImageObject","inLanguage":"fr-FR","@id":"https:\/\/autate.fr\/site\/#\/schema\/logo\/image\/","url":"http:\/\/autate.fr\/site\/wp-content\/uploads\/2019\/01\/logo.png","contentUrl":"http:\/\/autate.fr\/site\/wp-content\/uploads\/2019\/01\/logo.png","width":506,"height":280,"caption":"AUTATE"},"image":{"@id":"https:\/\/autate.fr\/site\/#\/schema\/logo\/image\/"},"sameAs":["https:\/\/www.facebook.com\/AutateToulouse","https:\/\/x.com\/AutateToulouse"]},{"@type":"Person","@id":"https:\/\/autate.fr\/site\/#\/schema\/person\/ae1ab8bdaa7b41d2a9b52d2557ce8254","name":"pascalbarbier","image":{"@type":"ImageObject","inLanguage":"fr-FR","@id":"https:\/\/secure.gravatar.com\/avatar\/03f4e8ced09894b72c67e83142540730d4b3bbf619bf46341b0074e3bf5f08a0?s=96&d=mm&r=g","url":"https:\/\/secure.gravatar.com\/avatar\/03f4e8ced09894b72c67e83142540730d4b3bbf619bf46341b0074e3bf5f08a0?s=96&d=mm&r=g","contentUrl":"https:\/\/secure.gravatar.com\/avatar\/03f4e8ced09894b72c67e83142540730d4b3bbf619bf46341b0074e3bf5f08a0?s=96&d=mm&r=g","caption":"pascalbarbier"},"url":"https:\/\/autate.fr\/site\/author\/pascalbarbier\/"}]}},"_links":{"self":[{"href":"https:\/\/autate.fr\/site\/wp-json\/wp\/v2\/posts\/802","targetHints":{"allow":["GET"]}}],"collection":[{"href":"https:\/\/autate.fr\/site\/wp-json\/wp\/v2\/posts"}],"about":[{"href":"https:\/\/autate.fr\/site\/wp-json\/wp\/v2\/types\/post"}],"author":[{"embeddable":true,"href":"https:\/\/autate.fr\/site\/wp-json\/wp\/v2\/users\/1"}],"replies":[{"embeddable":true,"href":"https:\/\/autate.fr\/site\/wp-json\/wp\/v2\/comments?post=802"}],"version-history":[{"count":1,"href":"https:\/\/autate.fr\/site\/wp-json\/wp\/v2\/posts\/802\/revisions"}],"predecessor-version":[{"id":804,"href":"https:\/\/autate.fr\/site\/wp-json\/wp\/v2\/posts\/802\/revisions\/804"}],"wp:featuredmedia":[{"embeddable":true,"href":"https:\/\/autate.fr\/site\/wp-json\/wp\/v2\/media\/803"}],"wp:attachment":[{"href":"https:\/\/autate.fr\/site\/wp-json\/wp\/v2\/media?parent=802"}],"wp:term":[{"taxonomy":"category","embeddable":true,"href":"https:\/\/autate.fr\/site\/wp-json\/wp\/v2\/categories?post=802"},{"taxonomy":"post_tag","embeddable":true,"href":"https:\/\/autate.fr\/site\/wp-json\/wp\/v2\/tags?post=802"}],"curies":[{"name":"wp","href":"https:\/\/api.w.org\/{rel}","templated":true}]}}