{"id":798,"date":"2016-07-26T20:36:04","date_gmt":"2016-07-26T18:36:04","guid":{"rendered":"http:\/\/autate.fr\/site\/?p=798"},"modified":"2016-08-10T20:40:10","modified_gmt":"2016-08-10T18:40:10","slug":"798-2","status":"publish","type":"post","link":"https:\/\/autate.fr\/site\/798-2\/","title":{"rendered":"[France 3 Midi-Pyr\u00e9n\u00e9es]  feu vert pour la 3\u00e8me ligne de m\u00e9tro"},"content":{"rendered":"<p>Un article de Laurent Dubois et Marie Martin paru dans France 3 Midi-Pyr\u00e9n\u00e9es le 25 juillet 2016<\/p>\n<p>Lors d&rsquo;une conf\u00e9rence de presse, le maire de Toulouse Jean-Luc Moudenc a d\u00e9voil\u00e9 le plan de financement de la 3\u00e8me ligne de m\u00e9tro.\u00a0Le projet est estim\u00e9 entre 1,7 et 2,2 milliards d\u2019euros.<\/p>\n<p>Lundi 25 juillet, Jean-Luc Moudenc, maire de Toulouse et pr\u00e9sident de Toulouse m\u00e9tropole, a donn\u00e9 son feu vert pour l&rsquo;\u00e9tude du prolongement de la ligne B du m\u00e9tro toulousain, ainsi qu&rsquo;\u00e0 l&rsquo;arriv\u00e9e de la troisi\u00e8me ligne \u00e0 Lab\u00e8ge.<\/p>\n<p>La mise en service de cette troisi\u00e8me ligne, <a href=\"http:\/\/france3-regions.francetvinfo.fr\/midi-pyrenees\/haute-garonne\/toulouse\/toulouse-la-3eme-ligne-de-metro-de-la-gare-de-colomiers-labege-963737.html\">qui reliera le site d\u2019Airbus \u00e0 Colomiers au site d\u2019Airbus de Lab\u00e8ge<\/a>, est pr\u00e9vue en 2024. Le co\u00fbt, lui, est estim\u00e9 entre 1,7 et 2,2 milliards d&rsquo;euros.<\/p>\n<p><a href=\"http:\/\/france3-regions.francetvinfo.fr\/midi-pyrenees\/haute-garonne\/toulouse\/toulouse-feu-vert-pour-la-3eme-ligne-de-metro-1054759.html?utm_source=dlvr.it&amp;utm_medium=twitter\" target=\"_blank\"><strong>lire la suite<\/strong><\/a><\/p>\n","protected":false},"excerpt":{"rendered":"<p>Un article de Laurent Dubois et Marie Martin paru dans France 3 Midi-Pyr\u00e9n\u00e9es le 25 juillet 2016 Lors d&rsquo;une conf\u00e9rence de presse, le maire de Toulouse Jean-Luc Moudenc a d\u00e9voil\u00e9 le plan de financement de la 3\u00e8me ligne de m\u00e9tro.\u00a0Le projet est estim\u00e9 entre 1,7 et 2,2 milliards d\u2019euros. Lundi 25 juillet, Jean-Luc Moudenc, maire<\/p>\n<p class=\"more-link\"><a href=\"https:\/\/autate.fr\/site\/798-2\/\" class=\"themebutton2\">VOIR PLUS<\/a><\/p>\n","protected":false},"author":1,"featured_media":0,"comment_status":"open","ping_status":"open","sticky":false,"template":"","format":"standard","meta":{"footnotes":""},"categories":[7],"tags":[172,195,52],"class_list":["post-798","post","type-post","status-publish","format-standard","hentry","category-revue-de-presse","tag-3eme-ligne-metro","tag-financement","tag-tae"],"yoast_head":"<!-- This site is optimized with the Yoast SEO plugin v27.4 - https:\/\/yoast.com\/product\/yoast-seo-wordpress\/ -->\n<title>[France 3 Midi-Pyr\u00e9n\u00e9es] feu vert pour la 3\u00e8me ligne de m\u00e9tro - AUTATE<\/title>\n<meta name=\"robots\" content=\"index, follow, max-snippet:-1, max-image-preview:large, max-video-preview:-1\" \/>\n<link rel=\"canonical\" href=\"https:\/\/autate.fr\/site\/798-2\/\" \/>\n<meta property=\"og:locale\" content=\"fr_FR\" \/>\n<meta property=\"og:type\" content=\"article\" \/>\n<meta property=\"og:title\" content=\"[France 3 Midi-Pyr\u00e9n\u00e9es] feu vert pour la 3\u00e8me ligne de m\u00e9tro - AUTATE\" \/>\n<meta property=\"og:description\" content=\"Un article de Laurent Dubois et Marie Martin paru dans France 3 Midi-Pyr\u00e9n\u00e9es le 25 juillet 2016 Lors d&rsquo;une conf\u00e9rence de presse, le maire de Toulouse Jean-Luc Moudenc a d\u00e9voil\u00e9 le plan de financement de la 3\u00e8me ligne de m\u00e9tro.\u00a0Le projet est estim\u00e9 entre 1,7 et 2,2 milliards d\u2019euros. Lundi 25 juillet, Jean-Luc Moudenc, maireVOIR PLUS\" \/>\n<meta property=\"og:url\" content=\"https:\/\/autate.fr\/site\/798-2\/\" \/>\n<meta property=\"og:site_name\" content=\"AUTATE\" \/>\n<meta property=\"article:publisher\" content=\"https:\/\/www.facebook.com\/AutateToulouse\" \/>\n<meta property=\"article:published_time\" content=\"2016-07-26T18:36:04+00:00\" \/>\n<meta property=\"article:modified_time\" content=\"2016-08-10T18:40:10+00:00\" \/>\n<meta name=\"author\" content=\"pascalbarbier\" \/>\n<meta name=\"twitter:card\" content=\"summary_large_image\" \/>\n<meta name=\"twitter:creator\" content=\"@AutateToulouse\" \/>\n<meta name=\"twitter:site\" content=\"@AutateToulouse\" \/>\n<meta name=\"twitter:label1\" content=\"\u00c9crit par\" \/>\n\t<meta name=\"twitter:data1\" content=\"pascalbarbier\" \/>\n\t<meta name=\"twitter:label2\" content=\"Dur\u00e9e de lecture estim\u00e9e\" \/>\n\t<meta name=\"twitter:data2\" content=\"1 minute\" \/>\n<script type=\"application\/ld+json\" class=\"yoast-schema-graph\">{\"@context\":\"https:\\\/\\\/schema.org\",\"@graph\":[{\"@type\":\"Article\",\"@id\":\"https:\\\/\\\/autate.fr\\\/site\\\/798-2\\\/#article\",\"isPartOf\":{\"@id\":\"https:\\\/\\\/autate.fr\\\/site\\\/798-2\\\/\"},\"author\":{\"name\":\"pascalbarbier\",\"@id\":\"https:\\\/\\\/autate.fr\\\/site\\\/#\\\/schema\\\/person\\\/ae1ab8bdaa7b41d2a9b52d2557ce8254\"},\"headline\":\"[France 3 Midi-Pyr\u00e9n\u00e9es] feu vert pour la 3\u00e8me ligne de m\u00e9tro\",\"datePublished\":\"2016-07-26T18:36:04+00:00\",\"dateModified\":\"2016-08-10T18:40:10+00:00\",\"mainEntityOfPage\":{\"@id\":\"https:\\\/\\\/autate.fr\\\/site\\\/798-2\\\/\"},\"wordCount\":147,\"commentCount\":0,\"publisher\":{\"@id\":\"https:\\\/\\\/autate.fr\\\/site\\\/#organization\"},\"keywords\":[\"3\u00e8me ligne m\u00e9tro\",\"Financement\",\"TAE\"],\"articleSection\":[\"Revue de presse\"],\"inLanguage\":\"fr-FR\",\"potentialAction\":[{\"@type\":\"CommentAction\",\"name\":\"Comment\",\"target\":[\"https:\\\/\\\/autate.fr\\\/site\\\/798-2\\\/#respond\"]}]},{\"@type\":\"WebPage\",\"@id\":\"https:\\\/\\\/autate.fr\\\/site\\\/798-2\\\/\",\"url\":\"https:\\\/\\\/autate.fr\\\/site\\\/798-2\\\/\",\"name\":\"[France 3 Midi-Pyr\u00e9n\u00e9es] feu vert pour la 3\u00e8me ligne de m\u00e9tro - AUTATE\",\"isPartOf\":{\"@id\":\"https:\\\/\\\/autate.fr\\\/site\\\/#website\"},\"datePublished\":\"2016-07-26T18:36:04+00:00\",\"dateModified\":\"2016-08-10T18:40:10+00:00\",\"breadcrumb\":{\"@id\":\"https:\\\/\\\/autate.fr\\\/site\\\/798-2\\\/#breadcrumb\"},\"inLanguage\":\"fr-FR\",\"potentialAction\":[{\"@type\":\"ReadAction\",\"target\":[\"https:\\\/\\\/autate.fr\\\/site\\\/798-2\\\/\"]}]},{\"@type\":\"BreadcrumbList\",\"@id\":\"https:\\\/\\\/autate.fr\\\/site\\\/798-2\\\/#breadcrumb\",\"itemListElement\":[{\"@type\":\"ListItem\",\"position\":1,\"name\":\"Accueil\",\"item\":\"https:\\\/\\\/autate.fr\\\/site\\\/\"},{\"@type\":\"ListItem\",\"position\":2,\"name\":\"[France 3 Midi-Pyr\u00e9n\u00e9es] feu vert pour la 3\u00e8me ligne de m\u00e9tro\"}]},{\"@type\":\"WebSite\",\"@id\":\"https:\\\/\\\/autate.fr\\\/site\\\/#website\",\"url\":\"https:\\\/\\\/autate.fr\\\/site\\\/\",\"name\":\"AUTATE\",\"description\":\"Association des usagers des transports de l&#039;agglom\u00e9ration Toulousaine et de ses environs\",\"publisher\":{\"@id\":\"https:\\\/\\\/autate.fr\\\/site\\\/#organization\"},\"potentialAction\":[{\"@type\":\"SearchAction\",\"target\":{\"@type\":\"EntryPoint\",\"urlTemplate\":\"https:\\\/\\\/autate.fr\\\/site\\\/?s={search_term_string}\"},\"query-input\":{\"@type\":\"PropertyValueSpecification\",\"valueRequired\":true,\"valueName\":\"search_term_string\"}}],\"inLanguage\":\"fr-FR\"},{\"@type\":\"Organization\",\"@id\":\"https:\\\/\\\/autate.fr\\\/site\\\/#organization\",\"name\":\"AUTATE\",\"url\":\"https:\\\/\\\/autate.fr\\\/site\\\/\",\"logo\":{\"@type\":\"ImageObject\",\"inLanguage\":\"fr-FR\",\"@id\":\"https:\\\/\\\/autate.fr\\\/site\\\/#\\\/schema\\\/logo\\\/image\\\/\",\"url\":\"http:\\\/\\\/autate.fr\\\/site\\\/wp-content\\\/uploads\\\/2019\\\/01\\\/logo.png\",\"contentUrl\":\"http:\\\/\\\/autate.fr\\\/site\\\/wp-content\\\/uploads\\\/2019\\\/01\\\/logo.png\",\"width\":506,\"height\":280,\"caption\":\"AUTATE\"},\"image\":{\"@id\":\"https:\\\/\\\/autate.fr\\\/site\\\/#\\\/schema\\\/logo\\\/image\\\/\"},\"sameAs\":[\"https:\\\/\\\/www.facebook.com\\\/AutateToulouse\",\"https:\\\/\\\/x.com\\\/AutateToulouse\"]},{\"@type\":\"Person\",\"@id\":\"https:\\\/\\\/autate.fr\\\/site\\\/#\\\/schema\\\/person\\\/ae1ab8bdaa7b41d2a9b52d2557ce8254\",\"name\":\"pascalbarbier\",\"image\":{\"@type\":\"ImageObject\",\"inLanguage\":\"fr-FR\",\"@id\":\"https:\\\/\\\/secure.gravatar.com\\\/avatar\\\/03f4e8ced09894b72c67e83142540730d4b3bbf619bf46341b0074e3bf5f08a0?s=96&d=mm&r=g\",\"url\":\"https:\\\/\\\/secure.gravatar.com\\\/avatar\\\/03f4e8ced09894b72c67e83142540730d4b3bbf619bf46341b0074e3bf5f08a0?s=96&d=mm&r=g\",\"contentUrl\":\"https:\\\/\\\/secure.gravatar.com\\\/avatar\\\/03f4e8ced09894b72c67e83142540730d4b3bbf619bf46341b0074e3bf5f08a0?s=96&d=mm&r=g\",\"caption\":\"pascalbarbier\"},\"url\":\"https:\\\/\\\/autate.fr\\\/site\\\/author\\\/pascalbarbier\\\/\"}]}<\/script>\n<!-- \/ Yoast SEO plugin. -->","yoast_head_json":{"title":"[France 3 Midi-Pyr\u00e9n\u00e9es] feu vert pour la 3\u00e8me ligne de m\u00e9tro - AUTATE","robots":{"index":"index","follow":"follow","max-snippet":"max-snippet:-1","max-image-preview":"max-image-preview:large","max-video-preview":"max-video-preview:-1"},"canonical":"https:\/\/autate.fr\/site\/798-2\/","og_locale":"fr_FR","og_type":"article","og_title":"[France 3 Midi-Pyr\u00e9n\u00e9es] feu vert pour la 3\u00e8me ligne de m\u00e9tro - AUTATE","og_description":"Un article de Laurent Dubois et Marie Martin paru dans France 3 Midi-Pyr\u00e9n\u00e9es le 25 juillet 2016 Lors d&rsquo;une conf\u00e9rence de presse, le maire de Toulouse Jean-Luc Moudenc a d\u00e9voil\u00e9 le plan de financement de la 3\u00e8me ligne de m\u00e9tro.\u00a0Le projet est estim\u00e9 entre 1,7 et 2,2 milliards d\u2019euros. Lundi 25 juillet, Jean-Luc Moudenc, maireVOIR PLUS","og_url":"https:\/\/autate.fr\/site\/798-2\/","og_site_name":"AUTATE","article_publisher":"https:\/\/www.facebook.com\/AutateToulouse","article_published_time":"2016-07-26T18:36:04+00:00","article_modified_time":"2016-08-10T18:40:10+00:00","author":"pascalbarbier","twitter_card":"summary_large_image","twitter_creator":"@AutateToulouse","twitter_site":"@AutateToulouse","twitter_misc":{"\u00c9crit par":"pascalbarbier","Dur\u00e9e de lecture estim\u00e9e":"1 minute"},"schema":{"@context":"https:\/\/schema.org","@graph":[{"@type":"Article","@id":"https:\/\/autate.fr\/site\/798-2\/#article","isPartOf":{"@id":"https:\/\/autate.fr\/site\/798-2\/"},"author":{"name":"pascalbarbier","@id":"https:\/\/autate.fr\/site\/#\/schema\/person\/ae1ab8bdaa7b41d2a9b52d2557ce8254"},"headline":"[France 3 Midi-Pyr\u00e9n\u00e9es] feu vert pour la 3\u00e8me ligne de m\u00e9tro","datePublished":"2016-07-26T18:36:04+00:00","dateModified":"2016-08-10T18:40:10+00:00","mainEntityOfPage":{"@id":"https:\/\/autate.fr\/site\/798-2\/"},"wordCount":147,"commentCount":0,"publisher":{"@id":"https:\/\/autate.fr\/site\/#organization"},"keywords":["3\u00e8me ligne m\u00e9tro","Financement","TAE"],"articleSection":["Revue de presse"],"inLanguage":"fr-FR","potentialAction":[{"@type":"CommentAction","name":"Comment","target":["https:\/\/autate.fr\/site\/798-2\/#respond"]}]},{"@type":"WebPage","@id":"https:\/\/autate.fr\/site\/798-2\/","url":"https:\/\/autate.fr\/site\/798-2\/","name":"[France 3 Midi-Pyr\u00e9n\u00e9es] feu vert pour la 3\u00e8me ligne de m\u00e9tro - AUTATE","isPartOf":{"@id":"https:\/\/autate.fr\/site\/#website"},"datePublished":"2016-07-26T18:36:04+00:00","dateModified":"2016-08-10T18:40:10+00:00","breadcrumb":{"@id":"https:\/\/autate.fr\/site\/798-2\/#breadcrumb"},"inLanguage":"fr-FR","potentialAction":[{"@type":"ReadAction","target":["https:\/\/autate.fr\/site\/798-2\/"]}]},{"@type":"BreadcrumbList","@id":"https:\/\/autate.fr\/site\/798-2\/#breadcrumb","itemListElement":[{"@type":"ListItem","position":1,"name":"Accueil","item":"https:\/\/autate.fr\/site\/"},{"@type":"ListItem","position":2,"name":"[France 3 Midi-Pyr\u00e9n\u00e9es] feu vert pour la 3\u00e8me ligne de m\u00e9tro"}]},{"@type":"WebSite","@id":"https:\/\/autate.fr\/site\/#website","url":"https:\/\/autate.fr\/site\/","name":"AUTATE","description":"Association des usagers des transports de l&#039;agglom\u00e9ration Toulousaine et de ses environs","publisher":{"@id":"https:\/\/autate.fr\/site\/#organization"},"potentialAction":[{"@type":"SearchAction","target":{"@type":"EntryPoint","urlTemplate":"https:\/\/autate.fr\/site\/?s={search_term_string}"},"query-input":{"@type":"PropertyValueSpecification","valueRequired":true,"valueName":"search_term_string"}}],"inLanguage":"fr-FR"},{"@type":"Organization","@id":"https:\/\/autate.fr\/site\/#organization","name":"AUTATE","url":"https:\/\/autate.fr\/site\/","logo":{"@type":"ImageObject","inLanguage":"fr-FR","@id":"https:\/\/autate.fr\/site\/#\/schema\/logo\/image\/","url":"http:\/\/autate.fr\/site\/wp-content\/uploads\/2019\/01\/logo.png","contentUrl":"http:\/\/autate.fr\/site\/wp-content\/uploads\/2019\/01\/logo.png","width":506,"height":280,"caption":"AUTATE"},"image":{"@id":"https:\/\/autate.fr\/site\/#\/schema\/logo\/image\/"},"sameAs":["https:\/\/www.facebook.com\/AutateToulouse","https:\/\/x.com\/AutateToulouse"]},{"@type":"Person","@id":"https:\/\/autate.fr\/site\/#\/schema\/person\/ae1ab8bdaa7b41d2a9b52d2557ce8254","name":"pascalbarbier","image":{"@type":"ImageObject","inLanguage":"fr-FR","@id":"https:\/\/secure.gravatar.com\/avatar\/03f4e8ced09894b72c67e83142540730d4b3bbf619bf46341b0074e3bf5f08a0?s=96&d=mm&r=g","url":"https:\/\/secure.gravatar.com\/avatar\/03f4e8ced09894b72c67e83142540730d4b3bbf619bf46341b0074e3bf5f08a0?s=96&d=mm&r=g","contentUrl":"https:\/\/secure.gravatar.com\/avatar\/03f4e8ced09894b72c67e83142540730d4b3bbf619bf46341b0074e3bf5f08a0?s=96&d=mm&r=g","caption":"pascalbarbier"},"url":"https:\/\/autate.fr\/site\/author\/pascalbarbier\/"}]}},"_links":{"self":[{"href":"https:\/\/autate.fr\/site\/wp-json\/wp\/v2\/posts\/798","targetHints":{"allow":["GET"]}}],"collection":[{"href":"https:\/\/autate.fr\/site\/wp-json\/wp\/v2\/posts"}],"about":[{"href":"https:\/\/autate.fr\/site\/wp-json\/wp\/v2\/types\/post"}],"author":[{"embeddable":true,"href":"https:\/\/autate.fr\/site\/wp-json\/wp\/v2\/users\/1"}],"replies":[{"embeddable":true,"href":"https:\/\/autate.fr\/site\/wp-json\/wp\/v2\/comments?post=798"}],"version-history":[{"count":3,"href":"https:\/\/autate.fr\/site\/wp-json\/wp\/v2\/posts\/798\/revisions"}],"predecessor-version":[{"id":801,"href":"https:\/\/autate.fr\/site\/wp-json\/wp\/v2\/posts\/798\/revisions\/801"}],"wp:attachment":[{"href":"https:\/\/autate.fr\/site\/wp-json\/wp\/v2\/media?parent=798"}],"wp:term":[{"taxonomy":"category","embeddable":true,"href":"https:\/\/autate.fr\/site\/wp-json\/wp\/v2\/categories?post=798"},{"taxonomy":"post_tag","embeddable":true,"href":"https:\/\/autate.fr\/site\/wp-json\/wp\/v2\/tags?post=798"}],"curies":[{"name":"wp","href":"https:\/\/api.w.org\/{rel}","templated":true}]}}