{"id":789,"date":"2016-07-08T19:23:35","date_gmt":"2016-07-08T17:23:35","guid":{"rendered":"http:\/\/autate.fr\/site\/?p=789"},"modified":"2016-08-10T19:26:19","modified_gmt":"2016-08-10T17:26:19","slug":"cote-toulouse-le-plan-de-financement-de-la-troisieme-ligne-de-metro-devoile-lundi-25-juillet","status":"publish","type":"post","link":"https:\/\/autate.fr\/site\/cote-toulouse-le-plan-de-financement-de-la-troisieme-ligne-de-metro-devoile-lundi-25-juillet\/","title":{"rendered":"[C\u00f4t\u00e9 Toulouse] Le plan de financement de la troisi\u00e8me ligne de m\u00e9tro d\u00e9voil\u00e9 lundi 25 juillet"},"content":{"rendered":"<p class=\"bigger mts mbs\" data-role=\"chapo\">Un article de David St-Sernin paru le 7 juillet 2016 dans Actu C\u00f4t\u00e9 Toulouse<\/p>\n<h2 class=\"bigger mts mbs\" data-role=\"chapo\">C&rsquo;est le lundi 25 juillet 2016 que le plan de financement de la 3e ligne de m\u00e9tro de Toulouse sera pr\u00e9sent\u00e9. Une \u00e9tape importante et tr\u00e8s attendue du projet.<\/h2>\n<p>Alors que depuis des mois, nombre de voix s\u2019\u00e9l\u00e8vent pour mettre en doute la capacit\u00e9 de financer la troisi\u00e8me ligne de m\u00e9tro \u00e0 Toulouse, c\u2019est le lundi 25 juillet que le plan de financement de la ligne Toulouse Aerospace Express (TAE) va \u00eatre pr\u00e9sent\u00e9.<\/p>\n<h3>Un tournant dans l\u2019histoire du projet<\/h3>\n<p>Jean-Michel Lattes, le pr\u00e9sident de Tiss\u00e9o l\u2019a annonc\u00e9 en Comit\u00e9 Syndical de Tiss\u00e9o, mercredi 6 juillet 2016. Les annonces du 25 juillet marqueront n\u00e9cessairement un tournant dans l\u2019histoire du projet, pour la premi\u00e8re fois \u00e9voqu\u00e9 en d\u00e9cembre 2013 lors de la campagne des municipales par le candidat Jean-Luc Moudenc.<\/p>\n<p><strong><a href=\"http:\/\/actu.cotetoulouse.fr\/toulouse-plan-financement-troisieme-ligne-metro-devoile-lundi-25-juillet_40381\/\" target=\"_blank\">lire la suite<\/a><\/strong><\/p>\n","protected":false},"excerpt":{"rendered":"<p>Un article de David St-Sernin paru le 7 juillet 2016 dans Actu C\u00f4t\u00e9 Toulouse C&rsquo;est le lundi 25 juillet 2016 que le plan de financement de la 3e ligne de m\u00e9tro de Toulouse sera pr\u00e9sent\u00e9. Une \u00e9tape importante et tr\u00e8s attendue du projet. Alors que depuis des mois, nombre de voix s\u2019\u00e9l\u00e8vent pour mettre en<\/p>\n<p class=\"more-link\"><a href=\"https:\/\/autate.fr\/site\/cote-toulouse-le-plan-de-financement-de-la-troisieme-ligne-de-metro-devoile-lundi-25-juillet\/\" class=\"themebutton2\">VOIR PLUS<\/a><\/p>\n","protected":false},"author":1,"featured_media":0,"comment_status":"open","ping_status":"open","sticky":false,"template":"","format":"standard","meta":{"footnotes":""},"categories":[7],"tags":[172,195,155,52,46],"class_list":["post-789","post","type-post","status-publish","format-standard","hentry","category-revue-de-presse","tag-3eme-ligne-metro","tag-financement","tag-jm-lattes","tag-tae","tag-tisseo"],"yoast_head":"<!-- This site is optimized with the Yoast SEO plugin v27.4 - https:\/\/yoast.com\/product\/yoast-seo-wordpress\/ -->\n<title>[C\u00f4t\u00e9 Toulouse] Le plan de financement de la troisi\u00e8me ligne de m\u00e9tro d\u00e9voil\u00e9 lundi 25 juillet - AUTATE<\/title>\n<meta name=\"robots\" content=\"index, follow, max-snippet:-1, max-image-preview:large, max-video-preview:-1\" \/>\n<link rel=\"canonical\" href=\"https:\/\/autate.fr\/site\/cote-toulouse-le-plan-de-financement-de-la-troisieme-ligne-de-metro-devoile-lundi-25-juillet\/\" \/>\n<meta property=\"og:locale\" content=\"fr_FR\" \/>\n<meta property=\"og:type\" content=\"article\" \/>\n<meta property=\"og:title\" content=\"[C\u00f4t\u00e9 Toulouse] Le plan de financement de la troisi\u00e8me ligne de m\u00e9tro d\u00e9voil\u00e9 lundi 25 juillet - AUTATE\" \/>\n<meta property=\"og:description\" content=\"Un article de David St-Sernin paru le 7 juillet 2016 dans Actu C\u00f4t\u00e9 Toulouse C&rsquo;est le lundi 25 juillet 2016 que le plan de financement de la 3e ligne de m\u00e9tro de Toulouse sera pr\u00e9sent\u00e9. Une \u00e9tape importante et tr\u00e8s attendue du projet. Alors que depuis des mois, nombre de voix s\u2019\u00e9l\u00e8vent pour mettre enVOIR PLUS\" \/>\n<meta property=\"og:url\" content=\"https:\/\/autate.fr\/site\/cote-toulouse-le-plan-de-financement-de-la-troisieme-ligne-de-metro-devoile-lundi-25-juillet\/\" \/>\n<meta property=\"og:site_name\" content=\"AUTATE\" \/>\n<meta property=\"article:publisher\" content=\"https:\/\/www.facebook.com\/AutateToulouse\" \/>\n<meta property=\"article:published_time\" content=\"2016-07-08T17:23:35+00:00\" \/>\n<meta property=\"article:modified_time\" content=\"2016-08-10T17:26:19+00:00\" \/>\n<meta name=\"author\" content=\"pascalbarbier\" \/>\n<meta name=\"twitter:card\" content=\"summary_large_image\" \/>\n<meta name=\"twitter:creator\" content=\"@AutateToulouse\" \/>\n<meta name=\"twitter:site\" content=\"@AutateToulouse\" \/>\n<meta name=\"twitter:label1\" content=\"\u00c9crit par\" \/>\n\t<meta name=\"twitter:data1\" content=\"pascalbarbier\" \/>\n\t<meta name=\"twitter:label2\" content=\"Dur\u00e9e de lecture estim\u00e9e\" \/>\n\t<meta name=\"twitter:data2\" content=\"1 minute\" \/>\n<script type=\"application\/ld+json\" class=\"yoast-schema-graph\">{\"@context\":\"https:\\\/\\\/schema.org\",\"@graph\":[{\"@type\":\"Article\",\"@id\":\"https:\\\/\\\/autate.fr\\\/site\\\/cote-toulouse-le-plan-de-financement-de-la-troisieme-ligne-de-metro-devoile-lundi-25-juillet\\\/#article\",\"isPartOf\":{\"@id\":\"https:\\\/\\\/autate.fr\\\/site\\\/cote-toulouse-le-plan-de-financement-de-la-troisieme-ligne-de-metro-devoile-lundi-25-juillet\\\/\"},\"author\":{\"name\":\"pascalbarbier\",\"@id\":\"https:\\\/\\\/autate.fr\\\/site\\\/#\\\/schema\\\/person\\\/ae1ab8bdaa7b41d2a9b52d2557ce8254\"},\"headline\":\"[C\u00f4t\u00e9 Toulouse] Le plan de financement de la troisi\u00e8me ligne de m\u00e9tro d\u00e9voil\u00e9 lundi 25 juillet\",\"datePublished\":\"2016-07-08T17:23:35+00:00\",\"dateModified\":\"2016-08-10T17:26:19+00:00\",\"mainEntityOfPage\":{\"@id\":\"https:\\\/\\\/autate.fr\\\/site\\\/cote-toulouse-le-plan-de-financement-de-la-troisieme-ligne-de-metro-devoile-lundi-25-juillet\\\/\"},\"wordCount\":173,\"commentCount\":0,\"publisher\":{\"@id\":\"https:\\\/\\\/autate.fr\\\/site\\\/#organization\"},\"keywords\":[\"3\u00e8me ligne m\u00e9tro\",\"Financement\",\"JM.Lattes\",\"TAE\",\"Tiss\u00e9o\"],\"articleSection\":[\"Revue de presse\"],\"inLanguage\":\"fr-FR\",\"potentialAction\":[{\"@type\":\"CommentAction\",\"name\":\"Comment\",\"target\":[\"https:\\\/\\\/autate.fr\\\/site\\\/cote-toulouse-le-plan-de-financement-de-la-troisieme-ligne-de-metro-devoile-lundi-25-juillet\\\/#respond\"]}]},{\"@type\":\"WebPage\",\"@id\":\"https:\\\/\\\/autate.fr\\\/site\\\/cote-toulouse-le-plan-de-financement-de-la-troisieme-ligne-de-metro-devoile-lundi-25-juillet\\\/\",\"url\":\"https:\\\/\\\/autate.fr\\\/site\\\/cote-toulouse-le-plan-de-financement-de-la-troisieme-ligne-de-metro-devoile-lundi-25-juillet\\\/\",\"name\":\"[C\u00f4t\u00e9 Toulouse] Le plan de financement de la troisi\u00e8me ligne de m\u00e9tro d\u00e9voil\u00e9 lundi 25 juillet - AUTATE\",\"isPartOf\":{\"@id\":\"https:\\\/\\\/autate.fr\\\/site\\\/#website\"},\"datePublished\":\"2016-07-08T17:23:35+00:00\",\"dateModified\":\"2016-08-10T17:26:19+00:00\",\"breadcrumb\":{\"@id\":\"https:\\\/\\\/autate.fr\\\/site\\\/cote-toulouse-le-plan-de-financement-de-la-troisieme-ligne-de-metro-devoile-lundi-25-juillet\\\/#breadcrumb\"},\"inLanguage\":\"fr-FR\",\"potentialAction\":[{\"@type\":\"ReadAction\",\"target\":[\"https:\\\/\\\/autate.fr\\\/site\\\/cote-toulouse-le-plan-de-financement-de-la-troisieme-ligne-de-metro-devoile-lundi-25-juillet\\\/\"]}]},{\"@type\":\"BreadcrumbList\",\"@id\":\"https:\\\/\\\/autate.fr\\\/site\\\/cote-toulouse-le-plan-de-financement-de-la-troisieme-ligne-de-metro-devoile-lundi-25-juillet\\\/#breadcrumb\",\"itemListElement\":[{\"@type\":\"ListItem\",\"position\":1,\"name\":\"Accueil\",\"item\":\"https:\\\/\\\/autate.fr\\\/site\\\/\"},{\"@type\":\"ListItem\",\"position\":2,\"name\":\"[C\u00f4t\u00e9 Toulouse] Le plan de financement de la troisi\u00e8me ligne de m\u00e9tro d\u00e9voil\u00e9 lundi 25 juillet\"}]},{\"@type\":\"WebSite\",\"@id\":\"https:\\\/\\\/autate.fr\\\/site\\\/#website\",\"url\":\"https:\\\/\\\/autate.fr\\\/site\\\/\",\"name\":\"AUTATE\",\"description\":\"Association des usagers des transports de l&#039;agglom\u00e9ration Toulousaine et de ses environs\",\"publisher\":{\"@id\":\"https:\\\/\\\/autate.fr\\\/site\\\/#organization\"},\"potentialAction\":[{\"@type\":\"SearchAction\",\"target\":{\"@type\":\"EntryPoint\",\"urlTemplate\":\"https:\\\/\\\/autate.fr\\\/site\\\/?s={search_term_string}\"},\"query-input\":{\"@type\":\"PropertyValueSpecification\",\"valueRequired\":true,\"valueName\":\"search_term_string\"}}],\"inLanguage\":\"fr-FR\"},{\"@type\":\"Organization\",\"@id\":\"https:\\\/\\\/autate.fr\\\/site\\\/#organization\",\"name\":\"AUTATE\",\"url\":\"https:\\\/\\\/autate.fr\\\/site\\\/\",\"logo\":{\"@type\":\"ImageObject\",\"inLanguage\":\"fr-FR\",\"@id\":\"https:\\\/\\\/autate.fr\\\/site\\\/#\\\/schema\\\/logo\\\/image\\\/\",\"url\":\"http:\\\/\\\/autate.fr\\\/site\\\/wp-content\\\/uploads\\\/2019\\\/01\\\/logo.png\",\"contentUrl\":\"http:\\\/\\\/autate.fr\\\/site\\\/wp-content\\\/uploads\\\/2019\\\/01\\\/logo.png\",\"width\":506,\"height\":280,\"caption\":\"AUTATE\"},\"image\":{\"@id\":\"https:\\\/\\\/autate.fr\\\/site\\\/#\\\/schema\\\/logo\\\/image\\\/\"},\"sameAs\":[\"https:\\\/\\\/www.facebook.com\\\/AutateToulouse\",\"https:\\\/\\\/x.com\\\/AutateToulouse\"]},{\"@type\":\"Person\",\"@id\":\"https:\\\/\\\/autate.fr\\\/site\\\/#\\\/schema\\\/person\\\/ae1ab8bdaa7b41d2a9b52d2557ce8254\",\"name\":\"pascalbarbier\",\"image\":{\"@type\":\"ImageObject\",\"inLanguage\":\"fr-FR\",\"@id\":\"https:\\\/\\\/secure.gravatar.com\\\/avatar\\\/03f4e8ced09894b72c67e83142540730d4b3bbf619bf46341b0074e3bf5f08a0?s=96&d=mm&r=g\",\"url\":\"https:\\\/\\\/secure.gravatar.com\\\/avatar\\\/03f4e8ced09894b72c67e83142540730d4b3bbf619bf46341b0074e3bf5f08a0?s=96&d=mm&r=g\",\"contentUrl\":\"https:\\\/\\\/secure.gravatar.com\\\/avatar\\\/03f4e8ced09894b72c67e83142540730d4b3bbf619bf46341b0074e3bf5f08a0?s=96&d=mm&r=g\",\"caption\":\"pascalbarbier\"},\"url\":\"https:\\\/\\\/autate.fr\\\/site\\\/author\\\/pascalbarbier\\\/\"}]}<\/script>\n<!-- \/ Yoast SEO plugin. -->","yoast_head_json":{"title":"[C\u00f4t\u00e9 Toulouse] Le plan de financement de la troisi\u00e8me ligne de m\u00e9tro d\u00e9voil\u00e9 lundi 25 juillet - AUTATE","robots":{"index":"index","follow":"follow","max-snippet":"max-snippet:-1","max-image-preview":"max-image-preview:large","max-video-preview":"max-video-preview:-1"},"canonical":"https:\/\/autate.fr\/site\/cote-toulouse-le-plan-de-financement-de-la-troisieme-ligne-de-metro-devoile-lundi-25-juillet\/","og_locale":"fr_FR","og_type":"article","og_title":"[C\u00f4t\u00e9 Toulouse] Le plan de financement de la troisi\u00e8me ligne de m\u00e9tro d\u00e9voil\u00e9 lundi 25 juillet - AUTATE","og_description":"Un article de David St-Sernin paru le 7 juillet 2016 dans Actu C\u00f4t\u00e9 Toulouse C&rsquo;est le lundi 25 juillet 2016 que le plan de financement de la 3e ligne de m\u00e9tro de Toulouse sera pr\u00e9sent\u00e9. Une \u00e9tape importante et tr\u00e8s attendue du projet. Alors que depuis des mois, nombre de voix s\u2019\u00e9l\u00e8vent pour mettre enVOIR PLUS","og_url":"https:\/\/autate.fr\/site\/cote-toulouse-le-plan-de-financement-de-la-troisieme-ligne-de-metro-devoile-lundi-25-juillet\/","og_site_name":"AUTATE","article_publisher":"https:\/\/www.facebook.com\/AutateToulouse","article_published_time":"2016-07-08T17:23:35+00:00","article_modified_time":"2016-08-10T17:26:19+00:00","author":"pascalbarbier","twitter_card":"summary_large_image","twitter_creator":"@AutateToulouse","twitter_site":"@AutateToulouse","twitter_misc":{"\u00c9crit par":"pascalbarbier","Dur\u00e9e de lecture estim\u00e9e":"1 minute"},"schema":{"@context":"https:\/\/schema.org","@graph":[{"@type":"Article","@id":"https:\/\/autate.fr\/site\/cote-toulouse-le-plan-de-financement-de-la-troisieme-ligne-de-metro-devoile-lundi-25-juillet\/#article","isPartOf":{"@id":"https:\/\/autate.fr\/site\/cote-toulouse-le-plan-de-financement-de-la-troisieme-ligne-de-metro-devoile-lundi-25-juillet\/"},"author":{"name":"pascalbarbier","@id":"https:\/\/autate.fr\/site\/#\/schema\/person\/ae1ab8bdaa7b41d2a9b52d2557ce8254"},"headline":"[C\u00f4t\u00e9 Toulouse] Le plan de financement de la troisi\u00e8me ligne de m\u00e9tro d\u00e9voil\u00e9 lundi 25 juillet","datePublished":"2016-07-08T17:23:35+00:00","dateModified":"2016-08-10T17:26:19+00:00","mainEntityOfPage":{"@id":"https:\/\/autate.fr\/site\/cote-toulouse-le-plan-de-financement-de-la-troisieme-ligne-de-metro-devoile-lundi-25-juillet\/"},"wordCount":173,"commentCount":0,"publisher":{"@id":"https:\/\/autate.fr\/site\/#organization"},"keywords":["3\u00e8me ligne m\u00e9tro","Financement","JM.Lattes","TAE","Tiss\u00e9o"],"articleSection":["Revue de presse"],"inLanguage":"fr-FR","potentialAction":[{"@type":"CommentAction","name":"Comment","target":["https:\/\/autate.fr\/site\/cote-toulouse-le-plan-de-financement-de-la-troisieme-ligne-de-metro-devoile-lundi-25-juillet\/#respond"]}]},{"@type":"WebPage","@id":"https:\/\/autate.fr\/site\/cote-toulouse-le-plan-de-financement-de-la-troisieme-ligne-de-metro-devoile-lundi-25-juillet\/","url":"https:\/\/autate.fr\/site\/cote-toulouse-le-plan-de-financement-de-la-troisieme-ligne-de-metro-devoile-lundi-25-juillet\/","name":"[C\u00f4t\u00e9 Toulouse] Le plan de financement de la troisi\u00e8me ligne de m\u00e9tro d\u00e9voil\u00e9 lundi 25 juillet - AUTATE","isPartOf":{"@id":"https:\/\/autate.fr\/site\/#website"},"datePublished":"2016-07-08T17:23:35+00:00","dateModified":"2016-08-10T17:26:19+00:00","breadcrumb":{"@id":"https:\/\/autate.fr\/site\/cote-toulouse-le-plan-de-financement-de-la-troisieme-ligne-de-metro-devoile-lundi-25-juillet\/#breadcrumb"},"inLanguage":"fr-FR","potentialAction":[{"@type":"ReadAction","target":["https:\/\/autate.fr\/site\/cote-toulouse-le-plan-de-financement-de-la-troisieme-ligne-de-metro-devoile-lundi-25-juillet\/"]}]},{"@type":"BreadcrumbList","@id":"https:\/\/autate.fr\/site\/cote-toulouse-le-plan-de-financement-de-la-troisieme-ligne-de-metro-devoile-lundi-25-juillet\/#breadcrumb","itemListElement":[{"@type":"ListItem","position":1,"name":"Accueil","item":"https:\/\/autate.fr\/site\/"},{"@type":"ListItem","position":2,"name":"[C\u00f4t\u00e9 Toulouse] Le plan de financement de la troisi\u00e8me ligne de m\u00e9tro d\u00e9voil\u00e9 lundi 25 juillet"}]},{"@type":"WebSite","@id":"https:\/\/autate.fr\/site\/#website","url":"https:\/\/autate.fr\/site\/","name":"AUTATE","description":"Association des usagers des transports de l&#039;agglom\u00e9ration Toulousaine et de ses environs","publisher":{"@id":"https:\/\/autate.fr\/site\/#organization"},"potentialAction":[{"@type":"SearchAction","target":{"@type":"EntryPoint","urlTemplate":"https:\/\/autate.fr\/site\/?s={search_term_string}"},"query-input":{"@type":"PropertyValueSpecification","valueRequired":true,"valueName":"search_term_string"}}],"inLanguage":"fr-FR"},{"@type":"Organization","@id":"https:\/\/autate.fr\/site\/#organization","name":"AUTATE","url":"https:\/\/autate.fr\/site\/","logo":{"@type":"ImageObject","inLanguage":"fr-FR","@id":"https:\/\/autate.fr\/site\/#\/schema\/logo\/image\/","url":"http:\/\/autate.fr\/site\/wp-content\/uploads\/2019\/01\/logo.png","contentUrl":"http:\/\/autate.fr\/site\/wp-content\/uploads\/2019\/01\/logo.png","width":506,"height":280,"caption":"AUTATE"},"image":{"@id":"https:\/\/autate.fr\/site\/#\/schema\/logo\/image\/"},"sameAs":["https:\/\/www.facebook.com\/AutateToulouse","https:\/\/x.com\/AutateToulouse"]},{"@type":"Person","@id":"https:\/\/autate.fr\/site\/#\/schema\/person\/ae1ab8bdaa7b41d2a9b52d2557ce8254","name":"pascalbarbier","image":{"@type":"ImageObject","inLanguage":"fr-FR","@id":"https:\/\/secure.gravatar.com\/avatar\/03f4e8ced09894b72c67e83142540730d4b3bbf619bf46341b0074e3bf5f08a0?s=96&d=mm&r=g","url":"https:\/\/secure.gravatar.com\/avatar\/03f4e8ced09894b72c67e83142540730d4b3bbf619bf46341b0074e3bf5f08a0?s=96&d=mm&r=g","contentUrl":"https:\/\/secure.gravatar.com\/avatar\/03f4e8ced09894b72c67e83142540730d4b3bbf619bf46341b0074e3bf5f08a0?s=96&d=mm&r=g","caption":"pascalbarbier"},"url":"https:\/\/autate.fr\/site\/author\/pascalbarbier\/"}]}},"_links":{"self":[{"href":"https:\/\/autate.fr\/site\/wp-json\/wp\/v2\/posts\/789","targetHints":{"allow":["GET"]}}],"collection":[{"href":"https:\/\/autate.fr\/site\/wp-json\/wp\/v2\/posts"}],"about":[{"href":"https:\/\/autate.fr\/site\/wp-json\/wp\/v2\/types\/post"}],"author":[{"embeddable":true,"href":"https:\/\/autate.fr\/site\/wp-json\/wp\/v2\/users\/1"}],"replies":[{"embeddable":true,"href":"https:\/\/autate.fr\/site\/wp-json\/wp\/v2\/comments?post=789"}],"version-history":[{"count":1,"href":"https:\/\/autate.fr\/site\/wp-json\/wp\/v2\/posts\/789\/revisions"}],"predecessor-version":[{"id":790,"href":"https:\/\/autate.fr\/site\/wp-json\/wp\/v2\/posts\/789\/revisions\/790"}],"wp:attachment":[{"href":"https:\/\/autate.fr\/site\/wp-json\/wp\/v2\/media?parent=789"}],"wp:term":[{"taxonomy":"category","embeddable":true,"href":"https:\/\/autate.fr\/site\/wp-json\/wp\/v2\/categories?post=789"},{"taxonomy":"post_tag","embeddable":true,"href":"https:\/\/autate.fr\/site\/wp-json\/wp\/v2\/tags?post=789"}],"curies":[{"name":"wp","href":"https:\/\/api.w.org\/{rel}","templated":true}]}}