{"id":784,"date":"2016-07-24T19:15:30","date_gmt":"2016-07-24T17:15:30","guid":{"rendered":"http:\/\/autate.fr\/site\/?p=784"},"modified":"2016-08-10T19:20:45","modified_gmt":"2016-08-10T17:20:45","slug":"la-depeche-carole-delga-une-desserte-directe-ramonville-labege-cadene","status":"publish","type":"post","link":"https:\/\/autate.fr\/site\/la-depeche-carole-delga-une-desserte-directe-ramonville-labege-cadene\/","title":{"rendered":"[La D\u00e9p\u00eache] Carole Delga : \u00abUne desserte directe : Ramonville-Lab\u00e8ge \/ Cad\u00e8ne\u00bb"},"content":{"rendered":"<p>Un article de Philippe Emery paru dans la D\u00e9p\u00eache du midi le 23 juillet (photo cr\u00e9dits E.Grimault)<\/p>\n<p><strong>Interview de Carole Delga, pr\u00e9sidente de la r\u00e9gion Occitanie \/ Pyr\u00e9n\u00e9es-M\u00e9diterran\u00e9e.<\/strong><\/p>\n<p><strong>Sur les 150 millions d&rsquo;\u20ac que la r\u00e9gion souhaite allouer au projet Mobilit\u00e9s, combien irait \u00e0 la 3e ligne ?<\/strong><\/p>\n<p>Les \u00e9quipes de la R\u00e9gion et de SMTC-Tiss\u00e9o travaillent actuellement sur les diff\u00e9rents volets propos\u00e9s dans le cadre du projet Mobilit\u00e9s 2020-2030. Toutefois, il est encore trop t\u00f4t pour d\u00e9tailler la r\u00e9partition de ces 150 M\u20ac. Il s&rsquo;agit d&rsquo;une enveloppe globale destin\u00e9e \u00e0 soutenir diff\u00e9rents projets et en particulier les op\u00e9rations du projet Mobilit\u00e9s favorisant l&rsquo;intermodalit\u00e9, le but \u00e9tant de d\u00e9congestionner la M\u00e9tropole et de favoriser des d\u00e9placements plus faciles pour ses habitants. Je pense notamment aux gares et aux stations de m\u00e9tro qui constitueront des p\u00f4les d&rsquo;\u00e9changes comme ceux de la gare Matabiau ou des Ar\u00e8nes. Au vu de la situation, il est n\u00e9cessaire de jouer la compl\u00e9mentarit\u00e9 entre les modes de transports. L&rsquo;attente est forte de ce point de vue. La R\u00e9gion entend jouer pleinement son r\u00f4le dans ce domaine si crucial de la vie quotidienne de nos concitoyens. Elle sera particuli\u00e8rement attentive \u00e0 ces aspects qui constituent des enjeux essentiels dans la desserte future de l&rsquo;aire urbaine toulousaine.<\/p>\n<p><a href=\"http:\/\/www.ladepeche.fr\/article\/2016\/07\/23\/2389791-une-desserte-directe-ramonville-labege-cadene.html\" target=\"_blank\"><strong>lire la suite<\/strong><\/a><\/p>\n","protected":false},"excerpt":{"rendered":"<p>Un article de Philippe Emery paru dans la D\u00e9p\u00eache du midi le 23 juillet (photo cr\u00e9dits E.Grimault) Interview de Carole Delga, pr\u00e9sidente de la r\u00e9gion Occitanie \/ Pyr\u00e9n\u00e9es-M\u00e9diterran\u00e9e. Sur les 150 millions d&rsquo;\u20ac que la r\u00e9gion souhaite allouer au projet Mobilit\u00e9s, combien irait \u00e0 la 3e ligne ? Les \u00e9quipes de la R\u00e9gion et de<\/p>\n<p class=\"more-link\"><a href=\"https:\/\/autate.fr\/site\/la-depeche-carole-delga-une-desserte-directe-ramonville-labege-cadene\/\" class=\"themebutton2\">VOIR PLUS<\/a><\/p>\n","protected":false},"author":1,"featured_media":785,"comment_status":"open","ping_status":"open","sticky":false,"template":"","format":"standard","meta":{"footnotes":""},"categories":[7],"tags":[172,235,195,123,52],"class_list":["post-784","post","type-post","status-publish","format-standard","has-post-thumbnail","hentry","category-revue-de-presse","tag-3eme-ligne-metro","tag-c-delga","tag-financement","tag-region","tag-tae"],"yoast_head":"<!-- This site is optimized with the Yoast SEO plugin v27.4 - https:\/\/yoast.com\/product\/yoast-seo-wordpress\/ -->\n<title>[La D\u00e9p\u00eache] Carole Delga : \u00abUne desserte directe : Ramonville-Lab\u00e8ge \/ Cad\u00e8ne\u00bb - AUTATE<\/title>\n<meta name=\"robots\" content=\"index, follow, max-snippet:-1, max-image-preview:large, max-video-preview:-1\" \/>\n<link rel=\"canonical\" href=\"https:\/\/autate.fr\/site\/la-depeche-carole-delga-une-desserte-directe-ramonville-labege-cadene\/\" \/>\n<meta property=\"og:locale\" content=\"fr_FR\" \/>\n<meta property=\"og:type\" content=\"article\" \/>\n<meta property=\"og:title\" content=\"[La D\u00e9p\u00eache] Carole Delga : \u00abUne desserte directe : Ramonville-Lab\u00e8ge \/ Cad\u00e8ne\u00bb - AUTATE\" \/>\n<meta property=\"og:description\" content=\"Un article de Philippe Emery paru dans la D\u00e9p\u00eache du midi le 23 juillet (photo cr\u00e9dits E.Grimault) Interview de Carole Delga, pr\u00e9sidente de la r\u00e9gion Occitanie \/ Pyr\u00e9n\u00e9es-M\u00e9diterran\u00e9e. Sur les 150 millions d&rsquo;\u20ac que la r\u00e9gion souhaite allouer au projet Mobilit\u00e9s, combien irait \u00e0 la 3e ligne ? Les \u00e9quipes de la R\u00e9gion et deVOIR PLUS\" \/>\n<meta property=\"og:url\" content=\"https:\/\/autate.fr\/site\/la-depeche-carole-delga-une-desserte-directe-ramonville-labege-cadene\/\" \/>\n<meta property=\"og:site_name\" content=\"AUTATE\" \/>\n<meta property=\"article:publisher\" content=\"https:\/\/www.facebook.com\/AutateToulouse\" \/>\n<meta property=\"article:published_time\" content=\"2016-07-24T17:15:30+00:00\" \/>\n<meta property=\"article:modified_time\" content=\"2016-08-10T17:20:45+00:00\" \/>\n<meta property=\"og:image\" content=\"https:\/\/autate.fr\/site\/wp-content\/uploads\/2016\/08\/cdelga.jpg\" \/>\n\t<meta property=\"og:image:width\" content=\"650\" \/>\n\t<meta property=\"og:image:height\" content=\"350\" \/>\n\t<meta property=\"og:image:type\" content=\"image\/jpeg\" \/>\n<meta name=\"author\" content=\"pascalbarbier\" \/>\n<meta name=\"twitter:card\" content=\"summary_large_image\" \/>\n<meta name=\"twitter:creator\" content=\"@AutateToulouse\" \/>\n<meta name=\"twitter:site\" content=\"@AutateToulouse\" \/>\n<meta name=\"twitter:label1\" content=\"\u00c9crit par\" \/>\n\t<meta name=\"twitter:data1\" content=\"pascalbarbier\" \/>\n\t<meta name=\"twitter:label2\" content=\"Dur\u00e9e de lecture estim\u00e9e\" \/>\n\t<meta name=\"twitter:data2\" content=\"1 minute\" \/>\n<script type=\"application\/ld+json\" class=\"yoast-schema-graph\">{\"@context\":\"https:\\\/\\\/schema.org\",\"@graph\":[{\"@type\":\"Article\",\"@id\":\"https:\\\/\\\/autate.fr\\\/site\\\/la-depeche-carole-delga-une-desserte-directe-ramonville-labege-cadene\\\/#article\",\"isPartOf\":{\"@id\":\"https:\\\/\\\/autate.fr\\\/site\\\/la-depeche-carole-delga-une-desserte-directe-ramonville-labege-cadene\\\/\"},\"author\":{\"name\":\"pascalbarbier\",\"@id\":\"https:\\\/\\\/autate.fr\\\/site\\\/#\\\/schema\\\/person\\\/ae1ab8bdaa7b41d2a9b52d2557ce8254\"},\"headline\":\"[La D\u00e9p\u00eache] Carole Delga : \u00abUne desserte directe : Ramonville-Lab\u00e8ge \\\/ Cad\u00e8ne\u00bb\",\"datePublished\":\"2016-07-24T17:15:30+00:00\",\"dateModified\":\"2016-08-10T17:20:45+00:00\",\"mainEntityOfPage\":{\"@id\":\"https:\\\/\\\/autate.fr\\\/site\\\/la-depeche-carole-delga-une-desserte-directe-ramonville-labege-cadene\\\/\"},\"wordCount\":253,\"commentCount\":0,\"publisher\":{\"@id\":\"https:\\\/\\\/autate.fr\\\/site\\\/#organization\"},\"image\":{\"@id\":\"https:\\\/\\\/autate.fr\\\/site\\\/la-depeche-carole-delga-une-desserte-directe-ramonville-labege-cadene\\\/#primaryimage\"},\"thumbnailUrl\":\"https:\\\/\\\/autate.fr\\\/site\\\/wp-content\\\/uploads\\\/2016\\\/08\\\/cdelga.jpg\",\"keywords\":[\"3\u00e8me ligne m\u00e9tro\",\"C.Delga\",\"Financement\",\"r\u00e9gion\",\"TAE\"],\"articleSection\":[\"Revue de presse\"],\"inLanguage\":\"fr-FR\",\"potentialAction\":[{\"@type\":\"CommentAction\",\"name\":\"Comment\",\"target\":[\"https:\\\/\\\/autate.fr\\\/site\\\/la-depeche-carole-delga-une-desserte-directe-ramonville-labege-cadene\\\/#respond\"]}]},{\"@type\":\"WebPage\",\"@id\":\"https:\\\/\\\/autate.fr\\\/site\\\/la-depeche-carole-delga-une-desserte-directe-ramonville-labege-cadene\\\/\",\"url\":\"https:\\\/\\\/autate.fr\\\/site\\\/la-depeche-carole-delga-une-desserte-directe-ramonville-labege-cadene\\\/\",\"name\":\"[La D\u00e9p\u00eache] Carole Delga : \u00abUne desserte directe : Ramonville-Lab\u00e8ge \\\/ Cad\u00e8ne\u00bb - AUTATE\",\"isPartOf\":{\"@id\":\"https:\\\/\\\/autate.fr\\\/site\\\/#website\"},\"primaryImageOfPage\":{\"@id\":\"https:\\\/\\\/autate.fr\\\/site\\\/la-depeche-carole-delga-une-desserte-directe-ramonville-labege-cadene\\\/#primaryimage\"},\"image\":{\"@id\":\"https:\\\/\\\/autate.fr\\\/site\\\/la-depeche-carole-delga-une-desserte-directe-ramonville-labege-cadene\\\/#primaryimage\"},\"thumbnailUrl\":\"https:\\\/\\\/autate.fr\\\/site\\\/wp-content\\\/uploads\\\/2016\\\/08\\\/cdelga.jpg\",\"datePublished\":\"2016-07-24T17:15:30+00:00\",\"dateModified\":\"2016-08-10T17:20:45+00:00\",\"breadcrumb\":{\"@id\":\"https:\\\/\\\/autate.fr\\\/site\\\/la-depeche-carole-delga-une-desserte-directe-ramonville-labege-cadene\\\/#breadcrumb\"},\"inLanguage\":\"fr-FR\",\"potentialAction\":[{\"@type\":\"ReadAction\",\"target\":[\"https:\\\/\\\/autate.fr\\\/site\\\/la-depeche-carole-delga-une-desserte-directe-ramonville-labege-cadene\\\/\"]}]},{\"@type\":\"ImageObject\",\"inLanguage\":\"fr-FR\",\"@id\":\"https:\\\/\\\/autate.fr\\\/site\\\/la-depeche-carole-delga-une-desserte-directe-ramonville-labege-cadene\\\/#primaryimage\",\"url\":\"https:\\\/\\\/autate.fr\\\/site\\\/wp-content\\\/uploads\\\/2016\\\/08\\\/cdelga.jpg\",\"contentUrl\":\"https:\\\/\\\/autate.fr\\\/site\\\/wp-content\\\/uploads\\\/2016\\\/08\\\/cdelga.jpg\",\"width\":650,\"height\":350},{\"@type\":\"BreadcrumbList\",\"@id\":\"https:\\\/\\\/autate.fr\\\/site\\\/la-depeche-carole-delga-une-desserte-directe-ramonville-labege-cadene\\\/#breadcrumb\",\"itemListElement\":[{\"@type\":\"ListItem\",\"position\":1,\"name\":\"Accueil\",\"item\":\"https:\\\/\\\/autate.fr\\\/site\\\/\"},{\"@type\":\"ListItem\",\"position\":2,\"name\":\"[La D\u00e9p\u00eache] Carole Delga : \u00abUne desserte directe : Ramonville-Lab\u00e8ge \\\/ Cad\u00e8ne\u00bb\"}]},{\"@type\":\"WebSite\",\"@id\":\"https:\\\/\\\/autate.fr\\\/site\\\/#website\",\"url\":\"https:\\\/\\\/autate.fr\\\/site\\\/\",\"name\":\"AUTATE\",\"description\":\"Association des usagers des transports de l&#039;agglom\u00e9ration Toulousaine et de ses environs\",\"publisher\":{\"@id\":\"https:\\\/\\\/autate.fr\\\/site\\\/#organization\"},\"potentialAction\":[{\"@type\":\"SearchAction\",\"target\":{\"@type\":\"EntryPoint\",\"urlTemplate\":\"https:\\\/\\\/autate.fr\\\/site\\\/?s={search_term_string}\"},\"query-input\":{\"@type\":\"PropertyValueSpecification\",\"valueRequired\":true,\"valueName\":\"search_term_string\"}}],\"inLanguage\":\"fr-FR\"},{\"@type\":\"Organization\",\"@id\":\"https:\\\/\\\/autate.fr\\\/site\\\/#organization\",\"name\":\"AUTATE\",\"url\":\"https:\\\/\\\/autate.fr\\\/site\\\/\",\"logo\":{\"@type\":\"ImageObject\",\"inLanguage\":\"fr-FR\",\"@id\":\"https:\\\/\\\/autate.fr\\\/site\\\/#\\\/schema\\\/logo\\\/image\\\/\",\"url\":\"http:\\\/\\\/autate.fr\\\/site\\\/wp-content\\\/uploads\\\/2019\\\/01\\\/logo.png\",\"contentUrl\":\"http:\\\/\\\/autate.fr\\\/site\\\/wp-content\\\/uploads\\\/2019\\\/01\\\/logo.png\",\"width\":506,\"height\":280,\"caption\":\"AUTATE\"},\"image\":{\"@id\":\"https:\\\/\\\/autate.fr\\\/site\\\/#\\\/schema\\\/logo\\\/image\\\/\"},\"sameAs\":[\"https:\\\/\\\/www.facebook.com\\\/AutateToulouse\",\"https:\\\/\\\/x.com\\\/AutateToulouse\"]},{\"@type\":\"Person\",\"@id\":\"https:\\\/\\\/autate.fr\\\/site\\\/#\\\/schema\\\/person\\\/ae1ab8bdaa7b41d2a9b52d2557ce8254\",\"name\":\"pascalbarbier\",\"image\":{\"@type\":\"ImageObject\",\"inLanguage\":\"fr-FR\",\"@id\":\"https:\\\/\\\/secure.gravatar.com\\\/avatar\\\/03f4e8ced09894b72c67e83142540730d4b3bbf619bf46341b0074e3bf5f08a0?s=96&d=mm&r=g\",\"url\":\"https:\\\/\\\/secure.gravatar.com\\\/avatar\\\/03f4e8ced09894b72c67e83142540730d4b3bbf619bf46341b0074e3bf5f08a0?s=96&d=mm&r=g\",\"contentUrl\":\"https:\\\/\\\/secure.gravatar.com\\\/avatar\\\/03f4e8ced09894b72c67e83142540730d4b3bbf619bf46341b0074e3bf5f08a0?s=96&d=mm&r=g\",\"caption\":\"pascalbarbier\"},\"url\":\"https:\\\/\\\/autate.fr\\\/site\\\/author\\\/pascalbarbier\\\/\"}]}<\/script>\n<!-- \/ Yoast SEO plugin. -->","yoast_head_json":{"title":"[La D\u00e9p\u00eache] Carole Delga : \u00abUne desserte directe : Ramonville-Lab\u00e8ge \/ Cad\u00e8ne\u00bb - AUTATE","robots":{"index":"index","follow":"follow","max-snippet":"max-snippet:-1","max-image-preview":"max-image-preview:large","max-video-preview":"max-video-preview:-1"},"canonical":"https:\/\/autate.fr\/site\/la-depeche-carole-delga-une-desserte-directe-ramonville-labege-cadene\/","og_locale":"fr_FR","og_type":"article","og_title":"[La D\u00e9p\u00eache] Carole Delga : \u00abUne desserte directe : Ramonville-Lab\u00e8ge \/ Cad\u00e8ne\u00bb - AUTATE","og_description":"Un article de Philippe Emery paru dans la D\u00e9p\u00eache du midi le 23 juillet (photo cr\u00e9dits E.Grimault) Interview de Carole Delga, pr\u00e9sidente de la r\u00e9gion Occitanie \/ Pyr\u00e9n\u00e9es-M\u00e9diterran\u00e9e. Sur les 150 millions d&rsquo;\u20ac que la r\u00e9gion souhaite allouer au projet Mobilit\u00e9s, combien irait \u00e0 la 3e ligne ? Les \u00e9quipes de la R\u00e9gion et deVOIR PLUS","og_url":"https:\/\/autate.fr\/site\/la-depeche-carole-delga-une-desserte-directe-ramonville-labege-cadene\/","og_site_name":"AUTATE","article_publisher":"https:\/\/www.facebook.com\/AutateToulouse","article_published_time":"2016-07-24T17:15:30+00:00","article_modified_time":"2016-08-10T17:20:45+00:00","og_image":[{"width":650,"height":350,"url":"https:\/\/autate.fr\/site\/wp-content\/uploads\/2016\/08\/cdelga.jpg","type":"image\/jpeg"}],"author":"pascalbarbier","twitter_card":"summary_large_image","twitter_creator":"@AutateToulouse","twitter_site":"@AutateToulouse","twitter_misc":{"\u00c9crit par":"pascalbarbier","Dur\u00e9e de lecture estim\u00e9e":"1 minute"},"schema":{"@context":"https:\/\/schema.org","@graph":[{"@type":"Article","@id":"https:\/\/autate.fr\/site\/la-depeche-carole-delga-une-desserte-directe-ramonville-labege-cadene\/#article","isPartOf":{"@id":"https:\/\/autate.fr\/site\/la-depeche-carole-delga-une-desserte-directe-ramonville-labege-cadene\/"},"author":{"name":"pascalbarbier","@id":"https:\/\/autate.fr\/site\/#\/schema\/person\/ae1ab8bdaa7b41d2a9b52d2557ce8254"},"headline":"[La D\u00e9p\u00eache] Carole Delga : \u00abUne desserte directe : Ramonville-Lab\u00e8ge \/ Cad\u00e8ne\u00bb","datePublished":"2016-07-24T17:15:30+00:00","dateModified":"2016-08-10T17:20:45+00:00","mainEntityOfPage":{"@id":"https:\/\/autate.fr\/site\/la-depeche-carole-delga-une-desserte-directe-ramonville-labege-cadene\/"},"wordCount":253,"commentCount":0,"publisher":{"@id":"https:\/\/autate.fr\/site\/#organization"},"image":{"@id":"https:\/\/autate.fr\/site\/la-depeche-carole-delga-une-desserte-directe-ramonville-labege-cadene\/#primaryimage"},"thumbnailUrl":"https:\/\/autate.fr\/site\/wp-content\/uploads\/2016\/08\/cdelga.jpg","keywords":["3\u00e8me ligne m\u00e9tro","C.Delga","Financement","r\u00e9gion","TAE"],"articleSection":["Revue de presse"],"inLanguage":"fr-FR","potentialAction":[{"@type":"CommentAction","name":"Comment","target":["https:\/\/autate.fr\/site\/la-depeche-carole-delga-une-desserte-directe-ramonville-labege-cadene\/#respond"]}]},{"@type":"WebPage","@id":"https:\/\/autate.fr\/site\/la-depeche-carole-delga-une-desserte-directe-ramonville-labege-cadene\/","url":"https:\/\/autate.fr\/site\/la-depeche-carole-delga-une-desserte-directe-ramonville-labege-cadene\/","name":"[La D\u00e9p\u00eache] Carole Delga : \u00abUne desserte directe : Ramonville-Lab\u00e8ge \/ Cad\u00e8ne\u00bb - AUTATE","isPartOf":{"@id":"https:\/\/autate.fr\/site\/#website"},"primaryImageOfPage":{"@id":"https:\/\/autate.fr\/site\/la-depeche-carole-delga-une-desserte-directe-ramonville-labege-cadene\/#primaryimage"},"image":{"@id":"https:\/\/autate.fr\/site\/la-depeche-carole-delga-une-desserte-directe-ramonville-labege-cadene\/#primaryimage"},"thumbnailUrl":"https:\/\/autate.fr\/site\/wp-content\/uploads\/2016\/08\/cdelga.jpg","datePublished":"2016-07-24T17:15:30+00:00","dateModified":"2016-08-10T17:20:45+00:00","breadcrumb":{"@id":"https:\/\/autate.fr\/site\/la-depeche-carole-delga-une-desserte-directe-ramonville-labege-cadene\/#breadcrumb"},"inLanguage":"fr-FR","potentialAction":[{"@type":"ReadAction","target":["https:\/\/autate.fr\/site\/la-depeche-carole-delga-une-desserte-directe-ramonville-labege-cadene\/"]}]},{"@type":"ImageObject","inLanguage":"fr-FR","@id":"https:\/\/autate.fr\/site\/la-depeche-carole-delga-une-desserte-directe-ramonville-labege-cadene\/#primaryimage","url":"https:\/\/autate.fr\/site\/wp-content\/uploads\/2016\/08\/cdelga.jpg","contentUrl":"https:\/\/autate.fr\/site\/wp-content\/uploads\/2016\/08\/cdelga.jpg","width":650,"height":350},{"@type":"BreadcrumbList","@id":"https:\/\/autate.fr\/site\/la-depeche-carole-delga-une-desserte-directe-ramonville-labege-cadene\/#breadcrumb","itemListElement":[{"@type":"ListItem","position":1,"name":"Accueil","item":"https:\/\/autate.fr\/site\/"},{"@type":"ListItem","position":2,"name":"[La D\u00e9p\u00eache] Carole Delga : \u00abUne desserte directe : Ramonville-Lab\u00e8ge \/ Cad\u00e8ne\u00bb"}]},{"@type":"WebSite","@id":"https:\/\/autate.fr\/site\/#website","url":"https:\/\/autate.fr\/site\/","name":"AUTATE","description":"Association des usagers des transports de l&#039;agglom\u00e9ration Toulousaine et de ses environs","publisher":{"@id":"https:\/\/autate.fr\/site\/#organization"},"potentialAction":[{"@type":"SearchAction","target":{"@type":"EntryPoint","urlTemplate":"https:\/\/autate.fr\/site\/?s={search_term_string}"},"query-input":{"@type":"PropertyValueSpecification","valueRequired":true,"valueName":"search_term_string"}}],"inLanguage":"fr-FR"},{"@type":"Organization","@id":"https:\/\/autate.fr\/site\/#organization","name":"AUTATE","url":"https:\/\/autate.fr\/site\/","logo":{"@type":"ImageObject","inLanguage":"fr-FR","@id":"https:\/\/autate.fr\/site\/#\/schema\/logo\/image\/","url":"http:\/\/autate.fr\/site\/wp-content\/uploads\/2019\/01\/logo.png","contentUrl":"http:\/\/autate.fr\/site\/wp-content\/uploads\/2019\/01\/logo.png","width":506,"height":280,"caption":"AUTATE"},"image":{"@id":"https:\/\/autate.fr\/site\/#\/schema\/logo\/image\/"},"sameAs":["https:\/\/www.facebook.com\/AutateToulouse","https:\/\/x.com\/AutateToulouse"]},{"@type":"Person","@id":"https:\/\/autate.fr\/site\/#\/schema\/person\/ae1ab8bdaa7b41d2a9b52d2557ce8254","name":"pascalbarbier","image":{"@type":"ImageObject","inLanguage":"fr-FR","@id":"https:\/\/secure.gravatar.com\/avatar\/03f4e8ced09894b72c67e83142540730d4b3bbf619bf46341b0074e3bf5f08a0?s=96&d=mm&r=g","url":"https:\/\/secure.gravatar.com\/avatar\/03f4e8ced09894b72c67e83142540730d4b3bbf619bf46341b0074e3bf5f08a0?s=96&d=mm&r=g","contentUrl":"https:\/\/secure.gravatar.com\/avatar\/03f4e8ced09894b72c67e83142540730d4b3bbf619bf46341b0074e3bf5f08a0?s=96&d=mm&r=g","caption":"pascalbarbier"},"url":"https:\/\/autate.fr\/site\/author\/pascalbarbier\/"}]}},"_links":{"self":[{"href":"https:\/\/autate.fr\/site\/wp-json\/wp\/v2\/posts\/784","targetHints":{"allow":["GET"]}}],"collection":[{"href":"https:\/\/autate.fr\/site\/wp-json\/wp\/v2\/posts"}],"about":[{"href":"https:\/\/autate.fr\/site\/wp-json\/wp\/v2\/types\/post"}],"author":[{"embeddable":true,"href":"https:\/\/autate.fr\/site\/wp-json\/wp\/v2\/users\/1"}],"replies":[{"embeddable":true,"href":"https:\/\/autate.fr\/site\/wp-json\/wp\/v2\/comments?post=784"}],"version-history":[{"count":1,"href":"https:\/\/autate.fr\/site\/wp-json\/wp\/v2\/posts\/784\/revisions"}],"predecessor-version":[{"id":786,"href":"https:\/\/autate.fr\/site\/wp-json\/wp\/v2\/posts\/784\/revisions\/786"}],"wp:featuredmedia":[{"embeddable":true,"href":"https:\/\/autate.fr\/site\/wp-json\/wp\/v2\/media\/785"}],"wp:attachment":[{"href":"https:\/\/autate.fr\/site\/wp-json\/wp\/v2\/media?parent=784"}],"wp:term":[{"taxonomy":"category","embeddable":true,"href":"https:\/\/autate.fr\/site\/wp-json\/wp\/v2\/categories?post=784"},{"taxonomy":"post_tag","embeddable":true,"href":"https:\/\/autate.fr\/site\/wp-json\/wp\/v2\/tags?post=784"}],"curies":[{"name":"wp","href":"https:\/\/api.w.org\/{rel}","templated":true}]}}