{"id":78,"date":"2015-12-05T01:19:24","date_gmt":"2015-12-05T00:19:24","guid":{"rendered":"http:\/\/autate.fr\/site\/?p=78"},"modified":"2015-12-26T15:09:38","modified_gmt":"2015-12-26T14:09:38","slug":"la-depeche-oncopole-rangueil-le-telepherique-urbain-remonte-la-pente","status":"publish","type":"post","link":"https:\/\/autate.fr\/site\/la-depeche-oncopole-rangueil-le-telepherique-urbain-remonte-la-pente\/","title":{"rendered":"[La D\u00e9p\u00eache] Oncopole-Rangueil : le t\u00e9l\u00e9ph\u00e9rique urbain remonte la pente"},"content":{"rendered":"<div class=\"p402_premium\">\n<p>La seule r\u00e9union publique de la concertation en cours sur le projet de t\u00e9l\u00e9port\u00e9 entre Oncopole, CHU et universit\u00e9 a suscit\u00e9 de l&rsquo;int\u00e9r\u00eat, bien des questions et quelques r\u00e9ponses.<\/p>\n<p>\u00ab\u00catre t\u00e9l\u00e9port\u00e9 de l&rsquo;Oncopole au CHU et \u00e0 l&rsquo;Universit\u00e9 en 10 minutes, science-fiction ou futur possible ?\u00bb. C&rsquo;\u00e9tait le th\u00e8me de la seule r\u00e9union publique organis\u00e9e jeudi soir dans le cadre de la concertation en cours sur le projet de t\u00e9l\u00e9ph\u00e9rique urbain. Une petite centaine de personnes y assistait, apr\u00e8s qu&rsquo;une premi\u00e8re r\u00e9union a \u00e9t\u00e9 annul\u00e9e suite aux \u00e9v\u00e9nements du 13 novembre. Des habitants et repr\u00e9sentants d&rsquo;associations de Rangueil, Pech David ou Pourvourville \u00e9taient en nombre, avec une d\u00e9l\u00e9gation de lyc\u00e9ens de Bellevue, int\u00e9ress\u00e9s par un projet qui suscite, semble-t-il, beaucoup moins de rejet, voire de moqueries qu&rsquo;au d\u00e9but, mais plut\u00f4t un d\u00e9sir de concertation et surtout des r\u00e9ponses pr\u00e9cises.<\/p>\n<p>\u00c0 part un riverain tr\u00e8s sceptique estimant que le t\u00e9l\u00e9ph\u00e9rique allait contribuer \u00e0 engorger un peu plus le trafic auto \u00e0 Rangueil, et r\u00e9clamant plut\u00f4t des am\u00e9nagements routiers, les autres intervenants posaient de vraies questions : combien \u00e7a va co\u00fbter ? Quel financement ? Y aura-t-il du parking \u00e0 la station CHU ? Et \u00e0 l&rsquo;Oncopole ? Combien de pyl\u00f4nes ? La capacit\u00e9 sera-t-elle suffisante pour absorber les reports du m\u00e9tro \u00e0 Basso Cambo (question de Jo\u00ebl Carreiras, ex-pr\u00e9sident de la Smat, qui se f\u00e9licitait de l&rsquo;avanc\u00e9e du projet) ? Pourquoi ne pas relier directement Basso Cambo \u00e0 Montaudran plut\u00f4t que par \u00e9tapes ? Y a-t-il danger avec les ballasti\u00e8res ? Pourra-t-on transporter des lits m\u00e9dicalis\u00e9s ? Un lyc\u00e9en de Bellevue \u00abtrouvait le projet int\u00e9ressant\u00bb mais rappelait \u00abl&rsquo;opposition de principe des lyc\u00e9ens au survol de l&rsquo;\u00e9tablissement\u00bb.<\/p>\n<p>Jean-Michel Lattes (pr\u00e9sident du SMTC), Francis Grass (pr\u00e9sident de la Smat) et Cyril Ladier, chef de projet a\u00e9rotram) s&#8217;employaient \u00e0 r\u00e9pondre.<\/p>\n<p>Jean-Michel Lattes ne s&rsquo;engageait pas sur le co\u00fbt, \u00abl&rsquo;\u00e9quivalent du prix d&rsquo;une ligne de bus moyenne (\u2026) le financement de la premi\u00e8re tranche est int\u00e9gr\u00e9 dans le budget Tiss\u00e9o\u00bb.<\/p>\n<p>Cyril Ladier parlait de 5 \u00e0 15 pyl\u00f4nes suivant la technique utilis\u00e9e (trois c\u00e2bles ou mono) et de plusieurs variantes de trac\u00e9s et de sites pour les trois premi\u00e8res stations (Oncopole, CHU, UPS).<\/p>\n<p>Francis Grass \u00e9voquait un \u00abco\u00fbt d&rsquo;exploitation inf\u00e9rieur \u00e0 celui d&rsquo;un bus\u00bb, \u00abun d\u00e9bit \u00e9quivalent \u00e0 celui d&rsquo;un tram\u00bb et la \u00abfaisabilit\u00e9 av\u00e9r\u00e9e du maillon Basso Cambo suite \u00e0 une \u00e9tude <em>ad hoc<\/em> \u00bb.<\/p>\n<p>Un ange passa lorsque furent \u00e9voqu\u00e9es les 5 000 tonnes de nitrocellulose immerg\u00e9es en bord de Garonne qui seront survol\u00e9es par les cabines, sans aucun risque de danger, selon la DGA (direction g\u00e9n\u00e9rale de l&rsquo;armement).<\/p>\n<p>On pr\u00e9cisa que le transport de fret m\u00e9dical (et de v\u00e9los) serait possible, pas celui des patients alit\u00e9s. Le projet, s&rsquo;il est act\u00e9 par le SMTC, devra soigner la concertation \u00e0 venir.<\/p>\n<hr \/>\n<h2 class=\"titre\">Un projet en plusieurs \u00e9tapes<\/h2>\n<p>Le t\u00e9l\u00e9port\u00e9 pour franchir la Garonne et la colline de Pech David (un d\u00e9nivel\u00e9 de 100 m) port\u00e9 par l&rsquo;\u00e9quipe de Pierre Cohen \u00e0 Tiss\u00e9o a \u00e9t\u00e9 repris par Jean-Michel Lattes, mais \u00abrevu\u00bb.<\/p>\n<p>Initialement nomm\u00e9 a\u00e9rotram, le t\u00e9l\u00e9ph\u00e9rique urbain, au-del\u00e0 du changement de nom, pourrait d\u00e9sormais \u00eatre r\u00e9alis\u00e9 en deux, voire trois temps.<\/p>\n<p>D&rsquo;abord, le maillon central (et initial) entre Oncopole, CHU de Rangueil et Universit\u00e9 Paul-Sabatier, avec connexion \u00e0 la ligne B du m\u00e9tro (\u00e0 UPS),<\/p>\n<p>puis un maillon Ouest reliant Basso Cambo (et la ligne A du m\u00e9tro)et une tranche Est vers Montaudran (et la future 3e ligne).<\/p>\n<p>La fr\u00e9quentation serait de 7 000 voyageurs\/jour pour le maillon central (l&rsquo;\u00e9quivalent d&rsquo;un bus), de 20 000 pour l&rsquo;ensemble (comme un tram).<\/p>\n<p>Le service en continu de 5 h 15 \u00e0 0 heure avec une cabine (35 personnes) chaque minute et demie ou toutes les 2 minutes.<\/p>\n<p>Il faudrait 10 minutes pour passer d&rsquo;Oncopole \u00e0 Rangueil contre une demi-heure en voiture et trois-quarts d&rsquo;heure en bus actuellement.<\/p>\n<p>Le co\u00fbt du projet est estim\u00e9 entre 44 et 63 millions d&rsquo;\u20ac selon la solution technique retenue (monoc\u00e2ble ou tri c\u00e2ble), pour le maillon central.<\/p>\n<p>Le constructeur choisi sur appel d&rsquo;offres devra concevoir, r\u00e9aliser et assurer la maintenance.<\/p>\n<p>Le service ne serait pas conc\u00e9d\u00e9 au priv\u00e9, selon Francis Grass.<\/p>\n<hr \/>\n<h2 class=\"titre\">Le chiffre : 2 020<\/h2>\n<p>date &gt;de mise en service envisag\u00e9e. Si le SMTC Tiss\u00e9o d\u00e9cide d&rsquo;acter le projet, l&rsquo;appel aux entreprises se fera en 2016, l&rsquo;enqu\u00eate publique en 2017, la construction en 2018 et 2019 pour une mise en service envisag\u00e9e d\u00e9but 2020.<\/p>\n<p><em>\u00ab<\/em> <em>Le t\u00e9l\u00e9port\u00e9 peut avoir un d\u00e9bit \u00e9quivalent au tram, circule en site propre int\u00e9gral comme le m\u00e9tro, pour moins cher qu&rsquo;un bus<\/em> <em>\u00bb.<\/em><\/p>\n<p>Francis Grass, pr\u00e9sident de la Soci\u00e9t\u00e9 pour la Mobilit\u00e9 de l&rsquo;agglom\u00e9ration toulousaine.<\/p>\n<\/div>\n<div class=\"article_author\">Philippe Emery<\/div>\n<div class=\"article_author\"><\/div>\n<div class=\"article_author\">Photo DR <a href=\"http:\/\/www.ladepeche.fr\/article\/2015\/12\/05\/2231967-oncopole-rangueil-le-telepherique-urbain-remonte-la-pente.html\">lire l&rsquo;article sur le site de la D\u00e9p\u00eache<\/a><\/div>\n","protected":false},"excerpt":{"rendered":"<p>La seule r\u00e9union publique de la concertation en cours sur le projet de t\u00e9l\u00e9port\u00e9 entre Oncopole, CHU et universit\u00e9 a suscit\u00e9 de l&rsquo;int\u00e9r\u00eat, bien des questions et quelques r\u00e9ponses. \u00ab\u00catre t\u00e9l\u00e9port\u00e9 de l&rsquo;Oncopole au CHU et \u00e0 l&rsquo;Universit\u00e9 en 10 minutes, science-fiction ou futur possible ?\u00bb. C&rsquo;\u00e9tait le th\u00e8me de la seule r\u00e9union publique organis\u00e9e<\/p>\n<p class=\"more-link\"><a href=\"https:\/\/autate.fr\/site\/la-depeche-oncopole-rangueil-le-telepherique-urbain-remonte-la-pente\/\" class=\"themebutton2\">VOIR PLUS<\/a><\/p>\n","protected":false},"author":1,"featured_media":79,"comment_status":"open","ping_status":"open","sticky":false,"template":"","format":"standard","meta":{"footnotes":""},"categories":[7],"tags":[27,26],"class_list":["post-78","post","type-post","status-publish","format-standard","has-post-thumbnail","hentry","category-revue-de-presse","tag-aerotram","tag-teleporte"],"yoast_head":"<!-- This site is optimized with the Yoast SEO plugin v27.4 - https:\/\/yoast.com\/product\/yoast-seo-wordpress\/ -->\n<title>[La D\u00e9p\u00eache] Oncopole-Rangueil : le t\u00e9l\u00e9ph\u00e9rique urbain remonte la pente - AUTATE<\/title>\n<meta name=\"robots\" content=\"index, follow, max-snippet:-1, max-image-preview:large, max-video-preview:-1\" \/>\n<link rel=\"canonical\" href=\"https:\/\/autate.fr\/site\/la-depeche-oncopole-rangueil-le-telepherique-urbain-remonte-la-pente\/\" \/>\n<meta property=\"og:locale\" content=\"fr_FR\" \/>\n<meta property=\"og:type\" content=\"article\" \/>\n<meta property=\"og:title\" content=\"[La D\u00e9p\u00eache] Oncopole-Rangueil : le t\u00e9l\u00e9ph\u00e9rique urbain remonte la pente - AUTATE\" \/>\n<meta property=\"og:description\" content=\"La seule r\u00e9union publique de la concertation en cours sur le projet de t\u00e9l\u00e9port\u00e9 entre Oncopole, CHU et universit\u00e9 a suscit\u00e9 de l&rsquo;int\u00e9r\u00eat, bien des questions et quelques r\u00e9ponses. \u00ab\u00catre t\u00e9l\u00e9port\u00e9 de l&rsquo;Oncopole au CHU et \u00e0 l&rsquo;Universit\u00e9 en 10 minutes, science-fiction ou futur possible ?\u00bb. C&rsquo;\u00e9tait le th\u00e8me de la seule r\u00e9union publique organis\u00e9eVOIR PLUS\" \/>\n<meta property=\"og:url\" content=\"https:\/\/autate.fr\/site\/la-depeche-oncopole-rangueil-le-telepherique-urbain-remonte-la-pente\/\" \/>\n<meta property=\"og:site_name\" content=\"AUTATE\" \/>\n<meta property=\"article:publisher\" content=\"https:\/\/www.facebook.com\/AutateToulouse\" \/>\n<meta property=\"article:published_time\" content=\"2015-12-05T00:19:24+00:00\" \/>\n<meta property=\"article:modified_time\" content=\"2015-12-26T14:09:38+00:00\" \/>\n<meta property=\"og:image\" content=\"https:\/\/autate.fr\/site\/wp-content\/uploads\/2015\/12\/a\u00e9rotram.jpg\" \/>\n\t<meta property=\"og:image:width\" content=\"650\" \/>\n\t<meta property=\"og:image:height\" content=\"350\" \/>\n\t<meta property=\"og:image:type\" content=\"image\/jpeg\" \/>\n<meta name=\"author\" content=\"pascalbarbier\" \/>\n<meta name=\"twitter:card\" content=\"summary_large_image\" \/>\n<meta name=\"twitter:creator\" content=\"@AutateToulouse\" \/>\n<meta name=\"twitter:site\" content=\"@AutateToulouse\" \/>\n<meta name=\"twitter:label1\" content=\"\u00c9crit par\" \/>\n\t<meta name=\"twitter:data1\" content=\"pascalbarbier\" \/>\n\t<meta name=\"twitter:label2\" content=\"Dur\u00e9e de lecture estim\u00e9e\" \/>\n\t<meta name=\"twitter:data2\" content=\"4 minutes\" \/>\n<script type=\"application\/ld+json\" class=\"yoast-schema-graph\">{\"@context\":\"https:\\\/\\\/schema.org\",\"@graph\":[{\"@type\":\"Article\",\"@id\":\"https:\\\/\\\/autate.fr\\\/site\\\/la-depeche-oncopole-rangueil-le-telepherique-urbain-remonte-la-pente\\\/#article\",\"isPartOf\":{\"@id\":\"https:\\\/\\\/autate.fr\\\/site\\\/la-depeche-oncopole-rangueil-le-telepherique-urbain-remonte-la-pente\\\/\"},\"author\":{\"name\":\"pascalbarbier\",\"@id\":\"https:\\\/\\\/autate.fr\\\/site\\\/#\\\/schema\\\/person\\\/ae1ab8bdaa7b41d2a9b52d2557ce8254\"},\"headline\":\"[La D\u00e9p\u00eache] Oncopole-Rangueil : le t\u00e9l\u00e9ph\u00e9rique urbain remonte la pente\",\"datePublished\":\"2015-12-05T00:19:24+00:00\",\"dateModified\":\"2015-12-26T14:09:38+00:00\",\"mainEntityOfPage\":{\"@id\":\"https:\\\/\\\/autate.fr\\\/site\\\/la-depeche-oncopole-rangueil-le-telepherique-urbain-remonte-la-pente\\\/\"},\"wordCount\":844,\"commentCount\":0,\"publisher\":{\"@id\":\"https:\\\/\\\/autate.fr\\\/site\\\/#organization\"},\"image\":{\"@id\":\"https:\\\/\\\/autate.fr\\\/site\\\/la-depeche-oncopole-rangueil-le-telepherique-urbain-remonte-la-pente\\\/#primaryimage\"},\"thumbnailUrl\":\"https:\\\/\\\/autate.fr\\\/site\\\/wp-content\\\/uploads\\\/2015\\\/12\\\/a\u00e9rotram.jpg\",\"keywords\":[\"A\u00e9rotram\",\"T\u00e9l\u00e9port\u00e9\"],\"articleSection\":[\"Revue de presse\"],\"inLanguage\":\"fr-FR\",\"potentialAction\":[{\"@type\":\"CommentAction\",\"name\":\"Comment\",\"target\":[\"https:\\\/\\\/autate.fr\\\/site\\\/la-depeche-oncopole-rangueil-le-telepherique-urbain-remonte-la-pente\\\/#respond\"]}]},{\"@type\":\"WebPage\",\"@id\":\"https:\\\/\\\/autate.fr\\\/site\\\/la-depeche-oncopole-rangueil-le-telepherique-urbain-remonte-la-pente\\\/\",\"url\":\"https:\\\/\\\/autate.fr\\\/site\\\/la-depeche-oncopole-rangueil-le-telepherique-urbain-remonte-la-pente\\\/\",\"name\":\"[La D\u00e9p\u00eache] Oncopole-Rangueil : le t\u00e9l\u00e9ph\u00e9rique urbain remonte la pente - AUTATE\",\"isPartOf\":{\"@id\":\"https:\\\/\\\/autate.fr\\\/site\\\/#website\"},\"primaryImageOfPage\":{\"@id\":\"https:\\\/\\\/autate.fr\\\/site\\\/la-depeche-oncopole-rangueil-le-telepherique-urbain-remonte-la-pente\\\/#primaryimage\"},\"image\":{\"@id\":\"https:\\\/\\\/autate.fr\\\/site\\\/la-depeche-oncopole-rangueil-le-telepherique-urbain-remonte-la-pente\\\/#primaryimage\"},\"thumbnailUrl\":\"https:\\\/\\\/autate.fr\\\/site\\\/wp-content\\\/uploads\\\/2015\\\/12\\\/a\u00e9rotram.jpg\",\"datePublished\":\"2015-12-05T00:19:24+00:00\",\"dateModified\":\"2015-12-26T14:09:38+00:00\",\"breadcrumb\":{\"@id\":\"https:\\\/\\\/autate.fr\\\/site\\\/la-depeche-oncopole-rangueil-le-telepherique-urbain-remonte-la-pente\\\/#breadcrumb\"},\"inLanguage\":\"fr-FR\",\"potentialAction\":[{\"@type\":\"ReadAction\",\"target\":[\"https:\\\/\\\/autate.fr\\\/site\\\/la-depeche-oncopole-rangueil-le-telepherique-urbain-remonte-la-pente\\\/\"]}]},{\"@type\":\"ImageObject\",\"inLanguage\":\"fr-FR\",\"@id\":\"https:\\\/\\\/autate.fr\\\/site\\\/la-depeche-oncopole-rangueil-le-telepherique-urbain-remonte-la-pente\\\/#primaryimage\",\"url\":\"https:\\\/\\\/autate.fr\\\/site\\\/wp-content\\\/uploads\\\/2015\\\/12\\\/a\u00e9rotram.jpg\",\"contentUrl\":\"https:\\\/\\\/autate.fr\\\/site\\\/wp-content\\\/uploads\\\/2015\\\/12\\\/a\u00e9rotram.jpg\",\"width\":650,\"height\":350},{\"@type\":\"BreadcrumbList\",\"@id\":\"https:\\\/\\\/autate.fr\\\/site\\\/la-depeche-oncopole-rangueil-le-telepherique-urbain-remonte-la-pente\\\/#breadcrumb\",\"itemListElement\":[{\"@type\":\"ListItem\",\"position\":1,\"name\":\"Accueil\",\"item\":\"https:\\\/\\\/autate.fr\\\/site\\\/\"},{\"@type\":\"ListItem\",\"position\":2,\"name\":\"[La D\u00e9p\u00eache] Oncopole-Rangueil : le t\u00e9l\u00e9ph\u00e9rique urbain remonte la pente\"}]},{\"@type\":\"WebSite\",\"@id\":\"https:\\\/\\\/autate.fr\\\/site\\\/#website\",\"url\":\"https:\\\/\\\/autate.fr\\\/site\\\/\",\"name\":\"AUTATE\",\"description\":\"Association des usagers des transports de l&#039;agglom\u00e9ration Toulousaine et de ses environs\",\"publisher\":{\"@id\":\"https:\\\/\\\/autate.fr\\\/site\\\/#organization\"},\"potentialAction\":[{\"@type\":\"SearchAction\",\"target\":{\"@type\":\"EntryPoint\",\"urlTemplate\":\"https:\\\/\\\/autate.fr\\\/site\\\/?s={search_term_string}\"},\"query-input\":{\"@type\":\"PropertyValueSpecification\",\"valueRequired\":true,\"valueName\":\"search_term_string\"}}],\"inLanguage\":\"fr-FR\"},{\"@type\":\"Organization\",\"@id\":\"https:\\\/\\\/autate.fr\\\/site\\\/#organization\",\"name\":\"AUTATE\",\"url\":\"https:\\\/\\\/autate.fr\\\/site\\\/\",\"logo\":{\"@type\":\"ImageObject\",\"inLanguage\":\"fr-FR\",\"@id\":\"https:\\\/\\\/autate.fr\\\/site\\\/#\\\/schema\\\/logo\\\/image\\\/\",\"url\":\"http:\\\/\\\/autate.fr\\\/site\\\/wp-content\\\/uploads\\\/2019\\\/01\\\/logo.png\",\"contentUrl\":\"http:\\\/\\\/autate.fr\\\/site\\\/wp-content\\\/uploads\\\/2019\\\/01\\\/logo.png\",\"width\":506,\"height\":280,\"caption\":\"AUTATE\"},\"image\":{\"@id\":\"https:\\\/\\\/autate.fr\\\/site\\\/#\\\/schema\\\/logo\\\/image\\\/\"},\"sameAs\":[\"https:\\\/\\\/www.facebook.com\\\/AutateToulouse\",\"https:\\\/\\\/x.com\\\/AutateToulouse\"]},{\"@type\":\"Person\",\"@id\":\"https:\\\/\\\/autate.fr\\\/site\\\/#\\\/schema\\\/person\\\/ae1ab8bdaa7b41d2a9b52d2557ce8254\",\"name\":\"pascalbarbier\",\"image\":{\"@type\":\"ImageObject\",\"inLanguage\":\"fr-FR\",\"@id\":\"https:\\\/\\\/secure.gravatar.com\\\/avatar\\\/03f4e8ced09894b72c67e83142540730d4b3bbf619bf46341b0074e3bf5f08a0?s=96&d=mm&r=g\",\"url\":\"https:\\\/\\\/secure.gravatar.com\\\/avatar\\\/03f4e8ced09894b72c67e83142540730d4b3bbf619bf46341b0074e3bf5f08a0?s=96&d=mm&r=g\",\"contentUrl\":\"https:\\\/\\\/secure.gravatar.com\\\/avatar\\\/03f4e8ced09894b72c67e83142540730d4b3bbf619bf46341b0074e3bf5f08a0?s=96&d=mm&r=g\",\"caption\":\"pascalbarbier\"},\"url\":\"https:\\\/\\\/autate.fr\\\/site\\\/author\\\/pascalbarbier\\\/\"}]}<\/script>\n<!-- \/ Yoast SEO plugin. -->","yoast_head_json":{"title":"[La D\u00e9p\u00eache] Oncopole-Rangueil : le t\u00e9l\u00e9ph\u00e9rique urbain remonte la pente - AUTATE","robots":{"index":"index","follow":"follow","max-snippet":"max-snippet:-1","max-image-preview":"max-image-preview:large","max-video-preview":"max-video-preview:-1"},"canonical":"https:\/\/autate.fr\/site\/la-depeche-oncopole-rangueil-le-telepherique-urbain-remonte-la-pente\/","og_locale":"fr_FR","og_type":"article","og_title":"[La D\u00e9p\u00eache] Oncopole-Rangueil : le t\u00e9l\u00e9ph\u00e9rique urbain remonte la pente - AUTATE","og_description":"La seule r\u00e9union publique de la concertation en cours sur le projet de t\u00e9l\u00e9port\u00e9 entre Oncopole, CHU et universit\u00e9 a suscit\u00e9 de l&rsquo;int\u00e9r\u00eat, bien des questions et quelques r\u00e9ponses. \u00ab\u00catre t\u00e9l\u00e9port\u00e9 de l&rsquo;Oncopole au CHU et \u00e0 l&rsquo;Universit\u00e9 en 10 minutes, science-fiction ou futur possible ?\u00bb. C&rsquo;\u00e9tait le th\u00e8me de la seule r\u00e9union publique organis\u00e9eVOIR PLUS","og_url":"https:\/\/autate.fr\/site\/la-depeche-oncopole-rangueil-le-telepherique-urbain-remonte-la-pente\/","og_site_name":"AUTATE","article_publisher":"https:\/\/www.facebook.com\/AutateToulouse","article_published_time":"2015-12-05T00:19:24+00:00","article_modified_time":"2015-12-26T14:09:38+00:00","og_image":[{"width":650,"height":350,"url":"https:\/\/autate.fr\/site\/wp-content\/uploads\/2015\/12\/a\u00e9rotram.jpg","type":"image\/jpeg"}],"author":"pascalbarbier","twitter_card":"summary_large_image","twitter_creator":"@AutateToulouse","twitter_site":"@AutateToulouse","twitter_misc":{"\u00c9crit par":"pascalbarbier","Dur\u00e9e de lecture estim\u00e9e":"4 minutes"},"schema":{"@context":"https:\/\/schema.org","@graph":[{"@type":"Article","@id":"https:\/\/autate.fr\/site\/la-depeche-oncopole-rangueil-le-telepherique-urbain-remonte-la-pente\/#article","isPartOf":{"@id":"https:\/\/autate.fr\/site\/la-depeche-oncopole-rangueil-le-telepherique-urbain-remonte-la-pente\/"},"author":{"name":"pascalbarbier","@id":"https:\/\/autate.fr\/site\/#\/schema\/person\/ae1ab8bdaa7b41d2a9b52d2557ce8254"},"headline":"[La D\u00e9p\u00eache] Oncopole-Rangueil : le t\u00e9l\u00e9ph\u00e9rique urbain remonte la pente","datePublished":"2015-12-05T00:19:24+00:00","dateModified":"2015-12-26T14:09:38+00:00","mainEntityOfPage":{"@id":"https:\/\/autate.fr\/site\/la-depeche-oncopole-rangueil-le-telepherique-urbain-remonte-la-pente\/"},"wordCount":844,"commentCount":0,"publisher":{"@id":"https:\/\/autate.fr\/site\/#organization"},"image":{"@id":"https:\/\/autate.fr\/site\/la-depeche-oncopole-rangueil-le-telepherique-urbain-remonte-la-pente\/#primaryimage"},"thumbnailUrl":"https:\/\/autate.fr\/site\/wp-content\/uploads\/2015\/12\/a\u00e9rotram.jpg","keywords":["A\u00e9rotram","T\u00e9l\u00e9port\u00e9"],"articleSection":["Revue de presse"],"inLanguage":"fr-FR","potentialAction":[{"@type":"CommentAction","name":"Comment","target":["https:\/\/autate.fr\/site\/la-depeche-oncopole-rangueil-le-telepherique-urbain-remonte-la-pente\/#respond"]}]},{"@type":"WebPage","@id":"https:\/\/autate.fr\/site\/la-depeche-oncopole-rangueil-le-telepherique-urbain-remonte-la-pente\/","url":"https:\/\/autate.fr\/site\/la-depeche-oncopole-rangueil-le-telepherique-urbain-remonte-la-pente\/","name":"[La D\u00e9p\u00eache] Oncopole-Rangueil : le t\u00e9l\u00e9ph\u00e9rique urbain remonte la pente - AUTATE","isPartOf":{"@id":"https:\/\/autate.fr\/site\/#website"},"primaryImageOfPage":{"@id":"https:\/\/autate.fr\/site\/la-depeche-oncopole-rangueil-le-telepherique-urbain-remonte-la-pente\/#primaryimage"},"image":{"@id":"https:\/\/autate.fr\/site\/la-depeche-oncopole-rangueil-le-telepherique-urbain-remonte-la-pente\/#primaryimage"},"thumbnailUrl":"https:\/\/autate.fr\/site\/wp-content\/uploads\/2015\/12\/a\u00e9rotram.jpg","datePublished":"2015-12-05T00:19:24+00:00","dateModified":"2015-12-26T14:09:38+00:00","breadcrumb":{"@id":"https:\/\/autate.fr\/site\/la-depeche-oncopole-rangueil-le-telepherique-urbain-remonte-la-pente\/#breadcrumb"},"inLanguage":"fr-FR","potentialAction":[{"@type":"ReadAction","target":["https:\/\/autate.fr\/site\/la-depeche-oncopole-rangueil-le-telepherique-urbain-remonte-la-pente\/"]}]},{"@type":"ImageObject","inLanguage":"fr-FR","@id":"https:\/\/autate.fr\/site\/la-depeche-oncopole-rangueil-le-telepherique-urbain-remonte-la-pente\/#primaryimage","url":"https:\/\/autate.fr\/site\/wp-content\/uploads\/2015\/12\/a\u00e9rotram.jpg","contentUrl":"https:\/\/autate.fr\/site\/wp-content\/uploads\/2015\/12\/a\u00e9rotram.jpg","width":650,"height":350},{"@type":"BreadcrumbList","@id":"https:\/\/autate.fr\/site\/la-depeche-oncopole-rangueil-le-telepherique-urbain-remonte-la-pente\/#breadcrumb","itemListElement":[{"@type":"ListItem","position":1,"name":"Accueil","item":"https:\/\/autate.fr\/site\/"},{"@type":"ListItem","position":2,"name":"[La D\u00e9p\u00eache] Oncopole-Rangueil : le t\u00e9l\u00e9ph\u00e9rique urbain remonte la pente"}]},{"@type":"WebSite","@id":"https:\/\/autate.fr\/site\/#website","url":"https:\/\/autate.fr\/site\/","name":"AUTATE","description":"Association des usagers des transports de l&#039;agglom\u00e9ration Toulousaine et de ses environs","publisher":{"@id":"https:\/\/autate.fr\/site\/#organization"},"potentialAction":[{"@type":"SearchAction","target":{"@type":"EntryPoint","urlTemplate":"https:\/\/autate.fr\/site\/?s={search_term_string}"},"query-input":{"@type":"PropertyValueSpecification","valueRequired":true,"valueName":"search_term_string"}}],"inLanguage":"fr-FR"},{"@type":"Organization","@id":"https:\/\/autate.fr\/site\/#organization","name":"AUTATE","url":"https:\/\/autate.fr\/site\/","logo":{"@type":"ImageObject","inLanguage":"fr-FR","@id":"https:\/\/autate.fr\/site\/#\/schema\/logo\/image\/","url":"http:\/\/autate.fr\/site\/wp-content\/uploads\/2019\/01\/logo.png","contentUrl":"http:\/\/autate.fr\/site\/wp-content\/uploads\/2019\/01\/logo.png","width":506,"height":280,"caption":"AUTATE"},"image":{"@id":"https:\/\/autate.fr\/site\/#\/schema\/logo\/image\/"},"sameAs":["https:\/\/www.facebook.com\/AutateToulouse","https:\/\/x.com\/AutateToulouse"]},{"@type":"Person","@id":"https:\/\/autate.fr\/site\/#\/schema\/person\/ae1ab8bdaa7b41d2a9b52d2557ce8254","name":"pascalbarbier","image":{"@type":"ImageObject","inLanguage":"fr-FR","@id":"https:\/\/secure.gravatar.com\/avatar\/03f4e8ced09894b72c67e83142540730d4b3bbf619bf46341b0074e3bf5f08a0?s=96&d=mm&r=g","url":"https:\/\/secure.gravatar.com\/avatar\/03f4e8ced09894b72c67e83142540730d4b3bbf619bf46341b0074e3bf5f08a0?s=96&d=mm&r=g","contentUrl":"https:\/\/secure.gravatar.com\/avatar\/03f4e8ced09894b72c67e83142540730d4b3bbf619bf46341b0074e3bf5f08a0?s=96&d=mm&r=g","caption":"pascalbarbier"},"url":"https:\/\/autate.fr\/site\/author\/pascalbarbier\/"}]}},"_links":{"self":[{"href":"https:\/\/autate.fr\/site\/wp-json\/wp\/v2\/posts\/78","targetHints":{"allow":["GET"]}}],"collection":[{"href":"https:\/\/autate.fr\/site\/wp-json\/wp\/v2\/posts"}],"about":[{"href":"https:\/\/autate.fr\/site\/wp-json\/wp\/v2\/types\/post"}],"author":[{"embeddable":true,"href":"https:\/\/autate.fr\/site\/wp-json\/wp\/v2\/users\/1"}],"replies":[{"embeddable":true,"href":"https:\/\/autate.fr\/site\/wp-json\/wp\/v2\/comments?post=78"}],"version-history":[{"count":2,"href":"https:\/\/autate.fr\/site\/wp-json\/wp\/v2\/posts\/78\/revisions"}],"predecessor-version":[{"id":120,"href":"https:\/\/autate.fr\/site\/wp-json\/wp\/v2\/posts\/78\/revisions\/120"}],"wp:featuredmedia":[{"embeddable":true,"href":"https:\/\/autate.fr\/site\/wp-json\/wp\/v2\/media\/79"}],"wp:attachment":[{"href":"https:\/\/autate.fr\/site\/wp-json\/wp\/v2\/media?parent=78"}],"wp:term":[{"taxonomy":"category","embeddable":true,"href":"https:\/\/autate.fr\/site\/wp-json\/wp\/v2\/categories?post=78"},{"taxonomy":"post_tag","embeddable":true,"href":"https:\/\/autate.fr\/site\/wp-json\/wp\/v2\/tags?post=78"}],"curies":[{"name":"wp","href":"https:\/\/api.w.org\/{rel}","templated":true}]}}