{"id":769,"date":"2016-07-21T17:45:50","date_gmt":"2016-07-21T15:45:50","guid":{"rendered":"http:\/\/autate.fr\/site\/?p=769"},"modified":"2016-08-10T17:55:00","modified_gmt":"2016-08-10T15:55:00","slug":"cote-toulouse-toulouse-le-debat-sur-la-3e-ligne-de-metro-determinera-sil-faut-faire-le-projet","status":"publish","type":"post","link":"https:\/\/autate.fr\/site\/cote-toulouse-toulouse-le-debat-sur-la-3e-ligne-de-metro-determinera-sil-faut-faire-le-projet\/","title":{"rendered":"[C\u00f4t\u00e9 Toulouse] Toulouse. Le d\u00e9bat sur la 3e ligne de m\u00e9tro d\u00e9terminera \u00ab s&rsquo;il faut faire le projet \u00bb"},"content":{"rendered":"<p>Un article de David St-Sernin paru dans Actu C\u00f4t\u00e9 Toulouse le 20 juillet 2016 (photo Tiss\u00e9o)<\/p>\n<h2 class=\"bigger mts mbs\" data-role=\"chapo\">Le d\u00e9bat public sur la 3e ligne de m\u00e9tro va d\u00e9marrer en septembre 2016 pour trois mois. Son pr\u00e9sident, Jacques Archimbaud nous parle des questions soulev\u00e9es et du contexte<\/h2>\n<p>Alors que le d\u00e9bat public sur le projet de 3e ligne de m\u00e9tro doit d\u00e9buter en septembre 2016 jusqu\u2019en d\u00e9cembre 2016, Jacques Archimbaud qui pr\u00e9side la commission garante de la bonne tenue des \u00e9changes nous pr\u00e9cise les enjeux du d\u00e9bats, les questions qui vont \u00eatre soulev\u00e9es mais aussi la fa\u00e7on dont il appr\u00e9hende le projet et le contexte dans lequel il s\u2019est d\u00e9velopp\u00e9. Interview.<\/p>\n<p><strong>C\u00f4t\u00e9 Toulouse : Comment est compos\u00e9e la commission qui va organiser le d\u00e9bat public?<\/strong><\/p>\n<p><a href=\"http:\/\/actu.cotetoulouse.fr\/toulouse-le-grand-debat-sur-la-3e-ligne-de-metro-determinera-s-il-faut-faire-le-projet_41298\/\" target=\"_blank\"><strong>lire la suite<\/strong><\/a><\/p>\n","protected":false},"excerpt":{"rendered":"<p>Un article de David St-Sernin paru dans Actu C\u00f4t\u00e9 Toulouse le 20 juillet 2016 (photo Tiss\u00e9o) Le d\u00e9bat public sur la 3e ligne de m\u00e9tro va d\u00e9marrer en septembre 2016 pour trois mois. Son pr\u00e9sident, Jacques Archimbaud nous parle des questions soulev\u00e9es et du contexte Alors que le d\u00e9bat public sur le projet de 3e<\/p>\n<p class=\"more-link\"><a href=\"https:\/\/autate.fr\/site\/cote-toulouse-toulouse-le-debat-sur-la-3e-ligne-de-metro-determinera-sil-faut-faire-le-projet\/\" class=\"themebutton2\">VOIR PLUS<\/a><\/p>\n","protected":false},"author":1,"featured_media":770,"comment_status":"open","ping_status":"open","sticky":false,"template":"","format":"standard","meta":{"footnotes":""},"categories":[7],"tags":[172,223,173,224,52],"class_list":["post-769","post","type-post","status-publish","format-standard","has-post-thumbnail","hentry","category-revue-de-presse","tag-3eme-ligne-metro","tag-archimbaud","tag-cndp","tag-debat-public","tag-tae"],"yoast_head":"<!-- This site is optimized with the Yoast SEO plugin v27.4 - https:\/\/yoast.com\/product\/yoast-seo-wordpress\/ -->\n<title>[C\u00f4t\u00e9 Toulouse] Toulouse. Le d\u00e9bat sur la 3e ligne de m\u00e9tro d\u00e9terminera \u00ab s&#039;il faut faire le projet \u00bb - AUTATE<\/title>\n<meta name=\"robots\" content=\"index, follow, max-snippet:-1, max-image-preview:large, max-video-preview:-1\" \/>\n<link rel=\"canonical\" href=\"https:\/\/autate.fr\/site\/cote-toulouse-toulouse-le-debat-sur-la-3e-ligne-de-metro-determinera-sil-faut-faire-le-projet\/\" \/>\n<meta property=\"og:locale\" content=\"fr_FR\" \/>\n<meta property=\"og:type\" content=\"article\" \/>\n<meta property=\"og:title\" content=\"[C\u00f4t\u00e9 Toulouse] Toulouse. Le d\u00e9bat sur la 3e ligne de m\u00e9tro d\u00e9terminera \u00ab s&#039;il faut faire le projet \u00bb - AUTATE\" \/>\n<meta property=\"og:description\" content=\"Un article de David St-Sernin paru dans Actu C\u00f4t\u00e9 Toulouse le 20 juillet 2016 (photo Tiss\u00e9o) Le d\u00e9bat public sur la 3e ligne de m\u00e9tro va d\u00e9marrer en septembre 2016 pour trois mois. Son pr\u00e9sident, Jacques Archimbaud nous parle des questions soulev\u00e9es et du contexte Alors que le d\u00e9bat public sur le projet de 3eVOIR PLUS\" \/>\n<meta property=\"og:url\" content=\"https:\/\/autate.fr\/site\/cote-toulouse-toulouse-le-debat-sur-la-3e-ligne-de-metro-determinera-sil-faut-faire-le-projet\/\" \/>\n<meta property=\"og:site_name\" content=\"AUTATE\" \/>\n<meta property=\"article:publisher\" content=\"https:\/\/www.facebook.com\/AutateToulouse\" \/>\n<meta property=\"article:published_time\" content=\"2016-07-21T15:45:50+00:00\" \/>\n<meta property=\"article:modified_time\" content=\"2016-08-10T15:55:00+00:00\" \/>\n<meta property=\"og:image\" content=\"https:\/\/autate.fr\/site\/wp-content\/uploads\/2016\/08\/m\u00e9tro.jpg\" \/>\n\t<meta property=\"og:image:width\" content=\"630\" \/>\n\t<meta property=\"og:image:height\" content=\"420\" \/>\n\t<meta property=\"og:image:type\" content=\"image\/jpeg\" \/>\n<meta name=\"author\" content=\"pascalbarbier\" \/>\n<meta name=\"twitter:card\" content=\"summary_large_image\" \/>\n<meta name=\"twitter:creator\" content=\"@AutateToulouse\" \/>\n<meta name=\"twitter:site\" content=\"@AutateToulouse\" \/>\n<meta name=\"twitter:label1\" content=\"\u00c9crit par\" \/>\n\t<meta name=\"twitter:data1\" content=\"pascalbarbier\" \/>\n\t<meta name=\"twitter:label2\" content=\"Dur\u00e9e de lecture estim\u00e9e\" \/>\n\t<meta name=\"twitter:data2\" content=\"1 minute\" \/>\n<script type=\"application\/ld+json\" class=\"yoast-schema-graph\">{\"@context\":\"https:\\\/\\\/schema.org\",\"@graph\":[{\"@type\":\"Article\",\"@id\":\"https:\\\/\\\/autate.fr\\\/site\\\/cote-toulouse-toulouse-le-debat-sur-la-3e-ligne-de-metro-determinera-sil-faut-faire-le-projet\\\/#article\",\"isPartOf\":{\"@id\":\"https:\\\/\\\/autate.fr\\\/site\\\/cote-toulouse-toulouse-le-debat-sur-la-3e-ligne-de-metro-determinera-sil-faut-faire-le-projet\\\/\"},\"author\":{\"name\":\"pascalbarbier\",\"@id\":\"https:\\\/\\\/autate.fr\\\/site\\\/#\\\/schema\\\/person\\\/ae1ab8bdaa7b41d2a9b52d2557ce8254\"},\"headline\":\"[C\u00f4t\u00e9 Toulouse] Toulouse. Le d\u00e9bat sur la 3e ligne de m\u00e9tro d\u00e9terminera \u00ab s&rsquo;il faut faire le projet \u00bb\",\"datePublished\":\"2016-07-21T15:45:50+00:00\",\"dateModified\":\"2016-08-10T15:55:00+00:00\",\"mainEntityOfPage\":{\"@id\":\"https:\\\/\\\/autate.fr\\\/site\\\/cote-toulouse-toulouse-le-debat-sur-la-3e-ligne-de-metro-determinera-sil-faut-faire-le-projet\\\/\"},\"wordCount\":164,\"commentCount\":0,\"publisher\":{\"@id\":\"https:\\\/\\\/autate.fr\\\/site\\\/#organization\"},\"image\":{\"@id\":\"https:\\\/\\\/autate.fr\\\/site\\\/cote-toulouse-toulouse-le-debat-sur-la-3e-ligne-de-metro-determinera-sil-faut-faire-le-projet\\\/#primaryimage\"},\"thumbnailUrl\":\"https:\\\/\\\/autate.fr\\\/site\\\/wp-content\\\/uploads\\\/2016\\\/08\\\/m\u00e9tro.jpg\",\"keywords\":[\"3\u00e8me ligne m\u00e9tro\",\"archimbaud\",\"CNDP\",\"d\u00e9bat public\",\"TAE\"],\"articleSection\":[\"Revue de presse\"],\"inLanguage\":\"fr-FR\",\"potentialAction\":[{\"@type\":\"CommentAction\",\"name\":\"Comment\",\"target\":[\"https:\\\/\\\/autate.fr\\\/site\\\/cote-toulouse-toulouse-le-debat-sur-la-3e-ligne-de-metro-determinera-sil-faut-faire-le-projet\\\/#respond\"]}]},{\"@type\":\"WebPage\",\"@id\":\"https:\\\/\\\/autate.fr\\\/site\\\/cote-toulouse-toulouse-le-debat-sur-la-3e-ligne-de-metro-determinera-sil-faut-faire-le-projet\\\/\",\"url\":\"https:\\\/\\\/autate.fr\\\/site\\\/cote-toulouse-toulouse-le-debat-sur-la-3e-ligne-de-metro-determinera-sil-faut-faire-le-projet\\\/\",\"name\":\"[C\u00f4t\u00e9 Toulouse] Toulouse. Le d\u00e9bat sur la 3e ligne de m\u00e9tro d\u00e9terminera \u00ab s'il faut faire le projet \u00bb - AUTATE\",\"isPartOf\":{\"@id\":\"https:\\\/\\\/autate.fr\\\/site\\\/#website\"},\"primaryImageOfPage\":{\"@id\":\"https:\\\/\\\/autate.fr\\\/site\\\/cote-toulouse-toulouse-le-debat-sur-la-3e-ligne-de-metro-determinera-sil-faut-faire-le-projet\\\/#primaryimage\"},\"image\":{\"@id\":\"https:\\\/\\\/autate.fr\\\/site\\\/cote-toulouse-toulouse-le-debat-sur-la-3e-ligne-de-metro-determinera-sil-faut-faire-le-projet\\\/#primaryimage\"},\"thumbnailUrl\":\"https:\\\/\\\/autate.fr\\\/site\\\/wp-content\\\/uploads\\\/2016\\\/08\\\/m\u00e9tro.jpg\",\"datePublished\":\"2016-07-21T15:45:50+00:00\",\"dateModified\":\"2016-08-10T15:55:00+00:00\",\"breadcrumb\":{\"@id\":\"https:\\\/\\\/autate.fr\\\/site\\\/cote-toulouse-toulouse-le-debat-sur-la-3e-ligne-de-metro-determinera-sil-faut-faire-le-projet\\\/#breadcrumb\"},\"inLanguage\":\"fr-FR\",\"potentialAction\":[{\"@type\":\"ReadAction\",\"target\":[\"https:\\\/\\\/autate.fr\\\/site\\\/cote-toulouse-toulouse-le-debat-sur-la-3e-ligne-de-metro-determinera-sil-faut-faire-le-projet\\\/\"]}]},{\"@type\":\"ImageObject\",\"inLanguage\":\"fr-FR\",\"@id\":\"https:\\\/\\\/autate.fr\\\/site\\\/cote-toulouse-toulouse-le-debat-sur-la-3e-ligne-de-metro-determinera-sil-faut-faire-le-projet\\\/#primaryimage\",\"url\":\"https:\\\/\\\/autate.fr\\\/site\\\/wp-content\\\/uploads\\\/2016\\\/08\\\/m\u00e9tro.jpg\",\"contentUrl\":\"https:\\\/\\\/autate.fr\\\/site\\\/wp-content\\\/uploads\\\/2016\\\/08\\\/m\u00e9tro.jpg\",\"width\":630,\"height\":420},{\"@type\":\"BreadcrumbList\",\"@id\":\"https:\\\/\\\/autate.fr\\\/site\\\/cote-toulouse-toulouse-le-debat-sur-la-3e-ligne-de-metro-determinera-sil-faut-faire-le-projet\\\/#breadcrumb\",\"itemListElement\":[{\"@type\":\"ListItem\",\"position\":1,\"name\":\"Accueil\",\"item\":\"https:\\\/\\\/autate.fr\\\/site\\\/\"},{\"@type\":\"ListItem\",\"position\":2,\"name\":\"[C\u00f4t\u00e9 Toulouse] Toulouse. Le d\u00e9bat sur la 3e ligne de m\u00e9tro d\u00e9terminera \u00ab s&rsquo;il faut faire le projet \u00bb\"}]},{\"@type\":\"WebSite\",\"@id\":\"https:\\\/\\\/autate.fr\\\/site\\\/#website\",\"url\":\"https:\\\/\\\/autate.fr\\\/site\\\/\",\"name\":\"AUTATE\",\"description\":\"Association des usagers des transports de l&#039;agglom\u00e9ration Toulousaine et de ses environs\",\"publisher\":{\"@id\":\"https:\\\/\\\/autate.fr\\\/site\\\/#organization\"},\"potentialAction\":[{\"@type\":\"SearchAction\",\"target\":{\"@type\":\"EntryPoint\",\"urlTemplate\":\"https:\\\/\\\/autate.fr\\\/site\\\/?s={search_term_string}\"},\"query-input\":{\"@type\":\"PropertyValueSpecification\",\"valueRequired\":true,\"valueName\":\"search_term_string\"}}],\"inLanguage\":\"fr-FR\"},{\"@type\":\"Organization\",\"@id\":\"https:\\\/\\\/autate.fr\\\/site\\\/#organization\",\"name\":\"AUTATE\",\"url\":\"https:\\\/\\\/autate.fr\\\/site\\\/\",\"logo\":{\"@type\":\"ImageObject\",\"inLanguage\":\"fr-FR\",\"@id\":\"https:\\\/\\\/autate.fr\\\/site\\\/#\\\/schema\\\/logo\\\/image\\\/\",\"url\":\"http:\\\/\\\/autate.fr\\\/site\\\/wp-content\\\/uploads\\\/2019\\\/01\\\/logo.png\",\"contentUrl\":\"http:\\\/\\\/autate.fr\\\/site\\\/wp-content\\\/uploads\\\/2019\\\/01\\\/logo.png\",\"width\":506,\"height\":280,\"caption\":\"AUTATE\"},\"image\":{\"@id\":\"https:\\\/\\\/autate.fr\\\/site\\\/#\\\/schema\\\/logo\\\/image\\\/\"},\"sameAs\":[\"https:\\\/\\\/www.facebook.com\\\/AutateToulouse\",\"https:\\\/\\\/x.com\\\/AutateToulouse\"]},{\"@type\":\"Person\",\"@id\":\"https:\\\/\\\/autate.fr\\\/site\\\/#\\\/schema\\\/person\\\/ae1ab8bdaa7b41d2a9b52d2557ce8254\",\"name\":\"pascalbarbier\",\"image\":{\"@type\":\"ImageObject\",\"inLanguage\":\"fr-FR\",\"@id\":\"https:\\\/\\\/secure.gravatar.com\\\/avatar\\\/03f4e8ced09894b72c67e83142540730d4b3bbf619bf46341b0074e3bf5f08a0?s=96&d=mm&r=g\",\"url\":\"https:\\\/\\\/secure.gravatar.com\\\/avatar\\\/03f4e8ced09894b72c67e83142540730d4b3bbf619bf46341b0074e3bf5f08a0?s=96&d=mm&r=g\",\"contentUrl\":\"https:\\\/\\\/secure.gravatar.com\\\/avatar\\\/03f4e8ced09894b72c67e83142540730d4b3bbf619bf46341b0074e3bf5f08a0?s=96&d=mm&r=g\",\"caption\":\"pascalbarbier\"},\"url\":\"https:\\\/\\\/autate.fr\\\/site\\\/author\\\/pascalbarbier\\\/\"}]}<\/script>\n<!-- \/ Yoast SEO plugin. -->","yoast_head_json":{"title":"[C\u00f4t\u00e9 Toulouse] Toulouse. Le d\u00e9bat sur la 3e ligne de m\u00e9tro d\u00e9terminera \u00ab s'il faut faire le projet \u00bb - AUTATE","robots":{"index":"index","follow":"follow","max-snippet":"max-snippet:-1","max-image-preview":"max-image-preview:large","max-video-preview":"max-video-preview:-1"},"canonical":"https:\/\/autate.fr\/site\/cote-toulouse-toulouse-le-debat-sur-la-3e-ligne-de-metro-determinera-sil-faut-faire-le-projet\/","og_locale":"fr_FR","og_type":"article","og_title":"[C\u00f4t\u00e9 Toulouse] Toulouse. Le d\u00e9bat sur la 3e ligne de m\u00e9tro d\u00e9terminera \u00ab s'il faut faire le projet \u00bb - AUTATE","og_description":"Un article de David St-Sernin paru dans Actu C\u00f4t\u00e9 Toulouse le 20 juillet 2016 (photo Tiss\u00e9o) Le d\u00e9bat public sur la 3e ligne de m\u00e9tro va d\u00e9marrer en septembre 2016 pour trois mois. Son pr\u00e9sident, Jacques Archimbaud nous parle des questions soulev\u00e9es et du contexte Alors que le d\u00e9bat public sur le projet de 3eVOIR PLUS","og_url":"https:\/\/autate.fr\/site\/cote-toulouse-toulouse-le-debat-sur-la-3e-ligne-de-metro-determinera-sil-faut-faire-le-projet\/","og_site_name":"AUTATE","article_publisher":"https:\/\/www.facebook.com\/AutateToulouse","article_published_time":"2016-07-21T15:45:50+00:00","article_modified_time":"2016-08-10T15:55:00+00:00","og_image":[{"width":630,"height":420,"url":"https:\/\/autate.fr\/site\/wp-content\/uploads\/2016\/08\/m\u00e9tro.jpg","type":"image\/jpeg"}],"author":"pascalbarbier","twitter_card":"summary_large_image","twitter_creator":"@AutateToulouse","twitter_site":"@AutateToulouse","twitter_misc":{"\u00c9crit par":"pascalbarbier","Dur\u00e9e de lecture estim\u00e9e":"1 minute"},"schema":{"@context":"https:\/\/schema.org","@graph":[{"@type":"Article","@id":"https:\/\/autate.fr\/site\/cote-toulouse-toulouse-le-debat-sur-la-3e-ligne-de-metro-determinera-sil-faut-faire-le-projet\/#article","isPartOf":{"@id":"https:\/\/autate.fr\/site\/cote-toulouse-toulouse-le-debat-sur-la-3e-ligne-de-metro-determinera-sil-faut-faire-le-projet\/"},"author":{"name":"pascalbarbier","@id":"https:\/\/autate.fr\/site\/#\/schema\/person\/ae1ab8bdaa7b41d2a9b52d2557ce8254"},"headline":"[C\u00f4t\u00e9 Toulouse] Toulouse. Le d\u00e9bat sur la 3e ligne de m\u00e9tro d\u00e9terminera \u00ab s&rsquo;il faut faire le projet \u00bb","datePublished":"2016-07-21T15:45:50+00:00","dateModified":"2016-08-10T15:55:00+00:00","mainEntityOfPage":{"@id":"https:\/\/autate.fr\/site\/cote-toulouse-toulouse-le-debat-sur-la-3e-ligne-de-metro-determinera-sil-faut-faire-le-projet\/"},"wordCount":164,"commentCount":0,"publisher":{"@id":"https:\/\/autate.fr\/site\/#organization"},"image":{"@id":"https:\/\/autate.fr\/site\/cote-toulouse-toulouse-le-debat-sur-la-3e-ligne-de-metro-determinera-sil-faut-faire-le-projet\/#primaryimage"},"thumbnailUrl":"https:\/\/autate.fr\/site\/wp-content\/uploads\/2016\/08\/m\u00e9tro.jpg","keywords":["3\u00e8me ligne m\u00e9tro","archimbaud","CNDP","d\u00e9bat public","TAE"],"articleSection":["Revue de presse"],"inLanguage":"fr-FR","potentialAction":[{"@type":"CommentAction","name":"Comment","target":["https:\/\/autate.fr\/site\/cote-toulouse-toulouse-le-debat-sur-la-3e-ligne-de-metro-determinera-sil-faut-faire-le-projet\/#respond"]}]},{"@type":"WebPage","@id":"https:\/\/autate.fr\/site\/cote-toulouse-toulouse-le-debat-sur-la-3e-ligne-de-metro-determinera-sil-faut-faire-le-projet\/","url":"https:\/\/autate.fr\/site\/cote-toulouse-toulouse-le-debat-sur-la-3e-ligne-de-metro-determinera-sil-faut-faire-le-projet\/","name":"[C\u00f4t\u00e9 Toulouse] Toulouse. Le d\u00e9bat sur la 3e ligne de m\u00e9tro d\u00e9terminera \u00ab s'il faut faire le projet \u00bb - AUTATE","isPartOf":{"@id":"https:\/\/autate.fr\/site\/#website"},"primaryImageOfPage":{"@id":"https:\/\/autate.fr\/site\/cote-toulouse-toulouse-le-debat-sur-la-3e-ligne-de-metro-determinera-sil-faut-faire-le-projet\/#primaryimage"},"image":{"@id":"https:\/\/autate.fr\/site\/cote-toulouse-toulouse-le-debat-sur-la-3e-ligne-de-metro-determinera-sil-faut-faire-le-projet\/#primaryimage"},"thumbnailUrl":"https:\/\/autate.fr\/site\/wp-content\/uploads\/2016\/08\/m\u00e9tro.jpg","datePublished":"2016-07-21T15:45:50+00:00","dateModified":"2016-08-10T15:55:00+00:00","breadcrumb":{"@id":"https:\/\/autate.fr\/site\/cote-toulouse-toulouse-le-debat-sur-la-3e-ligne-de-metro-determinera-sil-faut-faire-le-projet\/#breadcrumb"},"inLanguage":"fr-FR","potentialAction":[{"@type":"ReadAction","target":["https:\/\/autate.fr\/site\/cote-toulouse-toulouse-le-debat-sur-la-3e-ligne-de-metro-determinera-sil-faut-faire-le-projet\/"]}]},{"@type":"ImageObject","inLanguage":"fr-FR","@id":"https:\/\/autate.fr\/site\/cote-toulouse-toulouse-le-debat-sur-la-3e-ligne-de-metro-determinera-sil-faut-faire-le-projet\/#primaryimage","url":"https:\/\/autate.fr\/site\/wp-content\/uploads\/2016\/08\/m\u00e9tro.jpg","contentUrl":"https:\/\/autate.fr\/site\/wp-content\/uploads\/2016\/08\/m\u00e9tro.jpg","width":630,"height":420},{"@type":"BreadcrumbList","@id":"https:\/\/autate.fr\/site\/cote-toulouse-toulouse-le-debat-sur-la-3e-ligne-de-metro-determinera-sil-faut-faire-le-projet\/#breadcrumb","itemListElement":[{"@type":"ListItem","position":1,"name":"Accueil","item":"https:\/\/autate.fr\/site\/"},{"@type":"ListItem","position":2,"name":"[C\u00f4t\u00e9 Toulouse] Toulouse. Le d\u00e9bat sur la 3e ligne de m\u00e9tro d\u00e9terminera \u00ab s&rsquo;il faut faire le projet \u00bb"}]},{"@type":"WebSite","@id":"https:\/\/autate.fr\/site\/#website","url":"https:\/\/autate.fr\/site\/","name":"AUTATE","description":"Association des usagers des transports de l&#039;agglom\u00e9ration Toulousaine et de ses environs","publisher":{"@id":"https:\/\/autate.fr\/site\/#organization"},"potentialAction":[{"@type":"SearchAction","target":{"@type":"EntryPoint","urlTemplate":"https:\/\/autate.fr\/site\/?s={search_term_string}"},"query-input":{"@type":"PropertyValueSpecification","valueRequired":true,"valueName":"search_term_string"}}],"inLanguage":"fr-FR"},{"@type":"Organization","@id":"https:\/\/autate.fr\/site\/#organization","name":"AUTATE","url":"https:\/\/autate.fr\/site\/","logo":{"@type":"ImageObject","inLanguage":"fr-FR","@id":"https:\/\/autate.fr\/site\/#\/schema\/logo\/image\/","url":"http:\/\/autate.fr\/site\/wp-content\/uploads\/2019\/01\/logo.png","contentUrl":"http:\/\/autate.fr\/site\/wp-content\/uploads\/2019\/01\/logo.png","width":506,"height":280,"caption":"AUTATE"},"image":{"@id":"https:\/\/autate.fr\/site\/#\/schema\/logo\/image\/"},"sameAs":["https:\/\/www.facebook.com\/AutateToulouse","https:\/\/x.com\/AutateToulouse"]},{"@type":"Person","@id":"https:\/\/autate.fr\/site\/#\/schema\/person\/ae1ab8bdaa7b41d2a9b52d2557ce8254","name":"pascalbarbier","image":{"@type":"ImageObject","inLanguage":"fr-FR","@id":"https:\/\/secure.gravatar.com\/avatar\/03f4e8ced09894b72c67e83142540730d4b3bbf619bf46341b0074e3bf5f08a0?s=96&d=mm&r=g","url":"https:\/\/secure.gravatar.com\/avatar\/03f4e8ced09894b72c67e83142540730d4b3bbf619bf46341b0074e3bf5f08a0?s=96&d=mm&r=g","contentUrl":"https:\/\/secure.gravatar.com\/avatar\/03f4e8ced09894b72c67e83142540730d4b3bbf619bf46341b0074e3bf5f08a0?s=96&d=mm&r=g","caption":"pascalbarbier"},"url":"https:\/\/autate.fr\/site\/author\/pascalbarbier\/"}]}},"_links":{"self":[{"href":"https:\/\/autate.fr\/site\/wp-json\/wp\/v2\/posts\/769","targetHints":{"allow":["GET"]}}],"collection":[{"href":"https:\/\/autate.fr\/site\/wp-json\/wp\/v2\/posts"}],"about":[{"href":"https:\/\/autate.fr\/site\/wp-json\/wp\/v2\/types\/post"}],"author":[{"embeddable":true,"href":"https:\/\/autate.fr\/site\/wp-json\/wp\/v2\/users\/1"}],"replies":[{"embeddable":true,"href":"https:\/\/autate.fr\/site\/wp-json\/wp\/v2\/comments?post=769"}],"version-history":[{"count":1,"href":"https:\/\/autate.fr\/site\/wp-json\/wp\/v2\/posts\/769\/revisions"}],"predecessor-version":[{"id":771,"href":"https:\/\/autate.fr\/site\/wp-json\/wp\/v2\/posts\/769\/revisions\/771"}],"wp:featuredmedia":[{"embeddable":true,"href":"https:\/\/autate.fr\/site\/wp-json\/wp\/v2\/media\/770"}],"wp:attachment":[{"href":"https:\/\/autate.fr\/site\/wp-json\/wp\/v2\/media?parent=769"}],"wp:term":[{"taxonomy":"category","embeddable":true,"href":"https:\/\/autate.fr\/site\/wp-json\/wp\/v2\/categories?post=769"},{"taxonomy":"post_tag","embeddable":true,"href":"https:\/\/autate.fr\/site\/wp-json\/wp\/v2\/tags?post=769"}],"curies":[{"name":"wp","href":"https:\/\/api.w.org\/{rel}","templated":true}]}}