{"id":766,"date":"2016-07-21T17:40:19","date_gmt":"2016-07-21T15:40:19","guid":{"rendered":"http:\/\/autate.fr\/site\/?p=766"},"modified":"2016-08-10T17:44:25","modified_gmt":"2016-08-10T15:44:25","slug":"cote-toulouse-passagers-bloques-dans-le-metro-que-sest-il-passe-sur-la-ligne-a-lundi-18-juillet","status":"publish","type":"post","link":"https:\/\/autate.fr\/site\/cote-toulouse-passagers-bloques-dans-le-metro-que-sest-il-passe-sur-la-ligne-a-lundi-18-juillet\/","title":{"rendered":"[C\u00f4t\u00e9 Toulouse] Passagers bloqu\u00e9s dans le m\u00e9tro. Que s&rsquo;est-il pass\u00e9 sur la ligne A lundi 18 juillet ?"},"content":{"rendered":"<p>Un article de Nelly Lesage paru dans Actu C\u00f4t\u00e9 Toulouse le 20 juillet<\/p>\n<h2 class=\"bigger mts mbs\" data-role=\"chapo\">Le 18 juillet, la ligne A du m\u00e9tro de Toulouse a \u00e9t\u00e9 interrompue dans l&rsquo;apr\u00e8s-midi, bloquant plusieurs usagers pendant plus d&rsquo;une heure. Avec une grosse col\u00e8re au rendez-vous.<\/h2>\n<p>Lundi 18 juillet, le fonctionnement de la ligne A du m\u00e9tro toulousain a \u00e9t\u00e9 suspendu suite \u00e0 une panne survenue \u00e0 14 h 29. L\u2019incident a paralys\u00e9 l\u2019int\u00e9gralit\u00e9 de la ligne pendant plus d\u2019une heure, le trafic ayant repris \u00e0 15 h 49 selon les indications de Tisseo.<\/p>\n<blockquote><p><strong>LIRE AUSSI : <\/strong><a href=\"http:\/\/actu.cotetoulouse.fr\/toulouse-ligne-a-arret-service-panne-interruption_41202\/\" target=\"_blank\">Poign\u00e9es d\u2019\u00e9vacuation actionn\u00e9es. La ligne A du m\u00e9tro interrompue plus d\u2019une heure \u00e0 Toulouse<\/a><\/p><\/blockquote>\n<p><a href=\"http:\/\/actu.cotetoulouse.fr\/toulouse-passagers-bloques-metro-passe-ligne-lundi-18-juillet-tisseo_41349\/\" target=\"_blank\"><strong>lire la suite<\/strong><\/a><\/p>\n","protected":false},"excerpt":{"rendered":"<p>Un article de Nelly Lesage paru dans Actu C\u00f4t\u00e9 Toulouse le 20 juillet Le 18 juillet, la ligne A du m\u00e9tro de Toulouse a \u00e9t\u00e9 interrompue dans l&rsquo;apr\u00e8s-midi, bloquant plusieurs usagers pendant plus d&rsquo;une heure. Avec une grosse col\u00e8re au rendez-vous. Lundi 18 juillet, le fonctionnement de la ligne A du m\u00e9tro toulousain a \u00e9t\u00e9<\/p>\n<p class=\"more-link\"><a href=\"https:\/\/autate.fr\/site\/cote-toulouse-passagers-bloques-dans-le-metro-que-sest-il-passe-sur-la-ligne-a-lundi-18-juillet\/\" class=\"themebutton2\">VOIR PLUS<\/a><\/p>\n","protected":false},"author":1,"featured_media":0,"comment_status":"open","ping_status":"open","sticky":false,"template":"","format":"standard","meta":{"footnotes":""},"categories":[7],"tags":[13,12,238],"class_list":["post-766","post","type-post","status-publish","format-standard","hentry","category-revue-de-presse","tag-ligne-a","tag-metro","tag-panne"],"yoast_head":"<!-- This site is optimized with the Yoast SEO plugin v27.4 - https:\/\/yoast.com\/product\/yoast-seo-wordpress\/ -->\n<title>[C\u00f4t\u00e9 Toulouse] Passagers bloqu\u00e9s dans le m\u00e9tro. Que s&#039;est-il pass\u00e9 sur la ligne A lundi 18 juillet ? - AUTATE<\/title>\n<meta name=\"robots\" content=\"index, follow, max-snippet:-1, max-image-preview:large, max-video-preview:-1\" \/>\n<link rel=\"canonical\" href=\"https:\/\/autate.fr\/site\/cote-toulouse-passagers-bloques-dans-le-metro-que-sest-il-passe-sur-la-ligne-a-lundi-18-juillet\/\" \/>\n<meta property=\"og:locale\" content=\"fr_FR\" \/>\n<meta property=\"og:type\" content=\"article\" \/>\n<meta property=\"og:title\" content=\"[C\u00f4t\u00e9 Toulouse] Passagers bloqu\u00e9s dans le m\u00e9tro. Que s&#039;est-il pass\u00e9 sur la ligne A lundi 18 juillet ? - AUTATE\" \/>\n<meta property=\"og:description\" content=\"Un article de Nelly Lesage paru dans Actu C\u00f4t\u00e9 Toulouse le 20 juillet Le 18 juillet, la ligne A du m\u00e9tro de Toulouse a \u00e9t\u00e9 interrompue dans l&rsquo;apr\u00e8s-midi, bloquant plusieurs usagers pendant plus d&rsquo;une heure. Avec une grosse col\u00e8re au rendez-vous. Lundi 18 juillet, le fonctionnement de la ligne A du m\u00e9tro toulousain a \u00e9t\u00e9VOIR PLUS\" \/>\n<meta property=\"og:url\" content=\"https:\/\/autate.fr\/site\/cote-toulouse-passagers-bloques-dans-le-metro-que-sest-il-passe-sur-la-ligne-a-lundi-18-juillet\/\" \/>\n<meta property=\"og:site_name\" content=\"AUTATE\" \/>\n<meta property=\"article:publisher\" content=\"https:\/\/www.facebook.com\/AutateToulouse\" \/>\n<meta property=\"article:published_time\" content=\"2016-07-21T15:40:19+00:00\" \/>\n<meta property=\"article:modified_time\" content=\"2016-08-10T15:44:25+00:00\" \/>\n<meta name=\"author\" content=\"pascalbarbier\" \/>\n<meta name=\"twitter:card\" content=\"summary_large_image\" \/>\n<meta name=\"twitter:creator\" content=\"@AutateToulouse\" \/>\n<meta name=\"twitter:site\" content=\"@AutateToulouse\" \/>\n<meta name=\"twitter:label1\" content=\"\u00c9crit par\" \/>\n\t<meta name=\"twitter:data1\" content=\"pascalbarbier\" \/>\n\t<meta name=\"twitter:label2\" content=\"Dur\u00e9e de lecture estim\u00e9e\" \/>\n\t<meta name=\"twitter:data2\" content=\"1 minute\" \/>\n<script type=\"application\/ld+json\" class=\"yoast-schema-graph\">{\"@context\":\"https:\\\/\\\/schema.org\",\"@graph\":[{\"@type\":\"Article\",\"@id\":\"https:\\\/\\\/autate.fr\\\/site\\\/cote-toulouse-passagers-bloques-dans-le-metro-que-sest-il-passe-sur-la-ligne-a-lundi-18-juillet\\\/#article\",\"isPartOf\":{\"@id\":\"https:\\\/\\\/autate.fr\\\/site\\\/cote-toulouse-passagers-bloques-dans-le-metro-que-sest-il-passe-sur-la-ligne-a-lundi-18-juillet\\\/\"},\"author\":{\"name\":\"pascalbarbier\",\"@id\":\"https:\\\/\\\/autate.fr\\\/site\\\/#\\\/schema\\\/person\\\/ae1ab8bdaa7b41d2a9b52d2557ce8254\"},\"headline\":\"[C\u00f4t\u00e9 Toulouse] Passagers bloqu\u00e9s dans le m\u00e9tro. Que s&rsquo;est-il pass\u00e9 sur la ligne A lundi 18 juillet ?\",\"datePublished\":\"2016-07-21T15:40:19+00:00\",\"dateModified\":\"2016-08-10T15:44:25+00:00\",\"mainEntityOfPage\":{\"@id\":\"https:\\\/\\\/autate.fr\\\/site\\\/cote-toulouse-passagers-bloques-dans-le-metro-que-sest-il-passe-sur-la-ligne-a-lundi-18-juillet\\\/\"},\"wordCount\":130,\"commentCount\":0,\"publisher\":{\"@id\":\"https:\\\/\\\/autate.fr\\\/site\\\/#organization\"},\"keywords\":[\"ligne A\",\"m\u00e9tro\",\"panne\"],\"articleSection\":[\"Revue de presse\"],\"inLanguage\":\"fr-FR\",\"potentialAction\":[{\"@type\":\"CommentAction\",\"name\":\"Comment\",\"target\":[\"https:\\\/\\\/autate.fr\\\/site\\\/cote-toulouse-passagers-bloques-dans-le-metro-que-sest-il-passe-sur-la-ligne-a-lundi-18-juillet\\\/#respond\"]}]},{\"@type\":\"WebPage\",\"@id\":\"https:\\\/\\\/autate.fr\\\/site\\\/cote-toulouse-passagers-bloques-dans-le-metro-que-sest-il-passe-sur-la-ligne-a-lundi-18-juillet\\\/\",\"url\":\"https:\\\/\\\/autate.fr\\\/site\\\/cote-toulouse-passagers-bloques-dans-le-metro-que-sest-il-passe-sur-la-ligne-a-lundi-18-juillet\\\/\",\"name\":\"[C\u00f4t\u00e9 Toulouse] Passagers bloqu\u00e9s dans le m\u00e9tro. Que s'est-il pass\u00e9 sur la ligne A lundi 18 juillet ? - AUTATE\",\"isPartOf\":{\"@id\":\"https:\\\/\\\/autate.fr\\\/site\\\/#website\"},\"datePublished\":\"2016-07-21T15:40:19+00:00\",\"dateModified\":\"2016-08-10T15:44:25+00:00\",\"breadcrumb\":{\"@id\":\"https:\\\/\\\/autate.fr\\\/site\\\/cote-toulouse-passagers-bloques-dans-le-metro-que-sest-il-passe-sur-la-ligne-a-lundi-18-juillet\\\/#breadcrumb\"},\"inLanguage\":\"fr-FR\",\"potentialAction\":[{\"@type\":\"ReadAction\",\"target\":[\"https:\\\/\\\/autate.fr\\\/site\\\/cote-toulouse-passagers-bloques-dans-le-metro-que-sest-il-passe-sur-la-ligne-a-lundi-18-juillet\\\/\"]}]},{\"@type\":\"BreadcrumbList\",\"@id\":\"https:\\\/\\\/autate.fr\\\/site\\\/cote-toulouse-passagers-bloques-dans-le-metro-que-sest-il-passe-sur-la-ligne-a-lundi-18-juillet\\\/#breadcrumb\",\"itemListElement\":[{\"@type\":\"ListItem\",\"position\":1,\"name\":\"Accueil\",\"item\":\"https:\\\/\\\/autate.fr\\\/site\\\/\"},{\"@type\":\"ListItem\",\"position\":2,\"name\":\"[C\u00f4t\u00e9 Toulouse] Passagers bloqu\u00e9s dans le m\u00e9tro. Que s&rsquo;est-il pass\u00e9 sur la ligne A lundi 18 juillet ?\"}]},{\"@type\":\"WebSite\",\"@id\":\"https:\\\/\\\/autate.fr\\\/site\\\/#website\",\"url\":\"https:\\\/\\\/autate.fr\\\/site\\\/\",\"name\":\"AUTATE\",\"description\":\"Association des usagers des transports de l&#039;agglom\u00e9ration Toulousaine et de ses environs\",\"publisher\":{\"@id\":\"https:\\\/\\\/autate.fr\\\/site\\\/#organization\"},\"potentialAction\":[{\"@type\":\"SearchAction\",\"target\":{\"@type\":\"EntryPoint\",\"urlTemplate\":\"https:\\\/\\\/autate.fr\\\/site\\\/?s={search_term_string}\"},\"query-input\":{\"@type\":\"PropertyValueSpecification\",\"valueRequired\":true,\"valueName\":\"search_term_string\"}}],\"inLanguage\":\"fr-FR\"},{\"@type\":\"Organization\",\"@id\":\"https:\\\/\\\/autate.fr\\\/site\\\/#organization\",\"name\":\"AUTATE\",\"url\":\"https:\\\/\\\/autate.fr\\\/site\\\/\",\"logo\":{\"@type\":\"ImageObject\",\"inLanguage\":\"fr-FR\",\"@id\":\"https:\\\/\\\/autate.fr\\\/site\\\/#\\\/schema\\\/logo\\\/image\\\/\",\"url\":\"http:\\\/\\\/autate.fr\\\/site\\\/wp-content\\\/uploads\\\/2019\\\/01\\\/logo.png\",\"contentUrl\":\"http:\\\/\\\/autate.fr\\\/site\\\/wp-content\\\/uploads\\\/2019\\\/01\\\/logo.png\",\"width\":506,\"height\":280,\"caption\":\"AUTATE\"},\"image\":{\"@id\":\"https:\\\/\\\/autate.fr\\\/site\\\/#\\\/schema\\\/logo\\\/image\\\/\"},\"sameAs\":[\"https:\\\/\\\/www.facebook.com\\\/AutateToulouse\",\"https:\\\/\\\/x.com\\\/AutateToulouse\"]},{\"@type\":\"Person\",\"@id\":\"https:\\\/\\\/autate.fr\\\/site\\\/#\\\/schema\\\/person\\\/ae1ab8bdaa7b41d2a9b52d2557ce8254\",\"name\":\"pascalbarbier\",\"image\":{\"@type\":\"ImageObject\",\"inLanguage\":\"fr-FR\",\"@id\":\"https:\\\/\\\/secure.gravatar.com\\\/avatar\\\/03f4e8ced09894b72c67e83142540730d4b3bbf619bf46341b0074e3bf5f08a0?s=96&d=mm&r=g\",\"url\":\"https:\\\/\\\/secure.gravatar.com\\\/avatar\\\/03f4e8ced09894b72c67e83142540730d4b3bbf619bf46341b0074e3bf5f08a0?s=96&d=mm&r=g\",\"contentUrl\":\"https:\\\/\\\/secure.gravatar.com\\\/avatar\\\/03f4e8ced09894b72c67e83142540730d4b3bbf619bf46341b0074e3bf5f08a0?s=96&d=mm&r=g\",\"caption\":\"pascalbarbier\"},\"url\":\"https:\\\/\\\/autate.fr\\\/site\\\/author\\\/pascalbarbier\\\/\"}]}<\/script>\n<!-- \/ Yoast SEO plugin. -->","yoast_head_json":{"title":"[C\u00f4t\u00e9 Toulouse] Passagers bloqu\u00e9s dans le m\u00e9tro. Que s'est-il pass\u00e9 sur la ligne A lundi 18 juillet ? - AUTATE","robots":{"index":"index","follow":"follow","max-snippet":"max-snippet:-1","max-image-preview":"max-image-preview:large","max-video-preview":"max-video-preview:-1"},"canonical":"https:\/\/autate.fr\/site\/cote-toulouse-passagers-bloques-dans-le-metro-que-sest-il-passe-sur-la-ligne-a-lundi-18-juillet\/","og_locale":"fr_FR","og_type":"article","og_title":"[C\u00f4t\u00e9 Toulouse] Passagers bloqu\u00e9s dans le m\u00e9tro. Que s'est-il pass\u00e9 sur la ligne A lundi 18 juillet ? - AUTATE","og_description":"Un article de Nelly Lesage paru dans Actu C\u00f4t\u00e9 Toulouse le 20 juillet Le 18 juillet, la ligne A du m\u00e9tro de Toulouse a \u00e9t\u00e9 interrompue dans l&rsquo;apr\u00e8s-midi, bloquant plusieurs usagers pendant plus d&rsquo;une heure. Avec une grosse col\u00e8re au rendez-vous. Lundi 18 juillet, le fonctionnement de la ligne A du m\u00e9tro toulousain a \u00e9t\u00e9VOIR PLUS","og_url":"https:\/\/autate.fr\/site\/cote-toulouse-passagers-bloques-dans-le-metro-que-sest-il-passe-sur-la-ligne-a-lundi-18-juillet\/","og_site_name":"AUTATE","article_publisher":"https:\/\/www.facebook.com\/AutateToulouse","article_published_time":"2016-07-21T15:40:19+00:00","article_modified_time":"2016-08-10T15:44:25+00:00","author":"pascalbarbier","twitter_card":"summary_large_image","twitter_creator":"@AutateToulouse","twitter_site":"@AutateToulouse","twitter_misc":{"\u00c9crit par":"pascalbarbier","Dur\u00e9e de lecture estim\u00e9e":"1 minute"},"schema":{"@context":"https:\/\/schema.org","@graph":[{"@type":"Article","@id":"https:\/\/autate.fr\/site\/cote-toulouse-passagers-bloques-dans-le-metro-que-sest-il-passe-sur-la-ligne-a-lundi-18-juillet\/#article","isPartOf":{"@id":"https:\/\/autate.fr\/site\/cote-toulouse-passagers-bloques-dans-le-metro-que-sest-il-passe-sur-la-ligne-a-lundi-18-juillet\/"},"author":{"name":"pascalbarbier","@id":"https:\/\/autate.fr\/site\/#\/schema\/person\/ae1ab8bdaa7b41d2a9b52d2557ce8254"},"headline":"[C\u00f4t\u00e9 Toulouse] Passagers bloqu\u00e9s dans le m\u00e9tro. Que s&rsquo;est-il pass\u00e9 sur la ligne A lundi 18 juillet ?","datePublished":"2016-07-21T15:40:19+00:00","dateModified":"2016-08-10T15:44:25+00:00","mainEntityOfPage":{"@id":"https:\/\/autate.fr\/site\/cote-toulouse-passagers-bloques-dans-le-metro-que-sest-il-passe-sur-la-ligne-a-lundi-18-juillet\/"},"wordCount":130,"commentCount":0,"publisher":{"@id":"https:\/\/autate.fr\/site\/#organization"},"keywords":["ligne A","m\u00e9tro","panne"],"articleSection":["Revue de presse"],"inLanguage":"fr-FR","potentialAction":[{"@type":"CommentAction","name":"Comment","target":["https:\/\/autate.fr\/site\/cote-toulouse-passagers-bloques-dans-le-metro-que-sest-il-passe-sur-la-ligne-a-lundi-18-juillet\/#respond"]}]},{"@type":"WebPage","@id":"https:\/\/autate.fr\/site\/cote-toulouse-passagers-bloques-dans-le-metro-que-sest-il-passe-sur-la-ligne-a-lundi-18-juillet\/","url":"https:\/\/autate.fr\/site\/cote-toulouse-passagers-bloques-dans-le-metro-que-sest-il-passe-sur-la-ligne-a-lundi-18-juillet\/","name":"[C\u00f4t\u00e9 Toulouse] Passagers bloqu\u00e9s dans le m\u00e9tro. Que s'est-il pass\u00e9 sur la ligne A lundi 18 juillet ? - AUTATE","isPartOf":{"@id":"https:\/\/autate.fr\/site\/#website"},"datePublished":"2016-07-21T15:40:19+00:00","dateModified":"2016-08-10T15:44:25+00:00","breadcrumb":{"@id":"https:\/\/autate.fr\/site\/cote-toulouse-passagers-bloques-dans-le-metro-que-sest-il-passe-sur-la-ligne-a-lundi-18-juillet\/#breadcrumb"},"inLanguage":"fr-FR","potentialAction":[{"@type":"ReadAction","target":["https:\/\/autate.fr\/site\/cote-toulouse-passagers-bloques-dans-le-metro-que-sest-il-passe-sur-la-ligne-a-lundi-18-juillet\/"]}]},{"@type":"BreadcrumbList","@id":"https:\/\/autate.fr\/site\/cote-toulouse-passagers-bloques-dans-le-metro-que-sest-il-passe-sur-la-ligne-a-lundi-18-juillet\/#breadcrumb","itemListElement":[{"@type":"ListItem","position":1,"name":"Accueil","item":"https:\/\/autate.fr\/site\/"},{"@type":"ListItem","position":2,"name":"[C\u00f4t\u00e9 Toulouse] Passagers bloqu\u00e9s dans le m\u00e9tro. Que s&rsquo;est-il pass\u00e9 sur la ligne A lundi 18 juillet ?"}]},{"@type":"WebSite","@id":"https:\/\/autate.fr\/site\/#website","url":"https:\/\/autate.fr\/site\/","name":"AUTATE","description":"Association des usagers des transports de l&#039;agglom\u00e9ration Toulousaine et de ses environs","publisher":{"@id":"https:\/\/autate.fr\/site\/#organization"},"potentialAction":[{"@type":"SearchAction","target":{"@type":"EntryPoint","urlTemplate":"https:\/\/autate.fr\/site\/?s={search_term_string}"},"query-input":{"@type":"PropertyValueSpecification","valueRequired":true,"valueName":"search_term_string"}}],"inLanguage":"fr-FR"},{"@type":"Organization","@id":"https:\/\/autate.fr\/site\/#organization","name":"AUTATE","url":"https:\/\/autate.fr\/site\/","logo":{"@type":"ImageObject","inLanguage":"fr-FR","@id":"https:\/\/autate.fr\/site\/#\/schema\/logo\/image\/","url":"http:\/\/autate.fr\/site\/wp-content\/uploads\/2019\/01\/logo.png","contentUrl":"http:\/\/autate.fr\/site\/wp-content\/uploads\/2019\/01\/logo.png","width":506,"height":280,"caption":"AUTATE"},"image":{"@id":"https:\/\/autate.fr\/site\/#\/schema\/logo\/image\/"},"sameAs":["https:\/\/www.facebook.com\/AutateToulouse","https:\/\/x.com\/AutateToulouse"]},{"@type":"Person","@id":"https:\/\/autate.fr\/site\/#\/schema\/person\/ae1ab8bdaa7b41d2a9b52d2557ce8254","name":"pascalbarbier","image":{"@type":"ImageObject","inLanguage":"fr-FR","@id":"https:\/\/secure.gravatar.com\/avatar\/03f4e8ced09894b72c67e83142540730d4b3bbf619bf46341b0074e3bf5f08a0?s=96&d=mm&r=g","url":"https:\/\/secure.gravatar.com\/avatar\/03f4e8ced09894b72c67e83142540730d4b3bbf619bf46341b0074e3bf5f08a0?s=96&d=mm&r=g","contentUrl":"https:\/\/secure.gravatar.com\/avatar\/03f4e8ced09894b72c67e83142540730d4b3bbf619bf46341b0074e3bf5f08a0?s=96&d=mm&r=g","caption":"pascalbarbier"},"url":"https:\/\/autate.fr\/site\/author\/pascalbarbier\/"}]}},"_links":{"self":[{"href":"https:\/\/autate.fr\/site\/wp-json\/wp\/v2\/posts\/766","targetHints":{"allow":["GET"]}}],"collection":[{"href":"https:\/\/autate.fr\/site\/wp-json\/wp\/v2\/posts"}],"about":[{"href":"https:\/\/autate.fr\/site\/wp-json\/wp\/v2\/types\/post"}],"author":[{"embeddable":true,"href":"https:\/\/autate.fr\/site\/wp-json\/wp\/v2\/users\/1"}],"replies":[{"embeddable":true,"href":"https:\/\/autate.fr\/site\/wp-json\/wp\/v2\/comments?post=766"}],"version-history":[{"count":2,"href":"https:\/\/autate.fr\/site\/wp-json\/wp\/v2\/posts\/766\/revisions"}],"predecessor-version":[{"id":768,"href":"https:\/\/autate.fr\/site\/wp-json\/wp\/v2\/posts\/766\/revisions\/768"}],"wp:attachment":[{"href":"https:\/\/autate.fr\/site\/wp-json\/wp\/v2\/media?parent=766"}],"wp:term":[{"taxonomy":"category","embeddable":true,"href":"https:\/\/autate.fr\/site\/wp-json\/wp\/v2\/categories?post=766"},{"taxonomy":"post_tag","embeddable":true,"href":"https:\/\/autate.fr\/site\/wp-json\/wp\/v2\/tags?post=766"}],"curies":[{"name":"wp","href":"https:\/\/api.w.org\/{rel}","templated":true}]}}