{"id":763,"date":"2016-07-20T15:47:27","date_gmt":"2016-07-20T13:47:27","guid":{"rendered":"http:\/\/autate.fr\/site\/?p=763"},"modified":"2016-08-10T21:09:29","modified_gmt":"2016-08-10T19:09:29","slug":"france3-midipy-la-region-prete-a-financer-la-3eme-ligne-de-metro-a-toulouse-sous-conditions","status":"publish","type":"post","link":"https:\/\/autate.fr\/site\/france3-midipy-la-region-prete-a-financer-la-3eme-ligne-de-metro-a-toulouse-sous-conditions\/","title":{"rendered":"[France3 MidiPy] la R\u00e9gion pr\u00eate \u00e0 financer la 3\u00e8me ligne de m\u00e9tro \u00e0 Toulouse sous conditions"},"content":{"rendered":"<p>Un article de Fabrice Valery\u00a0 paru le 19 juillet dans France 3 Midi-Pyr\u00e9n\u00e9es (photo Max PPP)<\/p>\n<p>Carole Delga estime que le conseil r\u00e9gional pourra prendre part dans le financement du projet de 3\u00e8me ligne port\u00e9e par Jean-Luc Moudenc \u00e0 condition notamment qu&rsquo;elle soit interconnect\u00e9e avec le rail. Ce qui est le cas.<\/p>\n<p>La pr\u00e9sidente PS du Conseil r\u00e9gional d&rsquo;Occitanie,<strong> Carole Delga,<\/strong> a \u00e9crit \u00e0<strong> Jean-Luc Moudenc<\/strong>, pr\u00e9sident de Toulouse M\u00e9tropole et maire LR de Toulouse, \u00e0 <strong>Georges M\u00e9ric, <\/strong>pr\u00e9sident PS du Conseil d\u00e9partemental, et \u00e0 <strong>Jean-Michel Lattes,<\/strong> pr\u00e9sident du syndicat mixte des transports en commun (SMTC) de l&rsquo;agglom\u00e9ration toulousaine, pour leur dire que<strong> la R\u00e9gion \u00e9tait pr\u00eate \u00e0 participer au financement de la 3\u00e8me ligne de m\u00e9tro voulue par la majorit\u00e9 de droite de Toulouse \u00e0 condition notamment d&rsquo;une interconnexion avec le train.<\/strong><\/p>\n<p><a href=\"http:\/\/france3-regions.francetvinfo.fr\/midi-pyrenees\/haute-garonne\/toulouse\/transports-la-region-prete-financer-la-3eme-ligne-de-metro-toulouse-sous-conditions-1051199.html\" target=\"_blank\"><strong>lire la suite<\/strong><\/a><\/p>\n","protected":false},"excerpt":{"rendered":"<p>Un article de Fabrice Valery\u00a0 paru le 19 juillet dans France 3 Midi-Pyr\u00e9n\u00e9es (photo Max PPP) Carole Delga estime que le conseil r\u00e9gional pourra prendre part dans le financement du projet de 3\u00e8me ligne port\u00e9e par Jean-Luc Moudenc \u00e0 condition notamment qu&rsquo;elle soit interconnect\u00e9e avec le rail. Ce qui est le cas. La pr\u00e9sidente PS<\/p>\n<p class=\"more-link\"><a href=\"https:\/\/autate.fr\/site\/france3-midipy-la-region-prete-a-financer-la-3eme-ligne-de-metro-a-toulouse-sous-conditions\/\" class=\"themebutton2\">VOIR PLUS<\/a><\/p>\n","protected":false},"author":1,"featured_media":764,"comment_status":"open","ping_status":"open","sticky":false,"template":"","format":"standard","meta":{"footnotes":""},"categories":[7],"tags":[172,235,195,125,52],"class_list":["post-763","post","type-post","status-publish","format-standard","has-post-thumbnail","hentry","category-revue-de-presse","tag-3eme-ligne-metro","tag-c-delga","tag-financement","tag-intermodalite","tag-tae"],"yoast_head":"<!-- This site is optimized with the Yoast SEO plugin v27.4 - https:\/\/yoast.com\/product\/yoast-seo-wordpress\/ -->\n<title>[France3 MidiPy] la R\u00e9gion pr\u00eate \u00e0 financer la 3\u00e8me ligne de m\u00e9tro \u00e0 Toulouse sous conditions - AUTATE<\/title>\n<meta name=\"robots\" content=\"index, follow, max-snippet:-1, max-image-preview:large, max-video-preview:-1\" \/>\n<link rel=\"canonical\" href=\"https:\/\/autate.fr\/site\/france3-midipy-la-region-prete-a-financer-la-3eme-ligne-de-metro-a-toulouse-sous-conditions\/\" \/>\n<meta property=\"og:locale\" content=\"fr_FR\" \/>\n<meta property=\"og:type\" content=\"article\" \/>\n<meta property=\"og:title\" content=\"[France3 MidiPy] la R\u00e9gion pr\u00eate \u00e0 financer la 3\u00e8me ligne de m\u00e9tro \u00e0 Toulouse sous conditions - AUTATE\" \/>\n<meta property=\"og:description\" content=\"Un article de Fabrice Valery\u00a0 paru le 19 juillet dans France 3 Midi-Pyr\u00e9n\u00e9es (photo Max PPP) Carole Delga estime que le conseil r\u00e9gional pourra prendre part dans le financement du projet de 3\u00e8me ligne port\u00e9e par Jean-Luc Moudenc \u00e0 condition notamment qu&rsquo;elle soit interconnect\u00e9e avec le rail. Ce qui est le cas. La pr\u00e9sidente PSVOIR PLUS\" \/>\n<meta property=\"og:url\" content=\"https:\/\/autate.fr\/site\/france3-midipy-la-region-prete-a-financer-la-3eme-ligne-de-metro-a-toulouse-sous-conditions\/\" \/>\n<meta property=\"og:site_name\" content=\"AUTATE\" \/>\n<meta property=\"article:publisher\" content=\"https:\/\/www.facebook.com\/AutateToulouse\" \/>\n<meta property=\"article:published_time\" content=\"2016-07-20T13:47:27+00:00\" \/>\n<meta property=\"article:modified_time\" content=\"2016-08-10T19:09:29+00:00\" \/>\n<meta property=\"og:image\" content=\"https:\/\/autate.fr\/site\/wp-content\/uploads\/2016\/08\/maxnewsworldfour004635.jpg\" \/>\n\t<meta property=\"og:image:width\" content=\"640\" \/>\n\t<meta property=\"og:image:height\" content=\"360\" \/>\n\t<meta property=\"og:image:type\" content=\"image\/jpeg\" \/>\n<meta name=\"author\" content=\"pascalbarbier\" \/>\n<meta name=\"twitter:card\" content=\"summary_large_image\" \/>\n<meta name=\"twitter:creator\" content=\"@AutateToulouse\" \/>\n<meta name=\"twitter:site\" content=\"@AutateToulouse\" \/>\n<meta name=\"twitter:label1\" content=\"\u00c9crit par\" \/>\n\t<meta name=\"twitter:data1\" content=\"pascalbarbier\" \/>\n\t<meta name=\"twitter:label2\" content=\"Dur\u00e9e de lecture estim\u00e9e\" \/>\n\t<meta name=\"twitter:data2\" content=\"1 minute\" \/>\n<script type=\"application\/ld+json\" class=\"yoast-schema-graph\">{\"@context\":\"https:\\\/\\\/schema.org\",\"@graph\":[{\"@type\":\"Article\",\"@id\":\"https:\\\/\\\/autate.fr\\\/site\\\/france3-midipy-la-region-prete-a-financer-la-3eme-ligne-de-metro-a-toulouse-sous-conditions\\\/#article\",\"isPartOf\":{\"@id\":\"https:\\\/\\\/autate.fr\\\/site\\\/france3-midipy-la-region-prete-a-financer-la-3eme-ligne-de-metro-a-toulouse-sous-conditions\\\/\"},\"author\":{\"name\":\"pascalbarbier\",\"@id\":\"https:\\\/\\\/autate.fr\\\/site\\\/#\\\/schema\\\/person\\\/ae1ab8bdaa7b41d2a9b52d2557ce8254\"},\"headline\":\"[France3 MidiPy] la R\u00e9gion pr\u00eate \u00e0 financer la 3\u00e8me ligne de m\u00e9tro \u00e0 Toulouse sous conditions\",\"datePublished\":\"2016-07-20T13:47:27+00:00\",\"dateModified\":\"2016-08-10T19:09:29+00:00\",\"mainEntityOfPage\":{\"@id\":\"https:\\\/\\\/autate.fr\\\/site\\\/france3-midipy-la-region-prete-a-financer-la-3eme-ligne-de-metro-a-toulouse-sous-conditions\\\/\"},\"wordCount\":162,\"commentCount\":0,\"publisher\":{\"@id\":\"https:\\\/\\\/autate.fr\\\/site\\\/#organization\"},\"image\":{\"@id\":\"https:\\\/\\\/autate.fr\\\/site\\\/france3-midipy-la-region-prete-a-financer-la-3eme-ligne-de-metro-a-toulouse-sous-conditions\\\/#primaryimage\"},\"thumbnailUrl\":\"https:\\\/\\\/autate.fr\\\/site\\\/wp-content\\\/uploads\\\/2016\\\/08\\\/maxnewsworldfour004635.jpg\",\"keywords\":[\"3\u00e8me ligne m\u00e9tro\",\"C.Delga\",\"Financement\",\"intermodalit\u00e9\",\"TAE\"],\"articleSection\":[\"Revue de presse\"],\"inLanguage\":\"fr-FR\",\"potentialAction\":[{\"@type\":\"CommentAction\",\"name\":\"Comment\",\"target\":[\"https:\\\/\\\/autate.fr\\\/site\\\/france3-midipy-la-region-prete-a-financer-la-3eme-ligne-de-metro-a-toulouse-sous-conditions\\\/#respond\"]}]},{\"@type\":\"WebPage\",\"@id\":\"https:\\\/\\\/autate.fr\\\/site\\\/france3-midipy-la-region-prete-a-financer-la-3eme-ligne-de-metro-a-toulouse-sous-conditions\\\/\",\"url\":\"https:\\\/\\\/autate.fr\\\/site\\\/france3-midipy-la-region-prete-a-financer-la-3eme-ligne-de-metro-a-toulouse-sous-conditions\\\/\",\"name\":\"[France3 MidiPy] la R\u00e9gion pr\u00eate \u00e0 financer la 3\u00e8me ligne de m\u00e9tro \u00e0 Toulouse sous conditions - AUTATE\",\"isPartOf\":{\"@id\":\"https:\\\/\\\/autate.fr\\\/site\\\/#website\"},\"primaryImageOfPage\":{\"@id\":\"https:\\\/\\\/autate.fr\\\/site\\\/france3-midipy-la-region-prete-a-financer-la-3eme-ligne-de-metro-a-toulouse-sous-conditions\\\/#primaryimage\"},\"image\":{\"@id\":\"https:\\\/\\\/autate.fr\\\/site\\\/france3-midipy-la-region-prete-a-financer-la-3eme-ligne-de-metro-a-toulouse-sous-conditions\\\/#primaryimage\"},\"thumbnailUrl\":\"https:\\\/\\\/autate.fr\\\/site\\\/wp-content\\\/uploads\\\/2016\\\/08\\\/maxnewsworldfour004635.jpg\",\"datePublished\":\"2016-07-20T13:47:27+00:00\",\"dateModified\":\"2016-08-10T19:09:29+00:00\",\"breadcrumb\":{\"@id\":\"https:\\\/\\\/autate.fr\\\/site\\\/france3-midipy-la-region-prete-a-financer-la-3eme-ligne-de-metro-a-toulouse-sous-conditions\\\/#breadcrumb\"},\"inLanguage\":\"fr-FR\",\"potentialAction\":[{\"@type\":\"ReadAction\",\"target\":[\"https:\\\/\\\/autate.fr\\\/site\\\/france3-midipy-la-region-prete-a-financer-la-3eme-ligne-de-metro-a-toulouse-sous-conditions\\\/\"]}]},{\"@type\":\"ImageObject\",\"inLanguage\":\"fr-FR\",\"@id\":\"https:\\\/\\\/autate.fr\\\/site\\\/france3-midipy-la-region-prete-a-financer-la-3eme-ligne-de-metro-a-toulouse-sous-conditions\\\/#primaryimage\",\"url\":\"https:\\\/\\\/autate.fr\\\/site\\\/wp-content\\\/uploads\\\/2016\\\/08\\\/maxnewsworldfour004635.jpg\",\"contentUrl\":\"https:\\\/\\\/autate.fr\\\/site\\\/wp-content\\\/uploads\\\/2016\\\/08\\\/maxnewsworldfour004635.jpg\",\"width\":640,\"height\":360},{\"@type\":\"BreadcrumbList\",\"@id\":\"https:\\\/\\\/autate.fr\\\/site\\\/france3-midipy-la-region-prete-a-financer-la-3eme-ligne-de-metro-a-toulouse-sous-conditions\\\/#breadcrumb\",\"itemListElement\":[{\"@type\":\"ListItem\",\"position\":1,\"name\":\"Accueil\",\"item\":\"https:\\\/\\\/autate.fr\\\/site\\\/\"},{\"@type\":\"ListItem\",\"position\":2,\"name\":\"[France3 MidiPy] la R\u00e9gion pr\u00eate \u00e0 financer la 3\u00e8me ligne de m\u00e9tro \u00e0 Toulouse sous conditions\"}]},{\"@type\":\"WebSite\",\"@id\":\"https:\\\/\\\/autate.fr\\\/site\\\/#website\",\"url\":\"https:\\\/\\\/autate.fr\\\/site\\\/\",\"name\":\"AUTATE\",\"description\":\"Association des usagers des transports de l&#039;agglom\u00e9ration Toulousaine et de ses environs\",\"publisher\":{\"@id\":\"https:\\\/\\\/autate.fr\\\/site\\\/#organization\"},\"potentialAction\":[{\"@type\":\"SearchAction\",\"target\":{\"@type\":\"EntryPoint\",\"urlTemplate\":\"https:\\\/\\\/autate.fr\\\/site\\\/?s={search_term_string}\"},\"query-input\":{\"@type\":\"PropertyValueSpecification\",\"valueRequired\":true,\"valueName\":\"search_term_string\"}}],\"inLanguage\":\"fr-FR\"},{\"@type\":\"Organization\",\"@id\":\"https:\\\/\\\/autate.fr\\\/site\\\/#organization\",\"name\":\"AUTATE\",\"url\":\"https:\\\/\\\/autate.fr\\\/site\\\/\",\"logo\":{\"@type\":\"ImageObject\",\"inLanguage\":\"fr-FR\",\"@id\":\"https:\\\/\\\/autate.fr\\\/site\\\/#\\\/schema\\\/logo\\\/image\\\/\",\"url\":\"http:\\\/\\\/autate.fr\\\/site\\\/wp-content\\\/uploads\\\/2019\\\/01\\\/logo.png\",\"contentUrl\":\"http:\\\/\\\/autate.fr\\\/site\\\/wp-content\\\/uploads\\\/2019\\\/01\\\/logo.png\",\"width\":506,\"height\":280,\"caption\":\"AUTATE\"},\"image\":{\"@id\":\"https:\\\/\\\/autate.fr\\\/site\\\/#\\\/schema\\\/logo\\\/image\\\/\"},\"sameAs\":[\"https:\\\/\\\/www.facebook.com\\\/AutateToulouse\",\"https:\\\/\\\/x.com\\\/AutateToulouse\"]},{\"@type\":\"Person\",\"@id\":\"https:\\\/\\\/autate.fr\\\/site\\\/#\\\/schema\\\/person\\\/ae1ab8bdaa7b41d2a9b52d2557ce8254\",\"name\":\"pascalbarbier\",\"image\":{\"@type\":\"ImageObject\",\"inLanguage\":\"fr-FR\",\"@id\":\"https:\\\/\\\/secure.gravatar.com\\\/avatar\\\/03f4e8ced09894b72c67e83142540730d4b3bbf619bf46341b0074e3bf5f08a0?s=96&d=mm&r=g\",\"url\":\"https:\\\/\\\/secure.gravatar.com\\\/avatar\\\/03f4e8ced09894b72c67e83142540730d4b3bbf619bf46341b0074e3bf5f08a0?s=96&d=mm&r=g\",\"contentUrl\":\"https:\\\/\\\/secure.gravatar.com\\\/avatar\\\/03f4e8ced09894b72c67e83142540730d4b3bbf619bf46341b0074e3bf5f08a0?s=96&d=mm&r=g\",\"caption\":\"pascalbarbier\"},\"url\":\"https:\\\/\\\/autate.fr\\\/site\\\/author\\\/pascalbarbier\\\/\"}]}<\/script>\n<!-- \/ Yoast SEO plugin. -->","yoast_head_json":{"title":"[France3 MidiPy] la R\u00e9gion pr\u00eate \u00e0 financer la 3\u00e8me ligne de m\u00e9tro \u00e0 Toulouse sous conditions - AUTATE","robots":{"index":"index","follow":"follow","max-snippet":"max-snippet:-1","max-image-preview":"max-image-preview:large","max-video-preview":"max-video-preview:-1"},"canonical":"https:\/\/autate.fr\/site\/france3-midipy-la-region-prete-a-financer-la-3eme-ligne-de-metro-a-toulouse-sous-conditions\/","og_locale":"fr_FR","og_type":"article","og_title":"[France3 MidiPy] la R\u00e9gion pr\u00eate \u00e0 financer la 3\u00e8me ligne de m\u00e9tro \u00e0 Toulouse sous conditions - AUTATE","og_description":"Un article de Fabrice Valery\u00a0 paru le 19 juillet dans France 3 Midi-Pyr\u00e9n\u00e9es (photo Max PPP) Carole Delga estime que le conseil r\u00e9gional pourra prendre part dans le financement du projet de 3\u00e8me ligne port\u00e9e par Jean-Luc Moudenc \u00e0 condition notamment qu&rsquo;elle soit interconnect\u00e9e avec le rail. Ce qui est le cas. La pr\u00e9sidente PSVOIR PLUS","og_url":"https:\/\/autate.fr\/site\/france3-midipy-la-region-prete-a-financer-la-3eme-ligne-de-metro-a-toulouse-sous-conditions\/","og_site_name":"AUTATE","article_publisher":"https:\/\/www.facebook.com\/AutateToulouse","article_published_time":"2016-07-20T13:47:27+00:00","article_modified_time":"2016-08-10T19:09:29+00:00","og_image":[{"width":640,"height":360,"url":"https:\/\/autate.fr\/site\/wp-content\/uploads\/2016\/08\/maxnewsworldfour004635.jpg","type":"image\/jpeg"}],"author":"pascalbarbier","twitter_card":"summary_large_image","twitter_creator":"@AutateToulouse","twitter_site":"@AutateToulouse","twitter_misc":{"\u00c9crit par":"pascalbarbier","Dur\u00e9e de lecture estim\u00e9e":"1 minute"},"schema":{"@context":"https:\/\/schema.org","@graph":[{"@type":"Article","@id":"https:\/\/autate.fr\/site\/france3-midipy-la-region-prete-a-financer-la-3eme-ligne-de-metro-a-toulouse-sous-conditions\/#article","isPartOf":{"@id":"https:\/\/autate.fr\/site\/france3-midipy-la-region-prete-a-financer-la-3eme-ligne-de-metro-a-toulouse-sous-conditions\/"},"author":{"name":"pascalbarbier","@id":"https:\/\/autate.fr\/site\/#\/schema\/person\/ae1ab8bdaa7b41d2a9b52d2557ce8254"},"headline":"[France3 MidiPy] la R\u00e9gion pr\u00eate \u00e0 financer la 3\u00e8me ligne de m\u00e9tro \u00e0 Toulouse sous conditions","datePublished":"2016-07-20T13:47:27+00:00","dateModified":"2016-08-10T19:09:29+00:00","mainEntityOfPage":{"@id":"https:\/\/autate.fr\/site\/france3-midipy-la-region-prete-a-financer-la-3eme-ligne-de-metro-a-toulouse-sous-conditions\/"},"wordCount":162,"commentCount":0,"publisher":{"@id":"https:\/\/autate.fr\/site\/#organization"},"image":{"@id":"https:\/\/autate.fr\/site\/france3-midipy-la-region-prete-a-financer-la-3eme-ligne-de-metro-a-toulouse-sous-conditions\/#primaryimage"},"thumbnailUrl":"https:\/\/autate.fr\/site\/wp-content\/uploads\/2016\/08\/maxnewsworldfour004635.jpg","keywords":["3\u00e8me ligne m\u00e9tro","C.Delga","Financement","intermodalit\u00e9","TAE"],"articleSection":["Revue de presse"],"inLanguage":"fr-FR","potentialAction":[{"@type":"CommentAction","name":"Comment","target":["https:\/\/autate.fr\/site\/france3-midipy-la-region-prete-a-financer-la-3eme-ligne-de-metro-a-toulouse-sous-conditions\/#respond"]}]},{"@type":"WebPage","@id":"https:\/\/autate.fr\/site\/france3-midipy-la-region-prete-a-financer-la-3eme-ligne-de-metro-a-toulouse-sous-conditions\/","url":"https:\/\/autate.fr\/site\/france3-midipy-la-region-prete-a-financer-la-3eme-ligne-de-metro-a-toulouse-sous-conditions\/","name":"[France3 MidiPy] la R\u00e9gion pr\u00eate \u00e0 financer la 3\u00e8me ligne de m\u00e9tro \u00e0 Toulouse sous conditions - AUTATE","isPartOf":{"@id":"https:\/\/autate.fr\/site\/#website"},"primaryImageOfPage":{"@id":"https:\/\/autate.fr\/site\/france3-midipy-la-region-prete-a-financer-la-3eme-ligne-de-metro-a-toulouse-sous-conditions\/#primaryimage"},"image":{"@id":"https:\/\/autate.fr\/site\/france3-midipy-la-region-prete-a-financer-la-3eme-ligne-de-metro-a-toulouse-sous-conditions\/#primaryimage"},"thumbnailUrl":"https:\/\/autate.fr\/site\/wp-content\/uploads\/2016\/08\/maxnewsworldfour004635.jpg","datePublished":"2016-07-20T13:47:27+00:00","dateModified":"2016-08-10T19:09:29+00:00","breadcrumb":{"@id":"https:\/\/autate.fr\/site\/france3-midipy-la-region-prete-a-financer-la-3eme-ligne-de-metro-a-toulouse-sous-conditions\/#breadcrumb"},"inLanguage":"fr-FR","potentialAction":[{"@type":"ReadAction","target":["https:\/\/autate.fr\/site\/france3-midipy-la-region-prete-a-financer-la-3eme-ligne-de-metro-a-toulouse-sous-conditions\/"]}]},{"@type":"ImageObject","inLanguage":"fr-FR","@id":"https:\/\/autate.fr\/site\/france3-midipy-la-region-prete-a-financer-la-3eme-ligne-de-metro-a-toulouse-sous-conditions\/#primaryimage","url":"https:\/\/autate.fr\/site\/wp-content\/uploads\/2016\/08\/maxnewsworldfour004635.jpg","contentUrl":"https:\/\/autate.fr\/site\/wp-content\/uploads\/2016\/08\/maxnewsworldfour004635.jpg","width":640,"height":360},{"@type":"BreadcrumbList","@id":"https:\/\/autate.fr\/site\/france3-midipy-la-region-prete-a-financer-la-3eme-ligne-de-metro-a-toulouse-sous-conditions\/#breadcrumb","itemListElement":[{"@type":"ListItem","position":1,"name":"Accueil","item":"https:\/\/autate.fr\/site\/"},{"@type":"ListItem","position":2,"name":"[France3 MidiPy] la R\u00e9gion pr\u00eate \u00e0 financer la 3\u00e8me ligne de m\u00e9tro \u00e0 Toulouse sous conditions"}]},{"@type":"WebSite","@id":"https:\/\/autate.fr\/site\/#website","url":"https:\/\/autate.fr\/site\/","name":"AUTATE","description":"Association des usagers des transports de l&#039;agglom\u00e9ration Toulousaine et de ses environs","publisher":{"@id":"https:\/\/autate.fr\/site\/#organization"},"potentialAction":[{"@type":"SearchAction","target":{"@type":"EntryPoint","urlTemplate":"https:\/\/autate.fr\/site\/?s={search_term_string}"},"query-input":{"@type":"PropertyValueSpecification","valueRequired":true,"valueName":"search_term_string"}}],"inLanguage":"fr-FR"},{"@type":"Organization","@id":"https:\/\/autate.fr\/site\/#organization","name":"AUTATE","url":"https:\/\/autate.fr\/site\/","logo":{"@type":"ImageObject","inLanguage":"fr-FR","@id":"https:\/\/autate.fr\/site\/#\/schema\/logo\/image\/","url":"http:\/\/autate.fr\/site\/wp-content\/uploads\/2019\/01\/logo.png","contentUrl":"http:\/\/autate.fr\/site\/wp-content\/uploads\/2019\/01\/logo.png","width":506,"height":280,"caption":"AUTATE"},"image":{"@id":"https:\/\/autate.fr\/site\/#\/schema\/logo\/image\/"},"sameAs":["https:\/\/www.facebook.com\/AutateToulouse","https:\/\/x.com\/AutateToulouse"]},{"@type":"Person","@id":"https:\/\/autate.fr\/site\/#\/schema\/person\/ae1ab8bdaa7b41d2a9b52d2557ce8254","name":"pascalbarbier","image":{"@type":"ImageObject","inLanguage":"fr-FR","@id":"https:\/\/secure.gravatar.com\/avatar\/03f4e8ced09894b72c67e83142540730d4b3bbf619bf46341b0074e3bf5f08a0?s=96&d=mm&r=g","url":"https:\/\/secure.gravatar.com\/avatar\/03f4e8ced09894b72c67e83142540730d4b3bbf619bf46341b0074e3bf5f08a0?s=96&d=mm&r=g","contentUrl":"https:\/\/secure.gravatar.com\/avatar\/03f4e8ced09894b72c67e83142540730d4b3bbf619bf46341b0074e3bf5f08a0?s=96&d=mm&r=g","caption":"pascalbarbier"},"url":"https:\/\/autate.fr\/site\/author\/pascalbarbier\/"}]}},"_links":{"self":[{"href":"https:\/\/autate.fr\/site\/wp-json\/wp\/v2\/posts\/763","targetHints":{"allow":["GET"]}}],"collection":[{"href":"https:\/\/autate.fr\/site\/wp-json\/wp\/v2\/posts"}],"about":[{"href":"https:\/\/autate.fr\/site\/wp-json\/wp\/v2\/types\/post"}],"author":[{"embeddable":true,"href":"https:\/\/autate.fr\/site\/wp-json\/wp\/v2\/users\/1"}],"replies":[{"embeddable":true,"href":"https:\/\/autate.fr\/site\/wp-json\/wp\/v2\/comments?post=763"}],"version-history":[{"count":1,"href":"https:\/\/autate.fr\/site\/wp-json\/wp\/v2\/posts\/763\/revisions"}],"predecessor-version":[{"id":765,"href":"https:\/\/autate.fr\/site\/wp-json\/wp\/v2\/posts\/763\/revisions\/765"}],"wp:featuredmedia":[{"embeddable":true,"href":"https:\/\/autate.fr\/site\/wp-json\/wp\/v2\/media\/764"}],"wp:attachment":[{"href":"https:\/\/autate.fr\/site\/wp-json\/wp\/v2\/media?parent=763"}],"wp:term":[{"taxonomy":"category","embeddable":true,"href":"https:\/\/autate.fr\/site\/wp-json\/wp\/v2\/categories?post=763"},{"taxonomy":"post_tag","embeddable":true,"href":"https:\/\/autate.fr\/site\/wp-json\/wp\/v2\/tags?post=763"}],"curies":[{"name":"wp","href":"https:\/\/api.w.org\/{rel}","templated":true}]}}