{"id":760,"date":"2016-07-20T15:41:32","date_gmt":"2016-07-20T13:41:32","guid":{"rendered":"http:\/\/autate.fr\/site\/?p=760"},"modified":"2016-08-10T21:09:45","modified_gmt":"2016-08-10T19:09:45","slug":"la-tribune-3e-ligne-de-metro-la-region-financera-a-certaines-conditions","status":"publish","type":"post","link":"https:\/\/autate.fr\/site\/la-tribune-3e-ligne-de-metro-la-region-financera-a-certaines-conditions\/","title":{"rendered":"[La Tribune] 3e ligne de m\u00e9tro : la R\u00e9gion financera, \u00e0 certaines conditions"},"content":{"rendered":"<p>Un article de Sophie Arutunian paru dans La Tribune le 19 ao\u00fbt 2016 (photo cr\u00e9dits Edouard Hannotaux)<\/p>\n<section class=\"chapo\">Dans un courrier au sujet de la troisi\u00e8me ligne de m\u00e9tro \u00e0 Toulouse, Carole Delga indique que \u00ab\u00a0la R\u00e9gion prendra part au financement des op\u00e9rations pr\u00e9vues d\u00e8s lors qu&rsquo;elles favoriseront de nouvelles connexions entre le train et le m\u00e9tro notamment.\u00a0\u00bb<\/section>\n<section class=\"chapo\"><\/section>\n<section class=\"contenu-article clearfix\">\n<div class=\"body-article\">\n<p>Carole Delga, la pr\u00e9sidente de la R\u00e9gion Occitanie, a envoy\u00e9 hier, lundi 18 juillet, un courrier \u00e0 Georges M\u00e9ric, pr\u00e9sident du Conseil d\u00e9partemental de Haute -Garonne, Jean-Luc Moudenc, pr\u00e9sident de Toulouse M\u00e9tropole, et Jean-Michel Lattes, pr\u00e9sident du SMTC-Tiss\u00e9o, au sujet de la troisi\u00e8me ligne de m\u00e9tro. Elle y \u00e9voque \u00ab\u00a0la coh\u00e9rence avec le projet de PLB (prolongement de la ligne B)\u00a0\u00bb, sujet actuellement au c\u0153ur des n\u00e9gociations entre Toulouse M\u00e9tropole et le Sicoval.<\/p>\n<p><a href=\"http:\/\/objectifnews.latribune.fr\/economie\/developpement-economique\/2016-07-19\/3e-ligne-de-metro-la-region-financera-a-certaines-conditions.html\" target=\"_blank\"><strong>lire la suite<\/strong><\/a><\/p>\n<\/div>\n<\/section>\n","protected":false},"excerpt":{"rendered":"<p>Un article de Sophie Arutunian paru dans La Tribune le 19 ao\u00fbt 2016 (photo cr\u00e9dits Edouard Hannotaux) Dans un courrier au sujet de la troisi\u00e8me ligne de m\u00e9tro \u00e0 Toulouse, Carole Delga indique que \u00ab\u00a0la R\u00e9gion prendra part au financement des op\u00e9rations pr\u00e9vues d\u00e8s lors qu&rsquo;elles favoriseront de nouvelles connexions entre le train et le<\/p>\n<p class=\"more-link\"><a href=\"https:\/\/autate.fr\/site\/la-tribune-3e-ligne-de-metro-la-region-financera-a-certaines-conditions\/\" class=\"themebutton2\">VOIR PLUS<\/a><\/p>\n","protected":false},"author":1,"featured_media":761,"comment_status":"open","ping_status":"open","sticky":false,"template":"","format":"standard","meta":{"footnotes":""},"categories":[7],"tags":[172,235,195,125,17,123,52],"class_list":["post-760","post","type-post","status-publish","format-standard","has-post-thumbnail","hentry","category-revue-de-presse","tag-3eme-ligne-metro","tag-c-delga","tag-financement","tag-intermodalite","tag-plb","tag-region","tag-tae"],"yoast_head":"<!-- This site is optimized with the Yoast SEO plugin v27.4 - https:\/\/yoast.com\/product\/yoast-seo-wordpress\/ -->\n<title>[La Tribune] 3e ligne de m\u00e9tro : la R\u00e9gion financera, \u00e0 certaines conditions - AUTATE<\/title>\n<meta name=\"robots\" content=\"index, follow, max-snippet:-1, max-image-preview:large, max-video-preview:-1\" \/>\n<link rel=\"canonical\" href=\"https:\/\/autate.fr\/site\/la-tribune-3e-ligne-de-metro-la-region-financera-a-certaines-conditions\/\" \/>\n<meta property=\"og:locale\" content=\"fr_FR\" \/>\n<meta property=\"og:type\" content=\"article\" \/>\n<meta property=\"og:title\" content=\"[La Tribune] 3e ligne de m\u00e9tro : la R\u00e9gion financera, \u00e0 certaines conditions - AUTATE\" \/>\n<meta property=\"og:description\" content=\"Un article de Sophie Arutunian paru dans La Tribune le 19 ao\u00fbt 2016 (photo cr\u00e9dits Edouard Hannotaux) Dans un courrier au sujet de la troisi\u00e8me ligne de m\u00e9tro \u00e0 Toulouse, Carole Delga indique que \u00ab\u00a0la R\u00e9gion prendra part au financement des op\u00e9rations pr\u00e9vues d\u00e8s lors qu&rsquo;elles favoriseront de nouvelles connexions entre le train et leVOIR PLUS\" \/>\n<meta property=\"og:url\" content=\"https:\/\/autate.fr\/site\/la-tribune-3e-ligne-de-metro-la-region-financera-a-certaines-conditions\/\" \/>\n<meta property=\"og:site_name\" content=\"AUTATE\" \/>\n<meta property=\"article:publisher\" content=\"https:\/\/www.facebook.com\/AutateToulouse\" \/>\n<meta property=\"article:published_time\" content=\"2016-07-20T13:41:32+00:00\" \/>\n<meta property=\"article:modified_time\" content=\"2016-08-10T19:09:45+00:00\" \/>\n<meta property=\"og:image\" content=\"https:\/\/autate.fr\/site\/wp-content\/uploads\/2016\/08\/carole-delga.jpg\" \/>\n\t<meta property=\"og:image:width\" content=\"612\" \/>\n\t<meta property=\"og:image:height\" content=\"306\" \/>\n\t<meta property=\"og:image:type\" content=\"image\/jpeg\" \/>\n<meta name=\"author\" content=\"pascalbarbier\" \/>\n<meta name=\"twitter:card\" content=\"summary_large_image\" \/>\n<meta name=\"twitter:creator\" content=\"@AutateToulouse\" \/>\n<meta name=\"twitter:site\" content=\"@AutateToulouse\" \/>\n<meta name=\"twitter:label1\" content=\"\u00c9crit par\" \/>\n\t<meta name=\"twitter:data1\" content=\"pascalbarbier\" \/>\n\t<meta name=\"twitter:label2\" content=\"Dur\u00e9e de lecture estim\u00e9e\" \/>\n\t<meta name=\"twitter:data2\" content=\"1 minute\" \/>\n<script type=\"application\/ld+json\" class=\"yoast-schema-graph\">{\"@context\":\"https:\\\/\\\/schema.org\",\"@graph\":[{\"@type\":\"Article\",\"@id\":\"https:\\\/\\\/autate.fr\\\/site\\\/la-tribune-3e-ligne-de-metro-la-region-financera-a-certaines-conditions\\\/#article\",\"isPartOf\":{\"@id\":\"https:\\\/\\\/autate.fr\\\/site\\\/la-tribune-3e-ligne-de-metro-la-region-financera-a-certaines-conditions\\\/\"},\"author\":{\"name\":\"pascalbarbier\",\"@id\":\"https:\\\/\\\/autate.fr\\\/site\\\/#\\\/schema\\\/person\\\/ae1ab8bdaa7b41d2a9b52d2557ce8254\"},\"headline\":\"[La Tribune] 3e ligne de m\u00e9tro : la R\u00e9gion financera, \u00e0 certaines conditions\",\"datePublished\":\"2016-07-20T13:41:32+00:00\",\"dateModified\":\"2016-08-10T19:09:45+00:00\",\"mainEntityOfPage\":{\"@id\":\"https:\\\/\\\/autate.fr\\\/site\\\/la-tribune-3e-ligne-de-metro-la-region-financera-a-certaines-conditions\\\/\"},\"wordCount\":165,\"commentCount\":0,\"publisher\":{\"@id\":\"https:\\\/\\\/autate.fr\\\/site\\\/#organization\"},\"image\":{\"@id\":\"https:\\\/\\\/autate.fr\\\/site\\\/la-tribune-3e-ligne-de-metro-la-region-financera-a-certaines-conditions\\\/#primaryimage\"},\"thumbnailUrl\":\"https:\\\/\\\/autate.fr\\\/site\\\/wp-content\\\/uploads\\\/2016\\\/08\\\/carole-delga.jpg\",\"keywords\":[\"3\u00e8me ligne m\u00e9tro\",\"C.Delga\",\"Financement\",\"intermodalit\u00e9\",\"PLB\",\"r\u00e9gion\",\"TAE\"],\"articleSection\":[\"Revue de presse\"],\"inLanguage\":\"fr-FR\",\"potentialAction\":[{\"@type\":\"CommentAction\",\"name\":\"Comment\",\"target\":[\"https:\\\/\\\/autate.fr\\\/site\\\/la-tribune-3e-ligne-de-metro-la-region-financera-a-certaines-conditions\\\/#respond\"]}]},{\"@type\":\"WebPage\",\"@id\":\"https:\\\/\\\/autate.fr\\\/site\\\/la-tribune-3e-ligne-de-metro-la-region-financera-a-certaines-conditions\\\/\",\"url\":\"https:\\\/\\\/autate.fr\\\/site\\\/la-tribune-3e-ligne-de-metro-la-region-financera-a-certaines-conditions\\\/\",\"name\":\"[La Tribune] 3e ligne de m\u00e9tro : la R\u00e9gion financera, \u00e0 certaines conditions - AUTATE\",\"isPartOf\":{\"@id\":\"https:\\\/\\\/autate.fr\\\/site\\\/#website\"},\"primaryImageOfPage\":{\"@id\":\"https:\\\/\\\/autate.fr\\\/site\\\/la-tribune-3e-ligne-de-metro-la-region-financera-a-certaines-conditions\\\/#primaryimage\"},\"image\":{\"@id\":\"https:\\\/\\\/autate.fr\\\/site\\\/la-tribune-3e-ligne-de-metro-la-region-financera-a-certaines-conditions\\\/#primaryimage\"},\"thumbnailUrl\":\"https:\\\/\\\/autate.fr\\\/site\\\/wp-content\\\/uploads\\\/2016\\\/08\\\/carole-delga.jpg\",\"datePublished\":\"2016-07-20T13:41:32+00:00\",\"dateModified\":\"2016-08-10T19:09:45+00:00\",\"breadcrumb\":{\"@id\":\"https:\\\/\\\/autate.fr\\\/site\\\/la-tribune-3e-ligne-de-metro-la-region-financera-a-certaines-conditions\\\/#breadcrumb\"},\"inLanguage\":\"fr-FR\",\"potentialAction\":[{\"@type\":\"ReadAction\",\"target\":[\"https:\\\/\\\/autate.fr\\\/site\\\/la-tribune-3e-ligne-de-metro-la-region-financera-a-certaines-conditions\\\/\"]}]},{\"@type\":\"ImageObject\",\"inLanguage\":\"fr-FR\",\"@id\":\"https:\\\/\\\/autate.fr\\\/site\\\/la-tribune-3e-ligne-de-metro-la-region-financera-a-certaines-conditions\\\/#primaryimage\",\"url\":\"https:\\\/\\\/autate.fr\\\/site\\\/wp-content\\\/uploads\\\/2016\\\/08\\\/carole-delga.jpg\",\"contentUrl\":\"https:\\\/\\\/autate.fr\\\/site\\\/wp-content\\\/uploads\\\/2016\\\/08\\\/carole-delga.jpg\",\"width\":612,\"height\":306},{\"@type\":\"BreadcrumbList\",\"@id\":\"https:\\\/\\\/autate.fr\\\/site\\\/la-tribune-3e-ligne-de-metro-la-region-financera-a-certaines-conditions\\\/#breadcrumb\",\"itemListElement\":[{\"@type\":\"ListItem\",\"position\":1,\"name\":\"Accueil\",\"item\":\"https:\\\/\\\/autate.fr\\\/site\\\/\"},{\"@type\":\"ListItem\",\"position\":2,\"name\":\"[La Tribune] 3e ligne de m\u00e9tro : la R\u00e9gion financera, \u00e0 certaines conditions\"}]},{\"@type\":\"WebSite\",\"@id\":\"https:\\\/\\\/autate.fr\\\/site\\\/#website\",\"url\":\"https:\\\/\\\/autate.fr\\\/site\\\/\",\"name\":\"AUTATE\",\"description\":\"Association des usagers des transports de l&#039;agglom\u00e9ration Toulousaine et de ses environs\",\"publisher\":{\"@id\":\"https:\\\/\\\/autate.fr\\\/site\\\/#organization\"},\"potentialAction\":[{\"@type\":\"SearchAction\",\"target\":{\"@type\":\"EntryPoint\",\"urlTemplate\":\"https:\\\/\\\/autate.fr\\\/site\\\/?s={search_term_string}\"},\"query-input\":{\"@type\":\"PropertyValueSpecification\",\"valueRequired\":true,\"valueName\":\"search_term_string\"}}],\"inLanguage\":\"fr-FR\"},{\"@type\":\"Organization\",\"@id\":\"https:\\\/\\\/autate.fr\\\/site\\\/#organization\",\"name\":\"AUTATE\",\"url\":\"https:\\\/\\\/autate.fr\\\/site\\\/\",\"logo\":{\"@type\":\"ImageObject\",\"inLanguage\":\"fr-FR\",\"@id\":\"https:\\\/\\\/autate.fr\\\/site\\\/#\\\/schema\\\/logo\\\/image\\\/\",\"url\":\"http:\\\/\\\/autate.fr\\\/site\\\/wp-content\\\/uploads\\\/2019\\\/01\\\/logo.png\",\"contentUrl\":\"http:\\\/\\\/autate.fr\\\/site\\\/wp-content\\\/uploads\\\/2019\\\/01\\\/logo.png\",\"width\":506,\"height\":280,\"caption\":\"AUTATE\"},\"image\":{\"@id\":\"https:\\\/\\\/autate.fr\\\/site\\\/#\\\/schema\\\/logo\\\/image\\\/\"},\"sameAs\":[\"https:\\\/\\\/www.facebook.com\\\/AutateToulouse\",\"https:\\\/\\\/x.com\\\/AutateToulouse\"]},{\"@type\":\"Person\",\"@id\":\"https:\\\/\\\/autate.fr\\\/site\\\/#\\\/schema\\\/person\\\/ae1ab8bdaa7b41d2a9b52d2557ce8254\",\"name\":\"pascalbarbier\",\"image\":{\"@type\":\"ImageObject\",\"inLanguage\":\"fr-FR\",\"@id\":\"https:\\\/\\\/secure.gravatar.com\\\/avatar\\\/03f4e8ced09894b72c67e83142540730d4b3bbf619bf46341b0074e3bf5f08a0?s=96&d=mm&r=g\",\"url\":\"https:\\\/\\\/secure.gravatar.com\\\/avatar\\\/03f4e8ced09894b72c67e83142540730d4b3bbf619bf46341b0074e3bf5f08a0?s=96&d=mm&r=g\",\"contentUrl\":\"https:\\\/\\\/secure.gravatar.com\\\/avatar\\\/03f4e8ced09894b72c67e83142540730d4b3bbf619bf46341b0074e3bf5f08a0?s=96&d=mm&r=g\",\"caption\":\"pascalbarbier\"},\"url\":\"https:\\\/\\\/autate.fr\\\/site\\\/author\\\/pascalbarbier\\\/\"}]}<\/script>\n<!-- \/ Yoast SEO plugin. -->","yoast_head_json":{"title":"[La Tribune] 3e ligne de m\u00e9tro : la R\u00e9gion financera, \u00e0 certaines conditions - AUTATE","robots":{"index":"index","follow":"follow","max-snippet":"max-snippet:-1","max-image-preview":"max-image-preview:large","max-video-preview":"max-video-preview:-1"},"canonical":"https:\/\/autate.fr\/site\/la-tribune-3e-ligne-de-metro-la-region-financera-a-certaines-conditions\/","og_locale":"fr_FR","og_type":"article","og_title":"[La Tribune] 3e ligne de m\u00e9tro : la R\u00e9gion financera, \u00e0 certaines conditions - AUTATE","og_description":"Un article de Sophie Arutunian paru dans La Tribune le 19 ao\u00fbt 2016 (photo cr\u00e9dits Edouard Hannotaux) Dans un courrier au sujet de la troisi\u00e8me ligne de m\u00e9tro \u00e0 Toulouse, Carole Delga indique que \u00ab\u00a0la R\u00e9gion prendra part au financement des op\u00e9rations pr\u00e9vues d\u00e8s lors qu&rsquo;elles favoriseront de nouvelles connexions entre le train et leVOIR PLUS","og_url":"https:\/\/autate.fr\/site\/la-tribune-3e-ligne-de-metro-la-region-financera-a-certaines-conditions\/","og_site_name":"AUTATE","article_publisher":"https:\/\/www.facebook.com\/AutateToulouse","article_published_time":"2016-07-20T13:41:32+00:00","article_modified_time":"2016-08-10T19:09:45+00:00","og_image":[{"width":612,"height":306,"url":"https:\/\/autate.fr\/site\/wp-content\/uploads\/2016\/08\/carole-delga.jpg","type":"image\/jpeg"}],"author":"pascalbarbier","twitter_card":"summary_large_image","twitter_creator":"@AutateToulouse","twitter_site":"@AutateToulouse","twitter_misc":{"\u00c9crit par":"pascalbarbier","Dur\u00e9e de lecture estim\u00e9e":"1 minute"},"schema":{"@context":"https:\/\/schema.org","@graph":[{"@type":"Article","@id":"https:\/\/autate.fr\/site\/la-tribune-3e-ligne-de-metro-la-region-financera-a-certaines-conditions\/#article","isPartOf":{"@id":"https:\/\/autate.fr\/site\/la-tribune-3e-ligne-de-metro-la-region-financera-a-certaines-conditions\/"},"author":{"name":"pascalbarbier","@id":"https:\/\/autate.fr\/site\/#\/schema\/person\/ae1ab8bdaa7b41d2a9b52d2557ce8254"},"headline":"[La Tribune] 3e ligne de m\u00e9tro : la R\u00e9gion financera, \u00e0 certaines conditions","datePublished":"2016-07-20T13:41:32+00:00","dateModified":"2016-08-10T19:09:45+00:00","mainEntityOfPage":{"@id":"https:\/\/autate.fr\/site\/la-tribune-3e-ligne-de-metro-la-region-financera-a-certaines-conditions\/"},"wordCount":165,"commentCount":0,"publisher":{"@id":"https:\/\/autate.fr\/site\/#organization"},"image":{"@id":"https:\/\/autate.fr\/site\/la-tribune-3e-ligne-de-metro-la-region-financera-a-certaines-conditions\/#primaryimage"},"thumbnailUrl":"https:\/\/autate.fr\/site\/wp-content\/uploads\/2016\/08\/carole-delga.jpg","keywords":["3\u00e8me ligne m\u00e9tro","C.Delga","Financement","intermodalit\u00e9","PLB","r\u00e9gion","TAE"],"articleSection":["Revue de presse"],"inLanguage":"fr-FR","potentialAction":[{"@type":"CommentAction","name":"Comment","target":["https:\/\/autate.fr\/site\/la-tribune-3e-ligne-de-metro-la-region-financera-a-certaines-conditions\/#respond"]}]},{"@type":"WebPage","@id":"https:\/\/autate.fr\/site\/la-tribune-3e-ligne-de-metro-la-region-financera-a-certaines-conditions\/","url":"https:\/\/autate.fr\/site\/la-tribune-3e-ligne-de-metro-la-region-financera-a-certaines-conditions\/","name":"[La Tribune] 3e ligne de m\u00e9tro : la R\u00e9gion financera, \u00e0 certaines conditions - AUTATE","isPartOf":{"@id":"https:\/\/autate.fr\/site\/#website"},"primaryImageOfPage":{"@id":"https:\/\/autate.fr\/site\/la-tribune-3e-ligne-de-metro-la-region-financera-a-certaines-conditions\/#primaryimage"},"image":{"@id":"https:\/\/autate.fr\/site\/la-tribune-3e-ligne-de-metro-la-region-financera-a-certaines-conditions\/#primaryimage"},"thumbnailUrl":"https:\/\/autate.fr\/site\/wp-content\/uploads\/2016\/08\/carole-delga.jpg","datePublished":"2016-07-20T13:41:32+00:00","dateModified":"2016-08-10T19:09:45+00:00","breadcrumb":{"@id":"https:\/\/autate.fr\/site\/la-tribune-3e-ligne-de-metro-la-region-financera-a-certaines-conditions\/#breadcrumb"},"inLanguage":"fr-FR","potentialAction":[{"@type":"ReadAction","target":["https:\/\/autate.fr\/site\/la-tribune-3e-ligne-de-metro-la-region-financera-a-certaines-conditions\/"]}]},{"@type":"ImageObject","inLanguage":"fr-FR","@id":"https:\/\/autate.fr\/site\/la-tribune-3e-ligne-de-metro-la-region-financera-a-certaines-conditions\/#primaryimage","url":"https:\/\/autate.fr\/site\/wp-content\/uploads\/2016\/08\/carole-delga.jpg","contentUrl":"https:\/\/autate.fr\/site\/wp-content\/uploads\/2016\/08\/carole-delga.jpg","width":612,"height":306},{"@type":"BreadcrumbList","@id":"https:\/\/autate.fr\/site\/la-tribune-3e-ligne-de-metro-la-region-financera-a-certaines-conditions\/#breadcrumb","itemListElement":[{"@type":"ListItem","position":1,"name":"Accueil","item":"https:\/\/autate.fr\/site\/"},{"@type":"ListItem","position":2,"name":"[La Tribune] 3e ligne de m\u00e9tro : la R\u00e9gion financera, \u00e0 certaines conditions"}]},{"@type":"WebSite","@id":"https:\/\/autate.fr\/site\/#website","url":"https:\/\/autate.fr\/site\/","name":"AUTATE","description":"Association des usagers des transports de l&#039;agglom\u00e9ration Toulousaine et de ses environs","publisher":{"@id":"https:\/\/autate.fr\/site\/#organization"},"potentialAction":[{"@type":"SearchAction","target":{"@type":"EntryPoint","urlTemplate":"https:\/\/autate.fr\/site\/?s={search_term_string}"},"query-input":{"@type":"PropertyValueSpecification","valueRequired":true,"valueName":"search_term_string"}}],"inLanguage":"fr-FR"},{"@type":"Organization","@id":"https:\/\/autate.fr\/site\/#organization","name":"AUTATE","url":"https:\/\/autate.fr\/site\/","logo":{"@type":"ImageObject","inLanguage":"fr-FR","@id":"https:\/\/autate.fr\/site\/#\/schema\/logo\/image\/","url":"http:\/\/autate.fr\/site\/wp-content\/uploads\/2019\/01\/logo.png","contentUrl":"http:\/\/autate.fr\/site\/wp-content\/uploads\/2019\/01\/logo.png","width":506,"height":280,"caption":"AUTATE"},"image":{"@id":"https:\/\/autate.fr\/site\/#\/schema\/logo\/image\/"},"sameAs":["https:\/\/www.facebook.com\/AutateToulouse","https:\/\/x.com\/AutateToulouse"]},{"@type":"Person","@id":"https:\/\/autate.fr\/site\/#\/schema\/person\/ae1ab8bdaa7b41d2a9b52d2557ce8254","name":"pascalbarbier","image":{"@type":"ImageObject","inLanguage":"fr-FR","@id":"https:\/\/secure.gravatar.com\/avatar\/03f4e8ced09894b72c67e83142540730d4b3bbf619bf46341b0074e3bf5f08a0?s=96&d=mm&r=g","url":"https:\/\/secure.gravatar.com\/avatar\/03f4e8ced09894b72c67e83142540730d4b3bbf619bf46341b0074e3bf5f08a0?s=96&d=mm&r=g","contentUrl":"https:\/\/secure.gravatar.com\/avatar\/03f4e8ced09894b72c67e83142540730d4b3bbf619bf46341b0074e3bf5f08a0?s=96&d=mm&r=g","caption":"pascalbarbier"},"url":"https:\/\/autate.fr\/site\/author\/pascalbarbier\/"}]}},"_links":{"self":[{"href":"https:\/\/autate.fr\/site\/wp-json\/wp\/v2\/posts\/760","targetHints":{"allow":["GET"]}}],"collection":[{"href":"https:\/\/autate.fr\/site\/wp-json\/wp\/v2\/posts"}],"about":[{"href":"https:\/\/autate.fr\/site\/wp-json\/wp\/v2\/types\/post"}],"author":[{"embeddable":true,"href":"https:\/\/autate.fr\/site\/wp-json\/wp\/v2\/users\/1"}],"replies":[{"embeddable":true,"href":"https:\/\/autate.fr\/site\/wp-json\/wp\/v2\/comments?post=760"}],"version-history":[{"count":1,"href":"https:\/\/autate.fr\/site\/wp-json\/wp\/v2\/posts\/760\/revisions"}],"predecessor-version":[{"id":762,"href":"https:\/\/autate.fr\/site\/wp-json\/wp\/v2\/posts\/760\/revisions\/762"}],"wp:featuredmedia":[{"embeddable":true,"href":"https:\/\/autate.fr\/site\/wp-json\/wp\/v2\/media\/761"}],"wp:attachment":[{"href":"https:\/\/autate.fr\/site\/wp-json\/wp\/v2\/media?parent=760"}],"wp:term":[{"taxonomy":"category","embeddable":true,"href":"https:\/\/autate.fr\/site\/wp-json\/wp\/v2\/categories?post=760"},{"taxonomy":"post_tag","embeddable":true,"href":"https:\/\/autate.fr\/site\/wp-json\/wp\/v2\/tags?post=760"}],"curies":[{"name":"wp","href":"https:\/\/api.w.org\/{rel}","templated":true}]}}