{"id":76,"date":"2015-12-02T00:09:16","date_gmt":"2015-12-01T23:09:16","guid":{"rendered":"http:\/\/autate.fr\/site\/?p=76"},"modified":"2015-12-26T15:10:56","modified_gmt":"2015-12-26T14:10:56","slug":"lt-metro-a-labege-le-sicoval-pose-une-premiere-pierre-symbolique-pour-faire-reagir-le-maire-de-toulouse","status":"publish","type":"post","link":"https:\/\/autate.fr\/site\/lt-metro-a-labege-le-sicoval-pose-une-premiere-pierre-symbolique-pour-faire-reagir-le-maire-de-toulouse\/","title":{"rendered":"[La Tribune ObjNews] : M\u00e9tro \u00e0 Lab\u00e8ge : le Sicoval pose une premi\u00e8re pierre symbolique pour faire r\u00e9agir le maire de Toulouse"},"content":{"rendered":"<p>Une premi\u00e8re pierre tr\u00e8s symbolique sur le trac\u00e9 m\u00eame du futur PLB a \u00e9t\u00e9 pos\u00e9e ce mercredi 2 d\u00e9cembre par Jacques Oberti, pr\u00e9sident du Sicoval, et les \u00e9lus des 36 communes du territoire, en pr\u00e9sence de Georges M\u00e9ric, pr\u00e9sident du Conseil d\u00e9partemental. Un nouveau coup d&rsquo;\u00e9clat pour exhorter Tiss\u00e9o et Jean-Luc Moudenc \u00e0 lancer les appels d&rsquo;offres n\u00e9cessaires au d\u00e9marrage des travaux.<\/p>\n<p>La brochette d&rsquo;\u00e9lus du Sicoval \u00e9tait pratiquement compl\u00e8te aujourd&rsquo;hui dans le vaste hangar qui jouxte le si\u00e8ge social du Sicoval \u00e0 Lab\u00e8ge. Les \u00e9lus ou adjoints des 36 communes ont r\u00e9pondu pr\u00e9sent \u00e0 l&rsquo;appel de Jacques Oberti afin de poser la premi\u00e8re\u00a0 pierre du PLB\u00a0 (prolongement de la ligne B) et pr\u00e9senter \u00e0 la presse le prototype du viaduc qui devrait accueillir les rails du m\u00e9tro. Pour rappel, le projet est pour le moment suspendu \u00e0 la d\u00e9cision du maire de Toulouse Jean-Luc Moudenc, qui n&rsquo;y est pas favorable.<\/p>\n<p>Derri\u00e8re les \u00e9charpes tricolores et les sourires, le ton est rapidement devenu offensif. Apr\u00e8s avoir remerci\u00e9 les \u00e9lus d&rsquo;avoir \u00ab\u00a0jou\u00e9 le jeu de cette image tr\u00e8s symbolique\u00a0\u00bb, Jacques Oberti, le pr\u00e9sident du Sicoval, est entr\u00e9 dans le vif du sujet.<\/p>\n<p><a href=\"http:\/\/objectifnews.latribune.fr\/politique\/debats\/2015-12-02\/metro-a-labege-le-sicoval-pose-une-premiere-pierre-symbolique-pour-faire-reagir-le-maire-de-toulouse.html\">lire la suite sur La tribune Objectif News<\/a><\/p>\n","protected":false},"excerpt":{"rendered":"<p>Une premi\u00e8re pierre tr\u00e8s symbolique sur le trac\u00e9 m\u00eame du futur PLB a \u00e9t\u00e9 pos\u00e9e ce mercredi 2 d\u00e9cembre par Jacques Oberti, pr\u00e9sident du Sicoval, et les \u00e9lus des 36 communes du territoire, en pr\u00e9sence de Georges M\u00e9ric, pr\u00e9sident du Conseil d\u00e9partemental. Un nouveau coup d&rsquo;\u00e9clat pour exhorter Tiss\u00e9o et Jean-Luc Moudenc \u00e0 lancer les<\/p>\n<p class=\"more-link\"><a href=\"https:\/\/autate.fr\/site\/lt-metro-a-labege-le-sicoval-pose-une-premiere-pierre-symbolique-pour-faire-reagir-le-maire-de-toulouse\/\" class=\"themebutton2\">VOIR PLUS<\/a><\/p>\n","protected":false},"author":1,"featured_media":0,"comment_status":"open","ping_status":"open","sticky":false,"template":"","format":"standard","meta":{"footnotes":""},"categories":[7],"tags":[22,18,12,17,23],"class_list":["post-76","post","type-post","status-publish","format-standard","hentry","category-revue-de-presse","tag-labege","tag-ligne-b","tag-metro","tag-plb","tag-sicoval"],"yoast_head":"<!-- This site is optimized with the Yoast SEO plugin v27.4 - https:\/\/yoast.com\/product\/yoast-seo-wordpress\/ -->\n<title>[La Tribune ObjNews] : M\u00e9tro \u00e0 Lab\u00e8ge : le Sicoval pose une premi\u00e8re pierre symbolique pour faire r\u00e9agir le maire de Toulouse - AUTATE<\/title>\n<meta name=\"robots\" content=\"index, follow, max-snippet:-1, max-image-preview:large, max-video-preview:-1\" \/>\n<link rel=\"canonical\" href=\"https:\/\/autate.fr\/site\/lt-metro-a-labege-le-sicoval-pose-une-premiere-pierre-symbolique-pour-faire-reagir-le-maire-de-toulouse\/\" \/>\n<meta property=\"og:locale\" content=\"fr_FR\" \/>\n<meta property=\"og:type\" content=\"article\" \/>\n<meta property=\"og:title\" content=\"[La Tribune ObjNews] : M\u00e9tro \u00e0 Lab\u00e8ge : le Sicoval pose une premi\u00e8re pierre symbolique pour faire r\u00e9agir le maire de Toulouse - AUTATE\" \/>\n<meta property=\"og:description\" content=\"Une premi\u00e8re pierre tr\u00e8s symbolique sur le trac\u00e9 m\u00eame du futur PLB a \u00e9t\u00e9 pos\u00e9e ce mercredi 2 d\u00e9cembre par Jacques Oberti, pr\u00e9sident du Sicoval, et les \u00e9lus des 36 communes du territoire, en pr\u00e9sence de Georges M\u00e9ric, pr\u00e9sident du Conseil d\u00e9partemental. Un nouveau coup d&rsquo;\u00e9clat pour exhorter Tiss\u00e9o et Jean-Luc Moudenc \u00e0 lancer lesVOIR PLUS\" \/>\n<meta property=\"og:url\" content=\"https:\/\/autate.fr\/site\/lt-metro-a-labege-le-sicoval-pose-une-premiere-pierre-symbolique-pour-faire-reagir-le-maire-de-toulouse\/\" \/>\n<meta property=\"og:site_name\" content=\"AUTATE\" \/>\n<meta property=\"article:publisher\" content=\"https:\/\/www.facebook.com\/AutateToulouse\" \/>\n<meta property=\"article:published_time\" content=\"2015-12-01T23:09:16+00:00\" \/>\n<meta property=\"article:modified_time\" content=\"2015-12-26T14:10:56+00:00\" \/>\n<meta name=\"author\" content=\"pascalbarbier\" \/>\n<meta name=\"twitter:card\" content=\"summary_large_image\" \/>\n<meta name=\"twitter:creator\" content=\"@AutateToulouse\" \/>\n<meta name=\"twitter:site\" content=\"@AutateToulouse\" \/>\n<meta name=\"twitter:label1\" content=\"\u00c9crit par\" \/>\n\t<meta name=\"twitter:data1\" content=\"pascalbarbier\" \/>\n\t<meta name=\"twitter:label2\" content=\"Dur\u00e9e de lecture estim\u00e9e\" \/>\n\t<meta name=\"twitter:data2\" content=\"1 minute\" \/>\n<script type=\"application\/ld+json\" class=\"yoast-schema-graph\">{\"@context\":\"https:\\\/\\\/schema.org\",\"@graph\":[{\"@type\":\"Article\",\"@id\":\"https:\\\/\\\/autate.fr\\\/site\\\/lt-metro-a-labege-le-sicoval-pose-une-premiere-pierre-symbolique-pour-faire-reagir-le-maire-de-toulouse\\\/#article\",\"isPartOf\":{\"@id\":\"https:\\\/\\\/autate.fr\\\/site\\\/lt-metro-a-labege-le-sicoval-pose-une-premiere-pierre-symbolique-pour-faire-reagir-le-maire-de-toulouse\\\/\"},\"author\":{\"name\":\"pascalbarbier\",\"@id\":\"https:\\\/\\\/autate.fr\\\/site\\\/#\\\/schema\\\/person\\\/ae1ab8bdaa7b41d2a9b52d2557ce8254\"},\"headline\":\"[La Tribune ObjNews] : M\u00e9tro \u00e0 Lab\u00e8ge : le Sicoval pose une premi\u00e8re pierre symbolique pour faire r\u00e9agir le maire de Toulouse\",\"datePublished\":\"2015-12-01T23:09:16+00:00\",\"dateModified\":\"2015-12-26T14:10:56+00:00\",\"mainEntityOfPage\":{\"@id\":\"https:\\\/\\\/autate.fr\\\/site\\\/lt-metro-a-labege-le-sicoval-pose-une-premiere-pierre-symbolique-pour-faire-reagir-le-maire-de-toulouse\\\/\"},\"wordCount\":242,\"commentCount\":0,\"publisher\":{\"@id\":\"https:\\\/\\\/autate.fr\\\/site\\\/#organization\"},\"keywords\":[\"Lab\u00e8ge\",\"ligne B\",\"m\u00e9tro\",\"PLB\",\"Sicoval\"],\"articleSection\":[\"Revue de presse\"],\"inLanguage\":\"fr-FR\",\"potentialAction\":[{\"@type\":\"CommentAction\",\"name\":\"Comment\",\"target\":[\"https:\\\/\\\/autate.fr\\\/site\\\/lt-metro-a-labege-le-sicoval-pose-une-premiere-pierre-symbolique-pour-faire-reagir-le-maire-de-toulouse\\\/#respond\"]}]},{\"@type\":\"WebPage\",\"@id\":\"https:\\\/\\\/autate.fr\\\/site\\\/lt-metro-a-labege-le-sicoval-pose-une-premiere-pierre-symbolique-pour-faire-reagir-le-maire-de-toulouse\\\/\",\"url\":\"https:\\\/\\\/autate.fr\\\/site\\\/lt-metro-a-labege-le-sicoval-pose-une-premiere-pierre-symbolique-pour-faire-reagir-le-maire-de-toulouse\\\/\",\"name\":\"[La Tribune ObjNews] : M\u00e9tro \u00e0 Lab\u00e8ge : le Sicoval pose une premi\u00e8re pierre symbolique pour faire r\u00e9agir le maire de Toulouse - AUTATE\",\"isPartOf\":{\"@id\":\"https:\\\/\\\/autate.fr\\\/site\\\/#website\"},\"datePublished\":\"2015-12-01T23:09:16+00:00\",\"dateModified\":\"2015-12-26T14:10:56+00:00\",\"breadcrumb\":{\"@id\":\"https:\\\/\\\/autate.fr\\\/site\\\/lt-metro-a-labege-le-sicoval-pose-une-premiere-pierre-symbolique-pour-faire-reagir-le-maire-de-toulouse\\\/#breadcrumb\"},\"inLanguage\":\"fr-FR\",\"potentialAction\":[{\"@type\":\"ReadAction\",\"target\":[\"https:\\\/\\\/autate.fr\\\/site\\\/lt-metro-a-labege-le-sicoval-pose-une-premiere-pierre-symbolique-pour-faire-reagir-le-maire-de-toulouse\\\/\"]}]},{\"@type\":\"BreadcrumbList\",\"@id\":\"https:\\\/\\\/autate.fr\\\/site\\\/lt-metro-a-labege-le-sicoval-pose-une-premiere-pierre-symbolique-pour-faire-reagir-le-maire-de-toulouse\\\/#breadcrumb\",\"itemListElement\":[{\"@type\":\"ListItem\",\"position\":1,\"name\":\"Accueil\",\"item\":\"https:\\\/\\\/autate.fr\\\/site\\\/\"},{\"@type\":\"ListItem\",\"position\":2,\"name\":\"[La Tribune ObjNews] : M\u00e9tro \u00e0 Lab\u00e8ge : le Sicoval pose une premi\u00e8re pierre symbolique pour faire r\u00e9agir le maire de Toulouse\"}]},{\"@type\":\"WebSite\",\"@id\":\"https:\\\/\\\/autate.fr\\\/site\\\/#website\",\"url\":\"https:\\\/\\\/autate.fr\\\/site\\\/\",\"name\":\"AUTATE\",\"description\":\"Association des usagers des transports de l&#039;agglom\u00e9ration Toulousaine et de ses environs\",\"publisher\":{\"@id\":\"https:\\\/\\\/autate.fr\\\/site\\\/#organization\"},\"potentialAction\":[{\"@type\":\"SearchAction\",\"target\":{\"@type\":\"EntryPoint\",\"urlTemplate\":\"https:\\\/\\\/autate.fr\\\/site\\\/?s={search_term_string}\"},\"query-input\":{\"@type\":\"PropertyValueSpecification\",\"valueRequired\":true,\"valueName\":\"search_term_string\"}}],\"inLanguage\":\"fr-FR\"},{\"@type\":\"Organization\",\"@id\":\"https:\\\/\\\/autate.fr\\\/site\\\/#organization\",\"name\":\"AUTATE\",\"url\":\"https:\\\/\\\/autate.fr\\\/site\\\/\",\"logo\":{\"@type\":\"ImageObject\",\"inLanguage\":\"fr-FR\",\"@id\":\"https:\\\/\\\/autate.fr\\\/site\\\/#\\\/schema\\\/logo\\\/image\\\/\",\"url\":\"http:\\\/\\\/autate.fr\\\/site\\\/wp-content\\\/uploads\\\/2019\\\/01\\\/logo.png\",\"contentUrl\":\"http:\\\/\\\/autate.fr\\\/site\\\/wp-content\\\/uploads\\\/2019\\\/01\\\/logo.png\",\"width\":506,\"height\":280,\"caption\":\"AUTATE\"},\"image\":{\"@id\":\"https:\\\/\\\/autate.fr\\\/site\\\/#\\\/schema\\\/logo\\\/image\\\/\"},\"sameAs\":[\"https:\\\/\\\/www.facebook.com\\\/AutateToulouse\",\"https:\\\/\\\/x.com\\\/AutateToulouse\"]},{\"@type\":\"Person\",\"@id\":\"https:\\\/\\\/autate.fr\\\/site\\\/#\\\/schema\\\/person\\\/ae1ab8bdaa7b41d2a9b52d2557ce8254\",\"name\":\"pascalbarbier\",\"image\":{\"@type\":\"ImageObject\",\"inLanguage\":\"fr-FR\",\"@id\":\"https:\\\/\\\/secure.gravatar.com\\\/avatar\\\/03f4e8ced09894b72c67e83142540730d4b3bbf619bf46341b0074e3bf5f08a0?s=96&d=mm&r=g\",\"url\":\"https:\\\/\\\/secure.gravatar.com\\\/avatar\\\/03f4e8ced09894b72c67e83142540730d4b3bbf619bf46341b0074e3bf5f08a0?s=96&d=mm&r=g\",\"contentUrl\":\"https:\\\/\\\/secure.gravatar.com\\\/avatar\\\/03f4e8ced09894b72c67e83142540730d4b3bbf619bf46341b0074e3bf5f08a0?s=96&d=mm&r=g\",\"caption\":\"pascalbarbier\"},\"url\":\"https:\\\/\\\/autate.fr\\\/site\\\/author\\\/pascalbarbier\\\/\"}]}<\/script>\n<!-- \/ Yoast SEO plugin. -->","yoast_head_json":{"title":"[La Tribune ObjNews] : M\u00e9tro \u00e0 Lab\u00e8ge : le Sicoval pose une premi\u00e8re pierre symbolique pour faire r\u00e9agir le maire de Toulouse - AUTATE","robots":{"index":"index","follow":"follow","max-snippet":"max-snippet:-1","max-image-preview":"max-image-preview:large","max-video-preview":"max-video-preview:-1"},"canonical":"https:\/\/autate.fr\/site\/lt-metro-a-labege-le-sicoval-pose-une-premiere-pierre-symbolique-pour-faire-reagir-le-maire-de-toulouse\/","og_locale":"fr_FR","og_type":"article","og_title":"[La Tribune ObjNews] : M\u00e9tro \u00e0 Lab\u00e8ge : le Sicoval pose une premi\u00e8re pierre symbolique pour faire r\u00e9agir le maire de Toulouse - AUTATE","og_description":"Une premi\u00e8re pierre tr\u00e8s symbolique sur le trac\u00e9 m\u00eame du futur PLB a \u00e9t\u00e9 pos\u00e9e ce mercredi 2 d\u00e9cembre par Jacques Oberti, pr\u00e9sident du Sicoval, et les \u00e9lus des 36 communes du territoire, en pr\u00e9sence de Georges M\u00e9ric, pr\u00e9sident du Conseil d\u00e9partemental. Un nouveau coup d&rsquo;\u00e9clat pour exhorter Tiss\u00e9o et Jean-Luc Moudenc \u00e0 lancer lesVOIR PLUS","og_url":"https:\/\/autate.fr\/site\/lt-metro-a-labege-le-sicoval-pose-une-premiere-pierre-symbolique-pour-faire-reagir-le-maire-de-toulouse\/","og_site_name":"AUTATE","article_publisher":"https:\/\/www.facebook.com\/AutateToulouse","article_published_time":"2015-12-01T23:09:16+00:00","article_modified_time":"2015-12-26T14:10:56+00:00","author":"pascalbarbier","twitter_card":"summary_large_image","twitter_creator":"@AutateToulouse","twitter_site":"@AutateToulouse","twitter_misc":{"\u00c9crit par":"pascalbarbier","Dur\u00e9e de lecture estim\u00e9e":"1 minute"},"schema":{"@context":"https:\/\/schema.org","@graph":[{"@type":"Article","@id":"https:\/\/autate.fr\/site\/lt-metro-a-labege-le-sicoval-pose-une-premiere-pierre-symbolique-pour-faire-reagir-le-maire-de-toulouse\/#article","isPartOf":{"@id":"https:\/\/autate.fr\/site\/lt-metro-a-labege-le-sicoval-pose-une-premiere-pierre-symbolique-pour-faire-reagir-le-maire-de-toulouse\/"},"author":{"name":"pascalbarbier","@id":"https:\/\/autate.fr\/site\/#\/schema\/person\/ae1ab8bdaa7b41d2a9b52d2557ce8254"},"headline":"[La Tribune ObjNews] : M\u00e9tro \u00e0 Lab\u00e8ge : le Sicoval pose une premi\u00e8re pierre symbolique pour faire r\u00e9agir le maire de Toulouse","datePublished":"2015-12-01T23:09:16+00:00","dateModified":"2015-12-26T14:10:56+00:00","mainEntityOfPage":{"@id":"https:\/\/autate.fr\/site\/lt-metro-a-labege-le-sicoval-pose-une-premiere-pierre-symbolique-pour-faire-reagir-le-maire-de-toulouse\/"},"wordCount":242,"commentCount":0,"publisher":{"@id":"https:\/\/autate.fr\/site\/#organization"},"keywords":["Lab\u00e8ge","ligne B","m\u00e9tro","PLB","Sicoval"],"articleSection":["Revue de presse"],"inLanguage":"fr-FR","potentialAction":[{"@type":"CommentAction","name":"Comment","target":["https:\/\/autate.fr\/site\/lt-metro-a-labege-le-sicoval-pose-une-premiere-pierre-symbolique-pour-faire-reagir-le-maire-de-toulouse\/#respond"]}]},{"@type":"WebPage","@id":"https:\/\/autate.fr\/site\/lt-metro-a-labege-le-sicoval-pose-une-premiere-pierre-symbolique-pour-faire-reagir-le-maire-de-toulouse\/","url":"https:\/\/autate.fr\/site\/lt-metro-a-labege-le-sicoval-pose-une-premiere-pierre-symbolique-pour-faire-reagir-le-maire-de-toulouse\/","name":"[La Tribune ObjNews] : M\u00e9tro \u00e0 Lab\u00e8ge : le Sicoval pose une premi\u00e8re pierre symbolique pour faire r\u00e9agir le maire de Toulouse - AUTATE","isPartOf":{"@id":"https:\/\/autate.fr\/site\/#website"},"datePublished":"2015-12-01T23:09:16+00:00","dateModified":"2015-12-26T14:10:56+00:00","breadcrumb":{"@id":"https:\/\/autate.fr\/site\/lt-metro-a-labege-le-sicoval-pose-une-premiere-pierre-symbolique-pour-faire-reagir-le-maire-de-toulouse\/#breadcrumb"},"inLanguage":"fr-FR","potentialAction":[{"@type":"ReadAction","target":["https:\/\/autate.fr\/site\/lt-metro-a-labege-le-sicoval-pose-une-premiere-pierre-symbolique-pour-faire-reagir-le-maire-de-toulouse\/"]}]},{"@type":"BreadcrumbList","@id":"https:\/\/autate.fr\/site\/lt-metro-a-labege-le-sicoval-pose-une-premiere-pierre-symbolique-pour-faire-reagir-le-maire-de-toulouse\/#breadcrumb","itemListElement":[{"@type":"ListItem","position":1,"name":"Accueil","item":"https:\/\/autate.fr\/site\/"},{"@type":"ListItem","position":2,"name":"[La Tribune ObjNews] : M\u00e9tro \u00e0 Lab\u00e8ge : le Sicoval pose une premi\u00e8re pierre symbolique pour faire r\u00e9agir le maire de Toulouse"}]},{"@type":"WebSite","@id":"https:\/\/autate.fr\/site\/#website","url":"https:\/\/autate.fr\/site\/","name":"AUTATE","description":"Association des usagers des transports de l&#039;agglom\u00e9ration Toulousaine et de ses environs","publisher":{"@id":"https:\/\/autate.fr\/site\/#organization"},"potentialAction":[{"@type":"SearchAction","target":{"@type":"EntryPoint","urlTemplate":"https:\/\/autate.fr\/site\/?s={search_term_string}"},"query-input":{"@type":"PropertyValueSpecification","valueRequired":true,"valueName":"search_term_string"}}],"inLanguage":"fr-FR"},{"@type":"Organization","@id":"https:\/\/autate.fr\/site\/#organization","name":"AUTATE","url":"https:\/\/autate.fr\/site\/","logo":{"@type":"ImageObject","inLanguage":"fr-FR","@id":"https:\/\/autate.fr\/site\/#\/schema\/logo\/image\/","url":"http:\/\/autate.fr\/site\/wp-content\/uploads\/2019\/01\/logo.png","contentUrl":"http:\/\/autate.fr\/site\/wp-content\/uploads\/2019\/01\/logo.png","width":506,"height":280,"caption":"AUTATE"},"image":{"@id":"https:\/\/autate.fr\/site\/#\/schema\/logo\/image\/"},"sameAs":["https:\/\/www.facebook.com\/AutateToulouse","https:\/\/x.com\/AutateToulouse"]},{"@type":"Person","@id":"https:\/\/autate.fr\/site\/#\/schema\/person\/ae1ab8bdaa7b41d2a9b52d2557ce8254","name":"pascalbarbier","image":{"@type":"ImageObject","inLanguage":"fr-FR","@id":"https:\/\/secure.gravatar.com\/avatar\/03f4e8ced09894b72c67e83142540730d4b3bbf619bf46341b0074e3bf5f08a0?s=96&d=mm&r=g","url":"https:\/\/secure.gravatar.com\/avatar\/03f4e8ced09894b72c67e83142540730d4b3bbf619bf46341b0074e3bf5f08a0?s=96&d=mm&r=g","contentUrl":"https:\/\/secure.gravatar.com\/avatar\/03f4e8ced09894b72c67e83142540730d4b3bbf619bf46341b0074e3bf5f08a0?s=96&d=mm&r=g","caption":"pascalbarbier"},"url":"https:\/\/autate.fr\/site\/author\/pascalbarbier\/"}]}},"_links":{"self":[{"href":"https:\/\/autate.fr\/site\/wp-json\/wp\/v2\/posts\/76","targetHints":{"allow":["GET"]}}],"collection":[{"href":"https:\/\/autate.fr\/site\/wp-json\/wp\/v2\/posts"}],"about":[{"href":"https:\/\/autate.fr\/site\/wp-json\/wp\/v2\/types\/post"}],"author":[{"embeddable":true,"href":"https:\/\/autate.fr\/site\/wp-json\/wp\/v2\/users\/1"}],"replies":[{"embeddable":true,"href":"https:\/\/autate.fr\/site\/wp-json\/wp\/v2\/comments?post=76"}],"version-history":[{"count":2,"href":"https:\/\/autate.fr\/site\/wp-json\/wp\/v2\/posts\/76\/revisions"}],"predecessor-version":[{"id":124,"href":"https:\/\/autate.fr\/site\/wp-json\/wp\/v2\/posts\/76\/revisions\/124"}],"wp:attachment":[{"href":"https:\/\/autate.fr\/site\/wp-json\/wp\/v2\/media?parent=76"}],"wp:term":[{"taxonomy":"category","embeddable":true,"href":"https:\/\/autate.fr\/site\/wp-json\/wp\/v2\/categories?post=76"},{"taxonomy":"post_tag","embeddable":true,"href":"https:\/\/autate.fr\/site\/wp-json\/wp\/v2\/tags?post=76"}],"curies":[{"name":"wp","href":"https:\/\/api.w.org\/{rel}","templated":true}]}}