{"id":756,"date":"2016-07-19T15:33:24","date_gmt":"2016-07-19T13:33:24","guid":{"rendered":"http:\/\/autate.fr\/site\/?p=756"},"modified":"2016-08-10T15:38:49","modified_gmt":"2016-08-10T13:38:49","slug":"la-depeche-financement-de-la-3e-ligne-de-metro-delga-fixe-ses-conditions","status":"publish","type":"post","link":"https:\/\/autate.fr\/site\/la-depeche-financement-de-la-3e-ligne-de-metro-delga-fixe-ses-conditions\/","title":{"rendered":"[La D\u00e9p\u00eache] Financement de la 3e ligne de m\u00e9tro : Delga fixe ses conditions"},"content":{"rendered":"<p>Un article publi\u00e9 dans la D\u00e9p\u00eache du midi le 18 juillet 2016<\/p>\n<p>Carole Delga, la pr\u00e9sidente de la R\u00e9gion Occitanie, a adress\u00e9 lundi 18 juillet un courrier \u00e0 Georges M\u00e9ric, pr\u00e9sident du Conseil d\u00e9partemental de Haute -Garonne, Jean-Luc Moudenc, pr\u00e9sident de <a href=\"http:\/\/www.ladepeche.fr\/communes\/toulouse,31555.html\">Toulouse<\/a> M\u00e9tropole et maire de Toulouse, et Jean-Michel Lattes, pr\u00e9sident du SMTC-Tiss\u00e9o, pour leur faire part de la position de la R\u00e9gion, <a href=\"http:\/\/www.ladepeche.fr\/recherche\/?q=3%C3%A8me+ligne+m%C3%A9tro&amp;t=&amp;v=&amp;i=&amp;c=&amp;y=&amp;m=&amp;d=\" target=\"_blank\">notamment sur la troisi\u00e8me ligne de m\u00e9tro<\/a>.<\/p>\n<p>Danc ce courrier, Carole Delga souligne que \u00ab\u00a0la R\u00e9gion prendra part au financement des op\u00e9rations pr\u00e9vues d\u00e8s lors qu&rsquo;elles favoriseront de nouvelles connexions entre le train et le m\u00e9tro notamment\u00a0\u00bb<\/p>\n<p><a href=\"http:\/\/www.ladepeche.fr\/article\/2016\/07\/18\/2386698-financement-3e-ligne-metro-delga-fixe-conditions.html\" target=\"_blank\"><strong>lire la suite<\/strong><\/a><\/p>\n","protected":false},"excerpt":{"rendered":"<p>Un article publi\u00e9 dans la D\u00e9p\u00eache du midi le 18 juillet 2016 Carole Delga, la pr\u00e9sidente de la R\u00e9gion Occitanie, a adress\u00e9 lundi 18 juillet un courrier \u00e0 Georges M\u00e9ric, pr\u00e9sident du Conseil d\u00e9partemental de Haute -Garonne, Jean-Luc Moudenc, pr\u00e9sident de Toulouse M\u00e9tropole et maire de Toulouse, et Jean-Michel Lattes, pr\u00e9sident du SMTC-Tiss\u00e9o, pour leur<\/p>\n<p class=\"more-link\"><a href=\"https:\/\/autate.fr\/site\/la-depeche-financement-de-la-3e-ligne-de-metro-delga-fixe-ses-conditions\/\" class=\"themebutton2\">VOIR PLUS<\/a><\/p>\n","protected":false},"author":1,"featured_media":758,"comment_status":"open","ping_status":"open","sticky":false,"template":"","format":"standard","meta":{"footnotes":""},"categories":[7],"tags":[172,235,195,125,17,236,123,52],"class_list":["post-756","post","type-post","status-publish","format-standard","has-post-thumbnail","hentry","category-revue-de-presse","tag-3eme-ligne-metro","tag-c-delga","tag-financement","tag-intermodalite","tag-plb","tag-projet-mobilites","tag-region","tag-tae"],"yoast_head":"<!-- This site is optimized with the Yoast SEO plugin v27.4 - https:\/\/yoast.com\/product\/yoast-seo-wordpress\/ -->\n<title>[La D\u00e9p\u00eache] Financement de la 3e ligne de m\u00e9tro : Delga fixe ses conditions - AUTATE<\/title>\n<meta name=\"robots\" content=\"index, follow, max-snippet:-1, max-image-preview:large, max-video-preview:-1\" \/>\n<link rel=\"canonical\" href=\"https:\/\/autate.fr\/site\/la-depeche-financement-de-la-3e-ligne-de-metro-delga-fixe-ses-conditions\/\" \/>\n<meta property=\"og:locale\" content=\"fr_FR\" \/>\n<meta property=\"og:type\" content=\"article\" \/>\n<meta property=\"og:title\" content=\"[La D\u00e9p\u00eache] Financement de la 3e ligne de m\u00e9tro : Delga fixe ses conditions - AUTATE\" \/>\n<meta property=\"og:description\" content=\"Un article publi\u00e9 dans la D\u00e9p\u00eache du midi le 18 juillet 2016 Carole Delga, la pr\u00e9sidente de la R\u00e9gion Occitanie, a adress\u00e9 lundi 18 juillet un courrier \u00e0 Georges M\u00e9ric, pr\u00e9sident du Conseil d\u00e9partemental de Haute -Garonne, Jean-Luc Moudenc, pr\u00e9sident de Toulouse M\u00e9tropole et maire de Toulouse, et Jean-Michel Lattes, pr\u00e9sident du SMTC-Tiss\u00e9o, pour leurVOIR PLUS\" \/>\n<meta property=\"og:url\" content=\"https:\/\/autate.fr\/site\/la-depeche-financement-de-la-3e-ligne-de-metro-delga-fixe-ses-conditions\/\" \/>\n<meta property=\"og:site_name\" content=\"AUTATE\" \/>\n<meta property=\"article:publisher\" content=\"https:\/\/www.facebook.com\/AutateToulouse\" \/>\n<meta property=\"article:published_time\" content=\"2016-07-19T13:33:24+00:00\" \/>\n<meta property=\"article:modified_time\" content=\"2016-08-10T13:38:49+00:00\" \/>\n<meta property=\"og:image\" content=\"https:\/\/autate.fr\/site\/wp-content\/uploads\/2016\/08\/ligneDDM.jpg\" \/>\n\t<meta property=\"og:image:width\" content=\"650\" \/>\n\t<meta property=\"og:image:height\" content=\"350\" \/>\n\t<meta property=\"og:image:type\" content=\"image\/jpeg\" \/>\n<meta name=\"author\" content=\"pascalbarbier\" \/>\n<meta name=\"twitter:card\" content=\"summary_large_image\" \/>\n<meta name=\"twitter:creator\" content=\"@AutateToulouse\" \/>\n<meta name=\"twitter:site\" content=\"@AutateToulouse\" \/>\n<meta name=\"twitter:label1\" content=\"\u00c9crit par\" \/>\n\t<meta name=\"twitter:data1\" content=\"pascalbarbier\" \/>\n\t<meta name=\"twitter:label2\" content=\"Dur\u00e9e de lecture estim\u00e9e\" \/>\n\t<meta name=\"twitter:data2\" content=\"1 minute\" \/>\n<script type=\"application\/ld+json\" class=\"yoast-schema-graph\">{\"@context\":\"https:\\\/\\\/schema.org\",\"@graph\":[{\"@type\":\"Article\",\"@id\":\"https:\\\/\\\/autate.fr\\\/site\\\/la-depeche-financement-de-la-3e-ligne-de-metro-delga-fixe-ses-conditions\\\/#article\",\"isPartOf\":{\"@id\":\"https:\\\/\\\/autate.fr\\\/site\\\/la-depeche-financement-de-la-3e-ligne-de-metro-delga-fixe-ses-conditions\\\/\"},\"author\":{\"name\":\"pascalbarbier\",\"@id\":\"https:\\\/\\\/autate.fr\\\/site\\\/#\\\/schema\\\/person\\\/ae1ab8bdaa7b41d2a9b52d2557ce8254\"},\"headline\":\"[La D\u00e9p\u00eache] Financement de la 3e ligne de m\u00e9tro : Delga fixe ses conditions\",\"datePublished\":\"2016-07-19T13:33:24+00:00\",\"dateModified\":\"2016-08-10T13:38:49+00:00\",\"mainEntityOfPage\":{\"@id\":\"https:\\\/\\\/autate.fr\\\/site\\\/la-depeche-financement-de-la-3e-ligne-de-metro-delga-fixe-ses-conditions\\\/\"},\"wordCount\":134,\"commentCount\":0,\"publisher\":{\"@id\":\"https:\\\/\\\/autate.fr\\\/site\\\/#organization\"},\"image\":{\"@id\":\"https:\\\/\\\/autate.fr\\\/site\\\/la-depeche-financement-de-la-3e-ligne-de-metro-delga-fixe-ses-conditions\\\/#primaryimage\"},\"thumbnailUrl\":\"https:\\\/\\\/autate.fr\\\/site\\\/wp-content\\\/uploads\\\/2016\\\/08\\\/ligneDDM.jpg\",\"keywords\":[\"3\u00e8me ligne m\u00e9tro\",\"C.Delga\",\"Financement\",\"intermodalit\u00e9\",\"PLB\",\"projet mobilit\u00e9s\",\"r\u00e9gion\",\"TAE\"],\"articleSection\":[\"Revue de presse\"],\"inLanguage\":\"fr-FR\",\"potentialAction\":[{\"@type\":\"CommentAction\",\"name\":\"Comment\",\"target\":[\"https:\\\/\\\/autate.fr\\\/site\\\/la-depeche-financement-de-la-3e-ligne-de-metro-delga-fixe-ses-conditions\\\/#respond\"]}]},{\"@type\":\"WebPage\",\"@id\":\"https:\\\/\\\/autate.fr\\\/site\\\/la-depeche-financement-de-la-3e-ligne-de-metro-delga-fixe-ses-conditions\\\/\",\"url\":\"https:\\\/\\\/autate.fr\\\/site\\\/la-depeche-financement-de-la-3e-ligne-de-metro-delga-fixe-ses-conditions\\\/\",\"name\":\"[La D\u00e9p\u00eache] Financement de la 3e ligne de m\u00e9tro : Delga fixe ses conditions - AUTATE\",\"isPartOf\":{\"@id\":\"https:\\\/\\\/autate.fr\\\/site\\\/#website\"},\"primaryImageOfPage\":{\"@id\":\"https:\\\/\\\/autate.fr\\\/site\\\/la-depeche-financement-de-la-3e-ligne-de-metro-delga-fixe-ses-conditions\\\/#primaryimage\"},\"image\":{\"@id\":\"https:\\\/\\\/autate.fr\\\/site\\\/la-depeche-financement-de-la-3e-ligne-de-metro-delga-fixe-ses-conditions\\\/#primaryimage\"},\"thumbnailUrl\":\"https:\\\/\\\/autate.fr\\\/site\\\/wp-content\\\/uploads\\\/2016\\\/08\\\/ligneDDM.jpg\",\"datePublished\":\"2016-07-19T13:33:24+00:00\",\"dateModified\":\"2016-08-10T13:38:49+00:00\",\"breadcrumb\":{\"@id\":\"https:\\\/\\\/autate.fr\\\/site\\\/la-depeche-financement-de-la-3e-ligne-de-metro-delga-fixe-ses-conditions\\\/#breadcrumb\"},\"inLanguage\":\"fr-FR\",\"potentialAction\":[{\"@type\":\"ReadAction\",\"target\":[\"https:\\\/\\\/autate.fr\\\/site\\\/la-depeche-financement-de-la-3e-ligne-de-metro-delga-fixe-ses-conditions\\\/\"]}]},{\"@type\":\"ImageObject\",\"inLanguage\":\"fr-FR\",\"@id\":\"https:\\\/\\\/autate.fr\\\/site\\\/la-depeche-financement-de-la-3e-ligne-de-metro-delga-fixe-ses-conditions\\\/#primaryimage\",\"url\":\"https:\\\/\\\/autate.fr\\\/site\\\/wp-content\\\/uploads\\\/2016\\\/08\\\/ligneDDM.jpg\",\"contentUrl\":\"https:\\\/\\\/autate.fr\\\/site\\\/wp-content\\\/uploads\\\/2016\\\/08\\\/ligneDDM.jpg\",\"width\":650,\"height\":350},{\"@type\":\"BreadcrumbList\",\"@id\":\"https:\\\/\\\/autate.fr\\\/site\\\/la-depeche-financement-de-la-3e-ligne-de-metro-delga-fixe-ses-conditions\\\/#breadcrumb\",\"itemListElement\":[{\"@type\":\"ListItem\",\"position\":1,\"name\":\"Accueil\",\"item\":\"https:\\\/\\\/autate.fr\\\/site\\\/\"},{\"@type\":\"ListItem\",\"position\":2,\"name\":\"[La D\u00e9p\u00eache] Financement de la 3e ligne de m\u00e9tro : Delga fixe ses conditions\"}]},{\"@type\":\"WebSite\",\"@id\":\"https:\\\/\\\/autate.fr\\\/site\\\/#website\",\"url\":\"https:\\\/\\\/autate.fr\\\/site\\\/\",\"name\":\"AUTATE\",\"description\":\"Association des usagers des transports de l&#039;agglom\u00e9ration Toulousaine et de ses environs\",\"publisher\":{\"@id\":\"https:\\\/\\\/autate.fr\\\/site\\\/#organization\"},\"potentialAction\":[{\"@type\":\"SearchAction\",\"target\":{\"@type\":\"EntryPoint\",\"urlTemplate\":\"https:\\\/\\\/autate.fr\\\/site\\\/?s={search_term_string}\"},\"query-input\":{\"@type\":\"PropertyValueSpecification\",\"valueRequired\":true,\"valueName\":\"search_term_string\"}}],\"inLanguage\":\"fr-FR\"},{\"@type\":\"Organization\",\"@id\":\"https:\\\/\\\/autate.fr\\\/site\\\/#organization\",\"name\":\"AUTATE\",\"url\":\"https:\\\/\\\/autate.fr\\\/site\\\/\",\"logo\":{\"@type\":\"ImageObject\",\"inLanguage\":\"fr-FR\",\"@id\":\"https:\\\/\\\/autate.fr\\\/site\\\/#\\\/schema\\\/logo\\\/image\\\/\",\"url\":\"http:\\\/\\\/autate.fr\\\/site\\\/wp-content\\\/uploads\\\/2019\\\/01\\\/logo.png\",\"contentUrl\":\"http:\\\/\\\/autate.fr\\\/site\\\/wp-content\\\/uploads\\\/2019\\\/01\\\/logo.png\",\"width\":506,\"height\":280,\"caption\":\"AUTATE\"},\"image\":{\"@id\":\"https:\\\/\\\/autate.fr\\\/site\\\/#\\\/schema\\\/logo\\\/image\\\/\"},\"sameAs\":[\"https:\\\/\\\/www.facebook.com\\\/AutateToulouse\",\"https:\\\/\\\/x.com\\\/AutateToulouse\"]},{\"@type\":\"Person\",\"@id\":\"https:\\\/\\\/autate.fr\\\/site\\\/#\\\/schema\\\/person\\\/ae1ab8bdaa7b41d2a9b52d2557ce8254\",\"name\":\"pascalbarbier\",\"image\":{\"@type\":\"ImageObject\",\"inLanguage\":\"fr-FR\",\"@id\":\"https:\\\/\\\/secure.gravatar.com\\\/avatar\\\/03f4e8ced09894b72c67e83142540730d4b3bbf619bf46341b0074e3bf5f08a0?s=96&d=mm&r=g\",\"url\":\"https:\\\/\\\/secure.gravatar.com\\\/avatar\\\/03f4e8ced09894b72c67e83142540730d4b3bbf619bf46341b0074e3bf5f08a0?s=96&d=mm&r=g\",\"contentUrl\":\"https:\\\/\\\/secure.gravatar.com\\\/avatar\\\/03f4e8ced09894b72c67e83142540730d4b3bbf619bf46341b0074e3bf5f08a0?s=96&d=mm&r=g\",\"caption\":\"pascalbarbier\"},\"url\":\"https:\\\/\\\/autate.fr\\\/site\\\/author\\\/pascalbarbier\\\/\"}]}<\/script>\n<!-- \/ Yoast SEO plugin. -->","yoast_head_json":{"title":"[La D\u00e9p\u00eache] Financement de la 3e ligne de m\u00e9tro : Delga fixe ses conditions - AUTATE","robots":{"index":"index","follow":"follow","max-snippet":"max-snippet:-1","max-image-preview":"max-image-preview:large","max-video-preview":"max-video-preview:-1"},"canonical":"https:\/\/autate.fr\/site\/la-depeche-financement-de-la-3e-ligne-de-metro-delga-fixe-ses-conditions\/","og_locale":"fr_FR","og_type":"article","og_title":"[La D\u00e9p\u00eache] Financement de la 3e ligne de m\u00e9tro : Delga fixe ses conditions - AUTATE","og_description":"Un article publi\u00e9 dans la D\u00e9p\u00eache du midi le 18 juillet 2016 Carole Delga, la pr\u00e9sidente de la R\u00e9gion Occitanie, a adress\u00e9 lundi 18 juillet un courrier \u00e0 Georges M\u00e9ric, pr\u00e9sident du Conseil d\u00e9partemental de Haute -Garonne, Jean-Luc Moudenc, pr\u00e9sident de Toulouse M\u00e9tropole et maire de Toulouse, et Jean-Michel Lattes, pr\u00e9sident du SMTC-Tiss\u00e9o, pour leurVOIR PLUS","og_url":"https:\/\/autate.fr\/site\/la-depeche-financement-de-la-3e-ligne-de-metro-delga-fixe-ses-conditions\/","og_site_name":"AUTATE","article_publisher":"https:\/\/www.facebook.com\/AutateToulouse","article_published_time":"2016-07-19T13:33:24+00:00","article_modified_time":"2016-08-10T13:38:49+00:00","og_image":[{"width":650,"height":350,"url":"https:\/\/autate.fr\/site\/wp-content\/uploads\/2016\/08\/ligneDDM.jpg","type":"image\/jpeg"}],"author":"pascalbarbier","twitter_card":"summary_large_image","twitter_creator":"@AutateToulouse","twitter_site":"@AutateToulouse","twitter_misc":{"\u00c9crit par":"pascalbarbier","Dur\u00e9e de lecture estim\u00e9e":"1 minute"},"schema":{"@context":"https:\/\/schema.org","@graph":[{"@type":"Article","@id":"https:\/\/autate.fr\/site\/la-depeche-financement-de-la-3e-ligne-de-metro-delga-fixe-ses-conditions\/#article","isPartOf":{"@id":"https:\/\/autate.fr\/site\/la-depeche-financement-de-la-3e-ligne-de-metro-delga-fixe-ses-conditions\/"},"author":{"name":"pascalbarbier","@id":"https:\/\/autate.fr\/site\/#\/schema\/person\/ae1ab8bdaa7b41d2a9b52d2557ce8254"},"headline":"[La D\u00e9p\u00eache] Financement de la 3e ligne de m\u00e9tro : Delga fixe ses conditions","datePublished":"2016-07-19T13:33:24+00:00","dateModified":"2016-08-10T13:38:49+00:00","mainEntityOfPage":{"@id":"https:\/\/autate.fr\/site\/la-depeche-financement-de-la-3e-ligne-de-metro-delga-fixe-ses-conditions\/"},"wordCount":134,"commentCount":0,"publisher":{"@id":"https:\/\/autate.fr\/site\/#organization"},"image":{"@id":"https:\/\/autate.fr\/site\/la-depeche-financement-de-la-3e-ligne-de-metro-delga-fixe-ses-conditions\/#primaryimage"},"thumbnailUrl":"https:\/\/autate.fr\/site\/wp-content\/uploads\/2016\/08\/ligneDDM.jpg","keywords":["3\u00e8me ligne m\u00e9tro","C.Delga","Financement","intermodalit\u00e9","PLB","projet mobilit\u00e9s","r\u00e9gion","TAE"],"articleSection":["Revue de presse"],"inLanguage":"fr-FR","potentialAction":[{"@type":"CommentAction","name":"Comment","target":["https:\/\/autate.fr\/site\/la-depeche-financement-de-la-3e-ligne-de-metro-delga-fixe-ses-conditions\/#respond"]}]},{"@type":"WebPage","@id":"https:\/\/autate.fr\/site\/la-depeche-financement-de-la-3e-ligne-de-metro-delga-fixe-ses-conditions\/","url":"https:\/\/autate.fr\/site\/la-depeche-financement-de-la-3e-ligne-de-metro-delga-fixe-ses-conditions\/","name":"[La D\u00e9p\u00eache] Financement de la 3e ligne de m\u00e9tro : Delga fixe ses conditions - AUTATE","isPartOf":{"@id":"https:\/\/autate.fr\/site\/#website"},"primaryImageOfPage":{"@id":"https:\/\/autate.fr\/site\/la-depeche-financement-de-la-3e-ligne-de-metro-delga-fixe-ses-conditions\/#primaryimage"},"image":{"@id":"https:\/\/autate.fr\/site\/la-depeche-financement-de-la-3e-ligne-de-metro-delga-fixe-ses-conditions\/#primaryimage"},"thumbnailUrl":"https:\/\/autate.fr\/site\/wp-content\/uploads\/2016\/08\/ligneDDM.jpg","datePublished":"2016-07-19T13:33:24+00:00","dateModified":"2016-08-10T13:38:49+00:00","breadcrumb":{"@id":"https:\/\/autate.fr\/site\/la-depeche-financement-de-la-3e-ligne-de-metro-delga-fixe-ses-conditions\/#breadcrumb"},"inLanguage":"fr-FR","potentialAction":[{"@type":"ReadAction","target":["https:\/\/autate.fr\/site\/la-depeche-financement-de-la-3e-ligne-de-metro-delga-fixe-ses-conditions\/"]}]},{"@type":"ImageObject","inLanguage":"fr-FR","@id":"https:\/\/autate.fr\/site\/la-depeche-financement-de-la-3e-ligne-de-metro-delga-fixe-ses-conditions\/#primaryimage","url":"https:\/\/autate.fr\/site\/wp-content\/uploads\/2016\/08\/ligneDDM.jpg","contentUrl":"https:\/\/autate.fr\/site\/wp-content\/uploads\/2016\/08\/ligneDDM.jpg","width":650,"height":350},{"@type":"BreadcrumbList","@id":"https:\/\/autate.fr\/site\/la-depeche-financement-de-la-3e-ligne-de-metro-delga-fixe-ses-conditions\/#breadcrumb","itemListElement":[{"@type":"ListItem","position":1,"name":"Accueil","item":"https:\/\/autate.fr\/site\/"},{"@type":"ListItem","position":2,"name":"[La D\u00e9p\u00eache] Financement de la 3e ligne de m\u00e9tro : Delga fixe ses conditions"}]},{"@type":"WebSite","@id":"https:\/\/autate.fr\/site\/#website","url":"https:\/\/autate.fr\/site\/","name":"AUTATE","description":"Association des usagers des transports de l&#039;agglom\u00e9ration Toulousaine et de ses environs","publisher":{"@id":"https:\/\/autate.fr\/site\/#organization"},"potentialAction":[{"@type":"SearchAction","target":{"@type":"EntryPoint","urlTemplate":"https:\/\/autate.fr\/site\/?s={search_term_string}"},"query-input":{"@type":"PropertyValueSpecification","valueRequired":true,"valueName":"search_term_string"}}],"inLanguage":"fr-FR"},{"@type":"Organization","@id":"https:\/\/autate.fr\/site\/#organization","name":"AUTATE","url":"https:\/\/autate.fr\/site\/","logo":{"@type":"ImageObject","inLanguage":"fr-FR","@id":"https:\/\/autate.fr\/site\/#\/schema\/logo\/image\/","url":"http:\/\/autate.fr\/site\/wp-content\/uploads\/2019\/01\/logo.png","contentUrl":"http:\/\/autate.fr\/site\/wp-content\/uploads\/2019\/01\/logo.png","width":506,"height":280,"caption":"AUTATE"},"image":{"@id":"https:\/\/autate.fr\/site\/#\/schema\/logo\/image\/"},"sameAs":["https:\/\/www.facebook.com\/AutateToulouse","https:\/\/x.com\/AutateToulouse"]},{"@type":"Person","@id":"https:\/\/autate.fr\/site\/#\/schema\/person\/ae1ab8bdaa7b41d2a9b52d2557ce8254","name":"pascalbarbier","image":{"@type":"ImageObject","inLanguage":"fr-FR","@id":"https:\/\/secure.gravatar.com\/avatar\/03f4e8ced09894b72c67e83142540730d4b3bbf619bf46341b0074e3bf5f08a0?s=96&d=mm&r=g","url":"https:\/\/secure.gravatar.com\/avatar\/03f4e8ced09894b72c67e83142540730d4b3bbf619bf46341b0074e3bf5f08a0?s=96&d=mm&r=g","contentUrl":"https:\/\/secure.gravatar.com\/avatar\/03f4e8ced09894b72c67e83142540730d4b3bbf619bf46341b0074e3bf5f08a0?s=96&d=mm&r=g","caption":"pascalbarbier"},"url":"https:\/\/autate.fr\/site\/author\/pascalbarbier\/"}]}},"_links":{"self":[{"href":"https:\/\/autate.fr\/site\/wp-json\/wp\/v2\/posts\/756","targetHints":{"allow":["GET"]}}],"collection":[{"href":"https:\/\/autate.fr\/site\/wp-json\/wp\/v2\/posts"}],"about":[{"href":"https:\/\/autate.fr\/site\/wp-json\/wp\/v2\/types\/post"}],"author":[{"embeddable":true,"href":"https:\/\/autate.fr\/site\/wp-json\/wp\/v2\/users\/1"}],"replies":[{"embeddable":true,"href":"https:\/\/autate.fr\/site\/wp-json\/wp\/v2\/comments?post=756"}],"version-history":[{"count":1,"href":"https:\/\/autate.fr\/site\/wp-json\/wp\/v2\/posts\/756\/revisions"}],"predecessor-version":[{"id":759,"href":"https:\/\/autate.fr\/site\/wp-json\/wp\/v2\/posts\/756\/revisions\/759"}],"wp:featuredmedia":[{"embeddable":true,"href":"https:\/\/autate.fr\/site\/wp-json\/wp\/v2\/media\/758"}],"wp:attachment":[{"href":"https:\/\/autate.fr\/site\/wp-json\/wp\/v2\/media?parent=756"}],"wp:term":[{"taxonomy":"category","embeddable":true,"href":"https:\/\/autate.fr\/site\/wp-json\/wp\/v2\/categories?post=756"},{"taxonomy":"post_tag","embeddable":true,"href":"https:\/\/autate.fr\/site\/wp-json\/wp\/v2\/tags?post=756"}],"curies":[{"name":"wp","href":"https:\/\/api.w.org\/{rel}","templated":true}]}}