{"id":750,"date":"2016-07-19T14:51:41","date_gmt":"2016-07-19T12:51:41","guid":{"rendered":"http:\/\/autate.fr\/site\/?p=750"},"modified":"2016-08-10T21:11:02","modified_gmt":"2016-08-10T19:11:02","slug":"la-depeche-vers-une-hausse-du-tarif-jeune","status":"publish","type":"post","link":"https:\/\/autate.fr\/site\/la-depeche-vers-une-hausse-du-tarif-jeune\/","title":{"rendered":"[La D\u00e9p\u00eache] Vers une hausse du tarif jeune ?"},"content":{"rendered":"<p>Un article de Philippe Emery publi\u00e9 dans la D\u00e9p\u00eache du midi le 18 juillet 2016 (photo DDM Thierry Bordas)<\/p>\n<p>L&rsquo;Unef craint que la mairie ne relance son projet de tarification sociale des transports \u00e0 la rentr\u00e9e et n&rsquo;augmente, en janvier 2017, le tarif jeune de Tiss\u00e9o actuellement \u00e0 10 \u20ac. Il restera le plus bas de France, pour Jean-Michel Lattes.<\/p>\n<div id=\"pub_dfp_article\" class=\"pub \">On reparle de tarification sociale pour les transports publics. La D\u00e9p\u00eache \u00e9voquait d\u00e9j\u00e0 la fin de la gratuit\u00e9 pour les seniors et une possible hausse du tarif jeune \u00e0 10 \u20ac par mois, le moins cher de France, dans son \u00e9dition du 17 d\u00e9cembre 2015. L&rsquo;Unef et les Jeunes communistes avaient fait du maintien de ce tarif jeune (moins de 26 ans) leur combat de l&rsquo;\u00e9t\u00e9 dernier. Avec un certain succ\u00e8s (une p\u00e9tition lanc\u00e9e par les deux mouvements avait recueilli 18 000 signatures pour le maintien) puisque Tiss\u00e9o avait discr\u00e8tement mis son projet de tarification sociale (en fonction des revenus) sous l&rsquo;\u00e9teignoir.<\/div>\n<div class=\"pub \"><\/div>\n<div class=\"pub \"><a href=\"http:\/\/www.ladepeche.fr\/article\/2016\/07\/18\/2386489-vers-une-hausse-du-tarif-jeune.html\" target=\"_blank\"><strong>lire la suite<\/strong><\/a><\/div>\n","protected":false},"excerpt":{"rendered":"<p>Un article de Philippe Emery publi\u00e9 dans la D\u00e9p\u00eache du midi le 18 juillet 2016 (photo DDM Thierry Bordas) L&rsquo;Unef craint que la mairie ne relance son projet de tarification sociale des transports \u00e0 la rentr\u00e9e et n&rsquo;augmente, en janvier 2017, le tarif jeune de Tiss\u00e9o actuellement \u00e0 10 \u20ac. Il restera le plus bas<\/p>\n<p class=\"more-link\"><a href=\"https:\/\/autate.fr\/site\/la-depeche-vers-une-hausse-du-tarif-jeune\/\" class=\"themebutton2\">VOIR PLUS<\/a><\/p>\n","protected":false},"author":1,"featured_media":751,"comment_status":"open","ping_status":"open","sticky":false,"template":"","format":"standard","meta":{"footnotes":""},"categories":[7],"tags":[229,209,208,207,46,233],"class_list":["post-750","post","type-post","status-publish","format-standard","has-post-thumbnail","hentry","category-revue-de-presse","tag-jeunes","tag-seniors","tag-tarification-sociale","tag-tarifs","tag-tisseo","tag-unef"],"yoast_head":"<!-- This site is optimized with the Yoast SEO plugin v27.4 - https:\/\/yoast.com\/product\/yoast-seo-wordpress\/ -->\n<title>[La D\u00e9p\u00eache] Vers une hausse du tarif jeune ? - AUTATE<\/title>\n<meta name=\"robots\" content=\"index, follow, max-snippet:-1, max-image-preview:large, max-video-preview:-1\" \/>\n<link rel=\"canonical\" href=\"https:\/\/autate.fr\/site\/la-depeche-vers-une-hausse-du-tarif-jeune\/\" \/>\n<meta property=\"og:locale\" content=\"fr_FR\" \/>\n<meta property=\"og:type\" content=\"article\" \/>\n<meta property=\"og:title\" content=\"[La D\u00e9p\u00eache] Vers une hausse du tarif jeune ? - AUTATE\" \/>\n<meta property=\"og:description\" content=\"Un article de Philippe Emery publi\u00e9 dans la D\u00e9p\u00eache du midi le 18 juillet 2016 (photo DDM Thierry Bordas) L&rsquo;Unef craint que la mairie ne relance son projet de tarification sociale des transports \u00e0 la rentr\u00e9e et n&rsquo;augmente, en janvier 2017, le tarif jeune de Tiss\u00e9o actuellement \u00e0 10 \u20ac. Il restera le plus basVOIR PLUS\" \/>\n<meta property=\"og:url\" content=\"https:\/\/autate.fr\/site\/la-depeche-vers-une-hausse-du-tarif-jeune\/\" \/>\n<meta property=\"og:site_name\" content=\"AUTATE\" \/>\n<meta property=\"article:publisher\" content=\"https:\/\/www.facebook.com\/AutateToulouse\" \/>\n<meta property=\"article:published_time\" content=\"2016-07-19T12:51:41+00:00\" \/>\n<meta property=\"article:modified_time\" content=\"2016-08-10T19:11:02+00:00\" \/>\n<meta property=\"og:image\" content=\"https:\/\/autate.fr\/site\/wp-content\/uploads\/2016\/08\/tarifjeuneDDM.jpg\" \/>\n\t<meta property=\"og:image:width\" content=\"650\" \/>\n\t<meta property=\"og:image:height\" content=\"350\" \/>\n\t<meta property=\"og:image:type\" content=\"image\/jpeg\" \/>\n<meta name=\"author\" content=\"pascalbarbier\" \/>\n<meta name=\"twitter:card\" content=\"summary_large_image\" \/>\n<meta name=\"twitter:creator\" content=\"@AutateToulouse\" \/>\n<meta name=\"twitter:site\" content=\"@AutateToulouse\" \/>\n<meta name=\"twitter:label1\" content=\"\u00c9crit par\" \/>\n\t<meta name=\"twitter:data1\" content=\"pascalbarbier\" \/>\n\t<meta name=\"twitter:label2\" content=\"Dur\u00e9e de lecture estim\u00e9e\" \/>\n\t<meta name=\"twitter:data2\" content=\"1 minute\" \/>\n<script type=\"application\/ld+json\" class=\"yoast-schema-graph\">{\"@context\":\"https:\\\/\\\/schema.org\",\"@graph\":[{\"@type\":\"Article\",\"@id\":\"https:\\\/\\\/autate.fr\\\/site\\\/la-depeche-vers-une-hausse-du-tarif-jeune\\\/#article\",\"isPartOf\":{\"@id\":\"https:\\\/\\\/autate.fr\\\/site\\\/la-depeche-vers-une-hausse-du-tarif-jeune\\\/\"},\"author\":{\"name\":\"pascalbarbier\",\"@id\":\"https:\\\/\\\/autate.fr\\\/site\\\/#\\\/schema\\\/person\\\/ae1ab8bdaa7b41d2a9b52d2557ce8254\"},\"headline\":\"[La D\u00e9p\u00eache] Vers une hausse du tarif jeune ?\",\"datePublished\":\"2016-07-19T12:51:41+00:00\",\"dateModified\":\"2016-08-10T19:11:02+00:00\",\"mainEntityOfPage\":{\"@id\":\"https:\\\/\\\/autate.fr\\\/site\\\/la-depeche-vers-une-hausse-du-tarif-jeune\\\/\"},\"wordCount\":175,\"commentCount\":0,\"publisher\":{\"@id\":\"https:\\\/\\\/autate.fr\\\/site\\\/#organization\"},\"image\":{\"@id\":\"https:\\\/\\\/autate.fr\\\/site\\\/la-depeche-vers-une-hausse-du-tarif-jeune\\\/#primaryimage\"},\"thumbnailUrl\":\"https:\\\/\\\/autate.fr\\\/site\\\/wp-content\\\/uploads\\\/2016\\\/08\\\/tarifjeuneDDM.jpg\",\"keywords\":[\"jeunes\",\"seniors\",\"tarification sociale\",\"tarifs\",\"Tiss\u00e9o\",\"UNEF\"],\"articleSection\":[\"Revue de presse\"],\"inLanguage\":\"fr-FR\",\"potentialAction\":[{\"@type\":\"CommentAction\",\"name\":\"Comment\",\"target\":[\"https:\\\/\\\/autate.fr\\\/site\\\/la-depeche-vers-une-hausse-du-tarif-jeune\\\/#respond\"]}]},{\"@type\":\"WebPage\",\"@id\":\"https:\\\/\\\/autate.fr\\\/site\\\/la-depeche-vers-une-hausse-du-tarif-jeune\\\/\",\"url\":\"https:\\\/\\\/autate.fr\\\/site\\\/la-depeche-vers-une-hausse-du-tarif-jeune\\\/\",\"name\":\"[La D\u00e9p\u00eache] Vers une hausse du tarif jeune ? - AUTATE\",\"isPartOf\":{\"@id\":\"https:\\\/\\\/autate.fr\\\/site\\\/#website\"},\"primaryImageOfPage\":{\"@id\":\"https:\\\/\\\/autate.fr\\\/site\\\/la-depeche-vers-une-hausse-du-tarif-jeune\\\/#primaryimage\"},\"image\":{\"@id\":\"https:\\\/\\\/autate.fr\\\/site\\\/la-depeche-vers-une-hausse-du-tarif-jeune\\\/#primaryimage\"},\"thumbnailUrl\":\"https:\\\/\\\/autate.fr\\\/site\\\/wp-content\\\/uploads\\\/2016\\\/08\\\/tarifjeuneDDM.jpg\",\"datePublished\":\"2016-07-19T12:51:41+00:00\",\"dateModified\":\"2016-08-10T19:11:02+00:00\",\"breadcrumb\":{\"@id\":\"https:\\\/\\\/autate.fr\\\/site\\\/la-depeche-vers-une-hausse-du-tarif-jeune\\\/#breadcrumb\"},\"inLanguage\":\"fr-FR\",\"potentialAction\":[{\"@type\":\"ReadAction\",\"target\":[\"https:\\\/\\\/autate.fr\\\/site\\\/la-depeche-vers-une-hausse-du-tarif-jeune\\\/\"]}]},{\"@type\":\"ImageObject\",\"inLanguage\":\"fr-FR\",\"@id\":\"https:\\\/\\\/autate.fr\\\/site\\\/la-depeche-vers-une-hausse-du-tarif-jeune\\\/#primaryimage\",\"url\":\"https:\\\/\\\/autate.fr\\\/site\\\/wp-content\\\/uploads\\\/2016\\\/08\\\/tarifjeuneDDM.jpg\",\"contentUrl\":\"https:\\\/\\\/autate.fr\\\/site\\\/wp-content\\\/uploads\\\/2016\\\/08\\\/tarifjeuneDDM.jpg\",\"width\":650,\"height\":350},{\"@type\":\"BreadcrumbList\",\"@id\":\"https:\\\/\\\/autate.fr\\\/site\\\/la-depeche-vers-une-hausse-du-tarif-jeune\\\/#breadcrumb\",\"itemListElement\":[{\"@type\":\"ListItem\",\"position\":1,\"name\":\"Accueil\",\"item\":\"https:\\\/\\\/autate.fr\\\/site\\\/\"},{\"@type\":\"ListItem\",\"position\":2,\"name\":\"[La D\u00e9p\u00eache] Vers une hausse du tarif jeune ?\"}]},{\"@type\":\"WebSite\",\"@id\":\"https:\\\/\\\/autate.fr\\\/site\\\/#website\",\"url\":\"https:\\\/\\\/autate.fr\\\/site\\\/\",\"name\":\"AUTATE\",\"description\":\"Association des usagers des transports de l&#039;agglom\u00e9ration Toulousaine et de ses environs\",\"publisher\":{\"@id\":\"https:\\\/\\\/autate.fr\\\/site\\\/#organization\"},\"potentialAction\":[{\"@type\":\"SearchAction\",\"target\":{\"@type\":\"EntryPoint\",\"urlTemplate\":\"https:\\\/\\\/autate.fr\\\/site\\\/?s={search_term_string}\"},\"query-input\":{\"@type\":\"PropertyValueSpecification\",\"valueRequired\":true,\"valueName\":\"search_term_string\"}}],\"inLanguage\":\"fr-FR\"},{\"@type\":\"Organization\",\"@id\":\"https:\\\/\\\/autate.fr\\\/site\\\/#organization\",\"name\":\"AUTATE\",\"url\":\"https:\\\/\\\/autate.fr\\\/site\\\/\",\"logo\":{\"@type\":\"ImageObject\",\"inLanguage\":\"fr-FR\",\"@id\":\"https:\\\/\\\/autate.fr\\\/site\\\/#\\\/schema\\\/logo\\\/image\\\/\",\"url\":\"http:\\\/\\\/autate.fr\\\/site\\\/wp-content\\\/uploads\\\/2019\\\/01\\\/logo.png\",\"contentUrl\":\"http:\\\/\\\/autate.fr\\\/site\\\/wp-content\\\/uploads\\\/2019\\\/01\\\/logo.png\",\"width\":506,\"height\":280,\"caption\":\"AUTATE\"},\"image\":{\"@id\":\"https:\\\/\\\/autate.fr\\\/site\\\/#\\\/schema\\\/logo\\\/image\\\/\"},\"sameAs\":[\"https:\\\/\\\/www.facebook.com\\\/AutateToulouse\",\"https:\\\/\\\/x.com\\\/AutateToulouse\"]},{\"@type\":\"Person\",\"@id\":\"https:\\\/\\\/autate.fr\\\/site\\\/#\\\/schema\\\/person\\\/ae1ab8bdaa7b41d2a9b52d2557ce8254\",\"name\":\"pascalbarbier\",\"image\":{\"@type\":\"ImageObject\",\"inLanguage\":\"fr-FR\",\"@id\":\"https:\\\/\\\/secure.gravatar.com\\\/avatar\\\/03f4e8ced09894b72c67e83142540730d4b3bbf619bf46341b0074e3bf5f08a0?s=96&d=mm&r=g\",\"url\":\"https:\\\/\\\/secure.gravatar.com\\\/avatar\\\/03f4e8ced09894b72c67e83142540730d4b3bbf619bf46341b0074e3bf5f08a0?s=96&d=mm&r=g\",\"contentUrl\":\"https:\\\/\\\/secure.gravatar.com\\\/avatar\\\/03f4e8ced09894b72c67e83142540730d4b3bbf619bf46341b0074e3bf5f08a0?s=96&d=mm&r=g\",\"caption\":\"pascalbarbier\"},\"url\":\"https:\\\/\\\/autate.fr\\\/site\\\/author\\\/pascalbarbier\\\/\"}]}<\/script>\n<!-- \/ Yoast SEO plugin. -->","yoast_head_json":{"title":"[La D\u00e9p\u00eache] Vers une hausse du tarif jeune ? - AUTATE","robots":{"index":"index","follow":"follow","max-snippet":"max-snippet:-1","max-image-preview":"max-image-preview:large","max-video-preview":"max-video-preview:-1"},"canonical":"https:\/\/autate.fr\/site\/la-depeche-vers-une-hausse-du-tarif-jeune\/","og_locale":"fr_FR","og_type":"article","og_title":"[La D\u00e9p\u00eache] Vers une hausse du tarif jeune ? - AUTATE","og_description":"Un article de Philippe Emery publi\u00e9 dans la D\u00e9p\u00eache du midi le 18 juillet 2016 (photo DDM Thierry Bordas) L&rsquo;Unef craint que la mairie ne relance son projet de tarification sociale des transports \u00e0 la rentr\u00e9e et n&rsquo;augmente, en janvier 2017, le tarif jeune de Tiss\u00e9o actuellement \u00e0 10 \u20ac. Il restera le plus basVOIR PLUS","og_url":"https:\/\/autate.fr\/site\/la-depeche-vers-une-hausse-du-tarif-jeune\/","og_site_name":"AUTATE","article_publisher":"https:\/\/www.facebook.com\/AutateToulouse","article_published_time":"2016-07-19T12:51:41+00:00","article_modified_time":"2016-08-10T19:11:02+00:00","og_image":[{"width":650,"height":350,"url":"https:\/\/autate.fr\/site\/wp-content\/uploads\/2016\/08\/tarifjeuneDDM.jpg","type":"image\/jpeg"}],"author":"pascalbarbier","twitter_card":"summary_large_image","twitter_creator":"@AutateToulouse","twitter_site":"@AutateToulouse","twitter_misc":{"\u00c9crit par":"pascalbarbier","Dur\u00e9e de lecture estim\u00e9e":"1 minute"},"schema":{"@context":"https:\/\/schema.org","@graph":[{"@type":"Article","@id":"https:\/\/autate.fr\/site\/la-depeche-vers-une-hausse-du-tarif-jeune\/#article","isPartOf":{"@id":"https:\/\/autate.fr\/site\/la-depeche-vers-une-hausse-du-tarif-jeune\/"},"author":{"name":"pascalbarbier","@id":"https:\/\/autate.fr\/site\/#\/schema\/person\/ae1ab8bdaa7b41d2a9b52d2557ce8254"},"headline":"[La D\u00e9p\u00eache] Vers une hausse du tarif jeune ?","datePublished":"2016-07-19T12:51:41+00:00","dateModified":"2016-08-10T19:11:02+00:00","mainEntityOfPage":{"@id":"https:\/\/autate.fr\/site\/la-depeche-vers-une-hausse-du-tarif-jeune\/"},"wordCount":175,"commentCount":0,"publisher":{"@id":"https:\/\/autate.fr\/site\/#organization"},"image":{"@id":"https:\/\/autate.fr\/site\/la-depeche-vers-une-hausse-du-tarif-jeune\/#primaryimage"},"thumbnailUrl":"https:\/\/autate.fr\/site\/wp-content\/uploads\/2016\/08\/tarifjeuneDDM.jpg","keywords":["jeunes","seniors","tarification sociale","tarifs","Tiss\u00e9o","UNEF"],"articleSection":["Revue de presse"],"inLanguage":"fr-FR","potentialAction":[{"@type":"CommentAction","name":"Comment","target":["https:\/\/autate.fr\/site\/la-depeche-vers-une-hausse-du-tarif-jeune\/#respond"]}]},{"@type":"WebPage","@id":"https:\/\/autate.fr\/site\/la-depeche-vers-une-hausse-du-tarif-jeune\/","url":"https:\/\/autate.fr\/site\/la-depeche-vers-une-hausse-du-tarif-jeune\/","name":"[La D\u00e9p\u00eache] Vers une hausse du tarif jeune ? - AUTATE","isPartOf":{"@id":"https:\/\/autate.fr\/site\/#website"},"primaryImageOfPage":{"@id":"https:\/\/autate.fr\/site\/la-depeche-vers-une-hausse-du-tarif-jeune\/#primaryimage"},"image":{"@id":"https:\/\/autate.fr\/site\/la-depeche-vers-une-hausse-du-tarif-jeune\/#primaryimage"},"thumbnailUrl":"https:\/\/autate.fr\/site\/wp-content\/uploads\/2016\/08\/tarifjeuneDDM.jpg","datePublished":"2016-07-19T12:51:41+00:00","dateModified":"2016-08-10T19:11:02+00:00","breadcrumb":{"@id":"https:\/\/autate.fr\/site\/la-depeche-vers-une-hausse-du-tarif-jeune\/#breadcrumb"},"inLanguage":"fr-FR","potentialAction":[{"@type":"ReadAction","target":["https:\/\/autate.fr\/site\/la-depeche-vers-une-hausse-du-tarif-jeune\/"]}]},{"@type":"ImageObject","inLanguage":"fr-FR","@id":"https:\/\/autate.fr\/site\/la-depeche-vers-une-hausse-du-tarif-jeune\/#primaryimage","url":"https:\/\/autate.fr\/site\/wp-content\/uploads\/2016\/08\/tarifjeuneDDM.jpg","contentUrl":"https:\/\/autate.fr\/site\/wp-content\/uploads\/2016\/08\/tarifjeuneDDM.jpg","width":650,"height":350},{"@type":"BreadcrumbList","@id":"https:\/\/autate.fr\/site\/la-depeche-vers-une-hausse-du-tarif-jeune\/#breadcrumb","itemListElement":[{"@type":"ListItem","position":1,"name":"Accueil","item":"https:\/\/autate.fr\/site\/"},{"@type":"ListItem","position":2,"name":"[La D\u00e9p\u00eache] Vers une hausse du tarif jeune ?"}]},{"@type":"WebSite","@id":"https:\/\/autate.fr\/site\/#website","url":"https:\/\/autate.fr\/site\/","name":"AUTATE","description":"Association des usagers des transports de l&#039;agglom\u00e9ration Toulousaine et de ses environs","publisher":{"@id":"https:\/\/autate.fr\/site\/#organization"},"potentialAction":[{"@type":"SearchAction","target":{"@type":"EntryPoint","urlTemplate":"https:\/\/autate.fr\/site\/?s={search_term_string}"},"query-input":{"@type":"PropertyValueSpecification","valueRequired":true,"valueName":"search_term_string"}}],"inLanguage":"fr-FR"},{"@type":"Organization","@id":"https:\/\/autate.fr\/site\/#organization","name":"AUTATE","url":"https:\/\/autate.fr\/site\/","logo":{"@type":"ImageObject","inLanguage":"fr-FR","@id":"https:\/\/autate.fr\/site\/#\/schema\/logo\/image\/","url":"http:\/\/autate.fr\/site\/wp-content\/uploads\/2019\/01\/logo.png","contentUrl":"http:\/\/autate.fr\/site\/wp-content\/uploads\/2019\/01\/logo.png","width":506,"height":280,"caption":"AUTATE"},"image":{"@id":"https:\/\/autate.fr\/site\/#\/schema\/logo\/image\/"},"sameAs":["https:\/\/www.facebook.com\/AutateToulouse","https:\/\/x.com\/AutateToulouse"]},{"@type":"Person","@id":"https:\/\/autate.fr\/site\/#\/schema\/person\/ae1ab8bdaa7b41d2a9b52d2557ce8254","name":"pascalbarbier","image":{"@type":"ImageObject","inLanguage":"fr-FR","@id":"https:\/\/secure.gravatar.com\/avatar\/03f4e8ced09894b72c67e83142540730d4b3bbf619bf46341b0074e3bf5f08a0?s=96&d=mm&r=g","url":"https:\/\/secure.gravatar.com\/avatar\/03f4e8ced09894b72c67e83142540730d4b3bbf619bf46341b0074e3bf5f08a0?s=96&d=mm&r=g","contentUrl":"https:\/\/secure.gravatar.com\/avatar\/03f4e8ced09894b72c67e83142540730d4b3bbf619bf46341b0074e3bf5f08a0?s=96&d=mm&r=g","caption":"pascalbarbier"},"url":"https:\/\/autate.fr\/site\/author\/pascalbarbier\/"}]}},"_links":{"self":[{"href":"https:\/\/autate.fr\/site\/wp-json\/wp\/v2\/posts\/750","targetHints":{"allow":["GET"]}}],"collection":[{"href":"https:\/\/autate.fr\/site\/wp-json\/wp\/v2\/posts"}],"about":[{"href":"https:\/\/autate.fr\/site\/wp-json\/wp\/v2\/types\/post"}],"author":[{"embeddable":true,"href":"https:\/\/autate.fr\/site\/wp-json\/wp\/v2\/users\/1"}],"replies":[{"embeddable":true,"href":"https:\/\/autate.fr\/site\/wp-json\/wp\/v2\/comments?post=750"}],"version-history":[{"count":1,"href":"https:\/\/autate.fr\/site\/wp-json\/wp\/v2\/posts\/750\/revisions"}],"predecessor-version":[{"id":752,"href":"https:\/\/autate.fr\/site\/wp-json\/wp\/v2\/posts\/750\/revisions\/752"}],"wp:featuredmedia":[{"embeddable":true,"href":"https:\/\/autate.fr\/site\/wp-json\/wp\/v2\/media\/751"}],"wp:attachment":[{"href":"https:\/\/autate.fr\/site\/wp-json\/wp\/v2\/media?parent=750"}],"wp:term":[{"taxonomy":"category","embeddable":true,"href":"https:\/\/autate.fr\/site\/wp-json\/wp\/v2\/categories?post=750"},{"taxonomy":"post_tag","embeddable":true,"href":"https:\/\/autate.fr\/site\/wp-json\/wp\/v2\/tags?post=750"}],"curies":[{"name":"wp","href":"https:\/\/api.w.org\/{rel}","templated":true}]}}