{"id":744,"date":"2016-07-14T22:42:59","date_gmt":"2016-07-14T20:42:59","guid":{"rendered":"http:\/\/autate.fr\/site\/?p=744"},"modified":"2016-08-11T18:29:28","modified_gmt":"2016-08-11T16:29:28","slug":"la-depeche-le-projet-de-3e-ligne-de-metro-est-il-la-solution-a-la-congestion-chronique-de-lagglomeration","status":"publish","type":"post","link":"https:\/\/autate.fr\/site\/la-depeche-le-projet-de-3e-ligne-de-metro-est-il-la-solution-a-la-congestion-chronique-de-lagglomeration\/","title":{"rendered":"[La D\u00e9p\u00eache] Le projet de 3e ligne de m\u00e9tro est-il la solution \u00e0 la congestion chronique de l&rsquo;agglom\u00e9ration ?"},"content":{"rendered":"<p>Un article publi\u00e9 dans la D\u00e9p\u00eache du midi le 13 juillet 2016 (photo DDM Th.B)<\/p>\n<p>Neuf tables rondes avec 12 personnes assises autour de chacune d&rsquo;elles.<\/p>\n<p>La salle Pic du Midi de l&rsquo;h\u00f4tel Mercure-Compans a des allures studieuses, hier matin.<\/p>\n<p>Pr\u00e8s de 120 experts planchent sur le projet de 3e ligne de m\u00e9tro dans le cadre d&rsquo;un atelier organis\u00e9 par la commission particuli\u00e8re du d\u00e9bat public.<\/p>\n<p>Cette commission de sept membres ind\u00e9pendants est charg\u00e9e d&rsquo;organiser un vaste d\u00e9bat public, qui durera trois mois et aura lieu \u00e0 la rentr\u00e9e de septembre et jusqu&rsquo;\u00e0 la fin de l&rsquo;ann\u00e9e (lire ci-contre) \u00e0 propos du projet de 3e ligne de m\u00e9tro.<\/p>\n<p>L&rsquo;atelier d&rsquo;hier a pour mission de d\u00e9finir les grands enjeux de ce d\u00e9bat public, a rappel\u00e9 en pr\u00e9ambule le pr\u00e9sident de la commission, Jacques Archimbaud<\/p>\n<p><a href=\"http:\/\/www.ladepeche.fr\/article\/2016\/07\/13\/2383798-projet-3e-ligne-metro-est-solution-congestion-chronique-agglomeration.html\" target=\"_blank\"><strong>lire la suite<\/strong><\/a><\/p>\n","protected":false},"excerpt":{"rendered":"<p>Un article publi\u00e9 dans la D\u00e9p\u00eache du midi le 13 juillet 2016 (photo DDM Th.B) Neuf tables rondes avec 12 personnes assises autour de chacune d&rsquo;elles. La salle Pic du Midi de l&rsquo;h\u00f4tel Mercure-Compans a des allures studieuses, hier matin. Pr\u00e8s de 120 experts planchent sur le projet de 3e ligne de m\u00e9tro dans le<\/p>\n<p class=\"more-link\"><a href=\"https:\/\/autate.fr\/site\/la-depeche-le-projet-de-3e-ligne-de-metro-est-il-la-solution-a-la-congestion-chronique-de-lagglomeration\/\" class=\"themebutton2\">VOIR PLUS<\/a><\/p>\n","protected":false},"author":1,"featured_media":745,"comment_status":"open","ping_status":"open","sticky":false,"template":"","format":"standard","meta":{"footnotes":""},"categories":[7],"tags":[172,173,246,155,12,52],"class_list":["post-744","post","type-post","status-publish","format-standard","has-post-thumbnail","hentry","category-revue-de-presse","tag-3eme-ligne-metro","tag-cndp","tag-j-archimbaud","tag-jm-lattes","tag-metro","tag-tae"],"yoast_head":"<!-- This site is optimized with the Yoast SEO plugin v27.4 - https:\/\/yoast.com\/product\/yoast-seo-wordpress\/ -->\n<title>[La D\u00e9p\u00eache] Le projet de 3e ligne de m\u00e9tro est-il la solution \u00e0 la congestion chronique de l&#039;agglom\u00e9ration ? - AUTATE<\/title>\n<meta name=\"robots\" content=\"index, follow, max-snippet:-1, max-image-preview:large, max-video-preview:-1\" \/>\n<link rel=\"canonical\" href=\"https:\/\/autate.fr\/site\/la-depeche-le-projet-de-3e-ligne-de-metro-est-il-la-solution-a-la-congestion-chronique-de-lagglomeration\/\" \/>\n<meta property=\"og:locale\" content=\"fr_FR\" \/>\n<meta property=\"og:type\" content=\"article\" \/>\n<meta property=\"og:title\" content=\"[La D\u00e9p\u00eache] Le projet de 3e ligne de m\u00e9tro est-il la solution \u00e0 la congestion chronique de l&#039;agglom\u00e9ration ? - AUTATE\" \/>\n<meta property=\"og:description\" content=\"Un article publi\u00e9 dans la D\u00e9p\u00eache du midi le 13 juillet 2016 (photo DDM Th.B) Neuf tables rondes avec 12 personnes assises autour de chacune d&rsquo;elles. La salle Pic du Midi de l&rsquo;h\u00f4tel Mercure-Compans a des allures studieuses, hier matin. Pr\u00e8s de 120 experts planchent sur le projet de 3e ligne de m\u00e9tro dans leVOIR PLUS\" \/>\n<meta property=\"og:url\" content=\"https:\/\/autate.fr\/site\/la-depeche-le-projet-de-3e-ligne-de-metro-est-il-la-solution-a-la-congestion-chronique-de-lagglomeration\/\" \/>\n<meta property=\"og:site_name\" content=\"AUTATE\" \/>\n<meta property=\"article:publisher\" content=\"https:\/\/www.facebook.com\/AutateToulouse\" \/>\n<meta property=\"article:published_time\" content=\"2016-07-14T20:42:59+00:00\" \/>\n<meta property=\"article:modified_time\" content=\"2016-08-11T16:29:28+00:00\" \/>\n<meta property=\"og:image\" content=\"https:\/\/autate.fr\/site\/wp-content\/uploads\/2016\/08\/embouteillageavecbus.jpg\" \/>\n\t<meta property=\"og:image:width\" content=\"650\" \/>\n\t<meta property=\"og:image:height\" content=\"350\" \/>\n\t<meta property=\"og:image:type\" content=\"image\/jpeg\" \/>\n<meta name=\"author\" content=\"pascalbarbier\" \/>\n<meta name=\"twitter:card\" content=\"summary_large_image\" \/>\n<meta name=\"twitter:creator\" content=\"@AutateToulouse\" \/>\n<meta name=\"twitter:site\" content=\"@AutateToulouse\" \/>\n<meta name=\"twitter:label1\" content=\"\u00c9crit par\" \/>\n\t<meta name=\"twitter:data1\" content=\"pascalbarbier\" \/>\n\t<meta name=\"twitter:label2\" content=\"Dur\u00e9e de lecture estim\u00e9e\" \/>\n\t<meta name=\"twitter:data2\" content=\"1 minute\" \/>\n<script type=\"application\/ld+json\" class=\"yoast-schema-graph\">{\"@context\":\"https:\\\/\\\/schema.org\",\"@graph\":[{\"@type\":\"Article\",\"@id\":\"https:\\\/\\\/autate.fr\\\/site\\\/la-depeche-le-projet-de-3e-ligne-de-metro-est-il-la-solution-a-la-congestion-chronique-de-lagglomeration\\\/#article\",\"isPartOf\":{\"@id\":\"https:\\\/\\\/autate.fr\\\/site\\\/la-depeche-le-projet-de-3e-ligne-de-metro-est-il-la-solution-a-la-congestion-chronique-de-lagglomeration\\\/\"},\"author\":{\"name\":\"pascalbarbier\",\"@id\":\"https:\\\/\\\/autate.fr\\\/site\\\/#\\\/schema\\\/person\\\/ae1ab8bdaa7b41d2a9b52d2557ce8254\"},\"headline\":\"[La D\u00e9p\u00eache] Le projet de 3e ligne de m\u00e9tro est-il la solution \u00e0 la congestion chronique de l&rsquo;agglom\u00e9ration ?\",\"datePublished\":\"2016-07-14T20:42:59+00:00\",\"dateModified\":\"2016-08-11T16:29:28+00:00\",\"mainEntityOfPage\":{\"@id\":\"https:\\\/\\\/autate.fr\\\/site\\\/la-depeche-le-projet-de-3e-ligne-de-metro-est-il-la-solution-a-la-congestion-chronique-de-lagglomeration\\\/\"},\"wordCount\":169,\"commentCount\":0,\"publisher\":{\"@id\":\"https:\\\/\\\/autate.fr\\\/site\\\/#organization\"},\"image\":{\"@id\":\"https:\\\/\\\/autate.fr\\\/site\\\/la-depeche-le-projet-de-3e-ligne-de-metro-est-il-la-solution-a-la-congestion-chronique-de-lagglomeration\\\/#primaryimage\"},\"thumbnailUrl\":\"https:\\\/\\\/autate.fr\\\/site\\\/wp-content\\\/uploads\\\/2016\\\/08\\\/embouteillageavecbus.jpg\",\"keywords\":[\"3\u00e8me ligne m\u00e9tro\",\"CNDP\",\"J.Archimbaud\",\"JM.Lattes\",\"m\u00e9tro\",\"TAE\"],\"articleSection\":[\"Revue de presse\"],\"inLanguage\":\"fr-FR\",\"potentialAction\":[{\"@type\":\"CommentAction\",\"name\":\"Comment\",\"target\":[\"https:\\\/\\\/autate.fr\\\/site\\\/la-depeche-le-projet-de-3e-ligne-de-metro-est-il-la-solution-a-la-congestion-chronique-de-lagglomeration\\\/#respond\"]}]},{\"@type\":\"WebPage\",\"@id\":\"https:\\\/\\\/autate.fr\\\/site\\\/la-depeche-le-projet-de-3e-ligne-de-metro-est-il-la-solution-a-la-congestion-chronique-de-lagglomeration\\\/\",\"url\":\"https:\\\/\\\/autate.fr\\\/site\\\/la-depeche-le-projet-de-3e-ligne-de-metro-est-il-la-solution-a-la-congestion-chronique-de-lagglomeration\\\/\",\"name\":\"[La D\u00e9p\u00eache] Le projet de 3e ligne de m\u00e9tro est-il la solution \u00e0 la congestion chronique de l'agglom\u00e9ration ? - AUTATE\",\"isPartOf\":{\"@id\":\"https:\\\/\\\/autate.fr\\\/site\\\/#website\"},\"primaryImageOfPage\":{\"@id\":\"https:\\\/\\\/autate.fr\\\/site\\\/la-depeche-le-projet-de-3e-ligne-de-metro-est-il-la-solution-a-la-congestion-chronique-de-lagglomeration\\\/#primaryimage\"},\"image\":{\"@id\":\"https:\\\/\\\/autate.fr\\\/site\\\/la-depeche-le-projet-de-3e-ligne-de-metro-est-il-la-solution-a-la-congestion-chronique-de-lagglomeration\\\/#primaryimage\"},\"thumbnailUrl\":\"https:\\\/\\\/autate.fr\\\/site\\\/wp-content\\\/uploads\\\/2016\\\/08\\\/embouteillageavecbus.jpg\",\"datePublished\":\"2016-07-14T20:42:59+00:00\",\"dateModified\":\"2016-08-11T16:29:28+00:00\",\"breadcrumb\":{\"@id\":\"https:\\\/\\\/autate.fr\\\/site\\\/la-depeche-le-projet-de-3e-ligne-de-metro-est-il-la-solution-a-la-congestion-chronique-de-lagglomeration\\\/#breadcrumb\"},\"inLanguage\":\"fr-FR\",\"potentialAction\":[{\"@type\":\"ReadAction\",\"target\":[\"https:\\\/\\\/autate.fr\\\/site\\\/la-depeche-le-projet-de-3e-ligne-de-metro-est-il-la-solution-a-la-congestion-chronique-de-lagglomeration\\\/\"]}]},{\"@type\":\"ImageObject\",\"inLanguage\":\"fr-FR\",\"@id\":\"https:\\\/\\\/autate.fr\\\/site\\\/la-depeche-le-projet-de-3e-ligne-de-metro-est-il-la-solution-a-la-congestion-chronique-de-lagglomeration\\\/#primaryimage\",\"url\":\"https:\\\/\\\/autate.fr\\\/site\\\/wp-content\\\/uploads\\\/2016\\\/08\\\/embouteillageavecbus.jpg\",\"contentUrl\":\"https:\\\/\\\/autate.fr\\\/site\\\/wp-content\\\/uploads\\\/2016\\\/08\\\/embouteillageavecbus.jpg\",\"width\":650,\"height\":350},{\"@type\":\"BreadcrumbList\",\"@id\":\"https:\\\/\\\/autate.fr\\\/site\\\/la-depeche-le-projet-de-3e-ligne-de-metro-est-il-la-solution-a-la-congestion-chronique-de-lagglomeration\\\/#breadcrumb\",\"itemListElement\":[{\"@type\":\"ListItem\",\"position\":1,\"name\":\"Accueil\",\"item\":\"https:\\\/\\\/autate.fr\\\/site\\\/\"},{\"@type\":\"ListItem\",\"position\":2,\"name\":\"[La D\u00e9p\u00eache] Le projet de 3e ligne de m\u00e9tro est-il la solution \u00e0 la congestion chronique de l&rsquo;agglom\u00e9ration ?\"}]},{\"@type\":\"WebSite\",\"@id\":\"https:\\\/\\\/autate.fr\\\/site\\\/#website\",\"url\":\"https:\\\/\\\/autate.fr\\\/site\\\/\",\"name\":\"AUTATE\",\"description\":\"Association des usagers des transports de l&#039;agglom\u00e9ration Toulousaine et de ses environs\",\"publisher\":{\"@id\":\"https:\\\/\\\/autate.fr\\\/site\\\/#organization\"},\"potentialAction\":[{\"@type\":\"SearchAction\",\"target\":{\"@type\":\"EntryPoint\",\"urlTemplate\":\"https:\\\/\\\/autate.fr\\\/site\\\/?s={search_term_string}\"},\"query-input\":{\"@type\":\"PropertyValueSpecification\",\"valueRequired\":true,\"valueName\":\"search_term_string\"}}],\"inLanguage\":\"fr-FR\"},{\"@type\":\"Organization\",\"@id\":\"https:\\\/\\\/autate.fr\\\/site\\\/#organization\",\"name\":\"AUTATE\",\"url\":\"https:\\\/\\\/autate.fr\\\/site\\\/\",\"logo\":{\"@type\":\"ImageObject\",\"inLanguage\":\"fr-FR\",\"@id\":\"https:\\\/\\\/autate.fr\\\/site\\\/#\\\/schema\\\/logo\\\/image\\\/\",\"url\":\"http:\\\/\\\/autate.fr\\\/site\\\/wp-content\\\/uploads\\\/2019\\\/01\\\/logo.png\",\"contentUrl\":\"http:\\\/\\\/autate.fr\\\/site\\\/wp-content\\\/uploads\\\/2019\\\/01\\\/logo.png\",\"width\":506,\"height\":280,\"caption\":\"AUTATE\"},\"image\":{\"@id\":\"https:\\\/\\\/autate.fr\\\/site\\\/#\\\/schema\\\/logo\\\/image\\\/\"},\"sameAs\":[\"https:\\\/\\\/www.facebook.com\\\/AutateToulouse\",\"https:\\\/\\\/x.com\\\/AutateToulouse\"]},{\"@type\":\"Person\",\"@id\":\"https:\\\/\\\/autate.fr\\\/site\\\/#\\\/schema\\\/person\\\/ae1ab8bdaa7b41d2a9b52d2557ce8254\",\"name\":\"pascalbarbier\",\"image\":{\"@type\":\"ImageObject\",\"inLanguage\":\"fr-FR\",\"@id\":\"https:\\\/\\\/secure.gravatar.com\\\/avatar\\\/03f4e8ced09894b72c67e83142540730d4b3bbf619bf46341b0074e3bf5f08a0?s=96&d=mm&r=g\",\"url\":\"https:\\\/\\\/secure.gravatar.com\\\/avatar\\\/03f4e8ced09894b72c67e83142540730d4b3bbf619bf46341b0074e3bf5f08a0?s=96&d=mm&r=g\",\"contentUrl\":\"https:\\\/\\\/secure.gravatar.com\\\/avatar\\\/03f4e8ced09894b72c67e83142540730d4b3bbf619bf46341b0074e3bf5f08a0?s=96&d=mm&r=g\",\"caption\":\"pascalbarbier\"},\"url\":\"https:\\\/\\\/autate.fr\\\/site\\\/author\\\/pascalbarbier\\\/\"}]}<\/script>\n<!-- \/ Yoast SEO plugin. -->","yoast_head_json":{"title":"[La D\u00e9p\u00eache] Le projet de 3e ligne de m\u00e9tro est-il la solution \u00e0 la congestion chronique de l'agglom\u00e9ration ? - AUTATE","robots":{"index":"index","follow":"follow","max-snippet":"max-snippet:-1","max-image-preview":"max-image-preview:large","max-video-preview":"max-video-preview:-1"},"canonical":"https:\/\/autate.fr\/site\/la-depeche-le-projet-de-3e-ligne-de-metro-est-il-la-solution-a-la-congestion-chronique-de-lagglomeration\/","og_locale":"fr_FR","og_type":"article","og_title":"[La D\u00e9p\u00eache] Le projet de 3e ligne de m\u00e9tro est-il la solution \u00e0 la congestion chronique de l'agglom\u00e9ration ? - AUTATE","og_description":"Un article publi\u00e9 dans la D\u00e9p\u00eache du midi le 13 juillet 2016 (photo DDM Th.B) Neuf tables rondes avec 12 personnes assises autour de chacune d&rsquo;elles. La salle Pic du Midi de l&rsquo;h\u00f4tel Mercure-Compans a des allures studieuses, hier matin. Pr\u00e8s de 120 experts planchent sur le projet de 3e ligne de m\u00e9tro dans leVOIR PLUS","og_url":"https:\/\/autate.fr\/site\/la-depeche-le-projet-de-3e-ligne-de-metro-est-il-la-solution-a-la-congestion-chronique-de-lagglomeration\/","og_site_name":"AUTATE","article_publisher":"https:\/\/www.facebook.com\/AutateToulouse","article_published_time":"2016-07-14T20:42:59+00:00","article_modified_time":"2016-08-11T16:29:28+00:00","og_image":[{"width":650,"height":350,"url":"https:\/\/autate.fr\/site\/wp-content\/uploads\/2016\/08\/embouteillageavecbus.jpg","type":"image\/jpeg"}],"author":"pascalbarbier","twitter_card":"summary_large_image","twitter_creator":"@AutateToulouse","twitter_site":"@AutateToulouse","twitter_misc":{"\u00c9crit par":"pascalbarbier","Dur\u00e9e de lecture estim\u00e9e":"1 minute"},"schema":{"@context":"https:\/\/schema.org","@graph":[{"@type":"Article","@id":"https:\/\/autate.fr\/site\/la-depeche-le-projet-de-3e-ligne-de-metro-est-il-la-solution-a-la-congestion-chronique-de-lagglomeration\/#article","isPartOf":{"@id":"https:\/\/autate.fr\/site\/la-depeche-le-projet-de-3e-ligne-de-metro-est-il-la-solution-a-la-congestion-chronique-de-lagglomeration\/"},"author":{"name":"pascalbarbier","@id":"https:\/\/autate.fr\/site\/#\/schema\/person\/ae1ab8bdaa7b41d2a9b52d2557ce8254"},"headline":"[La D\u00e9p\u00eache] Le projet de 3e ligne de m\u00e9tro est-il la solution \u00e0 la congestion chronique de l&rsquo;agglom\u00e9ration ?","datePublished":"2016-07-14T20:42:59+00:00","dateModified":"2016-08-11T16:29:28+00:00","mainEntityOfPage":{"@id":"https:\/\/autate.fr\/site\/la-depeche-le-projet-de-3e-ligne-de-metro-est-il-la-solution-a-la-congestion-chronique-de-lagglomeration\/"},"wordCount":169,"commentCount":0,"publisher":{"@id":"https:\/\/autate.fr\/site\/#organization"},"image":{"@id":"https:\/\/autate.fr\/site\/la-depeche-le-projet-de-3e-ligne-de-metro-est-il-la-solution-a-la-congestion-chronique-de-lagglomeration\/#primaryimage"},"thumbnailUrl":"https:\/\/autate.fr\/site\/wp-content\/uploads\/2016\/08\/embouteillageavecbus.jpg","keywords":["3\u00e8me ligne m\u00e9tro","CNDP","J.Archimbaud","JM.Lattes","m\u00e9tro","TAE"],"articleSection":["Revue de presse"],"inLanguage":"fr-FR","potentialAction":[{"@type":"CommentAction","name":"Comment","target":["https:\/\/autate.fr\/site\/la-depeche-le-projet-de-3e-ligne-de-metro-est-il-la-solution-a-la-congestion-chronique-de-lagglomeration\/#respond"]}]},{"@type":"WebPage","@id":"https:\/\/autate.fr\/site\/la-depeche-le-projet-de-3e-ligne-de-metro-est-il-la-solution-a-la-congestion-chronique-de-lagglomeration\/","url":"https:\/\/autate.fr\/site\/la-depeche-le-projet-de-3e-ligne-de-metro-est-il-la-solution-a-la-congestion-chronique-de-lagglomeration\/","name":"[La D\u00e9p\u00eache] Le projet de 3e ligne de m\u00e9tro est-il la solution \u00e0 la congestion chronique de l'agglom\u00e9ration ? - AUTATE","isPartOf":{"@id":"https:\/\/autate.fr\/site\/#website"},"primaryImageOfPage":{"@id":"https:\/\/autate.fr\/site\/la-depeche-le-projet-de-3e-ligne-de-metro-est-il-la-solution-a-la-congestion-chronique-de-lagglomeration\/#primaryimage"},"image":{"@id":"https:\/\/autate.fr\/site\/la-depeche-le-projet-de-3e-ligne-de-metro-est-il-la-solution-a-la-congestion-chronique-de-lagglomeration\/#primaryimage"},"thumbnailUrl":"https:\/\/autate.fr\/site\/wp-content\/uploads\/2016\/08\/embouteillageavecbus.jpg","datePublished":"2016-07-14T20:42:59+00:00","dateModified":"2016-08-11T16:29:28+00:00","breadcrumb":{"@id":"https:\/\/autate.fr\/site\/la-depeche-le-projet-de-3e-ligne-de-metro-est-il-la-solution-a-la-congestion-chronique-de-lagglomeration\/#breadcrumb"},"inLanguage":"fr-FR","potentialAction":[{"@type":"ReadAction","target":["https:\/\/autate.fr\/site\/la-depeche-le-projet-de-3e-ligne-de-metro-est-il-la-solution-a-la-congestion-chronique-de-lagglomeration\/"]}]},{"@type":"ImageObject","inLanguage":"fr-FR","@id":"https:\/\/autate.fr\/site\/la-depeche-le-projet-de-3e-ligne-de-metro-est-il-la-solution-a-la-congestion-chronique-de-lagglomeration\/#primaryimage","url":"https:\/\/autate.fr\/site\/wp-content\/uploads\/2016\/08\/embouteillageavecbus.jpg","contentUrl":"https:\/\/autate.fr\/site\/wp-content\/uploads\/2016\/08\/embouteillageavecbus.jpg","width":650,"height":350},{"@type":"BreadcrumbList","@id":"https:\/\/autate.fr\/site\/la-depeche-le-projet-de-3e-ligne-de-metro-est-il-la-solution-a-la-congestion-chronique-de-lagglomeration\/#breadcrumb","itemListElement":[{"@type":"ListItem","position":1,"name":"Accueil","item":"https:\/\/autate.fr\/site\/"},{"@type":"ListItem","position":2,"name":"[La D\u00e9p\u00eache] Le projet de 3e ligne de m\u00e9tro est-il la solution \u00e0 la congestion chronique de l&rsquo;agglom\u00e9ration ?"}]},{"@type":"WebSite","@id":"https:\/\/autate.fr\/site\/#website","url":"https:\/\/autate.fr\/site\/","name":"AUTATE","description":"Association des usagers des transports de l&#039;agglom\u00e9ration Toulousaine et de ses environs","publisher":{"@id":"https:\/\/autate.fr\/site\/#organization"},"potentialAction":[{"@type":"SearchAction","target":{"@type":"EntryPoint","urlTemplate":"https:\/\/autate.fr\/site\/?s={search_term_string}"},"query-input":{"@type":"PropertyValueSpecification","valueRequired":true,"valueName":"search_term_string"}}],"inLanguage":"fr-FR"},{"@type":"Organization","@id":"https:\/\/autate.fr\/site\/#organization","name":"AUTATE","url":"https:\/\/autate.fr\/site\/","logo":{"@type":"ImageObject","inLanguage":"fr-FR","@id":"https:\/\/autate.fr\/site\/#\/schema\/logo\/image\/","url":"http:\/\/autate.fr\/site\/wp-content\/uploads\/2019\/01\/logo.png","contentUrl":"http:\/\/autate.fr\/site\/wp-content\/uploads\/2019\/01\/logo.png","width":506,"height":280,"caption":"AUTATE"},"image":{"@id":"https:\/\/autate.fr\/site\/#\/schema\/logo\/image\/"},"sameAs":["https:\/\/www.facebook.com\/AutateToulouse","https:\/\/x.com\/AutateToulouse"]},{"@type":"Person","@id":"https:\/\/autate.fr\/site\/#\/schema\/person\/ae1ab8bdaa7b41d2a9b52d2557ce8254","name":"pascalbarbier","image":{"@type":"ImageObject","inLanguage":"fr-FR","@id":"https:\/\/secure.gravatar.com\/avatar\/03f4e8ced09894b72c67e83142540730d4b3bbf619bf46341b0074e3bf5f08a0?s=96&d=mm&r=g","url":"https:\/\/secure.gravatar.com\/avatar\/03f4e8ced09894b72c67e83142540730d4b3bbf619bf46341b0074e3bf5f08a0?s=96&d=mm&r=g","contentUrl":"https:\/\/secure.gravatar.com\/avatar\/03f4e8ced09894b72c67e83142540730d4b3bbf619bf46341b0074e3bf5f08a0?s=96&d=mm&r=g","caption":"pascalbarbier"},"url":"https:\/\/autate.fr\/site\/author\/pascalbarbier\/"}]}},"_links":{"self":[{"href":"https:\/\/autate.fr\/site\/wp-json\/wp\/v2\/posts\/744","targetHints":{"allow":["GET"]}}],"collection":[{"href":"https:\/\/autate.fr\/site\/wp-json\/wp\/v2\/posts"}],"about":[{"href":"https:\/\/autate.fr\/site\/wp-json\/wp\/v2\/types\/post"}],"author":[{"embeddable":true,"href":"https:\/\/autate.fr\/site\/wp-json\/wp\/v2\/users\/1"}],"replies":[{"embeddable":true,"href":"https:\/\/autate.fr\/site\/wp-json\/wp\/v2\/comments?post=744"}],"version-history":[{"count":2,"href":"https:\/\/autate.fr\/site\/wp-json\/wp\/v2\/posts\/744\/revisions"}],"predecessor-version":[{"id":747,"href":"https:\/\/autate.fr\/site\/wp-json\/wp\/v2\/posts\/744\/revisions\/747"}],"wp:featuredmedia":[{"embeddable":true,"href":"https:\/\/autate.fr\/site\/wp-json\/wp\/v2\/media\/745"}],"wp:attachment":[{"href":"https:\/\/autate.fr\/site\/wp-json\/wp\/v2\/media?parent=744"}],"wp:term":[{"taxonomy":"category","embeddable":true,"href":"https:\/\/autate.fr\/site\/wp-json\/wp\/v2\/categories?post=744"},{"taxonomy":"post_tag","embeddable":true,"href":"https:\/\/autate.fr\/site\/wp-json\/wp\/v2\/tags?post=744"}],"curies":[{"name":"wp","href":"https:\/\/api.w.org\/{rel}","templated":true}]}}