{"id":738,"date":"2016-07-09T22:31:23","date_gmt":"2016-07-09T20:31:23","guid":{"rendered":"http:\/\/autate.fr\/site\/?p=738"},"modified":"2016-08-09T22:36:24","modified_gmt":"2016-08-09T20:36:24","slug":"cote-toulouse-tisseo-va-changer-les-tarifs-pour-les-jeunes-et-les-seniors-en-janvier-2017","status":"publish","type":"post","link":"https:\/\/autate.fr\/site\/cote-toulouse-tisseo-va-changer-les-tarifs-pour-les-jeunes-et-les-seniors-en-janvier-2017\/","title":{"rendered":"[C\u00f4t\u00e9 Toulouse] Tiss\u00e9o va changer les tarifs pour les jeunes et les seniors en janvier 2017"},"content":{"rendered":"<p>Un article de David St-Sernin publi\u00e9 dans Actu C\u00f4t\u00e9 Toulouse le 8 juillet 2016 (Photo Tiss\u00e9o)<\/p>\n<h2 class=\"bigger mts mbs\" data-role=\"chapo\">C&rsquo;est en janvier 2017 que Tiss\u00e9o va faire \u00e9voluer les tarifs pour les jeunes et les seniors sur le r\u00e9seau des transports en commun de l&rsquo;agglom\u00e9ration de Toulouse. Les explications.<\/h2>\n<p>Les tarifs des transports en commun vont bouger \u00e0 Toulouse, et c\u2019est pour le d\u00e9but de l\u2019ann\u00e9e 2017 que le changement est pr\u00e9vu.<\/p>\n<p>D\u2019ici l\u2019automne 2016, l\u2019introduction de la tarification sociale, et donc l\u2019\u00e9volution de certains tarifs pr\u00e9f\u00e9rentiels tels que ceux d\u00e9volus aux jeunes de moins de 25 ans (ils payent 10 euros par mois) et aux seniors (les plus de 65 ans ne payent pas les transports en commun), va \u00eatre inscrite au menu des r\u00e9unions de Tiss\u00e9o.<\/p>\n<p><strong><a href=\"http:\/\/actu.cotetoulouse.fr\/tisseo-va-changer-tarifs-pour-jeunes-seniors-mois-janvier-2017_40398\/\" target=\"_blank\">lire la suite<\/a><\/strong><\/p>\n","protected":false},"excerpt":{"rendered":"<p>Un article de David St-Sernin publi\u00e9 dans Actu C\u00f4t\u00e9 Toulouse le 8 juillet 2016 (Photo Tiss\u00e9o) C&rsquo;est en janvier 2017 que Tiss\u00e9o va faire \u00e9voluer les tarifs pour les jeunes et les seniors sur le r\u00e9seau des transports en commun de l&rsquo;agglom\u00e9ration de Toulouse. Les explications. Les tarifs des transports en commun vont bouger \u00e0<\/p>\n<p class=\"more-link\"><a href=\"https:\/\/autate.fr\/site\/cote-toulouse-tisseo-va-changer-les-tarifs-pour-les-jeunes-et-les-seniors-en-janvier-2017\/\" class=\"themebutton2\">VOIR PLUS<\/a><\/p>\n","protected":false},"author":1,"featured_media":722,"comment_status":"open","ping_status":"open","sticky":false,"template":"","format":"standard","meta":{"footnotes":""},"categories":[7],"tags":[229,209,93,228,207,46],"class_list":["post-738","post","type-post","status-publish","format-standard","has-post-thumbnail","hentry","category-revue-de-presse","tag-jeunes","tag-seniors","tag-smtc","tag-tarification","tag-tarifs","tag-tisseo"],"yoast_head":"<!-- This site is optimized with the Yoast SEO plugin v27.4 - https:\/\/yoast.com\/product\/yoast-seo-wordpress\/ -->\n<title>[C\u00f4t\u00e9 Toulouse] Tiss\u00e9o va changer les tarifs pour les jeunes et les seniors en janvier 2017 - AUTATE<\/title>\n<meta name=\"robots\" content=\"index, follow, max-snippet:-1, max-image-preview:large, max-video-preview:-1\" \/>\n<link rel=\"canonical\" href=\"https:\/\/autate.fr\/site\/cote-toulouse-tisseo-va-changer-les-tarifs-pour-les-jeunes-et-les-seniors-en-janvier-2017\/\" \/>\n<meta property=\"og:locale\" content=\"fr_FR\" \/>\n<meta property=\"og:type\" content=\"article\" \/>\n<meta property=\"og:title\" content=\"[C\u00f4t\u00e9 Toulouse] Tiss\u00e9o va changer les tarifs pour les jeunes et les seniors en janvier 2017 - AUTATE\" \/>\n<meta property=\"og:description\" content=\"Un article de David St-Sernin publi\u00e9 dans Actu C\u00f4t\u00e9 Toulouse le 8 juillet 2016 (Photo Tiss\u00e9o) C&rsquo;est en janvier 2017 que Tiss\u00e9o va faire \u00e9voluer les tarifs pour les jeunes et les seniors sur le r\u00e9seau des transports en commun de l&rsquo;agglom\u00e9ration de Toulouse. Les explications. Les tarifs des transports en commun vont bouger \u00e0VOIR PLUS\" \/>\n<meta property=\"og:url\" content=\"https:\/\/autate.fr\/site\/cote-toulouse-tisseo-va-changer-les-tarifs-pour-les-jeunes-et-les-seniors-en-janvier-2017\/\" \/>\n<meta property=\"og:site_name\" content=\"AUTATE\" \/>\n<meta property=\"article:publisher\" content=\"https:\/\/www.facebook.com\/AutateToulouse\" \/>\n<meta property=\"article:published_time\" content=\"2016-07-09T20:31:23+00:00\" \/>\n<meta property=\"article:modified_time\" content=\"2016-08-09T20:36:24+00:00\" \/>\n<meta property=\"og:image\" content=\"https:\/\/autate.fr\/site\/wp-content\/uploads\/2016\/08\/clientele-tisseo-630x0.jpg\" \/>\n\t<meta property=\"og:image:width\" content=\"630\" \/>\n\t<meta property=\"og:image:height\" content=\"412\" \/>\n\t<meta property=\"og:image:type\" content=\"image\/jpeg\" \/>\n<meta name=\"author\" content=\"pascalbarbier\" \/>\n<meta name=\"twitter:card\" content=\"summary_large_image\" \/>\n<meta name=\"twitter:creator\" content=\"@AutateToulouse\" \/>\n<meta name=\"twitter:site\" content=\"@AutateToulouse\" \/>\n<meta name=\"twitter:label1\" content=\"\u00c9crit par\" \/>\n\t<meta name=\"twitter:data1\" content=\"pascalbarbier\" \/>\n\t<meta name=\"twitter:label2\" content=\"Dur\u00e9e de lecture estim\u00e9e\" \/>\n\t<meta name=\"twitter:data2\" content=\"1 minute\" \/>\n<script type=\"application\/ld+json\" class=\"yoast-schema-graph\">{\"@context\":\"https:\\\/\\\/schema.org\",\"@graph\":[{\"@type\":\"Article\",\"@id\":\"https:\\\/\\\/autate.fr\\\/site\\\/cote-toulouse-tisseo-va-changer-les-tarifs-pour-les-jeunes-et-les-seniors-en-janvier-2017\\\/#article\",\"isPartOf\":{\"@id\":\"https:\\\/\\\/autate.fr\\\/site\\\/cote-toulouse-tisseo-va-changer-les-tarifs-pour-les-jeunes-et-les-seniors-en-janvier-2017\\\/\"},\"author\":{\"name\":\"pascalbarbier\",\"@id\":\"https:\\\/\\\/autate.fr\\\/site\\\/#\\\/schema\\\/person\\\/ae1ab8bdaa7b41d2a9b52d2557ce8254\"},\"headline\":\"[C\u00f4t\u00e9 Toulouse] Tiss\u00e9o va changer les tarifs pour les jeunes et les seniors en janvier 2017\",\"datePublished\":\"2016-07-09T20:31:23+00:00\",\"dateModified\":\"2016-08-09T20:36:24+00:00\",\"mainEntityOfPage\":{\"@id\":\"https:\\\/\\\/autate.fr\\\/site\\\/cote-toulouse-tisseo-va-changer-les-tarifs-pour-les-jeunes-et-les-seniors-en-janvier-2017\\\/\"},\"wordCount\":155,\"commentCount\":0,\"publisher\":{\"@id\":\"https:\\\/\\\/autate.fr\\\/site\\\/#organization\"},\"image\":{\"@id\":\"https:\\\/\\\/autate.fr\\\/site\\\/cote-toulouse-tisseo-va-changer-les-tarifs-pour-les-jeunes-et-les-seniors-en-janvier-2017\\\/#primaryimage\"},\"thumbnailUrl\":\"https:\\\/\\\/autate.fr\\\/site\\\/wp-content\\\/uploads\\\/2016\\\/08\\\/clientele-tisseo-630x0.jpg\",\"keywords\":[\"jeunes\",\"seniors\",\"SMTC\",\"tarification\",\"tarifs\",\"Tiss\u00e9o\"],\"articleSection\":[\"Revue de presse\"],\"inLanguage\":\"fr-FR\",\"potentialAction\":[{\"@type\":\"CommentAction\",\"name\":\"Comment\",\"target\":[\"https:\\\/\\\/autate.fr\\\/site\\\/cote-toulouse-tisseo-va-changer-les-tarifs-pour-les-jeunes-et-les-seniors-en-janvier-2017\\\/#respond\"]}]},{\"@type\":\"WebPage\",\"@id\":\"https:\\\/\\\/autate.fr\\\/site\\\/cote-toulouse-tisseo-va-changer-les-tarifs-pour-les-jeunes-et-les-seniors-en-janvier-2017\\\/\",\"url\":\"https:\\\/\\\/autate.fr\\\/site\\\/cote-toulouse-tisseo-va-changer-les-tarifs-pour-les-jeunes-et-les-seniors-en-janvier-2017\\\/\",\"name\":\"[C\u00f4t\u00e9 Toulouse] Tiss\u00e9o va changer les tarifs pour les jeunes et les seniors en janvier 2017 - AUTATE\",\"isPartOf\":{\"@id\":\"https:\\\/\\\/autate.fr\\\/site\\\/#website\"},\"primaryImageOfPage\":{\"@id\":\"https:\\\/\\\/autate.fr\\\/site\\\/cote-toulouse-tisseo-va-changer-les-tarifs-pour-les-jeunes-et-les-seniors-en-janvier-2017\\\/#primaryimage\"},\"image\":{\"@id\":\"https:\\\/\\\/autate.fr\\\/site\\\/cote-toulouse-tisseo-va-changer-les-tarifs-pour-les-jeunes-et-les-seniors-en-janvier-2017\\\/#primaryimage\"},\"thumbnailUrl\":\"https:\\\/\\\/autate.fr\\\/site\\\/wp-content\\\/uploads\\\/2016\\\/08\\\/clientele-tisseo-630x0.jpg\",\"datePublished\":\"2016-07-09T20:31:23+00:00\",\"dateModified\":\"2016-08-09T20:36:24+00:00\",\"breadcrumb\":{\"@id\":\"https:\\\/\\\/autate.fr\\\/site\\\/cote-toulouse-tisseo-va-changer-les-tarifs-pour-les-jeunes-et-les-seniors-en-janvier-2017\\\/#breadcrumb\"},\"inLanguage\":\"fr-FR\",\"potentialAction\":[{\"@type\":\"ReadAction\",\"target\":[\"https:\\\/\\\/autate.fr\\\/site\\\/cote-toulouse-tisseo-va-changer-les-tarifs-pour-les-jeunes-et-les-seniors-en-janvier-2017\\\/\"]}]},{\"@type\":\"ImageObject\",\"inLanguage\":\"fr-FR\",\"@id\":\"https:\\\/\\\/autate.fr\\\/site\\\/cote-toulouse-tisseo-va-changer-les-tarifs-pour-les-jeunes-et-les-seniors-en-janvier-2017\\\/#primaryimage\",\"url\":\"https:\\\/\\\/autate.fr\\\/site\\\/wp-content\\\/uploads\\\/2016\\\/08\\\/clientele-tisseo-630x0.jpg\",\"contentUrl\":\"https:\\\/\\\/autate.fr\\\/site\\\/wp-content\\\/uploads\\\/2016\\\/08\\\/clientele-tisseo-630x0.jpg\",\"width\":630,\"height\":412},{\"@type\":\"BreadcrumbList\",\"@id\":\"https:\\\/\\\/autate.fr\\\/site\\\/cote-toulouse-tisseo-va-changer-les-tarifs-pour-les-jeunes-et-les-seniors-en-janvier-2017\\\/#breadcrumb\",\"itemListElement\":[{\"@type\":\"ListItem\",\"position\":1,\"name\":\"Accueil\",\"item\":\"https:\\\/\\\/autate.fr\\\/site\\\/\"},{\"@type\":\"ListItem\",\"position\":2,\"name\":\"[C\u00f4t\u00e9 Toulouse] Tiss\u00e9o va changer les tarifs pour les jeunes et les seniors en janvier 2017\"}]},{\"@type\":\"WebSite\",\"@id\":\"https:\\\/\\\/autate.fr\\\/site\\\/#website\",\"url\":\"https:\\\/\\\/autate.fr\\\/site\\\/\",\"name\":\"AUTATE\",\"description\":\"Association des usagers des transports de l&#039;agglom\u00e9ration Toulousaine et de ses environs\",\"publisher\":{\"@id\":\"https:\\\/\\\/autate.fr\\\/site\\\/#organization\"},\"potentialAction\":[{\"@type\":\"SearchAction\",\"target\":{\"@type\":\"EntryPoint\",\"urlTemplate\":\"https:\\\/\\\/autate.fr\\\/site\\\/?s={search_term_string}\"},\"query-input\":{\"@type\":\"PropertyValueSpecification\",\"valueRequired\":true,\"valueName\":\"search_term_string\"}}],\"inLanguage\":\"fr-FR\"},{\"@type\":\"Organization\",\"@id\":\"https:\\\/\\\/autate.fr\\\/site\\\/#organization\",\"name\":\"AUTATE\",\"url\":\"https:\\\/\\\/autate.fr\\\/site\\\/\",\"logo\":{\"@type\":\"ImageObject\",\"inLanguage\":\"fr-FR\",\"@id\":\"https:\\\/\\\/autate.fr\\\/site\\\/#\\\/schema\\\/logo\\\/image\\\/\",\"url\":\"http:\\\/\\\/autate.fr\\\/site\\\/wp-content\\\/uploads\\\/2019\\\/01\\\/logo.png\",\"contentUrl\":\"http:\\\/\\\/autate.fr\\\/site\\\/wp-content\\\/uploads\\\/2019\\\/01\\\/logo.png\",\"width\":506,\"height\":280,\"caption\":\"AUTATE\"},\"image\":{\"@id\":\"https:\\\/\\\/autate.fr\\\/site\\\/#\\\/schema\\\/logo\\\/image\\\/\"},\"sameAs\":[\"https:\\\/\\\/www.facebook.com\\\/AutateToulouse\",\"https:\\\/\\\/x.com\\\/AutateToulouse\"]},{\"@type\":\"Person\",\"@id\":\"https:\\\/\\\/autate.fr\\\/site\\\/#\\\/schema\\\/person\\\/ae1ab8bdaa7b41d2a9b52d2557ce8254\",\"name\":\"pascalbarbier\",\"image\":{\"@type\":\"ImageObject\",\"inLanguage\":\"fr-FR\",\"@id\":\"https:\\\/\\\/secure.gravatar.com\\\/avatar\\\/03f4e8ced09894b72c67e83142540730d4b3bbf619bf46341b0074e3bf5f08a0?s=96&d=mm&r=g\",\"url\":\"https:\\\/\\\/secure.gravatar.com\\\/avatar\\\/03f4e8ced09894b72c67e83142540730d4b3bbf619bf46341b0074e3bf5f08a0?s=96&d=mm&r=g\",\"contentUrl\":\"https:\\\/\\\/secure.gravatar.com\\\/avatar\\\/03f4e8ced09894b72c67e83142540730d4b3bbf619bf46341b0074e3bf5f08a0?s=96&d=mm&r=g\",\"caption\":\"pascalbarbier\"},\"url\":\"https:\\\/\\\/autate.fr\\\/site\\\/author\\\/pascalbarbier\\\/\"}]}<\/script>\n<!-- \/ Yoast SEO plugin. -->","yoast_head_json":{"title":"[C\u00f4t\u00e9 Toulouse] Tiss\u00e9o va changer les tarifs pour les jeunes et les seniors en janvier 2017 - AUTATE","robots":{"index":"index","follow":"follow","max-snippet":"max-snippet:-1","max-image-preview":"max-image-preview:large","max-video-preview":"max-video-preview:-1"},"canonical":"https:\/\/autate.fr\/site\/cote-toulouse-tisseo-va-changer-les-tarifs-pour-les-jeunes-et-les-seniors-en-janvier-2017\/","og_locale":"fr_FR","og_type":"article","og_title":"[C\u00f4t\u00e9 Toulouse] Tiss\u00e9o va changer les tarifs pour les jeunes et les seniors en janvier 2017 - AUTATE","og_description":"Un article de David St-Sernin publi\u00e9 dans Actu C\u00f4t\u00e9 Toulouse le 8 juillet 2016 (Photo Tiss\u00e9o) C&rsquo;est en janvier 2017 que Tiss\u00e9o va faire \u00e9voluer les tarifs pour les jeunes et les seniors sur le r\u00e9seau des transports en commun de l&rsquo;agglom\u00e9ration de Toulouse. Les explications. Les tarifs des transports en commun vont bouger \u00e0VOIR PLUS","og_url":"https:\/\/autate.fr\/site\/cote-toulouse-tisseo-va-changer-les-tarifs-pour-les-jeunes-et-les-seniors-en-janvier-2017\/","og_site_name":"AUTATE","article_publisher":"https:\/\/www.facebook.com\/AutateToulouse","article_published_time":"2016-07-09T20:31:23+00:00","article_modified_time":"2016-08-09T20:36:24+00:00","og_image":[{"width":630,"height":412,"url":"https:\/\/autate.fr\/site\/wp-content\/uploads\/2016\/08\/clientele-tisseo-630x0.jpg","type":"image\/jpeg"}],"author":"pascalbarbier","twitter_card":"summary_large_image","twitter_creator":"@AutateToulouse","twitter_site":"@AutateToulouse","twitter_misc":{"\u00c9crit par":"pascalbarbier","Dur\u00e9e de lecture estim\u00e9e":"1 minute"},"schema":{"@context":"https:\/\/schema.org","@graph":[{"@type":"Article","@id":"https:\/\/autate.fr\/site\/cote-toulouse-tisseo-va-changer-les-tarifs-pour-les-jeunes-et-les-seniors-en-janvier-2017\/#article","isPartOf":{"@id":"https:\/\/autate.fr\/site\/cote-toulouse-tisseo-va-changer-les-tarifs-pour-les-jeunes-et-les-seniors-en-janvier-2017\/"},"author":{"name":"pascalbarbier","@id":"https:\/\/autate.fr\/site\/#\/schema\/person\/ae1ab8bdaa7b41d2a9b52d2557ce8254"},"headline":"[C\u00f4t\u00e9 Toulouse] Tiss\u00e9o va changer les tarifs pour les jeunes et les seniors en janvier 2017","datePublished":"2016-07-09T20:31:23+00:00","dateModified":"2016-08-09T20:36:24+00:00","mainEntityOfPage":{"@id":"https:\/\/autate.fr\/site\/cote-toulouse-tisseo-va-changer-les-tarifs-pour-les-jeunes-et-les-seniors-en-janvier-2017\/"},"wordCount":155,"commentCount":0,"publisher":{"@id":"https:\/\/autate.fr\/site\/#organization"},"image":{"@id":"https:\/\/autate.fr\/site\/cote-toulouse-tisseo-va-changer-les-tarifs-pour-les-jeunes-et-les-seniors-en-janvier-2017\/#primaryimage"},"thumbnailUrl":"https:\/\/autate.fr\/site\/wp-content\/uploads\/2016\/08\/clientele-tisseo-630x0.jpg","keywords":["jeunes","seniors","SMTC","tarification","tarifs","Tiss\u00e9o"],"articleSection":["Revue de presse"],"inLanguage":"fr-FR","potentialAction":[{"@type":"CommentAction","name":"Comment","target":["https:\/\/autate.fr\/site\/cote-toulouse-tisseo-va-changer-les-tarifs-pour-les-jeunes-et-les-seniors-en-janvier-2017\/#respond"]}]},{"@type":"WebPage","@id":"https:\/\/autate.fr\/site\/cote-toulouse-tisseo-va-changer-les-tarifs-pour-les-jeunes-et-les-seniors-en-janvier-2017\/","url":"https:\/\/autate.fr\/site\/cote-toulouse-tisseo-va-changer-les-tarifs-pour-les-jeunes-et-les-seniors-en-janvier-2017\/","name":"[C\u00f4t\u00e9 Toulouse] Tiss\u00e9o va changer les tarifs pour les jeunes et les seniors en janvier 2017 - AUTATE","isPartOf":{"@id":"https:\/\/autate.fr\/site\/#website"},"primaryImageOfPage":{"@id":"https:\/\/autate.fr\/site\/cote-toulouse-tisseo-va-changer-les-tarifs-pour-les-jeunes-et-les-seniors-en-janvier-2017\/#primaryimage"},"image":{"@id":"https:\/\/autate.fr\/site\/cote-toulouse-tisseo-va-changer-les-tarifs-pour-les-jeunes-et-les-seniors-en-janvier-2017\/#primaryimage"},"thumbnailUrl":"https:\/\/autate.fr\/site\/wp-content\/uploads\/2016\/08\/clientele-tisseo-630x0.jpg","datePublished":"2016-07-09T20:31:23+00:00","dateModified":"2016-08-09T20:36:24+00:00","breadcrumb":{"@id":"https:\/\/autate.fr\/site\/cote-toulouse-tisseo-va-changer-les-tarifs-pour-les-jeunes-et-les-seniors-en-janvier-2017\/#breadcrumb"},"inLanguage":"fr-FR","potentialAction":[{"@type":"ReadAction","target":["https:\/\/autate.fr\/site\/cote-toulouse-tisseo-va-changer-les-tarifs-pour-les-jeunes-et-les-seniors-en-janvier-2017\/"]}]},{"@type":"ImageObject","inLanguage":"fr-FR","@id":"https:\/\/autate.fr\/site\/cote-toulouse-tisseo-va-changer-les-tarifs-pour-les-jeunes-et-les-seniors-en-janvier-2017\/#primaryimage","url":"https:\/\/autate.fr\/site\/wp-content\/uploads\/2016\/08\/clientele-tisseo-630x0.jpg","contentUrl":"https:\/\/autate.fr\/site\/wp-content\/uploads\/2016\/08\/clientele-tisseo-630x0.jpg","width":630,"height":412},{"@type":"BreadcrumbList","@id":"https:\/\/autate.fr\/site\/cote-toulouse-tisseo-va-changer-les-tarifs-pour-les-jeunes-et-les-seniors-en-janvier-2017\/#breadcrumb","itemListElement":[{"@type":"ListItem","position":1,"name":"Accueil","item":"https:\/\/autate.fr\/site\/"},{"@type":"ListItem","position":2,"name":"[C\u00f4t\u00e9 Toulouse] Tiss\u00e9o va changer les tarifs pour les jeunes et les seniors en janvier 2017"}]},{"@type":"WebSite","@id":"https:\/\/autate.fr\/site\/#website","url":"https:\/\/autate.fr\/site\/","name":"AUTATE","description":"Association des usagers des transports de l&#039;agglom\u00e9ration Toulousaine et de ses environs","publisher":{"@id":"https:\/\/autate.fr\/site\/#organization"},"potentialAction":[{"@type":"SearchAction","target":{"@type":"EntryPoint","urlTemplate":"https:\/\/autate.fr\/site\/?s={search_term_string}"},"query-input":{"@type":"PropertyValueSpecification","valueRequired":true,"valueName":"search_term_string"}}],"inLanguage":"fr-FR"},{"@type":"Organization","@id":"https:\/\/autate.fr\/site\/#organization","name":"AUTATE","url":"https:\/\/autate.fr\/site\/","logo":{"@type":"ImageObject","inLanguage":"fr-FR","@id":"https:\/\/autate.fr\/site\/#\/schema\/logo\/image\/","url":"http:\/\/autate.fr\/site\/wp-content\/uploads\/2019\/01\/logo.png","contentUrl":"http:\/\/autate.fr\/site\/wp-content\/uploads\/2019\/01\/logo.png","width":506,"height":280,"caption":"AUTATE"},"image":{"@id":"https:\/\/autate.fr\/site\/#\/schema\/logo\/image\/"},"sameAs":["https:\/\/www.facebook.com\/AutateToulouse","https:\/\/x.com\/AutateToulouse"]},{"@type":"Person","@id":"https:\/\/autate.fr\/site\/#\/schema\/person\/ae1ab8bdaa7b41d2a9b52d2557ce8254","name":"pascalbarbier","image":{"@type":"ImageObject","inLanguage":"fr-FR","@id":"https:\/\/secure.gravatar.com\/avatar\/03f4e8ced09894b72c67e83142540730d4b3bbf619bf46341b0074e3bf5f08a0?s=96&d=mm&r=g","url":"https:\/\/secure.gravatar.com\/avatar\/03f4e8ced09894b72c67e83142540730d4b3bbf619bf46341b0074e3bf5f08a0?s=96&d=mm&r=g","contentUrl":"https:\/\/secure.gravatar.com\/avatar\/03f4e8ced09894b72c67e83142540730d4b3bbf619bf46341b0074e3bf5f08a0?s=96&d=mm&r=g","caption":"pascalbarbier"},"url":"https:\/\/autate.fr\/site\/author\/pascalbarbier\/"}]}},"_links":{"self":[{"href":"https:\/\/autate.fr\/site\/wp-json\/wp\/v2\/posts\/738","targetHints":{"allow":["GET"]}}],"collection":[{"href":"https:\/\/autate.fr\/site\/wp-json\/wp\/v2\/posts"}],"about":[{"href":"https:\/\/autate.fr\/site\/wp-json\/wp\/v2\/types\/post"}],"author":[{"embeddable":true,"href":"https:\/\/autate.fr\/site\/wp-json\/wp\/v2\/users\/1"}],"replies":[{"embeddable":true,"href":"https:\/\/autate.fr\/site\/wp-json\/wp\/v2\/comments?post=738"}],"version-history":[{"count":1,"href":"https:\/\/autate.fr\/site\/wp-json\/wp\/v2\/posts\/738\/revisions"}],"predecessor-version":[{"id":739,"href":"https:\/\/autate.fr\/site\/wp-json\/wp\/v2\/posts\/738\/revisions\/739"}],"wp:featuredmedia":[{"embeddable":true,"href":"https:\/\/autate.fr\/site\/wp-json\/wp\/v2\/media\/722"}],"wp:attachment":[{"href":"https:\/\/autate.fr\/site\/wp-json\/wp\/v2\/media?parent=738"}],"wp:term":[{"taxonomy":"category","embeddable":true,"href":"https:\/\/autate.fr\/site\/wp-json\/wp\/v2\/categories?post=738"},{"taxonomy":"post_tag","embeddable":true,"href":"https:\/\/autate.fr\/site\/wp-json\/wp\/v2\/tags?post=738"}],"curies":[{"name":"wp","href":"https:\/\/api.w.org\/{rel}","templated":true}]}}