{"id":73,"date":"2015-12-02T00:05:11","date_gmt":"2015-12-01T23:05:11","guid":{"rendered":"http:\/\/autate.fr\/site\/?p=73"},"modified":"2015-12-26T15:11:29","modified_gmt":"2015-12-26T14:11:29","slug":"20-minutes-toulouse-ils-croient-encore-au-prolongement-de-la-ligne-b-du-metro","status":"publish","type":"post","link":"https:\/\/autate.fr\/site\/20-minutes-toulouse-ils-croient-encore-au-prolongement-de-la-ligne-b-du-metro\/","title":{"rendered":"[20 minutes] Toulouse: Ils croient encore au prolongement de la ligne B du m\u00e9tro"},"content":{"rendered":"<p><strong class=\"hat-label\">TRANSPORTS<\/strong> <span class=\"hat-summary\">Les partisans du prolongement du m\u00e9tro vers Lab\u00e8ge, dont le maire de Toulouse ne veut plus, crient \u00e0 \u00ab\u00a0l\u2019erreur politique\u00a0\u00bb\u2026<\/span><\/p>\n<p>Peu importent les d\u00e9clarations intempestives qui donnent le <a href=\"http:\/\/www.mieuxbouger.fr\/index_PLB.html\" target=\"_blank\">prolongement de la ligne B du m\u00e9tro vers Lab\u00e8ge (PLB)<\/a> pour moribond. Cela n\u2019a pas emp\u00each\u00e9 \u00ab\u00a0la premi\u00e8re pierre\u00a0\u00bb du projet d\u2019\u00eatre pos\u00e9e mercredi, dans un hangar situ\u00e9 sur le trac\u00e9.<\/p>\n<p>Cette sc\u00e8ne a eu lieu mercredi en pr\u00e9sence de Jacques Oberti (PS), le pr\u00e9sident du\u00a0<a href=\"https:\/\/twitter.com\/sicoval31\" target=\"_blank\">Sicoval<\/a>, et de <a href=\"https:\/\/twitter.com\/georgesmeric?lang=fr\" target=\"_blank\">Georges M\u00e9ric<\/a> (PS), celui du <a href=\"http:\/\/www.haute-garonne.fr\/fr\/index.html\" target=\"_blank\">Conseil d\u00e9partemental<\/a>, entour\u00e9s de la quasi-totalit\u00e9 des maires du sud-est toulousain.<\/p>\n<p><a href=\"http:\/\/www.20minutes.fr\/toulouse\/1742631-20151202-toulouse-croient-encore-prolongement-ligne-b-metro\">lire la suite sur 20 minutes<\/a><\/p>\n","protected":false},"excerpt":{"rendered":"<p>TRANSPORTS Les partisans du prolongement du m\u00e9tro vers Lab\u00e8ge, dont le maire de Toulouse ne veut plus, crient \u00e0 \u00ab\u00a0l\u2019erreur politique\u00a0\u00bb\u2026 Peu importent les d\u00e9clarations intempestives qui donnent le prolongement de la ligne B du m\u00e9tro vers Lab\u00e8ge (PLB) pour moribond. Cela n\u2019a pas emp\u00each\u00e9 \u00ab\u00a0la premi\u00e8re pierre\u00a0\u00bb du projet d\u2019\u00eatre pos\u00e9e mercredi, dans un<\/p>\n<p class=\"more-link\"><a href=\"https:\/\/autate.fr\/site\/20-minutes-toulouse-ils-croient-encore-au-prolongement-de-la-ligne-b-du-metro\/\" class=\"themebutton2\">VOIR PLUS<\/a><\/p>\n","protected":false},"author":1,"featured_media":74,"comment_status":"open","ping_status":"open","sticky":false,"template":"","format":"standard","meta":{"footnotes":""},"categories":[7],"tags":[22,18,12,17,23],"class_list":["post-73","post","type-post","status-publish","format-standard","has-post-thumbnail","hentry","category-revue-de-presse","tag-labege","tag-ligne-b","tag-metro","tag-plb","tag-sicoval"],"yoast_head":"<!-- This site is optimized with the Yoast SEO plugin v27.4 - https:\/\/yoast.com\/product\/yoast-seo-wordpress\/ -->\n<title>[20 minutes] Toulouse: Ils croient encore au prolongement de la ligne B du m\u00e9tro - AUTATE<\/title>\n<meta name=\"robots\" content=\"index, follow, max-snippet:-1, max-image-preview:large, max-video-preview:-1\" \/>\n<link rel=\"canonical\" href=\"https:\/\/autate.fr\/site\/20-minutes-toulouse-ils-croient-encore-au-prolongement-de-la-ligne-b-du-metro\/\" \/>\n<meta property=\"og:locale\" content=\"fr_FR\" \/>\n<meta property=\"og:type\" content=\"article\" \/>\n<meta property=\"og:title\" content=\"[20 minutes] Toulouse: Ils croient encore au prolongement de la ligne B du m\u00e9tro - AUTATE\" \/>\n<meta property=\"og:description\" content=\"TRANSPORTS Les partisans du prolongement du m\u00e9tro vers Lab\u00e8ge, dont le maire de Toulouse ne veut plus, crient \u00e0 \u00ab\u00a0l\u2019erreur politique\u00a0\u00bb\u2026 Peu importent les d\u00e9clarations intempestives qui donnent le prolongement de la ligne B du m\u00e9tro vers Lab\u00e8ge (PLB) pour moribond. Cela n\u2019a pas emp\u00each\u00e9 \u00ab\u00a0la premi\u00e8re pierre\u00a0\u00bb du projet d\u2019\u00eatre pos\u00e9e mercredi, dans unVOIR PLUS\" \/>\n<meta property=\"og:url\" content=\"https:\/\/autate.fr\/site\/20-minutes-toulouse-ils-croient-encore-au-prolongement-de-la-ligne-b-du-metro\/\" \/>\n<meta property=\"og:site_name\" content=\"AUTATE\" \/>\n<meta property=\"article:publisher\" content=\"https:\/\/www.facebook.com\/AutateToulouse\" \/>\n<meta property=\"article:published_time\" content=\"2015-12-01T23:05:11+00:00\" \/>\n<meta property=\"article:modified_time\" content=\"2015-12-26T14:11:29+00:00\" \/>\n<meta property=\"og:image\" content=\"https:\/\/autate.fr\/site\/wp-content\/uploads\/2015\/12\/648x415_plb-grande-partie-aerien-entre-ramonville-labege.png\" \/>\n\t<meta property=\"og:image:width\" content=\"648\" \/>\n\t<meta property=\"og:image:height\" content=\"415\" \/>\n\t<meta property=\"og:image:type\" content=\"image\/png\" \/>\n<meta name=\"author\" content=\"pascalbarbier\" \/>\n<meta name=\"twitter:card\" content=\"summary_large_image\" \/>\n<meta name=\"twitter:creator\" content=\"@AutateToulouse\" \/>\n<meta name=\"twitter:site\" content=\"@AutateToulouse\" \/>\n<meta name=\"twitter:label1\" content=\"\u00c9crit par\" \/>\n\t<meta name=\"twitter:data1\" content=\"pascalbarbier\" \/>\n\t<meta name=\"twitter:label2\" content=\"Dur\u00e9e de lecture estim\u00e9e\" \/>\n\t<meta name=\"twitter:data2\" content=\"1 minute\" \/>\n<script type=\"application\/ld+json\" class=\"yoast-schema-graph\">{\"@context\":\"https:\\\/\\\/schema.org\",\"@graph\":[{\"@type\":\"Article\",\"@id\":\"https:\\\/\\\/autate.fr\\\/site\\\/20-minutes-toulouse-ils-croient-encore-au-prolongement-de-la-ligne-b-du-metro\\\/#article\",\"isPartOf\":{\"@id\":\"https:\\\/\\\/autate.fr\\\/site\\\/20-minutes-toulouse-ils-croient-encore-au-prolongement-de-la-ligne-b-du-metro\\\/\"},\"author\":{\"name\":\"pascalbarbier\",\"@id\":\"https:\\\/\\\/autate.fr\\\/site\\\/#\\\/schema\\\/person\\\/ae1ab8bdaa7b41d2a9b52d2557ce8254\"},\"headline\":\"[20 minutes] Toulouse: Ils croient encore au prolongement de la ligne B du m\u00e9tro\",\"datePublished\":\"2015-12-01T23:05:11+00:00\",\"dateModified\":\"2015-12-26T14:11:29+00:00\",\"mainEntityOfPage\":{\"@id\":\"https:\\\/\\\/autate.fr\\\/site\\\/20-minutes-toulouse-ils-croient-encore-au-prolongement-de-la-ligne-b-du-metro\\\/\"},\"wordCount\":129,\"commentCount\":0,\"publisher\":{\"@id\":\"https:\\\/\\\/autate.fr\\\/site\\\/#organization\"},\"image\":{\"@id\":\"https:\\\/\\\/autate.fr\\\/site\\\/20-minutes-toulouse-ils-croient-encore-au-prolongement-de-la-ligne-b-du-metro\\\/#primaryimage\"},\"thumbnailUrl\":\"https:\\\/\\\/autate.fr\\\/site\\\/wp-content\\\/uploads\\\/2015\\\/12\\\/648x415_plb-grande-partie-aerien-entre-ramonville-labege.png\",\"keywords\":[\"Lab\u00e8ge\",\"ligne B\",\"m\u00e9tro\",\"PLB\",\"Sicoval\"],\"articleSection\":[\"Revue de presse\"],\"inLanguage\":\"fr-FR\",\"potentialAction\":[{\"@type\":\"CommentAction\",\"name\":\"Comment\",\"target\":[\"https:\\\/\\\/autate.fr\\\/site\\\/20-minutes-toulouse-ils-croient-encore-au-prolongement-de-la-ligne-b-du-metro\\\/#respond\"]}]},{\"@type\":\"WebPage\",\"@id\":\"https:\\\/\\\/autate.fr\\\/site\\\/20-minutes-toulouse-ils-croient-encore-au-prolongement-de-la-ligne-b-du-metro\\\/\",\"url\":\"https:\\\/\\\/autate.fr\\\/site\\\/20-minutes-toulouse-ils-croient-encore-au-prolongement-de-la-ligne-b-du-metro\\\/\",\"name\":\"[20 minutes] Toulouse: Ils croient encore au prolongement de la ligne B du m\u00e9tro - AUTATE\",\"isPartOf\":{\"@id\":\"https:\\\/\\\/autate.fr\\\/site\\\/#website\"},\"primaryImageOfPage\":{\"@id\":\"https:\\\/\\\/autate.fr\\\/site\\\/20-minutes-toulouse-ils-croient-encore-au-prolongement-de-la-ligne-b-du-metro\\\/#primaryimage\"},\"image\":{\"@id\":\"https:\\\/\\\/autate.fr\\\/site\\\/20-minutes-toulouse-ils-croient-encore-au-prolongement-de-la-ligne-b-du-metro\\\/#primaryimage\"},\"thumbnailUrl\":\"https:\\\/\\\/autate.fr\\\/site\\\/wp-content\\\/uploads\\\/2015\\\/12\\\/648x415_plb-grande-partie-aerien-entre-ramonville-labege.png\",\"datePublished\":\"2015-12-01T23:05:11+00:00\",\"dateModified\":\"2015-12-26T14:11:29+00:00\",\"breadcrumb\":{\"@id\":\"https:\\\/\\\/autate.fr\\\/site\\\/20-minutes-toulouse-ils-croient-encore-au-prolongement-de-la-ligne-b-du-metro\\\/#breadcrumb\"},\"inLanguage\":\"fr-FR\",\"potentialAction\":[{\"@type\":\"ReadAction\",\"target\":[\"https:\\\/\\\/autate.fr\\\/site\\\/20-minutes-toulouse-ils-croient-encore-au-prolongement-de-la-ligne-b-du-metro\\\/\"]}]},{\"@type\":\"ImageObject\",\"inLanguage\":\"fr-FR\",\"@id\":\"https:\\\/\\\/autate.fr\\\/site\\\/20-minutes-toulouse-ils-croient-encore-au-prolongement-de-la-ligne-b-du-metro\\\/#primaryimage\",\"url\":\"https:\\\/\\\/autate.fr\\\/site\\\/wp-content\\\/uploads\\\/2015\\\/12\\\/648x415_plb-grande-partie-aerien-entre-ramonville-labege.png\",\"contentUrl\":\"https:\\\/\\\/autate.fr\\\/site\\\/wp-content\\\/uploads\\\/2015\\\/12\\\/648x415_plb-grande-partie-aerien-entre-ramonville-labege.png\",\"width\":648,\"height\":415},{\"@type\":\"BreadcrumbList\",\"@id\":\"https:\\\/\\\/autate.fr\\\/site\\\/20-minutes-toulouse-ils-croient-encore-au-prolongement-de-la-ligne-b-du-metro\\\/#breadcrumb\",\"itemListElement\":[{\"@type\":\"ListItem\",\"position\":1,\"name\":\"Accueil\",\"item\":\"https:\\\/\\\/autate.fr\\\/site\\\/\"},{\"@type\":\"ListItem\",\"position\":2,\"name\":\"[20 minutes] Toulouse: Ils croient encore au prolongement de la ligne B du m\u00e9tro\"}]},{\"@type\":\"WebSite\",\"@id\":\"https:\\\/\\\/autate.fr\\\/site\\\/#website\",\"url\":\"https:\\\/\\\/autate.fr\\\/site\\\/\",\"name\":\"AUTATE\",\"description\":\"Association des usagers des transports de l&#039;agglom\u00e9ration Toulousaine et de ses environs\",\"publisher\":{\"@id\":\"https:\\\/\\\/autate.fr\\\/site\\\/#organization\"},\"potentialAction\":[{\"@type\":\"SearchAction\",\"target\":{\"@type\":\"EntryPoint\",\"urlTemplate\":\"https:\\\/\\\/autate.fr\\\/site\\\/?s={search_term_string}\"},\"query-input\":{\"@type\":\"PropertyValueSpecification\",\"valueRequired\":true,\"valueName\":\"search_term_string\"}}],\"inLanguage\":\"fr-FR\"},{\"@type\":\"Organization\",\"@id\":\"https:\\\/\\\/autate.fr\\\/site\\\/#organization\",\"name\":\"AUTATE\",\"url\":\"https:\\\/\\\/autate.fr\\\/site\\\/\",\"logo\":{\"@type\":\"ImageObject\",\"inLanguage\":\"fr-FR\",\"@id\":\"https:\\\/\\\/autate.fr\\\/site\\\/#\\\/schema\\\/logo\\\/image\\\/\",\"url\":\"http:\\\/\\\/autate.fr\\\/site\\\/wp-content\\\/uploads\\\/2019\\\/01\\\/logo.png\",\"contentUrl\":\"http:\\\/\\\/autate.fr\\\/site\\\/wp-content\\\/uploads\\\/2019\\\/01\\\/logo.png\",\"width\":506,\"height\":280,\"caption\":\"AUTATE\"},\"image\":{\"@id\":\"https:\\\/\\\/autate.fr\\\/site\\\/#\\\/schema\\\/logo\\\/image\\\/\"},\"sameAs\":[\"https:\\\/\\\/www.facebook.com\\\/AutateToulouse\",\"https:\\\/\\\/x.com\\\/AutateToulouse\"]},{\"@type\":\"Person\",\"@id\":\"https:\\\/\\\/autate.fr\\\/site\\\/#\\\/schema\\\/person\\\/ae1ab8bdaa7b41d2a9b52d2557ce8254\",\"name\":\"pascalbarbier\",\"image\":{\"@type\":\"ImageObject\",\"inLanguage\":\"fr-FR\",\"@id\":\"https:\\\/\\\/secure.gravatar.com\\\/avatar\\\/03f4e8ced09894b72c67e83142540730d4b3bbf619bf46341b0074e3bf5f08a0?s=96&d=mm&r=g\",\"url\":\"https:\\\/\\\/secure.gravatar.com\\\/avatar\\\/03f4e8ced09894b72c67e83142540730d4b3bbf619bf46341b0074e3bf5f08a0?s=96&d=mm&r=g\",\"contentUrl\":\"https:\\\/\\\/secure.gravatar.com\\\/avatar\\\/03f4e8ced09894b72c67e83142540730d4b3bbf619bf46341b0074e3bf5f08a0?s=96&d=mm&r=g\",\"caption\":\"pascalbarbier\"},\"url\":\"https:\\\/\\\/autate.fr\\\/site\\\/author\\\/pascalbarbier\\\/\"}]}<\/script>\n<!-- \/ Yoast SEO plugin. -->","yoast_head_json":{"title":"[20 minutes] Toulouse: Ils croient encore au prolongement de la ligne B du m\u00e9tro - AUTATE","robots":{"index":"index","follow":"follow","max-snippet":"max-snippet:-1","max-image-preview":"max-image-preview:large","max-video-preview":"max-video-preview:-1"},"canonical":"https:\/\/autate.fr\/site\/20-minutes-toulouse-ils-croient-encore-au-prolongement-de-la-ligne-b-du-metro\/","og_locale":"fr_FR","og_type":"article","og_title":"[20 minutes] Toulouse: Ils croient encore au prolongement de la ligne B du m\u00e9tro - AUTATE","og_description":"TRANSPORTS Les partisans du prolongement du m\u00e9tro vers Lab\u00e8ge, dont le maire de Toulouse ne veut plus, crient \u00e0 \u00ab\u00a0l\u2019erreur politique\u00a0\u00bb\u2026 Peu importent les d\u00e9clarations intempestives qui donnent le prolongement de la ligne B du m\u00e9tro vers Lab\u00e8ge (PLB) pour moribond. Cela n\u2019a pas emp\u00each\u00e9 \u00ab\u00a0la premi\u00e8re pierre\u00a0\u00bb du projet d\u2019\u00eatre pos\u00e9e mercredi, dans unVOIR PLUS","og_url":"https:\/\/autate.fr\/site\/20-minutes-toulouse-ils-croient-encore-au-prolongement-de-la-ligne-b-du-metro\/","og_site_name":"AUTATE","article_publisher":"https:\/\/www.facebook.com\/AutateToulouse","article_published_time":"2015-12-01T23:05:11+00:00","article_modified_time":"2015-12-26T14:11:29+00:00","og_image":[{"width":648,"height":415,"url":"https:\/\/autate.fr\/site\/wp-content\/uploads\/2015\/12\/648x415_plb-grande-partie-aerien-entre-ramonville-labege.png","type":"image\/png"}],"author":"pascalbarbier","twitter_card":"summary_large_image","twitter_creator":"@AutateToulouse","twitter_site":"@AutateToulouse","twitter_misc":{"\u00c9crit par":"pascalbarbier","Dur\u00e9e de lecture estim\u00e9e":"1 minute"},"schema":{"@context":"https:\/\/schema.org","@graph":[{"@type":"Article","@id":"https:\/\/autate.fr\/site\/20-minutes-toulouse-ils-croient-encore-au-prolongement-de-la-ligne-b-du-metro\/#article","isPartOf":{"@id":"https:\/\/autate.fr\/site\/20-minutes-toulouse-ils-croient-encore-au-prolongement-de-la-ligne-b-du-metro\/"},"author":{"name":"pascalbarbier","@id":"https:\/\/autate.fr\/site\/#\/schema\/person\/ae1ab8bdaa7b41d2a9b52d2557ce8254"},"headline":"[20 minutes] Toulouse: Ils croient encore au prolongement de la ligne B du m\u00e9tro","datePublished":"2015-12-01T23:05:11+00:00","dateModified":"2015-12-26T14:11:29+00:00","mainEntityOfPage":{"@id":"https:\/\/autate.fr\/site\/20-minutes-toulouse-ils-croient-encore-au-prolongement-de-la-ligne-b-du-metro\/"},"wordCount":129,"commentCount":0,"publisher":{"@id":"https:\/\/autate.fr\/site\/#organization"},"image":{"@id":"https:\/\/autate.fr\/site\/20-minutes-toulouse-ils-croient-encore-au-prolongement-de-la-ligne-b-du-metro\/#primaryimage"},"thumbnailUrl":"https:\/\/autate.fr\/site\/wp-content\/uploads\/2015\/12\/648x415_plb-grande-partie-aerien-entre-ramonville-labege.png","keywords":["Lab\u00e8ge","ligne B","m\u00e9tro","PLB","Sicoval"],"articleSection":["Revue de presse"],"inLanguage":"fr-FR","potentialAction":[{"@type":"CommentAction","name":"Comment","target":["https:\/\/autate.fr\/site\/20-minutes-toulouse-ils-croient-encore-au-prolongement-de-la-ligne-b-du-metro\/#respond"]}]},{"@type":"WebPage","@id":"https:\/\/autate.fr\/site\/20-minutes-toulouse-ils-croient-encore-au-prolongement-de-la-ligne-b-du-metro\/","url":"https:\/\/autate.fr\/site\/20-minutes-toulouse-ils-croient-encore-au-prolongement-de-la-ligne-b-du-metro\/","name":"[20 minutes] Toulouse: Ils croient encore au prolongement de la ligne B du m\u00e9tro - AUTATE","isPartOf":{"@id":"https:\/\/autate.fr\/site\/#website"},"primaryImageOfPage":{"@id":"https:\/\/autate.fr\/site\/20-minutes-toulouse-ils-croient-encore-au-prolongement-de-la-ligne-b-du-metro\/#primaryimage"},"image":{"@id":"https:\/\/autate.fr\/site\/20-minutes-toulouse-ils-croient-encore-au-prolongement-de-la-ligne-b-du-metro\/#primaryimage"},"thumbnailUrl":"https:\/\/autate.fr\/site\/wp-content\/uploads\/2015\/12\/648x415_plb-grande-partie-aerien-entre-ramonville-labege.png","datePublished":"2015-12-01T23:05:11+00:00","dateModified":"2015-12-26T14:11:29+00:00","breadcrumb":{"@id":"https:\/\/autate.fr\/site\/20-minutes-toulouse-ils-croient-encore-au-prolongement-de-la-ligne-b-du-metro\/#breadcrumb"},"inLanguage":"fr-FR","potentialAction":[{"@type":"ReadAction","target":["https:\/\/autate.fr\/site\/20-minutes-toulouse-ils-croient-encore-au-prolongement-de-la-ligne-b-du-metro\/"]}]},{"@type":"ImageObject","inLanguage":"fr-FR","@id":"https:\/\/autate.fr\/site\/20-minutes-toulouse-ils-croient-encore-au-prolongement-de-la-ligne-b-du-metro\/#primaryimage","url":"https:\/\/autate.fr\/site\/wp-content\/uploads\/2015\/12\/648x415_plb-grande-partie-aerien-entre-ramonville-labege.png","contentUrl":"https:\/\/autate.fr\/site\/wp-content\/uploads\/2015\/12\/648x415_plb-grande-partie-aerien-entre-ramonville-labege.png","width":648,"height":415},{"@type":"BreadcrumbList","@id":"https:\/\/autate.fr\/site\/20-minutes-toulouse-ils-croient-encore-au-prolongement-de-la-ligne-b-du-metro\/#breadcrumb","itemListElement":[{"@type":"ListItem","position":1,"name":"Accueil","item":"https:\/\/autate.fr\/site\/"},{"@type":"ListItem","position":2,"name":"[20 minutes] Toulouse: Ils croient encore au prolongement de la ligne B du m\u00e9tro"}]},{"@type":"WebSite","@id":"https:\/\/autate.fr\/site\/#website","url":"https:\/\/autate.fr\/site\/","name":"AUTATE","description":"Association des usagers des transports de l&#039;agglom\u00e9ration Toulousaine et de ses environs","publisher":{"@id":"https:\/\/autate.fr\/site\/#organization"},"potentialAction":[{"@type":"SearchAction","target":{"@type":"EntryPoint","urlTemplate":"https:\/\/autate.fr\/site\/?s={search_term_string}"},"query-input":{"@type":"PropertyValueSpecification","valueRequired":true,"valueName":"search_term_string"}}],"inLanguage":"fr-FR"},{"@type":"Organization","@id":"https:\/\/autate.fr\/site\/#organization","name":"AUTATE","url":"https:\/\/autate.fr\/site\/","logo":{"@type":"ImageObject","inLanguage":"fr-FR","@id":"https:\/\/autate.fr\/site\/#\/schema\/logo\/image\/","url":"http:\/\/autate.fr\/site\/wp-content\/uploads\/2019\/01\/logo.png","contentUrl":"http:\/\/autate.fr\/site\/wp-content\/uploads\/2019\/01\/logo.png","width":506,"height":280,"caption":"AUTATE"},"image":{"@id":"https:\/\/autate.fr\/site\/#\/schema\/logo\/image\/"},"sameAs":["https:\/\/www.facebook.com\/AutateToulouse","https:\/\/x.com\/AutateToulouse"]},{"@type":"Person","@id":"https:\/\/autate.fr\/site\/#\/schema\/person\/ae1ab8bdaa7b41d2a9b52d2557ce8254","name":"pascalbarbier","image":{"@type":"ImageObject","inLanguage":"fr-FR","@id":"https:\/\/secure.gravatar.com\/avatar\/03f4e8ced09894b72c67e83142540730d4b3bbf619bf46341b0074e3bf5f08a0?s=96&d=mm&r=g","url":"https:\/\/secure.gravatar.com\/avatar\/03f4e8ced09894b72c67e83142540730d4b3bbf619bf46341b0074e3bf5f08a0?s=96&d=mm&r=g","contentUrl":"https:\/\/secure.gravatar.com\/avatar\/03f4e8ced09894b72c67e83142540730d4b3bbf619bf46341b0074e3bf5f08a0?s=96&d=mm&r=g","caption":"pascalbarbier"},"url":"https:\/\/autate.fr\/site\/author\/pascalbarbier\/"}]}},"_links":{"self":[{"href":"https:\/\/autate.fr\/site\/wp-json\/wp\/v2\/posts\/73","targetHints":{"allow":["GET"]}}],"collection":[{"href":"https:\/\/autate.fr\/site\/wp-json\/wp\/v2\/posts"}],"about":[{"href":"https:\/\/autate.fr\/site\/wp-json\/wp\/v2\/types\/post"}],"author":[{"embeddable":true,"href":"https:\/\/autate.fr\/site\/wp-json\/wp\/v2\/users\/1"}],"replies":[{"embeddable":true,"href":"https:\/\/autate.fr\/site\/wp-json\/wp\/v2\/comments?post=73"}],"version-history":[{"count":2,"href":"https:\/\/autate.fr\/site\/wp-json\/wp\/v2\/posts\/73\/revisions"}],"predecessor-version":[{"id":125,"href":"https:\/\/autate.fr\/site\/wp-json\/wp\/v2\/posts\/73\/revisions\/125"}],"wp:featuredmedia":[{"embeddable":true,"href":"https:\/\/autate.fr\/site\/wp-json\/wp\/v2\/media\/74"}],"wp:attachment":[{"href":"https:\/\/autate.fr\/site\/wp-json\/wp\/v2\/media?parent=73"}],"wp:term":[{"taxonomy":"category","embeddable":true,"href":"https:\/\/autate.fr\/site\/wp-json\/wp\/v2\/categories?post=73"},{"taxonomy":"post_tag","embeddable":true,"href":"https:\/\/autate.fr\/site\/wp-json\/wp\/v2\/tags?post=73"}],"curies":[{"name":"wp","href":"https:\/\/api.w.org\/{rel}","templated":true}]}}