{"id":728,"date":"2016-06-28T14:54:17","date_gmt":"2016-06-28T12:54:17","guid":{"rendered":"http:\/\/autate.fr\/site\/?p=728"},"modified":"2016-08-10T21:11:37","modified_gmt":"2016-08-10T19:11:37","slug":"la-depeche-3e-ligne-de-metro-nous-irons-voir-les-gens-la-ou-ils-sont","status":"publish","type":"post","link":"https:\/\/autate.fr\/site\/la-depeche-3e-ligne-de-metro-nous-irons-voir-les-gens-la-ou-ils-sont\/","title":{"rendered":"[La D\u00e9p\u00eache] 3e ligne de m\u00e9tro : \u00abNous irons voir les gens l\u00e0 o\u00f9 ils sont\u00bb"},"content":{"rendered":"<p>Un article de Philippe Emery paru dans la D\u00e9p\u00eache du midi le 27 juin 2016 (photo DR)<\/p>\n<p>Jacques Archimbaud pr\u00e9side la commission qui va organiser le d\u00e9bat public sur la 3e ligne de m\u00e9tro, \u00e0 la rentr\u00e9e. Un d\u00e9bat qu&rsquo;il souhaite le plus ouvert et transparent, sur les vrais enjeux du projet.<\/p>\n<p><strong>Vous \u00eates d\u00e9j\u00e0 au travail, \u00e0 <a href=\"http:\/\/www.ladepeche.fr\/communes\/toulouse,31555.html\">Toulouse<\/a> ?<\/strong><\/p>\n<p>Oui, je passe trois jours par semaine \u00e0 Toulouse. Ce matin (vendredi N.D.L.R.), nous avions rendez-vous avec le ma\u00eetre d&rsquo;ouvrage (le syndicat mixte des transports en commun SMTC Tiss\u00e9o, autorit\u00e9 organisatrice des transports N.D.L.R.). Le d\u00e9bat public aura lieu de septembre \u00e0 d\u00e9cembre, mais, avant, nous souhaitons consulter, rencontrer physiquement 60 \u00e0 80 acteurs : socioprofessionnels, syndicats, associations d&rsquo;usagers, chambres consulaires, \u00e9lus, chercheurs, etc. Nous avons commenc\u00e9 depuis deux semaines. L&rsquo;objectif est de d\u00e9finir les trois ou quatre grands enjeux du d\u00e9bat et ses principales modalit\u00e9s, qui seront arr\u00eat\u00e9s lors de l&rsquo;atelier pr\u00e9paratoire, public, du 12 juillet (lire encadr\u00e9).<\/p>\n<p><a href=\"http:\/\/www.ladepeche.fr\/article\/2016\/06\/27\/2373439-3e-ligne-metro-irons-voir-gens-sont.html\" target=\"_blank\"><strong>lire la suite<\/strong><\/a><\/p>\n","protected":false},"excerpt":{"rendered":"<p>Un article de Philippe Emery paru dans la D\u00e9p\u00eache du midi le 27 juin 2016 (photo DR) Jacques Archimbaud pr\u00e9side la commission qui va organiser le d\u00e9bat public sur la 3e ligne de m\u00e9tro, \u00e0 la rentr\u00e9e. Un d\u00e9bat qu&rsquo;il souhaite le plus ouvert et transparent, sur les vrais enjeux du projet. Vous \u00eates d\u00e9j\u00e0<\/p>\n<p class=\"more-link\"><a href=\"https:\/\/autate.fr\/site\/la-depeche-3e-ligne-de-metro-nous-irons-voir-les-gens-la-ou-ils-sont\/\" class=\"themebutton2\">VOIR PLUS<\/a><\/p>\n","protected":false},"author":1,"featured_media":729,"comment_status":"open","ping_status":"open","sticky":false,"template":"","format":"standard","meta":{"footnotes":""},"categories":[7],"tags":[173,224,246,178,12,52],"class_list":["post-728","post","type-post","status-publish","format-standard","has-post-thumbnail","hentry","category-revue-de-presse","tag-cndp","tag-debat-public","tag-j-archimbaud","tag-ligne-3","tag-metro","tag-tae"],"yoast_head":"<!-- This site is optimized with the Yoast SEO plugin v27.4 - https:\/\/yoast.com\/product\/yoast-seo-wordpress\/ -->\n<title>[La D\u00e9p\u00eache] 3e ligne de m\u00e9tro : \u00abNous irons voir les gens l\u00e0 o\u00f9 ils sont\u00bb - AUTATE<\/title>\n<meta name=\"robots\" content=\"index, follow, max-snippet:-1, max-image-preview:large, max-video-preview:-1\" \/>\n<link rel=\"canonical\" href=\"https:\/\/autate.fr\/site\/la-depeche-3e-ligne-de-metro-nous-irons-voir-les-gens-la-ou-ils-sont\/\" \/>\n<meta property=\"og:locale\" content=\"fr_FR\" \/>\n<meta property=\"og:type\" content=\"article\" \/>\n<meta property=\"og:title\" content=\"[La D\u00e9p\u00eache] 3e ligne de m\u00e9tro : \u00abNous irons voir les gens l\u00e0 o\u00f9 ils sont\u00bb - AUTATE\" \/>\n<meta property=\"og:description\" content=\"Un article de Philippe Emery paru dans la D\u00e9p\u00eache du midi le 27 juin 2016 (photo DR) Jacques Archimbaud pr\u00e9side la commission qui va organiser le d\u00e9bat public sur la 3e ligne de m\u00e9tro, \u00e0 la rentr\u00e9e. Un d\u00e9bat qu&rsquo;il souhaite le plus ouvert et transparent, sur les vrais enjeux du projet. Vous \u00eates d\u00e9j\u00e0VOIR PLUS\" \/>\n<meta property=\"og:url\" content=\"https:\/\/autate.fr\/site\/la-depeche-3e-ligne-de-metro-nous-irons-voir-les-gens-la-ou-ils-sont\/\" \/>\n<meta property=\"og:site_name\" content=\"AUTATE\" \/>\n<meta property=\"article:publisher\" content=\"https:\/\/www.facebook.com\/AutateToulouse\" \/>\n<meta property=\"article:published_time\" content=\"2016-06-28T12:54:17+00:00\" \/>\n<meta property=\"article:modified_time\" content=\"2016-08-10T19:11:37+00:00\" \/>\n<meta property=\"og:image\" content=\"https:\/\/autate.fr\/site\/wp-content\/uploads\/2016\/08\/archimbaud.jpg\" \/>\n\t<meta property=\"og:image:width\" content=\"650\" \/>\n\t<meta property=\"og:image:height\" content=\"350\" \/>\n\t<meta property=\"og:image:type\" content=\"image\/jpeg\" \/>\n<meta name=\"author\" content=\"pascalbarbier\" \/>\n<meta name=\"twitter:card\" content=\"summary_large_image\" \/>\n<meta name=\"twitter:creator\" content=\"@AutateToulouse\" \/>\n<meta name=\"twitter:site\" content=\"@AutateToulouse\" \/>\n<meta name=\"twitter:label1\" content=\"\u00c9crit par\" \/>\n\t<meta name=\"twitter:data1\" content=\"pascalbarbier\" \/>\n\t<meta name=\"twitter:label2\" content=\"Dur\u00e9e de lecture estim\u00e9e\" \/>\n\t<meta name=\"twitter:data2\" content=\"1 minute\" \/>\n<script type=\"application\/ld+json\" class=\"yoast-schema-graph\">{\"@context\":\"https:\\\/\\\/schema.org\",\"@graph\":[{\"@type\":\"Article\",\"@id\":\"https:\\\/\\\/autate.fr\\\/site\\\/la-depeche-3e-ligne-de-metro-nous-irons-voir-les-gens-la-ou-ils-sont\\\/#article\",\"isPartOf\":{\"@id\":\"https:\\\/\\\/autate.fr\\\/site\\\/la-depeche-3e-ligne-de-metro-nous-irons-voir-les-gens-la-ou-ils-sont\\\/\"},\"author\":{\"name\":\"pascalbarbier\",\"@id\":\"https:\\\/\\\/autate.fr\\\/site\\\/#\\\/schema\\\/person\\\/ae1ab8bdaa7b41d2a9b52d2557ce8254\"},\"headline\":\"[La D\u00e9p\u00eache] 3e ligne de m\u00e9tro : \u00abNous irons voir les gens l\u00e0 o\u00f9 ils sont\u00bb\",\"datePublished\":\"2016-06-28T12:54:17+00:00\",\"dateModified\":\"2016-08-10T19:11:37+00:00\",\"mainEntityOfPage\":{\"@id\":\"https:\\\/\\\/autate.fr\\\/site\\\/la-depeche-3e-ligne-de-metro-nous-irons-voir-les-gens-la-ou-ils-sont\\\/\"},\"wordCount\":192,\"commentCount\":0,\"publisher\":{\"@id\":\"https:\\\/\\\/autate.fr\\\/site\\\/#organization\"},\"image\":{\"@id\":\"https:\\\/\\\/autate.fr\\\/site\\\/la-depeche-3e-ligne-de-metro-nous-irons-voir-les-gens-la-ou-ils-sont\\\/#primaryimage\"},\"thumbnailUrl\":\"https:\\\/\\\/autate.fr\\\/site\\\/wp-content\\\/uploads\\\/2016\\\/08\\\/archimbaud.jpg\",\"keywords\":[\"CNDP\",\"d\u00e9bat public\",\"J.Archimbaud\",\"ligne 3\",\"m\u00e9tro\",\"TAE\"],\"articleSection\":[\"Revue de presse\"],\"inLanguage\":\"fr-FR\",\"potentialAction\":[{\"@type\":\"CommentAction\",\"name\":\"Comment\",\"target\":[\"https:\\\/\\\/autate.fr\\\/site\\\/la-depeche-3e-ligne-de-metro-nous-irons-voir-les-gens-la-ou-ils-sont\\\/#respond\"]}]},{\"@type\":\"WebPage\",\"@id\":\"https:\\\/\\\/autate.fr\\\/site\\\/la-depeche-3e-ligne-de-metro-nous-irons-voir-les-gens-la-ou-ils-sont\\\/\",\"url\":\"https:\\\/\\\/autate.fr\\\/site\\\/la-depeche-3e-ligne-de-metro-nous-irons-voir-les-gens-la-ou-ils-sont\\\/\",\"name\":\"[La D\u00e9p\u00eache] 3e ligne de m\u00e9tro : \u00abNous irons voir les gens l\u00e0 o\u00f9 ils sont\u00bb - AUTATE\",\"isPartOf\":{\"@id\":\"https:\\\/\\\/autate.fr\\\/site\\\/#website\"},\"primaryImageOfPage\":{\"@id\":\"https:\\\/\\\/autate.fr\\\/site\\\/la-depeche-3e-ligne-de-metro-nous-irons-voir-les-gens-la-ou-ils-sont\\\/#primaryimage\"},\"image\":{\"@id\":\"https:\\\/\\\/autate.fr\\\/site\\\/la-depeche-3e-ligne-de-metro-nous-irons-voir-les-gens-la-ou-ils-sont\\\/#primaryimage\"},\"thumbnailUrl\":\"https:\\\/\\\/autate.fr\\\/site\\\/wp-content\\\/uploads\\\/2016\\\/08\\\/archimbaud.jpg\",\"datePublished\":\"2016-06-28T12:54:17+00:00\",\"dateModified\":\"2016-08-10T19:11:37+00:00\",\"breadcrumb\":{\"@id\":\"https:\\\/\\\/autate.fr\\\/site\\\/la-depeche-3e-ligne-de-metro-nous-irons-voir-les-gens-la-ou-ils-sont\\\/#breadcrumb\"},\"inLanguage\":\"fr-FR\",\"potentialAction\":[{\"@type\":\"ReadAction\",\"target\":[\"https:\\\/\\\/autate.fr\\\/site\\\/la-depeche-3e-ligne-de-metro-nous-irons-voir-les-gens-la-ou-ils-sont\\\/\"]}]},{\"@type\":\"ImageObject\",\"inLanguage\":\"fr-FR\",\"@id\":\"https:\\\/\\\/autate.fr\\\/site\\\/la-depeche-3e-ligne-de-metro-nous-irons-voir-les-gens-la-ou-ils-sont\\\/#primaryimage\",\"url\":\"https:\\\/\\\/autate.fr\\\/site\\\/wp-content\\\/uploads\\\/2016\\\/08\\\/archimbaud.jpg\",\"contentUrl\":\"https:\\\/\\\/autate.fr\\\/site\\\/wp-content\\\/uploads\\\/2016\\\/08\\\/archimbaud.jpg\",\"width\":650,\"height\":350},{\"@type\":\"BreadcrumbList\",\"@id\":\"https:\\\/\\\/autate.fr\\\/site\\\/la-depeche-3e-ligne-de-metro-nous-irons-voir-les-gens-la-ou-ils-sont\\\/#breadcrumb\",\"itemListElement\":[{\"@type\":\"ListItem\",\"position\":1,\"name\":\"Accueil\",\"item\":\"https:\\\/\\\/autate.fr\\\/site\\\/\"},{\"@type\":\"ListItem\",\"position\":2,\"name\":\"[La D\u00e9p\u00eache] 3e ligne de m\u00e9tro : \u00abNous irons voir les gens l\u00e0 o\u00f9 ils sont\u00bb\"}]},{\"@type\":\"WebSite\",\"@id\":\"https:\\\/\\\/autate.fr\\\/site\\\/#website\",\"url\":\"https:\\\/\\\/autate.fr\\\/site\\\/\",\"name\":\"AUTATE\",\"description\":\"Association des usagers des transports de l&#039;agglom\u00e9ration Toulousaine et de ses environs\",\"publisher\":{\"@id\":\"https:\\\/\\\/autate.fr\\\/site\\\/#organization\"},\"potentialAction\":[{\"@type\":\"SearchAction\",\"target\":{\"@type\":\"EntryPoint\",\"urlTemplate\":\"https:\\\/\\\/autate.fr\\\/site\\\/?s={search_term_string}\"},\"query-input\":{\"@type\":\"PropertyValueSpecification\",\"valueRequired\":true,\"valueName\":\"search_term_string\"}}],\"inLanguage\":\"fr-FR\"},{\"@type\":\"Organization\",\"@id\":\"https:\\\/\\\/autate.fr\\\/site\\\/#organization\",\"name\":\"AUTATE\",\"url\":\"https:\\\/\\\/autate.fr\\\/site\\\/\",\"logo\":{\"@type\":\"ImageObject\",\"inLanguage\":\"fr-FR\",\"@id\":\"https:\\\/\\\/autate.fr\\\/site\\\/#\\\/schema\\\/logo\\\/image\\\/\",\"url\":\"http:\\\/\\\/autate.fr\\\/site\\\/wp-content\\\/uploads\\\/2019\\\/01\\\/logo.png\",\"contentUrl\":\"http:\\\/\\\/autate.fr\\\/site\\\/wp-content\\\/uploads\\\/2019\\\/01\\\/logo.png\",\"width\":506,\"height\":280,\"caption\":\"AUTATE\"},\"image\":{\"@id\":\"https:\\\/\\\/autate.fr\\\/site\\\/#\\\/schema\\\/logo\\\/image\\\/\"},\"sameAs\":[\"https:\\\/\\\/www.facebook.com\\\/AutateToulouse\",\"https:\\\/\\\/x.com\\\/AutateToulouse\"]},{\"@type\":\"Person\",\"@id\":\"https:\\\/\\\/autate.fr\\\/site\\\/#\\\/schema\\\/person\\\/ae1ab8bdaa7b41d2a9b52d2557ce8254\",\"name\":\"pascalbarbier\",\"image\":{\"@type\":\"ImageObject\",\"inLanguage\":\"fr-FR\",\"@id\":\"https:\\\/\\\/secure.gravatar.com\\\/avatar\\\/03f4e8ced09894b72c67e83142540730d4b3bbf619bf46341b0074e3bf5f08a0?s=96&d=mm&r=g\",\"url\":\"https:\\\/\\\/secure.gravatar.com\\\/avatar\\\/03f4e8ced09894b72c67e83142540730d4b3bbf619bf46341b0074e3bf5f08a0?s=96&d=mm&r=g\",\"contentUrl\":\"https:\\\/\\\/secure.gravatar.com\\\/avatar\\\/03f4e8ced09894b72c67e83142540730d4b3bbf619bf46341b0074e3bf5f08a0?s=96&d=mm&r=g\",\"caption\":\"pascalbarbier\"},\"url\":\"https:\\\/\\\/autate.fr\\\/site\\\/author\\\/pascalbarbier\\\/\"}]}<\/script>\n<!-- \/ Yoast SEO plugin. -->","yoast_head_json":{"title":"[La D\u00e9p\u00eache] 3e ligne de m\u00e9tro : \u00abNous irons voir les gens l\u00e0 o\u00f9 ils sont\u00bb - AUTATE","robots":{"index":"index","follow":"follow","max-snippet":"max-snippet:-1","max-image-preview":"max-image-preview:large","max-video-preview":"max-video-preview:-1"},"canonical":"https:\/\/autate.fr\/site\/la-depeche-3e-ligne-de-metro-nous-irons-voir-les-gens-la-ou-ils-sont\/","og_locale":"fr_FR","og_type":"article","og_title":"[La D\u00e9p\u00eache] 3e ligne de m\u00e9tro : \u00abNous irons voir les gens l\u00e0 o\u00f9 ils sont\u00bb - AUTATE","og_description":"Un article de Philippe Emery paru dans la D\u00e9p\u00eache du midi le 27 juin 2016 (photo DR) Jacques Archimbaud pr\u00e9side la commission qui va organiser le d\u00e9bat public sur la 3e ligne de m\u00e9tro, \u00e0 la rentr\u00e9e. Un d\u00e9bat qu&rsquo;il souhaite le plus ouvert et transparent, sur les vrais enjeux du projet. Vous \u00eates d\u00e9j\u00e0VOIR PLUS","og_url":"https:\/\/autate.fr\/site\/la-depeche-3e-ligne-de-metro-nous-irons-voir-les-gens-la-ou-ils-sont\/","og_site_name":"AUTATE","article_publisher":"https:\/\/www.facebook.com\/AutateToulouse","article_published_time":"2016-06-28T12:54:17+00:00","article_modified_time":"2016-08-10T19:11:37+00:00","og_image":[{"width":650,"height":350,"url":"https:\/\/autate.fr\/site\/wp-content\/uploads\/2016\/08\/archimbaud.jpg","type":"image\/jpeg"}],"author":"pascalbarbier","twitter_card":"summary_large_image","twitter_creator":"@AutateToulouse","twitter_site":"@AutateToulouse","twitter_misc":{"\u00c9crit par":"pascalbarbier","Dur\u00e9e de lecture estim\u00e9e":"1 minute"},"schema":{"@context":"https:\/\/schema.org","@graph":[{"@type":"Article","@id":"https:\/\/autate.fr\/site\/la-depeche-3e-ligne-de-metro-nous-irons-voir-les-gens-la-ou-ils-sont\/#article","isPartOf":{"@id":"https:\/\/autate.fr\/site\/la-depeche-3e-ligne-de-metro-nous-irons-voir-les-gens-la-ou-ils-sont\/"},"author":{"name":"pascalbarbier","@id":"https:\/\/autate.fr\/site\/#\/schema\/person\/ae1ab8bdaa7b41d2a9b52d2557ce8254"},"headline":"[La D\u00e9p\u00eache] 3e ligne de m\u00e9tro : \u00abNous irons voir les gens l\u00e0 o\u00f9 ils sont\u00bb","datePublished":"2016-06-28T12:54:17+00:00","dateModified":"2016-08-10T19:11:37+00:00","mainEntityOfPage":{"@id":"https:\/\/autate.fr\/site\/la-depeche-3e-ligne-de-metro-nous-irons-voir-les-gens-la-ou-ils-sont\/"},"wordCount":192,"commentCount":0,"publisher":{"@id":"https:\/\/autate.fr\/site\/#organization"},"image":{"@id":"https:\/\/autate.fr\/site\/la-depeche-3e-ligne-de-metro-nous-irons-voir-les-gens-la-ou-ils-sont\/#primaryimage"},"thumbnailUrl":"https:\/\/autate.fr\/site\/wp-content\/uploads\/2016\/08\/archimbaud.jpg","keywords":["CNDP","d\u00e9bat public","J.Archimbaud","ligne 3","m\u00e9tro","TAE"],"articleSection":["Revue de presse"],"inLanguage":"fr-FR","potentialAction":[{"@type":"CommentAction","name":"Comment","target":["https:\/\/autate.fr\/site\/la-depeche-3e-ligne-de-metro-nous-irons-voir-les-gens-la-ou-ils-sont\/#respond"]}]},{"@type":"WebPage","@id":"https:\/\/autate.fr\/site\/la-depeche-3e-ligne-de-metro-nous-irons-voir-les-gens-la-ou-ils-sont\/","url":"https:\/\/autate.fr\/site\/la-depeche-3e-ligne-de-metro-nous-irons-voir-les-gens-la-ou-ils-sont\/","name":"[La D\u00e9p\u00eache] 3e ligne de m\u00e9tro : \u00abNous irons voir les gens l\u00e0 o\u00f9 ils sont\u00bb - AUTATE","isPartOf":{"@id":"https:\/\/autate.fr\/site\/#website"},"primaryImageOfPage":{"@id":"https:\/\/autate.fr\/site\/la-depeche-3e-ligne-de-metro-nous-irons-voir-les-gens-la-ou-ils-sont\/#primaryimage"},"image":{"@id":"https:\/\/autate.fr\/site\/la-depeche-3e-ligne-de-metro-nous-irons-voir-les-gens-la-ou-ils-sont\/#primaryimage"},"thumbnailUrl":"https:\/\/autate.fr\/site\/wp-content\/uploads\/2016\/08\/archimbaud.jpg","datePublished":"2016-06-28T12:54:17+00:00","dateModified":"2016-08-10T19:11:37+00:00","breadcrumb":{"@id":"https:\/\/autate.fr\/site\/la-depeche-3e-ligne-de-metro-nous-irons-voir-les-gens-la-ou-ils-sont\/#breadcrumb"},"inLanguage":"fr-FR","potentialAction":[{"@type":"ReadAction","target":["https:\/\/autate.fr\/site\/la-depeche-3e-ligne-de-metro-nous-irons-voir-les-gens-la-ou-ils-sont\/"]}]},{"@type":"ImageObject","inLanguage":"fr-FR","@id":"https:\/\/autate.fr\/site\/la-depeche-3e-ligne-de-metro-nous-irons-voir-les-gens-la-ou-ils-sont\/#primaryimage","url":"https:\/\/autate.fr\/site\/wp-content\/uploads\/2016\/08\/archimbaud.jpg","contentUrl":"https:\/\/autate.fr\/site\/wp-content\/uploads\/2016\/08\/archimbaud.jpg","width":650,"height":350},{"@type":"BreadcrumbList","@id":"https:\/\/autate.fr\/site\/la-depeche-3e-ligne-de-metro-nous-irons-voir-les-gens-la-ou-ils-sont\/#breadcrumb","itemListElement":[{"@type":"ListItem","position":1,"name":"Accueil","item":"https:\/\/autate.fr\/site\/"},{"@type":"ListItem","position":2,"name":"[La D\u00e9p\u00eache] 3e ligne de m\u00e9tro : \u00abNous irons voir les gens l\u00e0 o\u00f9 ils sont\u00bb"}]},{"@type":"WebSite","@id":"https:\/\/autate.fr\/site\/#website","url":"https:\/\/autate.fr\/site\/","name":"AUTATE","description":"Association des usagers des transports de l&#039;agglom\u00e9ration Toulousaine et de ses environs","publisher":{"@id":"https:\/\/autate.fr\/site\/#organization"},"potentialAction":[{"@type":"SearchAction","target":{"@type":"EntryPoint","urlTemplate":"https:\/\/autate.fr\/site\/?s={search_term_string}"},"query-input":{"@type":"PropertyValueSpecification","valueRequired":true,"valueName":"search_term_string"}}],"inLanguage":"fr-FR"},{"@type":"Organization","@id":"https:\/\/autate.fr\/site\/#organization","name":"AUTATE","url":"https:\/\/autate.fr\/site\/","logo":{"@type":"ImageObject","inLanguage":"fr-FR","@id":"https:\/\/autate.fr\/site\/#\/schema\/logo\/image\/","url":"http:\/\/autate.fr\/site\/wp-content\/uploads\/2019\/01\/logo.png","contentUrl":"http:\/\/autate.fr\/site\/wp-content\/uploads\/2019\/01\/logo.png","width":506,"height":280,"caption":"AUTATE"},"image":{"@id":"https:\/\/autate.fr\/site\/#\/schema\/logo\/image\/"},"sameAs":["https:\/\/www.facebook.com\/AutateToulouse","https:\/\/x.com\/AutateToulouse"]},{"@type":"Person","@id":"https:\/\/autate.fr\/site\/#\/schema\/person\/ae1ab8bdaa7b41d2a9b52d2557ce8254","name":"pascalbarbier","image":{"@type":"ImageObject","inLanguage":"fr-FR","@id":"https:\/\/secure.gravatar.com\/avatar\/03f4e8ced09894b72c67e83142540730d4b3bbf619bf46341b0074e3bf5f08a0?s=96&d=mm&r=g","url":"https:\/\/secure.gravatar.com\/avatar\/03f4e8ced09894b72c67e83142540730d4b3bbf619bf46341b0074e3bf5f08a0?s=96&d=mm&r=g","contentUrl":"https:\/\/secure.gravatar.com\/avatar\/03f4e8ced09894b72c67e83142540730d4b3bbf619bf46341b0074e3bf5f08a0?s=96&d=mm&r=g","caption":"pascalbarbier"},"url":"https:\/\/autate.fr\/site\/author\/pascalbarbier\/"}]}},"_links":{"self":[{"href":"https:\/\/autate.fr\/site\/wp-json\/wp\/v2\/posts\/728","targetHints":{"allow":["GET"]}}],"collection":[{"href":"https:\/\/autate.fr\/site\/wp-json\/wp\/v2\/posts"}],"about":[{"href":"https:\/\/autate.fr\/site\/wp-json\/wp\/v2\/types\/post"}],"author":[{"embeddable":true,"href":"https:\/\/autate.fr\/site\/wp-json\/wp\/v2\/users\/1"}],"replies":[{"embeddable":true,"href":"https:\/\/autate.fr\/site\/wp-json\/wp\/v2\/comments?post=728"}],"version-history":[{"count":1,"href":"https:\/\/autate.fr\/site\/wp-json\/wp\/v2\/posts\/728\/revisions"}],"predecessor-version":[{"id":730,"href":"https:\/\/autate.fr\/site\/wp-json\/wp\/v2\/posts\/728\/revisions\/730"}],"wp:featuredmedia":[{"embeddable":true,"href":"https:\/\/autate.fr\/site\/wp-json\/wp\/v2\/media\/729"}],"wp:attachment":[{"href":"https:\/\/autate.fr\/site\/wp-json\/wp\/v2\/media?parent=728"}],"wp:term":[{"taxonomy":"category","embeddable":true,"href":"https:\/\/autate.fr\/site\/wp-json\/wp\/v2\/categories?post=728"},{"taxonomy":"post_tag","embeddable":true,"href":"https:\/\/autate.fr\/site\/wp-json\/wp\/v2\/tags?post=728"}],"curies":[{"name":"wp","href":"https:\/\/api.w.org\/{rel}","templated":true}]}}