{"id":721,"date":"2016-06-19T14:40:27","date_gmt":"2016-06-19T12:40:27","guid":{"rendered":"http:\/\/autate.fr\/site\/?p=721"},"modified":"2016-08-09T14:44:59","modified_gmt":"2016-08-09T12:44:59","slug":"cotetoulouse-toulouse-parmi-les-villes-francaises-ou-les-tarifs-des-transports-ont-le-plus-augmente","status":"publish","type":"post","link":"https:\/\/autate.fr\/site\/cotetoulouse-toulouse-parmi-les-villes-francaises-ou-les-tarifs-des-transports-ont-le-plus-augmente\/","title":{"rendered":"[C\u00f4t\u00e9Toulouse] Toulouse parmi les villes fran\u00e7aises o\u00f9 les tarifs des transports ont le plus augment\u00e9"},"content":{"rendered":"<p>Un article de David St-Sernin dans Actu C\u00f4t\u00e9 Toulouse, publi\u00e9 le 18 juin 2016 (photo Tiss\u00e9o)<\/p>\n<h2 class=\"bigger mts mbs\" data-role=\"chapo\">Depuis 2006, c&rsquo;est \u00e0 Toulouse que les tarifs des transports en commun ont le plus augment\u00e9 en France selon l&rsquo;\u00e9tat des lieux r\u00e9alis\u00e9 par l&rsquo;Union des Transports Publics.<\/h2>\n<p>Si Tiss\u00e9o s\u2019affiche r\u00e9guli\u00e8rement comme \u00ab\u00a0l\u2019un des r\u00e9seaux les moins chers de France \u00bb, c\u2019est bien dans l\u2019agglom\u00e9ration toulousaine que certains abonnements ont le plus augment\u00e9 sur ces dix derni\u00e8res ann\u00e9es.<\/p>\n<p>C\u2019est l\u2019Union des Transports Publics et ferroviaires (UTP) qui rel\u00e8ve la forte hausse de certains tarifs pratiqu\u00e9s \u00e0 Toulouse depuis dix ans, ceci dans le cadre d\u2019un \u00e9tat des lieux effectu\u00e9 en 2015. Une hausse globalement dans la moyenne des augmentations enregistr\u00e9es dans les grandes villes fran\u00e7aises mais qui se r\u00e9v\u00e8le bien plus importante pour certains titres d\u2019abonnements. On fait le point.<\/p>\n<p><a href=\"http:\/\/actu.cotetoulouse.fr\/toulouse-parmi-villes-tarifs-transports-plus-augmente-france-depuis-10-ans_38809\/?utm_source=dlvr.it&amp;utm_medium=twitter&amp;utm_campaign=toulouse-parmi-villes-tarifs-transports-plus-augmente-france-depuis-10-ans\" target=\"_blank\"><strong>lire la suite<\/strong><\/a><\/p>\n","protected":false},"excerpt":{"rendered":"<p>Un article de David St-Sernin dans Actu C\u00f4t\u00e9 Toulouse, publi\u00e9 le 18 juin 2016 (photo Tiss\u00e9o) Depuis 2006, c&rsquo;est \u00e0 Toulouse que les tarifs des transports en commun ont le plus augment\u00e9 en France selon l&rsquo;\u00e9tat des lieux r\u00e9alis\u00e9 par l&rsquo;Union des Transports Publics. Si Tiss\u00e9o s\u2019affiche r\u00e9guli\u00e8rement comme \u00ab\u00a0l\u2019un des r\u00e9seaux les moins chers<\/p>\n<p class=\"more-link\"><a href=\"https:\/\/autate.fr\/site\/cotetoulouse-toulouse-parmi-les-villes-francaises-ou-les-tarifs-des-transports-ont-le-plus-augmente\/\" class=\"themebutton2\">VOIR PLUS<\/a><\/p>\n","protected":false},"author":1,"featured_media":722,"comment_status":"open","ping_status":"open","sticky":false,"template":"","format":"standard","meta":{"footnotes":""},"categories":[7],"tags":[207,46,218],"class_list":["post-721","post","type-post","status-publish","format-standard","has-post-thumbnail","hentry","category-revue-de-presse","tag-tarifs","tag-tisseo","tag-utp"],"yoast_head":"<!-- This site is optimized with the Yoast SEO plugin v27.4 - https:\/\/yoast.com\/product\/yoast-seo-wordpress\/ -->\n<title>[C\u00f4t\u00e9Toulouse] Toulouse parmi les villes fran\u00e7aises o\u00f9 les tarifs des transports ont le plus augment\u00e9 - AUTATE<\/title>\n<meta name=\"robots\" content=\"index, follow, max-snippet:-1, max-image-preview:large, max-video-preview:-1\" \/>\n<link rel=\"canonical\" href=\"https:\/\/autate.fr\/site\/cotetoulouse-toulouse-parmi-les-villes-francaises-ou-les-tarifs-des-transports-ont-le-plus-augmente\/\" \/>\n<meta property=\"og:locale\" content=\"fr_FR\" \/>\n<meta property=\"og:type\" content=\"article\" \/>\n<meta property=\"og:title\" content=\"[C\u00f4t\u00e9Toulouse] Toulouse parmi les villes fran\u00e7aises o\u00f9 les tarifs des transports ont le plus augment\u00e9 - AUTATE\" \/>\n<meta property=\"og:description\" content=\"Un article de David St-Sernin dans Actu C\u00f4t\u00e9 Toulouse, publi\u00e9 le 18 juin 2016 (photo Tiss\u00e9o) Depuis 2006, c&rsquo;est \u00e0 Toulouse que les tarifs des transports en commun ont le plus augment\u00e9 en France selon l&rsquo;\u00e9tat des lieux r\u00e9alis\u00e9 par l&rsquo;Union des Transports Publics. Si Tiss\u00e9o s\u2019affiche r\u00e9guli\u00e8rement comme \u00ab\u00a0l\u2019un des r\u00e9seaux les moins chersVOIR PLUS\" \/>\n<meta property=\"og:url\" content=\"https:\/\/autate.fr\/site\/cotetoulouse-toulouse-parmi-les-villes-francaises-ou-les-tarifs-des-transports-ont-le-plus-augmente\/\" \/>\n<meta property=\"og:site_name\" content=\"AUTATE\" \/>\n<meta property=\"article:publisher\" content=\"https:\/\/www.facebook.com\/AutateToulouse\" \/>\n<meta property=\"article:published_time\" content=\"2016-06-19T12:40:27+00:00\" \/>\n<meta property=\"article:modified_time\" content=\"2016-08-09T12:44:59+00:00\" \/>\n<meta property=\"og:image\" content=\"https:\/\/autate.fr\/site\/wp-content\/uploads\/2016\/08\/clientele-tisseo-630x0.jpg\" \/>\n\t<meta property=\"og:image:width\" content=\"630\" \/>\n\t<meta property=\"og:image:height\" content=\"412\" \/>\n\t<meta property=\"og:image:type\" content=\"image\/jpeg\" \/>\n<meta name=\"author\" content=\"pascalbarbier\" \/>\n<meta name=\"twitter:card\" content=\"summary_large_image\" \/>\n<meta name=\"twitter:creator\" content=\"@AutateToulouse\" \/>\n<meta name=\"twitter:site\" content=\"@AutateToulouse\" \/>\n<meta name=\"twitter:label1\" content=\"\u00c9crit par\" \/>\n\t<meta name=\"twitter:data1\" content=\"pascalbarbier\" \/>\n\t<meta name=\"twitter:label2\" content=\"Dur\u00e9e de lecture estim\u00e9e\" \/>\n\t<meta name=\"twitter:data2\" content=\"1 minute\" \/>\n<script type=\"application\/ld+json\" class=\"yoast-schema-graph\">{\"@context\":\"https:\\\/\\\/schema.org\",\"@graph\":[{\"@type\":\"Article\",\"@id\":\"https:\\\/\\\/autate.fr\\\/site\\\/cotetoulouse-toulouse-parmi-les-villes-francaises-ou-les-tarifs-des-transports-ont-le-plus-augmente\\\/#article\",\"isPartOf\":{\"@id\":\"https:\\\/\\\/autate.fr\\\/site\\\/cotetoulouse-toulouse-parmi-les-villes-francaises-ou-les-tarifs-des-transports-ont-le-plus-augmente\\\/\"},\"author\":{\"name\":\"pascalbarbier\",\"@id\":\"https:\\\/\\\/autate.fr\\\/site\\\/#\\\/schema\\\/person\\\/ae1ab8bdaa7b41d2a9b52d2557ce8254\"},\"headline\":\"[C\u00f4t\u00e9Toulouse] Toulouse parmi les villes fran\u00e7aises o\u00f9 les tarifs des transports ont le plus augment\u00e9\",\"datePublished\":\"2016-06-19T12:40:27+00:00\",\"dateModified\":\"2016-08-09T12:44:59+00:00\",\"mainEntityOfPage\":{\"@id\":\"https:\\\/\\\/autate.fr\\\/site\\\/cotetoulouse-toulouse-parmi-les-villes-francaises-ou-les-tarifs-des-transports-ont-le-plus-augmente\\\/\"},\"wordCount\":176,\"commentCount\":0,\"publisher\":{\"@id\":\"https:\\\/\\\/autate.fr\\\/site\\\/#organization\"},\"image\":{\"@id\":\"https:\\\/\\\/autate.fr\\\/site\\\/cotetoulouse-toulouse-parmi-les-villes-francaises-ou-les-tarifs-des-transports-ont-le-plus-augmente\\\/#primaryimage\"},\"thumbnailUrl\":\"https:\\\/\\\/autate.fr\\\/site\\\/wp-content\\\/uploads\\\/2016\\\/08\\\/clientele-tisseo-630x0.jpg\",\"keywords\":[\"tarifs\",\"Tiss\u00e9o\",\"UTP\"],\"articleSection\":[\"Revue de presse\"],\"inLanguage\":\"fr-FR\",\"potentialAction\":[{\"@type\":\"CommentAction\",\"name\":\"Comment\",\"target\":[\"https:\\\/\\\/autate.fr\\\/site\\\/cotetoulouse-toulouse-parmi-les-villes-francaises-ou-les-tarifs-des-transports-ont-le-plus-augmente\\\/#respond\"]}]},{\"@type\":\"WebPage\",\"@id\":\"https:\\\/\\\/autate.fr\\\/site\\\/cotetoulouse-toulouse-parmi-les-villes-francaises-ou-les-tarifs-des-transports-ont-le-plus-augmente\\\/\",\"url\":\"https:\\\/\\\/autate.fr\\\/site\\\/cotetoulouse-toulouse-parmi-les-villes-francaises-ou-les-tarifs-des-transports-ont-le-plus-augmente\\\/\",\"name\":\"[C\u00f4t\u00e9Toulouse] Toulouse parmi les villes fran\u00e7aises o\u00f9 les tarifs des transports ont le plus augment\u00e9 - AUTATE\",\"isPartOf\":{\"@id\":\"https:\\\/\\\/autate.fr\\\/site\\\/#website\"},\"primaryImageOfPage\":{\"@id\":\"https:\\\/\\\/autate.fr\\\/site\\\/cotetoulouse-toulouse-parmi-les-villes-francaises-ou-les-tarifs-des-transports-ont-le-plus-augmente\\\/#primaryimage\"},\"image\":{\"@id\":\"https:\\\/\\\/autate.fr\\\/site\\\/cotetoulouse-toulouse-parmi-les-villes-francaises-ou-les-tarifs-des-transports-ont-le-plus-augmente\\\/#primaryimage\"},\"thumbnailUrl\":\"https:\\\/\\\/autate.fr\\\/site\\\/wp-content\\\/uploads\\\/2016\\\/08\\\/clientele-tisseo-630x0.jpg\",\"datePublished\":\"2016-06-19T12:40:27+00:00\",\"dateModified\":\"2016-08-09T12:44:59+00:00\",\"breadcrumb\":{\"@id\":\"https:\\\/\\\/autate.fr\\\/site\\\/cotetoulouse-toulouse-parmi-les-villes-francaises-ou-les-tarifs-des-transports-ont-le-plus-augmente\\\/#breadcrumb\"},\"inLanguage\":\"fr-FR\",\"potentialAction\":[{\"@type\":\"ReadAction\",\"target\":[\"https:\\\/\\\/autate.fr\\\/site\\\/cotetoulouse-toulouse-parmi-les-villes-francaises-ou-les-tarifs-des-transports-ont-le-plus-augmente\\\/\"]}]},{\"@type\":\"ImageObject\",\"inLanguage\":\"fr-FR\",\"@id\":\"https:\\\/\\\/autate.fr\\\/site\\\/cotetoulouse-toulouse-parmi-les-villes-francaises-ou-les-tarifs-des-transports-ont-le-plus-augmente\\\/#primaryimage\",\"url\":\"https:\\\/\\\/autate.fr\\\/site\\\/wp-content\\\/uploads\\\/2016\\\/08\\\/clientele-tisseo-630x0.jpg\",\"contentUrl\":\"https:\\\/\\\/autate.fr\\\/site\\\/wp-content\\\/uploads\\\/2016\\\/08\\\/clientele-tisseo-630x0.jpg\",\"width\":630,\"height\":412},{\"@type\":\"BreadcrumbList\",\"@id\":\"https:\\\/\\\/autate.fr\\\/site\\\/cotetoulouse-toulouse-parmi-les-villes-francaises-ou-les-tarifs-des-transports-ont-le-plus-augmente\\\/#breadcrumb\",\"itemListElement\":[{\"@type\":\"ListItem\",\"position\":1,\"name\":\"Accueil\",\"item\":\"https:\\\/\\\/autate.fr\\\/site\\\/\"},{\"@type\":\"ListItem\",\"position\":2,\"name\":\"[C\u00f4t\u00e9Toulouse] Toulouse parmi les villes fran\u00e7aises o\u00f9 les tarifs des transports ont le plus augment\u00e9\"}]},{\"@type\":\"WebSite\",\"@id\":\"https:\\\/\\\/autate.fr\\\/site\\\/#website\",\"url\":\"https:\\\/\\\/autate.fr\\\/site\\\/\",\"name\":\"AUTATE\",\"description\":\"Association des usagers des transports de l&#039;agglom\u00e9ration Toulousaine et de ses environs\",\"publisher\":{\"@id\":\"https:\\\/\\\/autate.fr\\\/site\\\/#organization\"},\"potentialAction\":[{\"@type\":\"SearchAction\",\"target\":{\"@type\":\"EntryPoint\",\"urlTemplate\":\"https:\\\/\\\/autate.fr\\\/site\\\/?s={search_term_string}\"},\"query-input\":{\"@type\":\"PropertyValueSpecification\",\"valueRequired\":true,\"valueName\":\"search_term_string\"}}],\"inLanguage\":\"fr-FR\"},{\"@type\":\"Organization\",\"@id\":\"https:\\\/\\\/autate.fr\\\/site\\\/#organization\",\"name\":\"AUTATE\",\"url\":\"https:\\\/\\\/autate.fr\\\/site\\\/\",\"logo\":{\"@type\":\"ImageObject\",\"inLanguage\":\"fr-FR\",\"@id\":\"https:\\\/\\\/autate.fr\\\/site\\\/#\\\/schema\\\/logo\\\/image\\\/\",\"url\":\"http:\\\/\\\/autate.fr\\\/site\\\/wp-content\\\/uploads\\\/2019\\\/01\\\/logo.png\",\"contentUrl\":\"http:\\\/\\\/autate.fr\\\/site\\\/wp-content\\\/uploads\\\/2019\\\/01\\\/logo.png\",\"width\":506,\"height\":280,\"caption\":\"AUTATE\"},\"image\":{\"@id\":\"https:\\\/\\\/autate.fr\\\/site\\\/#\\\/schema\\\/logo\\\/image\\\/\"},\"sameAs\":[\"https:\\\/\\\/www.facebook.com\\\/AutateToulouse\",\"https:\\\/\\\/x.com\\\/AutateToulouse\"]},{\"@type\":\"Person\",\"@id\":\"https:\\\/\\\/autate.fr\\\/site\\\/#\\\/schema\\\/person\\\/ae1ab8bdaa7b41d2a9b52d2557ce8254\",\"name\":\"pascalbarbier\",\"image\":{\"@type\":\"ImageObject\",\"inLanguage\":\"fr-FR\",\"@id\":\"https:\\\/\\\/secure.gravatar.com\\\/avatar\\\/03f4e8ced09894b72c67e83142540730d4b3bbf619bf46341b0074e3bf5f08a0?s=96&d=mm&r=g\",\"url\":\"https:\\\/\\\/secure.gravatar.com\\\/avatar\\\/03f4e8ced09894b72c67e83142540730d4b3bbf619bf46341b0074e3bf5f08a0?s=96&d=mm&r=g\",\"contentUrl\":\"https:\\\/\\\/secure.gravatar.com\\\/avatar\\\/03f4e8ced09894b72c67e83142540730d4b3bbf619bf46341b0074e3bf5f08a0?s=96&d=mm&r=g\",\"caption\":\"pascalbarbier\"},\"url\":\"https:\\\/\\\/autate.fr\\\/site\\\/author\\\/pascalbarbier\\\/\"}]}<\/script>\n<!-- \/ Yoast SEO plugin. -->","yoast_head_json":{"title":"[C\u00f4t\u00e9Toulouse] Toulouse parmi les villes fran\u00e7aises o\u00f9 les tarifs des transports ont le plus augment\u00e9 - AUTATE","robots":{"index":"index","follow":"follow","max-snippet":"max-snippet:-1","max-image-preview":"max-image-preview:large","max-video-preview":"max-video-preview:-1"},"canonical":"https:\/\/autate.fr\/site\/cotetoulouse-toulouse-parmi-les-villes-francaises-ou-les-tarifs-des-transports-ont-le-plus-augmente\/","og_locale":"fr_FR","og_type":"article","og_title":"[C\u00f4t\u00e9Toulouse] Toulouse parmi les villes fran\u00e7aises o\u00f9 les tarifs des transports ont le plus augment\u00e9 - AUTATE","og_description":"Un article de David St-Sernin dans Actu C\u00f4t\u00e9 Toulouse, publi\u00e9 le 18 juin 2016 (photo Tiss\u00e9o) Depuis 2006, c&rsquo;est \u00e0 Toulouse que les tarifs des transports en commun ont le plus augment\u00e9 en France selon l&rsquo;\u00e9tat des lieux r\u00e9alis\u00e9 par l&rsquo;Union des Transports Publics. Si Tiss\u00e9o s\u2019affiche r\u00e9guli\u00e8rement comme \u00ab\u00a0l\u2019un des r\u00e9seaux les moins chersVOIR PLUS","og_url":"https:\/\/autate.fr\/site\/cotetoulouse-toulouse-parmi-les-villes-francaises-ou-les-tarifs-des-transports-ont-le-plus-augmente\/","og_site_name":"AUTATE","article_publisher":"https:\/\/www.facebook.com\/AutateToulouse","article_published_time":"2016-06-19T12:40:27+00:00","article_modified_time":"2016-08-09T12:44:59+00:00","og_image":[{"width":630,"height":412,"url":"https:\/\/autate.fr\/site\/wp-content\/uploads\/2016\/08\/clientele-tisseo-630x0.jpg","type":"image\/jpeg"}],"author":"pascalbarbier","twitter_card":"summary_large_image","twitter_creator":"@AutateToulouse","twitter_site":"@AutateToulouse","twitter_misc":{"\u00c9crit par":"pascalbarbier","Dur\u00e9e de lecture estim\u00e9e":"1 minute"},"schema":{"@context":"https:\/\/schema.org","@graph":[{"@type":"Article","@id":"https:\/\/autate.fr\/site\/cotetoulouse-toulouse-parmi-les-villes-francaises-ou-les-tarifs-des-transports-ont-le-plus-augmente\/#article","isPartOf":{"@id":"https:\/\/autate.fr\/site\/cotetoulouse-toulouse-parmi-les-villes-francaises-ou-les-tarifs-des-transports-ont-le-plus-augmente\/"},"author":{"name":"pascalbarbier","@id":"https:\/\/autate.fr\/site\/#\/schema\/person\/ae1ab8bdaa7b41d2a9b52d2557ce8254"},"headline":"[C\u00f4t\u00e9Toulouse] Toulouse parmi les villes fran\u00e7aises o\u00f9 les tarifs des transports ont le plus augment\u00e9","datePublished":"2016-06-19T12:40:27+00:00","dateModified":"2016-08-09T12:44:59+00:00","mainEntityOfPage":{"@id":"https:\/\/autate.fr\/site\/cotetoulouse-toulouse-parmi-les-villes-francaises-ou-les-tarifs-des-transports-ont-le-plus-augmente\/"},"wordCount":176,"commentCount":0,"publisher":{"@id":"https:\/\/autate.fr\/site\/#organization"},"image":{"@id":"https:\/\/autate.fr\/site\/cotetoulouse-toulouse-parmi-les-villes-francaises-ou-les-tarifs-des-transports-ont-le-plus-augmente\/#primaryimage"},"thumbnailUrl":"https:\/\/autate.fr\/site\/wp-content\/uploads\/2016\/08\/clientele-tisseo-630x0.jpg","keywords":["tarifs","Tiss\u00e9o","UTP"],"articleSection":["Revue de presse"],"inLanguage":"fr-FR","potentialAction":[{"@type":"CommentAction","name":"Comment","target":["https:\/\/autate.fr\/site\/cotetoulouse-toulouse-parmi-les-villes-francaises-ou-les-tarifs-des-transports-ont-le-plus-augmente\/#respond"]}]},{"@type":"WebPage","@id":"https:\/\/autate.fr\/site\/cotetoulouse-toulouse-parmi-les-villes-francaises-ou-les-tarifs-des-transports-ont-le-plus-augmente\/","url":"https:\/\/autate.fr\/site\/cotetoulouse-toulouse-parmi-les-villes-francaises-ou-les-tarifs-des-transports-ont-le-plus-augmente\/","name":"[C\u00f4t\u00e9Toulouse] Toulouse parmi les villes fran\u00e7aises o\u00f9 les tarifs des transports ont le plus augment\u00e9 - AUTATE","isPartOf":{"@id":"https:\/\/autate.fr\/site\/#website"},"primaryImageOfPage":{"@id":"https:\/\/autate.fr\/site\/cotetoulouse-toulouse-parmi-les-villes-francaises-ou-les-tarifs-des-transports-ont-le-plus-augmente\/#primaryimage"},"image":{"@id":"https:\/\/autate.fr\/site\/cotetoulouse-toulouse-parmi-les-villes-francaises-ou-les-tarifs-des-transports-ont-le-plus-augmente\/#primaryimage"},"thumbnailUrl":"https:\/\/autate.fr\/site\/wp-content\/uploads\/2016\/08\/clientele-tisseo-630x0.jpg","datePublished":"2016-06-19T12:40:27+00:00","dateModified":"2016-08-09T12:44:59+00:00","breadcrumb":{"@id":"https:\/\/autate.fr\/site\/cotetoulouse-toulouse-parmi-les-villes-francaises-ou-les-tarifs-des-transports-ont-le-plus-augmente\/#breadcrumb"},"inLanguage":"fr-FR","potentialAction":[{"@type":"ReadAction","target":["https:\/\/autate.fr\/site\/cotetoulouse-toulouse-parmi-les-villes-francaises-ou-les-tarifs-des-transports-ont-le-plus-augmente\/"]}]},{"@type":"ImageObject","inLanguage":"fr-FR","@id":"https:\/\/autate.fr\/site\/cotetoulouse-toulouse-parmi-les-villes-francaises-ou-les-tarifs-des-transports-ont-le-plus-augmente\/#primaryimage","url":"https:\/\/autate.fr\/site\/wp-content\/uploads\/2016\/08\/clientele-tisseo-630x0.jpg","contentUrl":"https:\/\/autate.fr\/site\/wp-content\/uploads\/2016\/08\/clientele-tisseo-630x0.jpg","width":630,"height":412},{"@type":"BreadcrumbList","@id":"https:\/\/autate.fr\/site\/cotetoulouse-toulouse-parmi-les-villes-francaises-ou-les-tarifs-des-transports-ont-le-plus-augmente\/#breadcrumb","itemListElement":[{"@type":"ListItem","position":1,"name":"Accueil","item":"https:\/\/autate.fr\/site\/"},{"@type":"ListItem","position":2,"name":"[C\u00f4t\u00e9Toulouse] Toulouse parmi les villes fran\u00e7aises o\u00f9 les tarifs des transports ont le plus augment\u00e9"}]},{"@type":"WebSite","@id":"https:\/\/autate.fr\/site\/#website","url":"https:\/\/autate.fr\/site\/","name":"AUTATE","description":"Association des usagers des transports de l&#039;agglom\u00e9ration Toulousaine et de ses environs","publisher":{"@id":"https:\/\/autate.fr\/site\/#organization"},"potentialAction":[{"@type":"SearchAction","target":{"@type":"EntryPoint","urlTemplate":"https:\/\/autate.fr\/site\/?s={search_term_string}"},"query-input":{"@type":"PropertyValueSpecification","valueRequired":true,"valueName":"search_term_string"}}],"inLanguage":"fr-FR"},{"@type":"Organization","@id":"https:\/\/autate.fr\/site\/#organization","name":"AUTATE","url":"https:\/\/autate.fr\/site\/","logo":{"@type":"ImageObject","inLanguage":"fr-FR","@id":"https:\/\/autate.fr\/site\/#\/schema\/logo\/image\/","url":"http:\/\/autate.fr\/site\/wp-content\/uploads\/2019\/01\/logo.png","contentUrl":"http:\/\/autate.fr\/site\/wp-content\/uploads\/2019\/01\/logo.png","width":506,"height":280,"caption":"AUTATE"},"image":{"@id":"https:\/\/autate.fr\/site\/#\/schema\/logo\/image\/"},"sameAs":["https:\/\/www.facebook.com\/AutateToulouse","https:\/\/x.com\/AutateToulouse"]},{"@type":"Person","@id":"https:\/\/autate.fr\/site\/#\/schema\/person\/ae1ab8bdaa7b41d2a9b52d2557ce8254","name":"pascalbarbier","image":{"@type":"ImageObject","inLanguage":"fr-FR","@id":"https:\/\/secure.gravatar.com\/avatar\/03f4e8ced09894b72c67e83142540730d4b3bbf619bf46341b0074e3bf5f08a0?s=96&d=mm&r=g","url":"https:\/\/secure.gravatar.com\/avatar\/03f4e8ced09894b72c67e83142540730d4b3bbf619bf46341b0074e3bf5f08a0?s=96&d=mm&r=g","contentUrl":"https:\/\/secure.gravatar.com\/avatar\/03f4e8ced09894b72c67e83142540730d4b3bbf619bf46341b0074e3bf5f08a0?s=96&d=mm&r=g","caption":"pascalbarbier"},"url":"https:\/\/autate.fr\/site\/author\/pascalbarbier\/"}]}},"_links":{"self":[{"href":"https:\/\/autate.fr\/site\/wp-json\/wp\/v2\/posts\/721","targetHints":{"allow":["GET"]}}],"collection":[{"href":"https:\/\/autate.fr\/site\/wp-json\/wp\/v2\/posts"}],"about":[{"href":"https:\/\/autate.fr\/site\/wp-json\/wp\/v2\/types\/post"}],"author":[{"embeddable":true,"href":"https:\/\/autate.fr\/site\/wp-json\/wp\/v2\/users\/1"}],"replies":[{"embeddable":true,"href":"https:\/\/autate.fr\/site\/wp-json\/wp\/v2\/comments?post=721"}],"version-history":[{"count":1,"href":"https:\/\/autate.fr\/site\/wp-json\/wp\/v2\/posts\/721\/revisions"}],"predecessor-version":[{"id":723,"href":"https:\/\/autate.fr\/site\/wp-json\/wp\/v2\/posts\/721\/revisions\/723"}],"wp:featuredmedia":[{"embeddable":true,"href":"https:\/\/autate.fr\/site\/wp-json\/wp\/v2\/media\/722"}],"wp:attachment":[{"href":"https:\/\/autate.fr\/site\/wp-json\/wp\/v2\/media?parent=721"}],"wp:term":[{"taxonomy":"category","embeddable":true,"href":"https:\/\/autate.fr\/site\/wp-json\/wp\/v2\/categories?post=721"},{"taxonomy":"post_tag","embeddable":true,"href":"https:\/\/autate.fr\/site\/wp-json\/wp\/v2\/tags?post=721"}],"curies":[{"name":"wp","href":"https:\/\/api.w.org\/{rel}","templated":true}]}}