{"id":717,"date":"2016-06-19T14:35:58","date_gmt":"2016-06-19T12:35:58","guid":{"rendered":"http:\/\/autate.fr\/site\/?p=717"},"modified":"2016-08-09T14:40:20","modified_gmt":"2016-08-09T12:40:20","slug":"la-depeche-prolongement-de-la-ligne-b-du-metro-la-solution-miracle","status":"publish","type":"post","link":"https:\/\/autate.fr\/site\/la-depeche-prolongement-de-la-ligne-b-du-metro-la-solution-miracle\/","title":{"rendered":"[La D\u00e9p\u00eache] Prolongement de la ligne B du m\u00e9tro : la solution miracle ?"},"content":{"rendered":"<p>Un article de la D\u00e9p\u00eache du midi paru le 18 juin 2016 (photo DDM)<\/p>\n<p>La technique au secours de la diplomatie. Et si une solution astucieuse permettait de prolonger, \u00e0 moindre co\u00fbt, la ligne B du m\u00e9tro depuis le terminus Ramonville jusqu&rsquo;\u00e0 l&rsquo;Institut national polytechnique (INP) \u00e0 Lab\u00e8ge Innopole ?<\/p>\n<p><a href=\"http:\/\/www.ladepeche.fr\/article\/2016\/06\/18\/2368046-prolongement-du-metro-la-solution-miracle.html\" target=\"_blank\"><strong>lire la suite<\/strong><\/a><\/p>\n","protected":false},"excerpt":{"rendered":"<p>Un article de la D\u00e9p\u00eache du midi paru le 18 juin 2016 (photo DDM) La technique au secours de la diplomatie. Et si une solution astucieuse permettait de prolonger, \u00e0 moindre co\u00fbt, la ligne B du m\u00e9tro depuis le terminus Ramonville jusqu&rsquo;\u00e0 l&rsquo;Institut national polytechnique (INP) \u00e0 Lab\u00e8ge Innopole ? lire la suite<\/p>\n","protected":false},"author":1,"featured_media":69,"comment_status":"open","ping_status":"open","sticky":false,"template":"","format":"standard","meta":{"footnotes":""},"categories":[7],"tags":[22,18,12,217,17],"class_list":["post-717","post","type-post","status-publish","format-standard","has-post-thumbnail","hentry","category-revue-de-presse","tag-labege","tag-ligne-b","tag-metro","tag-monorail","tag-plb"],"yoast_head":"<!-- This site is optimized with the Yoast SEO plugin v27.4 - https:\/\/yoast.com\/product\/yoast-seo-wordpress\/ -->\n<title>[La D\u00e9p\u00eache] Prolongement de la ligne B du m\u00e9tro : la solution miracle ? - AUTATE<\/title>\n<meta name=\"robots\" content=\"index, follow, max-snippet:-1, max-image-preview:large, max-video-preview:-1\" \/>\n<link rel=\"canonical\" href=\"https:\/\/autate.fr\/site\/la-depeche-prolongement-de-la-ligne-b-du-metro-la-solution-miracle\/\" \/>\n<meta property=\"og:locale\" content=\"fr_FR\" \/>\n<meta property=\"og:type\" content=\"article\" \/>\n<meta property=\"og:title\" content=\"[La D\u00e9p\u00eache] Prolongement de la ligne B du m\u00e9tro : la solution miracle ? - AUTATE\" \/>\n<meta property=\"og:description\" content=\"Un article de la D\u00e9p\u00eache du midi paru le 18 juin 2016 (photo DDM) La technique au secours de la diplomatie. Et si une solution astucieuse permettait de prolonger, \u00e0 moindre co\u00fbt, la ligne B du m\u00e9tro depuis le terminus Ramonville jusqu&rsquo;\u00e0 l&rsquo;Institut national polytechnique (INP) \u00e0 Lab\u00e8ge Innopole ? lire la suite\" \/>\n<meta property=\"og:url\" content=\"https:\/\/autate.fr\/site\/la-depeche-prolongement-de-la-ligne-b-du-metro-la-solution-miracle\/\" \/>\n<meta property=\"og:site_name\" content=\"AUTATE\" \/>\n<meta property=\"article:publisher\" content=\"https:\/\/www.facebook.com\/AutateToulouse\" \/>\n<meta property=\"article:published_time\" content=\"2016-06-19T12:35:58+00:00\" \/>\n<meta property=\"article:modified_time\" content=\"2016-08-09T12:40:20+00:00\" \/>\n<meta property=\"og:image\" content=\"https:\/\/autate.fr\/site\/wp-content\/uploads\/2015\/12\/m\u00e9troValDDM.jpg\" \/>\n\t<meta property=\"og:image:width\" content=\"504\" \/>\n\t<meta property=\"og:image:height\" content=\"604\" \/>\n\t<meta property=\"og:image:type\" content=\"image\/jpeg\" \/>\n<meta name=\"author\" content=\"pascalbarbier\" \/>\n<meta name=\"twitter:card\" content=\"summary_large_image\" \/>\n<meta name=\"twitter:creator\" content=\"@AutateToulouse\" \/>\n<meta name=\"twitter:site\" content=\"@AutateToulouse\" \/>\n<meta name=\"twitter:label1\" content=\"\u00c9crit par\" \/>\n\t<meta name=\"twitter:data1\" content=\"pascalbarbier\" \/>\n<script type=\"application\/ld+json\" class=\"yoast-schema-graph\">{\"@context\":\"https:\\\/\\\/schema.org\",\"@graph\":[{\"@type\":\"Article\",\"@id\":\"https:\\\/\\\/autate.fr\\\/site\\\/la-depeche-prolongement-de-la-ligne-b-du-metro-la-solution-miracle\\\/#article\",\"isPartOf\":{\"@id\":\"https:\\\/\\\/autate.fr\\\/site\\\/la-depeche-prolongement-de-la-ligne-b-du-metro-la-solution-miracle\\\/\"},\"author\":{\"name\":\"pascalbarbier\",\"@id\":\"https:\\\/\\\/autate.fr\\\/site\\\/#\\\/schema\\\/person\\\/ae1ab8bdaa7b41d2a9b52d2557ce8254\"},\"headline\":\"[La D\u00e9p\u00eache] Prolongement de la ligne B du m\u00e9tro : la solution miracle ?\",\"datePublished\":\"2016-06-19T12:35:58+00:00\",\"dateModified\":\"2016-08-09T12:40:20+00:00\",\"mainEntityOfPage\":{\"@id\":\"https:\\\/\\\/autate.fr\\\/site\\\/la-depeche-prolongement-de-la-ligne-b-du-metro-la-solution-miracle\\\/\"},\"wordCount\":68,\"commentCount\":0,\"publisher\":{\"@id\":\"https:\\\/\\\/autate.fr\\\/site\\\/#organization\"},\"image\":{\"@id\":\"https:\\\/\\\/autate.fr\\\/site\\\/la-depeche-prolongement-de-la-ligne-b-du-metro-la-solution-miracle\\\/#primaryimage\"},\"thumbnailUrl\":\"https:\\\/\\\/autate.fr\\\/site\\\/wp-content\\\/uploads\\\/2015\\\/12\\\/m\u00e9troValDDM.jpg\",\"keywords\":[\"Lab\u00e8ge\",\"ligne B\",\"m\u00e9tro\",\"monorail\",\"PLB\"],\"articleSection\":[\"Revue de presse\"],\"inLanguage\":\"fr-FR\",\"potentialAction\":[{\"@type\":\"CommentAction\",\"name\":\"Comment\",\"target\":[\"https:\\\/\\\/autate.fr\\\/site\\\/la-depeche-prolongement-de-la-ligne-b-du-metro-la-solution-miracle\\\/#respond\"]}]},{\"@type\":\"WebPage\",\"@id\":\"https:\\\/\\\/autate.fr\\\/site\\\/la-depeche-prolongement-de-la-ligne-b-du-metro-la-solution-miracle\\\/\",\"url\":\"https:\\\/\\\/autate.fr\\\/site\\\/la-depeche-prolongement-de-la-ligne-b-du-metro-la-solution-miracle\\\/\",\"name\":\"[La D\u00e9p\u00eache] Prolongement de la ligne B du m\u00e9tro : la solution miracle ? - AUTATE\",\"isPartOf\":{\"@id\":\"https:\\\/\\\/autate.fr\\\/site\\\/#website\"},\"primaryImageOfPage\":{\"@id\":\"https:\\\/\\\/autate.fr\\\/site\\\/la-depeche-prolongement-de-la-ligne-b-du-metro-la-solution-miracle\\\/#primaryimage\"},\"image\":{\"@id\":\"https:\\\/\\\/autate.fr\\\/site\\\/la-depeche-prolongement-de-la-ligne-b-du-metro-la-solution-miracle\\\/#primaryimage\"},\"thumbnailUrl\":\"https:\\\/\\\/autate.fr\\\/site\\\/wp-content\\\/uploads\\\/2015\\\/12\\\/m\u00e9troValDDM.jpg\",\"datePublished\":\"2016-06-19T12:35:58+00:00\",\"dateModified\":\"2016-08-09T12:40:20+00:00\",\"breadcrumb\":{\"@id\":\"https:\\\/\\\/autate.fr\\\/site\\\/la-depeche-prolongement-de-la-ligne-b-du-metro-la-solution-miracle\\\/#breadcrumb\"},\"inLanguage\":\"fr-FR\",\"potentialAction\":[{\"@type\":\"ReadAction\",\"target\":[\"https:\\\/\\\/autate.fr\\\/site\\\/la-depeche-prolongement-de-la-ligne-b-du-metro-la-solution-miracle\\\/\"]}]},{\"@type\":\"ImageObject\",\"inLanguage\":\"fr-FR\",\"@id\":\"https:\\\/\\\/autate.fr\\\/site\\\/la-depeche-prolongement-de-la-ligne-b-du-metro-la-solution-miracle\\\/#primaryimage\",\"url\":\"https:\\\/\\\/autate.fr\\\/site\\\/wp-content\\\/uploads\\\/2015\\\/12\\\/m\u00e9troValDDM.jpg\",\"contentUrl\":\"https:\\\/\\\/autate.fr\\\/site\\\/wp-content\\\/uploads\\\/2015\\\/12\\\/m\u00e9troValDDM.jpg\",\"width\":504,\"height\":604,\"caption\":\"DDM DAVID BECUS - METRO AERIEN DE TOULOUSE ILLUSTRATION RAME\"},{\"@type\":\"BreadcrumbList\",\"@id\":\"https:\\\/\\\/autate.fr\\\/site\\\/la-depeche-prolongement-de-la-ligne-b-du-metro-la-solution-miracle\\\/#breadcrumb\",\"itemListElement\":[{\"@type\":\"ListItem\",\"position\":1,\"name\":\"Accueil\",\"item\":\"https:\\\/\\\/autate.fr\\\/site\\\/\"},{\"@type\":\"ListItem\",\"position\":2,\"name\":\"[La D\u00e9p\u00eache] Prolongement de la ligne B du m\u00e9tro : la solution miracle ?\"}]},{\"@type\":\"WebSite\",\"@id\":\"https:\\\/\\\/autate.fr\\\/site\\\/#website\",\"url\":\"https:\\\/\\\/autate.fr\\\/site\\\/\",\"name\":\"AUTATE\",\"description\":\"Association des usagers des transports de l&#039;agglom\u00e9ration Toulousaine et de ses environs\",\"publisher\":{\"@id\":\"https:\\\/\\\/autate.fr\\\/site\\\/#organization\"},\"potentialAction\":[{\"@type\":\"SearchAction\",\"target\":{\"@type\":\"EntryPoint\",\"urlTemplate\":\"https:\\\/\\\/autate.fr\\\/site\\\/?s={search_term_string}\"},\"query-input\":{\"@type\":\"PropertyValueSpecification\",\"valueRequired\":true,\"valueName\":\"search_term_string\"}}],\"inLanguage\":\"fr-FR\"},{\"@type\":\"Organization\",\"@id\":\"https:\\\/\\\/autate.fr\\\/site\\\/#organization\",\"name\":\"AUTATE\",\"url\":\"https:\\\/\\\/autate.fr\\\/site\\\/\",\"logo\":{\"@type\":\"ImageObject\",\"inLanguage\":\"fr-FR\",\"@id\":\"https:\\\/\\\/autate.fr\\\/site\\\/#\\\/schema\\\/logo\\\/image\\\/\",\"url\":\"http:\\\/\\\/autate.fr\\\/site\\\/wp-content\\\/uploads\\\/2019\\\/01\\\/logo.png\",\"contentUrl\":\"http:\\\/\\\/autate.fr\\\/site\\\/wp-content\\\/uploads\\\/2019\\\/01\\\/logo.png\",\"width\":506,\"height\":280,\"caption\":\"AUTATE\"},\"image\":{\"@id\":\"https:\\\/\\\/autate.fr\\\/site\\\/#\\\/schema\\\/logo\\\/image\\\/\"},\"sameAs\":[\"https:\\\/\\\/www.facebook.com\\\/AutateToulouse\",\"https:\\\/\\\/x.com\\\/AutateToulouse\"]},{\"@type\":\"Person\",\"@id\":\"https:\\\/\\\/autate.fr\\\/site\\\/#\\\/schema\\\/person\\\/ae1ab8bdaa7b41d2a9b52d2557ce8254\",\"name\":\"pascalbarbier\",\"image\":{\"@type\":\"ImageObject\",\"inLanguage\":\"fr-FR\",\"@id\":\"https:\\\/\\\/secure.gravatar.com\\\/avatar\\\/03f4e8ced09894b72c67e83142540730d4b3bbf619bf46341b0074e3bf5f08a0?s=96&d=mm&r=g\",\"url\":\"https:\\\/\\\/secure.gravatar.com\\\/avatar\\\/03f4e8ced09894b72c67e83142540730d4b3bbf619bf46341b0074e3bf5f08a0?s=96&d=mm&r=g\",\"contentUrl\":\"https:\\\/\\\/secure.gravatar.com\\\/avatar\\\/03f4e8ced09894b72c67e83142540730d4b3bbf619bf46341b0074e3bf5f08a0?s=96&d=mm&r=g\",\"caption\":\"pascalbarbier\"},\"url\":\"https:\\\/\\\/autate.fr\\\/site\\\/author\\\/pascalbarbier\\\/\"}]}<\/script>\n<!-- \/ Yoast SEO plugin. -->","yoast_head_json":{"title":"[La D\u00e9p\u00eache] Prolongement de la ligne B du m\u00e9tro : la solution miracle ? - AUTATE","robots":{"index":"index","follow":"follow","max-snippet":"max-snippet:-1","max-image-preview":"max-image-preview:large","max-video-preview":"max-video-preview:-1"},"canonical":"https:\/\/autate.fr\/site\/la-depeche-prolongement-de-la-ligne-b-du-metro-la-solution-miracle\/","og_locale":"fr_FR","og_type":"article","og_title":"[La D\u00e9p\u00eache] Prolongement de la ligne B du m\u00e9tro : la solution miracle ? - AUTATE","og_description":"Un article de la D\u00e9p\u00eache du midi paru le 18 juin 2016 (photo DDM) La technique au secours de la diplomatie. Et si une solution astucieuse permettait de prolonger, \u00e0 moindre co\u00fbt, la ligne B du m\u00e9tro depuis le terminus Ramonville jusqu&rsquo;\u00e0 l&rsquo;Institut national polytechnique (INP) \u00e0 Lab\u00e8ge Innopole ? lire la suite","og_url":"https:\/\/autate.fr\/site\/la-depeche-prolongement-de-la-ligne-b-du-metro-la-solution-miracle\/","og_site_name":"AUTATE","article_publisher":"https:\/\/www.facebook.com\/AutateToulouse","article_published_time":"2016-06-19T12:35:58+00:00","article_modified_time":"2016-08-09T12:40:20+00:00","og_image":[{"width":504,"height":604,"url":"https:\/\/autate.fr\/site\/wp-content\/uploads\/2015\/12\/m\u00e9troValDDM.jpg","type":"image\/jpeg"}],"author":"pascalbarbier","twitter_card":"summary_large_image","twitter_creator":"@AutateToulouse","twitter_site":"@AutateToulouse","twitter_misc":{"\u00c9crit par":"pascalbarbier"},"schema":{"@context":"https:\/\/schema.org","@graph":[{"@type":"Article","@id":"https:\/\/autate.fr\/site\/la-depeche-prolongement-de-la-ligne-b-du-metro-la-solution-miracle\/#article","isPartOf":{"@id":"https:\/\/autate.fr\/site\/la-depeche-prolongement-de-la-ligne-b-du-metro-la-solution-miracle\/"},"author":{"name":"pascalbarbier","@id":"https:\/\/autate.fr\/site\/#\/schema\/person\/ae1ab8bdaa7b41d2a9b52d2557ce8254"},"headline":"[La D\u00e9p\u00eache] Prolongement de la ligne B du m\u00e9tro : la solution miracle ?","datePublished":"2016-06-19T12:35:58+00:00","dateModified":"2016-08-09T12:40:20+00:00","mainEntityOfPage":{"@id":"https:\/\/autate.fr\/site\/la-depeche-prolongement-de-la-ligne-b-du-metro-la-solution-miracle\/"},"wordCount":68,"commentCount":0,"publisher":{"@id":"https:\/\/autate.fr\/site\/#organization"},"image":{"@id":"https:\/\/autate.fr\/site\/la-depeche-prolongement-de-la-ligne-b-du-metro-la-solution-miracle\/#primaryimage"},"thumbnailUrl":"https:\/\/autate.fr\/site\/wp-content\/uploads\/2015\/12\/m\u00e9troValDDM.jpg","keywords":["Lab\u00e8ge","ligne B","m\u00e9tro","monorail","PLB"],"articleSection":["Revue de presse"],"inLanguage":"fr-FR","potentialAction":[{"@type":"CommentAction","name":"Comment","target":["https:\/\/autate.fr\/site\/la-depeche-prolongement-de-la-ligne-b-du-metro-la-solution-miracle\/#respond"]}]},{"@type":"WebPage","@id":"https:\/\/autate.fr\/site\/la-depeche-prolongement-de-la-ligne-b-du-metro-la-solution-miracle\/","url":"https:\/\/autate.fr\/site\/la-depeche-prolongement-de-la-ligne-b-du-metro-la-solution-miracle\/","name":"[La D\u00e9p\u00eache] Prolongement de la ligne B du m\u00e9tro : la solution miracle ? - AUTATE","isPartOf":{"@id":"https:\/\/autate.fr\/site\/#website"},"primaryImageOfPage":{"@id":"https:\/\/autate.fr\/site\/la-depeche-prolongement-de-la-ligne-b-du-metro-la-solution-miracle\/#primaryimage"},"image":{"@id":"https:\/\/autate.fr\/site\/la-depeche-prolongement-de-la-ligne-b-du-metro-la-solution-miracle\/#primaryimage"},"thumbnailUrl":"https:\/\/autate.fr\/site\/wp-content\/uploads\/2015\/12\/m\u00e9troValDDM.jpg","datePublished":"2016-06-19T12:35:58+00:00","dateModified":"2016-08-09T12:40:20+00:00","breadcrumb":{"@id":"https:\/\/autate.fr\/site\/la-depeche-prolongement-de-la-ligne-b-du-metro-la-solution-miracle\/#breadcrumb"},"inLanguage":"fr-FR","potentialAction":[{"@type":"ReadAction","target":["https:\/\/autate.fr\/site\/la-depeche-prolongement-de-la-ligne-b-du-metro-la-solution-miracle\/"]}]},{"@type":"ImageObject","inLanguage":"fr-FR","@id":"https:\/\/autate.fr\/site\/la-depeche-prolongement-de-la-ligne-b-du-metro-la-solution-miracle\/#primaryimage","url":"https:\/\/autate.fr\/site\/wp-content\/uploads\/2015\/12\/m\u00e9troValDDM.jpg","contentUrl":"https:\/\/autate.fr\/site\/wp-content\/uploads\/2015\/12\/m\u00e9troValDDM.jpg","width":504,"height":604,"caption":"DDM DAVID BECUS - METRO AERIEN DE TOULOUSE ILLUSTRATION RAME"},{"@type":"BreadcrumbList","@id":"https:\/\/autate.fr\/site\/la-depeche-prolongement-de-la-ligne-b-du-metro-la-solution-miracle\/#breadcrumb","itemListElement":[{"@type":"ListItem","position":1,"name":"Accueil","item":"https:\/\/autate.fr\/site\/"},{"@type":"ListItem","position":2,"name":"[La D\u00e9p\u00eache] Prolongement de la ligne B du m\u00e9tro : la solution miracle ?"}]},{"@type":"WebSite","@id":"https:\/\/autate.fr\/site\/#website","url":"https:\/\/autate.fr\/site\/","name":"AUTATE","description":"Association des usagers des transports de l&#039;agglom\u00e9ration Toulousaine et de ses environs","publisher":{"@id":"https:\/\/autate.fr\/site\/#organization"},"potentialAction":[{"@type":"SearchAction","target":{"@type":"EntryPoint","urlTemplate":"https:\/\/autate.fr\/site\/?s={search_term_string}"},"query-input":{"@type":"PropertyValueSpecification","valueRequired":true,"valueName":"search_term_string"}}],"inLanguage":"fr-FR"},{"@type":"Organization","@id":"https:\/\/autate.fr\/site\/#organization","name":"AUTATE","url":"https:\/\/autate.fr\/site\/","logo":{"@type":"ImageObject","inLanguage":"fr-FR","@id":"https:\/\/autate.fr\/site\/#\/schema\/logo\/image\/","url":"http:\/\/autate.fr\/site\/wp-content\/uploads\/2019\/01\/logo.png","contentUrl":"http:\/\/autate.fr\/site\/wp-content\/uploads\/2019\/01\/logo.png","width":506,"height":280,"caption":"AUTATE"},"image":{"@id":"https:\/\/autate.fr\/site\/#\/schema\/logo\/image\/"},"sameAs":["https:\/\/www.facebook.com\/AutateToulouse","https:\/\/x.com\/AutateToulouse"]},{"@type":"Person","@id":"https:\/\/autate.fr\/site\/#\/schema\/person\/ae1ab8bdaa7b41d2a9b52d2557ce8254","name":"pascalbarbier","image":{"@type":"ImageObject","inLanguage":"fr-FR","@id":"https:\/\/secure.gravatar.com\/avatar\/03f4e8ced09894b72c67e83142540730d4b3bbf619bf46341b0074e3bf5f08a0?s=96&d=mm&r=g","url":"https:\/\/secure.gravatar.com\/avatar\/03f4e8ced09894b72c67e83142540730d4b3bbf619bf46341b0074e3bf5f08a0?s=96&d=mm&r=g","contentUrl":"https:\/\/secure.gravatar.com\/avatar\/03f4e8ced09894b72c67e83142540730d4b3bbf619bf46341b0074e3bf5f08a0?s=96&d=mm&r=g","caption":"pascalbarbier"},"url":"https:\/\/autate.fr\/site\/author\/pascalbarbier\/"}]}},"_links":{"self":[{"href":"https:\/\/autate.fr\/site\/wp-json\/wp\/v2\/posts\/717","targetHints":{"allow":["GET"]}}],"collection":[{"href":"https:\/\/autate.fr\/site\/wp-json\/wp\/v2\/posts"}],"about":[{"href":"https:\/\/autate.fr\/site\/wp-json\/wp\/v2\/types\/post"}],"author":[{"embeddable":true,"href":"https:\/\/autate.fr\/site\/wp-json\/wp\/v2\/users\/1"}],"replies":[{"embeddable":true,"href":"https:\/\/autate.fr\/site\/wp-json\/wp\/v2\/comments?post=717"}],"version-history":[{"count":2,"href":"https:\/\/autate.fr\/site\/wp-json\/wp\/v2\/posts\/717\/revisions"}],"predecessor-version":[{"id":719,"href":"https:\/\/autate.fr\/site\/wp-json\/wp\/v2\/posts\/717\/revisions\/719"}],"wp:featuredmedia":[{"embeddable":true,"href":"https:\/\/autate.fr\/site\/wp-json\/wp\/v2\/media\/69"}],"wp:attachment":[{"href":"https:\/\/autate.fr\/site\/wp-json\/wp\/v2\/media?parent=717"}],"wp:term":[{"taxonomy":"category","embeddable":true,"href":"https:\/\/autate.fr\/site\/wp-json\/wp\/v2\/categories?post=717"},{"taxonomy":"post_tag","embeddable":true,"href":"https:\/\/autate.fr\/site\/wp-json\/wp\/v2\/tags?post=717"}],"curies":[{"name":"wp","href":"https:\/\/api.w.org\/{rel}","templated":true}]}}