{"id":711,"date":"2016-06-18T12:34:30","date_gmt":"2016-06-18T10:34:30","guid":{"rendered":"http:\/\/autate.fr\/site\/?p=711"},"modified":"2017-10-21T21:15:34","modified_gmt":"2017-10-21T19:15:34","slug":"ladepeche-exclusif-la-ligne-sncf-montrejeau-luchon-va-rouvrir","status":"publish","type":"post","link":"https:\/\/autate.fr\/site\/ladepeche-exclusif-la-ligne-sncf-montrejeau-luchon-va-rouvrir\/","title":{"rendered":"[LaD\u00e9p\u00eache] Exclusif : la ligne SNCF Montr\u00e9jeau-Luchon va rouvrir"},"content":{"rendered":"<p>Un article publi\u00e9 dans la D\u00e9p\u00eache du midi le 17 juin 2016 (photo La D\u00e9p\u00eache)<\/p>\n<p>C\u2019est une nouvelle que les d\u00e9fenseurs de la ligne Montr\u00e9jeau-Luchon attendaient depuis 13 ans. Dans le cadre de la r\u00e9vision du contrat de plan Etat R\u00e9gion, la pr\u00e9sidente de R\u00e9gion, Carole Delga, proposera \u00e0 l\u2019assembl\u00e9e pl\u00e9ni\u00e8re, le 24 juin prochain, une d\u00e9lib\u00e9ration dans laquelle<\/p>\n","protected":false},"excerpt":{"rendered":"<p>Un article publi\u00e9 dans la D\u00e9p\u00eache du midi le 17 juin 2016 (photo La D\u00e9p\u00eache) C\u2019est une nouvelle que les d\u00e9fenseurs de la ligne Montr\u00e9jeau-Luchon attendaient depuis 13 ans. Dans le cadre de la r\u00e9vision du contrat de plan Etat R\u00e9gion, la pr\u00e9sidente de R\u00e9gion, Carole Delga, proposera \u00e0 l\u2019assembl\u00e9e pl\u00e9ni\u00e8re, le 24 juin prochain,<\/p>\n<p class=\"more-link\"><a href=\"https:\/\/autate.fr\/site\/ladepeche-exclusif-la-ligne-sncf-montrejeau-luchon-va-rouvrir\/\" class=\"themebutton2\">VOIR PLUS<\/a><\/p>\n","protected":false},"author":1,"featured_media":712,"comment_status":"open","ping_status":"open","sticky":false,"template":"","format":"standard","meta":{"footnotes":""},"categories":[7],"tags":[235,213,214,123,11],"class_list":["post-711","post","type-post","status-publish","format-standard","has-post-thumbnail","hentry","category-revue-de-presse","tag-c-delga","tag-monrejeau-luchon","tag-plan-etat-region","tag-region","tag-sncf"],"yoast_head":"<!-- This site is optimized with the Yoast SEO plugin v27.4 - https:\/\/yoast.com\/product\/yoast-seo-wordpress\/ -->\n<title>[LaD\u00e9p\u00eache] Exclusif : la ligne SNCF Montr\u00e9jeau-Luchon va rouvrir - AUTATE<\/title>\n<meta name=\"robots\" content=\"index, follow, max-snippet:-1, max-image-preview:large, max-video-preview:-1\" \/>\n<link rel=\"canonical\" href=\"https:\/\/autate.fr\/site\/ladepeche-exclusif-la-ligne-sncf-montrejeau-luchon-va-rouvrir\/\" \/>\n<meta property=\"og:locale\" content=\"fr_FR\" \/>\n<meta property=\"og:type\" content=\"article\" \/>\n<meta property=\"og:title\" content=\"[LaD\u00e9p\u00eache] Exclusif : la ligne SNCF Montr\u00e9jeau-Luchon va rouvrir - AUTATE\" \/>\n<meta property=\"og:description\" content=\"Un article publi\u00e9 dans la D\u00e9p\u00eache du midi le 17 juin 2016 (photo La D\u00e9p\u00eache) C\u2019est une nouvelle que les d\u00e9fenseurs de la ligne Montr\u00e9jeau-Luchon attendaient depuis 13 ans. Dans le cadre de la r\u00e9vision du contrat de plan Etat R\u00e9gion, la pr\u00e9sidente de R\u00e9gion, Carole Delga, proposera \u00e0 l\u2019assembl\u00e9e pl\u00e9ni\u00e8re, le 24 juin prochain,VOIR PLUS\" \/>\n<meta property=\"og:url\" content=\"https:\/\/autate.fr\/site\/ladepeche-exclusif-la-ligne-sncf-montrejeau-luchon-va-rouvrir\/\" \/>\n<meta property=\"og:site_name\" content=\"AUTATE\" \/>\n<meta property=\"article:publisher\" content=\"https:\/\/www.facebook.com\/AutateToulouse\" \/>\n<meta property=\"article:published_time\" content=\"2016-06-18T10:34:30+00:00\" \/>\n<meta property=\"article:modified_time\" content=\"2017-10-21T19:15:34+00:00\" \/>\n<meta property=\"og:image\" content=\"https:\/\/autate.fr\/site\/wp-content\/uploads\/2016\/08\/monr\u00e9jeauluchon.jpg\" \/>\n\t<meta property=\"og:image:width\" content=\"650\" \/>\n\t<meta property=\"og:image:height\" content=\"350\" \/>\n\t<meta property=\"og:image:type\" content=\"image\/jpeg\" \/>\n<meta name=\"author\" content=\"pascalbarbier\" \/>\n<meta name=\"twitter:card\" content=\"summary_large_image\" \/>\n<meta name=\"twitter:creator\" content=\"@AutateToulouse\" \/>\n<meta name=\"twitter:site\" content=\"@AutateToulouse\" \/>\n<meta name=\"twitter:label1\" content=\"\u00c9crit par\" \/>\n\t<meta name=\"twitter:data1\" content=\"pascalbarbier\" \/>\n<script type=\"application\/ld+json\" class=\"yoast-schema-graph\">{\"@context\":\"https:\\\/\\\/schema.org\",\"@graph\":[{\"@type\":\"Article\",\"@id\":\"https:\\\/\\\/autate.fr\\\/site\\\/ladepeche-exclusif-la-ligne-sncf-montrejeau-luchon-va-rouvrir\\\/#article\",\"isPartOf\":{\"@id\":\"https:\\\/\\\/autate.fr\\\/site\\\/ladepeche-exclusif-la-ligne-sncf-montrejeau-luchon-va-rouvrir\\\/\"},\"author\":{\"name\":\"pascalbarbier\",\"@id\":\"https:\\\/\\\/autate.fr\\\/site\\\/#\\\/schema\\\/person\\\/ae1ab8bdaa7b41d2a9b52d2557ce8254\"},\"headline\":\"[LaD\u00e9p\u00eache] Exclusif : la ligne SNCF Montr\u00e9jeau-Luchon va rouvrir\",\"datePublished\":\"2016-06-18T10:34:30+00:00\",\"dateModified\":\"2017-10-21T19:15:34+00:00\",\"mainEntityOfPage\":{\"@id\":\"https:\\\/\\\/autate.fr\\\/site\\\/ladepeche-exclusif-la-ligne-sncf-montrejeau-luchon-va-rouvrir\\\/\"},\"wordCount\":82,\"commentCount\":0,\"publisher\":{\"@id\":\"https:\\\/\\\/autate.fr\\\/site\\\/#organization\"},\"image\":{\"@id\":\"https:\\\/\\\/autate.fr\\\/site\\\/ladepeche-exclusif-la-ligne-sncf-montrejeau-luchon-va-rouvrir\\\/#primaryimage\"},\"thumbnailUrl\":\"https:\\\/\\\/autate.fr\\\/site\\\/wp-content\\\/uploads\\\/2016\\\/08\\\/monr\u00e9jeauluchon.jpg\",\"keywords\":[\"C.Delga\",\"Monr\u00e9jeau-Luchon\",\"plan Etat R\u00e9gion\",\"r\u00e9gion\",\"SNCF\"],\"articleSection\":[\"Revue de presse\"],\"inLanguage\":\"fr-FR\",\"potentialAction\":[{\"@type\":\"CommentAction\",\"name\":\"Comment\",\"target\":[\"https:\\\/\\\/autate.fr\\\/site\\\/ladepeche-exclusif-la-ligne-sncf-montrejeau-luchon-va-rouvrir\\\/#respond\"]}]},{\"@type\":\"WebPage\",\"@id\":\"https:\\\/\\\/autate.fr\\\/site\\\/ladepeche-exclusif-la-ligne-sncf-montrejeau-luchon-va-rouvrir\\\/\",\"url\":\"https:\\\/\\\/autate.fr\\\/site\\\/ladepeche-exclusif-la-ligne-sncf-montrejeau-luchon-va-rouvrir\\\/\",\"name\":\"[LaD\u00e9p\u00eache] Exclusif : la ligne SNCF Montr\u00e9jeau-Luchon va rouvrir - AUTATE\",\"isPartOf\":{\"@id\":\"https:\\\/\\\/autate.fr\\\/site\\\/#website\"},\"primaryImageOfPage\":{\"@id\":\"https:\\\/\\\/autate.fr\\\/site\\\/ladepeche-exclusif-la-ligne-sncf-montrejeau-luchon-va-rouvrir\\\/#primaryimage\"},\"image\":{\"@id\":\"https:\\\/\\\/autate.fr\\\/site\\\/ladepeche-exclusif-la-ligne-sncf-montrejeau-luchon-va-rouvrir\\\/#primaryimage\"},\"thumbnailUrl\":\"https:\\\/\\\/autate.fr\\\/site\\\/wp-content\\\/uploads\\\/2016\\\/08\\\/monr\u00e9jeauluchon.jpg\",\"datePublished\":\"2016-06-18T10:34:30+00:00\",\"dateModified\":\"2017-10-21T19:15:34+00:00\",\"breadcrumb\":{\"@id\":\"https:\\\/\\\/autate.fr\\\/site\\\/ladepeche-exclusif-la-ligne-sncf-montrejeau-luchon-va-rouvrir\\\/#breadcrumb\"},\"inLanguage\":\"fr-FR\",\"potentialAction\":[{\"@type\":\"ReadAction\",\"target\":[\"https:\\\/\\\/autate.fr\\\/site\\\/ladepeche-exclusif-la-ligne-sncf-montrejeau-luchon-va-rouvrir\\\/\"]}]},{\"@type\":\"ImageObject\",\"inLanguage\":\"fr-FR\",\"@id\":\"https:\\\/\\\/autate.fr\\\/site\\\/ladepeche-exclusif-la-ligne-sncf-montrejeau-luchon-va-rouvrir\\\/#primaryimage\",\"url\":\"https:\\\/\\\/autate.fr\\\/site\\\/wp-content\\\/uploads\\\/2016\\\/08\\\/monr\u00e9jeauluchon.jpg\",\"contentUrl\":\"https:\\\/\\\/autate.fr\\\/site\\\/wp-content\\\/uploads\\\/2016\\\/08\\\/monr\u00e9jeauluchon.jpg\",\"width\":650,\"height\":350},{\"@type\":\"BreadcrumbList\",\"@id\":\"https:\\\/\\\/autate.fr\\\/site\\\/ladepeche-exclusif-la-ligne-sncf-montrejeau-luchon-va-rouvrir\\\/#breadcrumb\",\"itemListElement\":[{\"@type\":\"ListItem\",\"position\":1,\"name\":\"Accueil\",\"item\":\"https:\\\/\\\/autate.fr\\\/site\\\/\"},{\"@type\":\"ListItem\",\"position\":2,\"name\":\"[LaD\u00e9p\u00eache] Exclusif : la ligne SNCF Montr\u00e9jeau-Luchon va rouvrir\"}]},{\"@type\":\"WebSite\",\"@id\":\"https:\\\/\\\/autate.fr\\\/site\\\/#website\",\"url\":\"https:\\\/\\\/autate.fr\\\/site\\\/\",\"name\":\"AUTATE\",\"description\":\"Association des usagers des transports de l&#039;agglom\u00e9ration Toulousaine et de ses environs\",\"publisher\":{\"@id\":\"https:\\\/\\\/autate.fr\\\/site\\\/#organization\"},\"potentialAction\":[{\"@type\":\"SearchAction\",\"target\":{\"@type\":\"EntryPoint\",\"urlTemplate\":\"https:\\\/\\\/autate.fr\\\/site\\\/?s={search_term_string}\"},\"query-input\":{\"@type\":\"PropertyValueSpecification\",\"valueRequired\":true,\"valueName\":\"search_term_string\"}}],\"inLanguage\":\"fr-FR\"},{\"@type\":\"Organization\",\"@id\":\"https:\\\/\\\/autate.fr\\\/site\\\/#organization\",\"name\":\"AUTATE\",\"url\":\"https:\\\/\\\/autate.fr\\\/site\\\/\",\"logo\":{\"@type\":\"ImageObject\",\"inLanguage\":\"fr-FR\",\"@id\":\"https:\\\/\\\/autate.fr\\\/site\\\/#\\\/schema\\\/logo\\\/image\\\/\",\"url\":\"http:\\\/\\\/autate.fr\\\/site\\\/wp-content\\\/uploads\\\/2019\\\/01\\\/logo.png\",\"contentUrl\":\"http:\\\/\\\/autate.fr\\\/site\\\/wp-content\\\/uploads\\\/2019\\\/01\\\/logo.png\",\"width\":506,\"height\":280,\"caption\":\"AUTATE\"},\"image\":{\"@id\":\"https:\\\/\\\/autate.fr\\\/site\\\/#\\\/schema\\\/logo\\\/image\\\/\"},\"sameAs\":[\"https:\\\/\\\/www.facebook.com\\\/AutateToulouse\",\"https:\\\/\\\/x.com\\\/AutateToulouse\"]},{\"@type\":\"Person\",\"@id\":\"https:\\\/\\\/autate.fr\\\/site\\\/#\\\/schema\\\/person\\\/ae1ab8bdaa7b41d2a9b52d2557ce8254\",\"name\":\"pascalbarbier\",\"image\":{\"@type\":\"ImageObject\",\"inLanguage\":\"fr-FR\",\"@id\":\"https:\\\/\\\/secure.gravatar.com\\\/avatar\\\/03f4e8ced09894b72c67e83142540730d4b3bbf619bf46341b0074e3bf5f08a0?s=96&d=mm&r=g\",\"url\":\"https:\\\/\\\/secure.gravatar.com\\\/avatar\\\/03f4e8ced09894b72c67e83142540730d4b3bbf619bf46341b0074e3bf5f08a0?s=96&d=mm&r=g\",\"contentUrl\":\"https:\\\/\\\/secure.gravatar.com\\\/avatar\\\/03f4e8ced09894b72c67e83142540730d4b3bbf619bf46341b0074e3bf5f08a0?s=96&d=mm&r=g\",\"caption\":\"pascalbarbier\"},\"url\":\"https:\\\/\\\/autate.fr\\\/site\\\/author\\\/pascalbarbier\\\/\"}]}<\/script>\n<!-- \/ Yoast SEO plugin. -->","yoast_head_json":{"title":"[LaD\u00e9p\u00eache] Exclusif : la ligne SNCF Montr\u00e9jeau-Luchon va rouvrir - AUTATE","robots":{"index":"index","follow":"follow","max-snippet":"max-snippet:-1","max-image-preview":"max-image-preview:large","max-video-preview":"max-video-preview:-1"},"canonical":"https:\/\/autate.fr\/site\/ladepeche-exclusif-la-ligne-sncf-montrejeau-luchon-va-rouvrir\/","og_locale":"fr_FR","og_type":"article","og_title":"[LaD\u00e9p\u00eache] Exclusif : la ligne SNCF Montr\u00e9jeau-Luchon va rouvrir - AUTATE","og_description":"Un article publi\u00e9 dans la D\u00e9p\u00eache du midi le 17 juin 2016 (photo La D\u00e9p\u00eache) C\u2019est une nouvelle que les d\u00e9fenseurs de la ligne Montr\u00e9jeau-Luchon attendaient depuis 13 ans. Dans le cadre de la r\u00e9vision du contrat de plan Etat R\u00e9gion, la pr\u00e9sidente de R\u00e9gion, Carole Delga, proposera \u00e0 l\u2019assembl\u00e9e pl\u00e9ni\u00e8re, le 24 juin prochain,VOIR PLUS","og_url":"https:\/\/autate.fr\/site\/ladepeche-exclusif-la-ligne-sncf-montrejeau-luchon-va-rouvrir\/","og_site_name":"AUTATE","article_publisher":"https:\/\/www.facebook.com\/AutateToulouse","article_published_time":"2016-06-18T10:34:30+00:00","article_modified_time":"2017-10-21T19:15:34+00:00","og_image":[{"width":650,"height":350,"url":"https:\/\/autate.fr\/site\/wp-content\/uploads\/2016\/08\/monr\u00e9jeauluchon.jpg","type":"image\/jpeg"}],"author":"pascalbarbier","twitter_card":"summary_large_image","twitter_creator":"@AutateToulouse","twitter_site":"@AutateToulouse","twitter_misc":{"\u00c9crit par":"pascalbarbier"},"schema":{"@context":"https:\/\/schema.org","@graph":[{"@type":"Article","@id":"https:\/\/autate.fr\/site\/ladepeche-exclusif-la-ligne-sncf-montrejeau-luchon-va-rouvrir\/#article","isPartOf":{"@id":"https:\/\/autate.fr\/site\/ladepeche-exclusif-la-ligne-sncf-montrejeau-luchon-va-rouvrir\/"},"author":{"name":"pascalbarbier","@id":"https:\/\/autate.fr\/site\/#\/schema\/person\/ae1ab8bdaa7b41d2a9b52d2557ce8254"},"headline":"[LaD\u00e9p\u00eache] Exclusif : la ligne SNCF Montr\u00e9jeau-Luchon va rouvrir","datePublished":"2016-06-18T10:34:30+00:00","dateModified":"2017-10-21T19:15:34+00:00","mainEntityOfPage":{"@id":"https:\/\/autate.fr\/site\/ladepeche-exclusif-la-ligne-sncf-montrejeau-luchon-va-rouvrir\/"},"wordCount":82,"commentCount":0,"publisher":{"@id":"https:\/\/autate.fr\/site\/#organization"},"image":{"@id":"https:\/\/autate.fr\/site\/ladepeche-exclusif-la-ligne-sncf-montrejeau-luchon-va-rouvrir\/#primaryimage"},"thumbnailUrl":"https:\/\/autate.fr\/site\/wp-content\/uploads\/2016\/08\/monr\u00e9jeauluchon.jpg","keywords":["C.Delga","Monr\u00e9jeau-Luchon","plan Etat R\u00e9gion","r\u00e9gion","SNCF"],"articleSection":["Revue de presse"],"inLanguage":"fr-FR","potentialAction":[{"@type":"CommentAction","name":"Comment","target":["https:\/\/autate.fr\/site\/ladepeche-exclusif-la-ligne-sncf-montrejeau-luchon-va-rouvrir\/#respond"]}]},{"@type":"WebPage","@id":"https:\/\/autate.fr\/site\/ladepeche-exclusif-la-ligne-sncf-montrejeau-luchon-va-rouvrir\/","url":"https:\/\/autate.fr\/site\/ladepeche-exclusif-la-ligne-sncf-montrejeau-luchon-va-rouvrir\/","name":"[LaD\u00e9p\u00eache] Exclusif : la ligne SNCF Montr\u00e9jeau-Luchon va rouvrir - AUTATE","isPartOf":{"@id":"https:\/\/autate.fr\/site\/#website"},"primaryImageOfPage":{"@id":"https:\/\/autate.fr\/site\/ladepeche-exclusif-la-ligne-sncf-montrejeau-luchon-va-rouvrir\/#primaryimage"},"image":{"@id":"https:\/\/autate.fr\/site\/ladepeche-exclusif-la-ligne-sncf-montrejeau-luchon-va-rouvrir\/#primaryimage"},"thumbnailUrl":"https:\/\/autate.fr\/site\/wp-content\/uploads\/2016\/08\/monr\u00e9jeauluchon.jpg","datePublished":"2016-06-18T10:34:30+00:00","dateModified":"2017-10-21T19:15:34+00:00","breadcrumb":{"@id":"https:\/\/autate.fr\/site\/ladepeche-exclusif-la-ligne-sncf-montrejeau-luchon-va-rouvrir\/#breadcrumb"},"inLanguage":"fr-FR","potentialAction":[{"@type":"ReadAction","target":["https:\/\/autate.fr\/site\/ladepeche-exclusif-la-ligne-sncf-montrejeau-luchon-va-rouvrir\/"]}]},{"@type":"ImageObject","inLanguage":"fr-FR","@id":"https:\/\/autate.fr\/site\/ladepeche-exclusif-la-ligne-sncf-montrejeau-luchon-va-rouvrir\/#primaryimage","url":"https:\/\/autate.fr\/site\/wp-content\/uploads\/2016\/08\/monr\u00e9jeauluchon.jpg","contentUrl":"https:\/\/autate.fr\/site\/wp-content\/uploads\/2016\/08\/monr\u00e9jeauluchon.jpg","width":650,"height":350},{"@type":"BreadcrumbList","@id":"https:\/\/autate.fr\/site\/ladepeche-exclusif-la-ligne-sncf-montrejeau-luchon-va-rouvrir\/#breadcrumb","itemListElement":[{"@type":"ListItem","position":1,"name":"Accueil","item":"https:\/\/autate.fr\/site\/"},{"@type":"ListItem","position":2,"name":"[LaD\u00e9p\u00eache] Exclusif : la ligne SNCF Montr\u00e9jeau-Luchon va rouvrir"}]},{"@type":"WebSite","@id":"https:\/\/autate.fr\/site\/#website","url":"https:\/\/autate.fr\/site\/","name":"AUTATE","description":"Association des usagers des transports de l&#039;agglom\u00e9ration Toulousaine et de ses environs","publisher":{"@id":"https:\/\/autate.fr\/site\/#organization"},"potentialAction":[{"@type":"SearchAction","target":{"@type":"EntryPoint","urlTemplate":"https:\/\/autate.fr\/site\/?s={search_term_string}"},"query-input":{"@type":"PropertyValueSpecification","valueRequired":true,"valueName":"search_term_string"}}],"inLanguage":"fr-FR"},{"@type":"Organization","@id":"https:\/\/autate.fr\/site\/#organization","name":"AUTATE","url":"https:\/\/autate.fr\/site\/","logo":{"@type":"ImageObject","inLanguage":"fr-FR","@id":"https:\/\/autate.fr\/site\/#\/schema\/logo\/image\/","url":"http:\/\/autate.fr\/site\/wp-content\/uploads\/2019\/01\/logo.png","contentUrl":"http:\/\/autate.fr\/site\/wp-content\/uploads\/2019\/01\/logo.png","width":506,"height":280,"caption":"AUTATE"},"image":{"@id":"https:\/\/autate.fr\/site\/#\/schema\/logo\/image\/"},"sameAs":["https:\/\/www.facebook.com\/AutateToulouse","https:\/\/x.com\/AutateToulouse"]},{"@type":"Person","@id":"https:\/\/autate.fr\/site\/#\/schema\/person\/ae1ab8bdaa7b41d2a9b52d2557ce8254","name":"pascalbarbier","image":{"@type":"ImageObject","inLanguage":"fr-FR","@id":"https:\/\/secure.gravatar.com\/avatar\/03f4e8ced09894b72c67e83142540730d4b3bbf619bf46341b0074e3bf5f08a0?s=96&d=mm&r=g","url":"https:\/\/secure.gravatar.com\/avatar\/03f4e8ced09894b72c67e83142540730d4b3bbf619bf46341b0074e3bf5f08a0?s=96&d=mm&r=g","contentUrl":"https:\/\/secure.gravatar.com\/avatar\/03f4e8ced09894b72c67e83142540730d4b3bbf619bf46341b0074e3bf5f08a0?s=96&d=mm&r=g","caption":"pascalbarbier"},"url":"https:\/\/autate.fr\/site\/author\/pascalbarbier\/"}]}},"_links":{"self":[{"href":"https:\/\/autate.fr\/site\/wp-json\/wp\/v2\/posts\/711","targetHints":{"allow":["GET"]}}],"collection":[{"href":"https:\/\/autate.fr\/site\/wp-json\/wp\/v2\/posts"}],"about":[{"href":"https:\/\/autate.fr\/site\/wp-json\/wp\/v2\/types\/post"}],"author":[{"embeddable":true,"href":"https:\/\/autate.fr\/site\/wp-json\/wp\/v2\/users\/1"}],"replies":[{"embeddable":true,"href":"https:\/\/autate.fr\/site\/wp-json\/wp\/v2\/comments?post=711"}],"version-history":[{"count":1,"href":"https:\/\/autate.fr\/site\/wp-json\/wp\/v2\/posts\/711\/revisions"}],"predecessor-version":[{"id":713,"href":"https:\/\/autate.fr\/site\/wp-json\/wp\/v2\/posts\/711\/revisions\/713"}],"wp:featuredmedia":[{"embeddable":true,"href":"https:\/\/autate.fr\/site\/wp-json\/wp\/v2\/media\/712"}],"wp:attachment":[{"href":"https:\/\/autate.fr\/site\/wp-json\/wp\/v2\/media?parent=711"}],"wp:term":[{"taxonomy":"category","embeddable":true,"href":"https:\/\/autate.fr\/site\/wp-json\/wp\/v2\/categories?post=711"},{"taxonomy":"post_tag","embeddable":true,"href":"https:\/\/autate.fr\/site\/wp-json\/wp\/v2\/tags?post=711"}],"curies":[{"name":"wp","href":"https:\/\/api.w.org\/{rel}","templated":true}]}}