{"id":708,"date":"2016-06-17T12:27:38","date_gmt":"2016-06-17T10:27:38","guid":{"rendered":"http:\/\/autate.fr\/site\/?p=708"},"modified":"2016-08-09T12:30:26","modified_gmt":"2016-08-09T10:30:26","slug":"reporterre-alternative-a-la-voiture-et-a-lavion-les-trains-de-nuit-vont-disparaitre","status":"publish","type":"post","link":"https:\/\/autate.fr\/site\/reporterre-alternative-a-la-voiture-et-a-lavion-les-trains-de-nuit-vont-disparaitre\/","title":{"rendered":"[Reporterre] Alternative \u00e0 la voiture et \u00e0 l\u2019avion, les trains de nuit vont\u2026 dispara\u00eetre"},"content":{"rendered":"<p>Un article du collectif Rendez moi mon train ubli\u00e9 le 16 juin 2016<\/p>\n<p>Jadis l\u2019un des meilleurs du monde, le chemin de fer fran\u00e7ais se d\u00e9grade par la place accord\u00e9e au <span class=\"caps\">TGV<\/span> et une vision comptable \u00e0 courte vue, expliquent les auteurs de cette tribune. Ainsi, d\u00e8s juillet, les trains de nuit dispara\u00eetront, alors qu\u2019ils repr\u00e9sentent une alternative \u00e9cologique vertueuse \u00e0 l\u2019avion et au transport routier.<\/p>\n<p><i><a class=\"spip_out\" href=\"https:\/\/rendezmoimontrain.noblogs.org\/\" target=\"_blank\" rel=\"external\">Rendez moi mon train<\/a> est un collectif de d\u00e9fense du transport en train.<\/i><\/p>\n<p><a href=\"https:\/\/reporterre.net\/Alternative-a-la-voiture-et-a-l-avion-les-trains-de-nuit-vont-disparaitre\" target=\"_blank\"><strong>lire la suite<\/strong><\/a><\/p>\n","protected":false},"excerpt":{"rendered":"<p>Un article du collectif Rendez moi mon train ubli\u00e9 le 16 juin 2016 Jadis l\u2019un des meilleurs du monde, le chemin de fer fran\u00e7ais se d\u00e9grade par la place accord\u00e9e au TGV et une vision comptable \u00e0 courte vue, expliquent les auteurs de cette tribune. Ainsi, d\u00e8s juillet, les trains de nuit dispara\u00eetront, alors qu\u2019ils<\/p>\n<p class=\"more-link\"><a href=\"https:\/\/autate.fr\/site\/reporterre-alternative-a-la-voiture-et-a-lavion-les-trains-de-nuit-vont-disparaitre\/\" class=\"themebutton2\">VOIR PLUS<\/a><\/p>\n","protected":false},"author":1,"featured_media":0,"comment_status":"open","ping_status":"open","sticky":false,"template":"","format":"standard","meta":{"footnotes":""},"categories":[7],"tags":[33,212,11,59,211],"class_list":["post-708","post","type-post","status-publish","format-standard","hentry","category-revue-de-presse","tag-aeroport","tag-rendez-moi-mon-train","tag-sncf","tag-tgv","tag-train-denuit"],"yoast_head":"<!-- This site is optimized with the Yoast SEO plugin v27.4 - https:\/\/yoast.com\/product\/yoast-seo-wordpress\/ -->\n<title>[Reporterre] Alternative \u00e0 la voiture et \u00e0 l\u2019avion, les trains de nuit vont\u2026 dispara\u00eetre - AUTATE<\/title>\n<meta name=\"robots\" content=\"index, follow, max-snippet:-1, max-image-preview:large, max-video-preview:-1\" \/>\n<link rel=\"canonical\" href=\"https:\/\/autate.fr\/site\/reporterre-alternative-a-la-voiture-et-a-lavion-les-trains-de-nuit-vont-disparaitre\/\" \/>\n<meta property=\"og:locale\" content=\"fr_FR\" \/>\n<meta property=\"og:type\" content=\"article\" \/>\n<meta property=\"og:title\" content=\"[Reporterre] Alternative \u00e0 la voiture et \u00e0 l\u2019avion, les trains de nuit vont\u2026 dispara\u00eetre - AUTATE\" \/>\n<meta property=\"og:description\" content=\"Un article du collectif Rendez moi mon train ubli\u00e9 le 16 juin 2016 Jadis l\u2019un des meilleurs du monde, le chemin de fer fran\u00e7ais se d\u00e9grade par la place accord\u00e9e au TGV et une vision comptable \u00e0 courte vue, expliquent les auteurs de cette tribune. Ainsi, d\u00e8s juillet, les trains de nuit dispara\u00eetront, alors qu\u2019ilsVOIR PLUS\" \/>\n<meta property=\"og:url\" content=\"https:\/\/autate.fr\/site\/reporterre-alternative-a-la-voiture-et-a-lavion-les-trains-de-nuit-vont-disparaitre\/\" \/>\n<meta property=\"og:site_name\" content=\"AUTATE\" \/>\n<meta property=\"article:publisher\" content=\"https:\/\/www.facebook.com\/AutateToulouse\" \/>\n<meta property=\"article:published_time\" content=\"2016-06-17T10:27:38+00:00\" \/>\n<meta property=\"article:modified_time\" content=\"2016-08-09T10:30:26+00:00\" \/>\n<meta name=\"author\" content=\"pascalbarbier\" \/>\n<meta name=\"twitter:card\" content=\"summary_large_image\" \/>\n<meta name=\"twitter:creator\" content=\"@AutateToulouse\" \/>\n<meta name=\"twitter:site\" content=\"@AutateToulouse\" \/>\n<meta name=\"twitter:label1\" content=\"\u00c9crit par\" \/>\n\t<meta name=\"twitter:data1\" content=\"pascalbarbier\" \/>\n<script type=\"application\/ld+json\" class=\"yoast-schema-graph\">{\"@context\":\"https:\\\/\\\/schema.org\",\"@graph\":[{\"@type\":\"Article\",\"@id\":\"https:\\\/\\\/autate.fr\\\/site\\\/reporterre-alternative-a-la-voiture-et-a-lavion-les-trains-de-nuit-vont-disparaitre\\\/#article\",\"isPartOf\":{\"@id\":\"https:\\\/\\\/autate.fr\\\/site\\\/reporterre-alternative-a-la-voiture-et-a-lavion-les-trains-de-nuit-vont-disparaitre\\\/\"},\"author\":{\"name\":\"pascalbarbier\",\"@id\":\"https:\\\/\\\/autate.fr\\\/site\\\/#\\\/schema\\\/person\\\/ae1ab8bdaa7b41d2a9b52d2557ce8254\"},\"headline\":\"[Reporterre] Alternative \u00e0 la voiture et \u00e0 l\u2019avion, les trains de nuit vont\u2026 dispara\u00eetre\",\"datePublished\":\"2016-06-17T10:27:38+00:00\",\"dateModified\":\"2016-08-09T10:30:26+00:00\",\"mainEntityOfPage\":{\"@id\":\"https:\\\/\\\/autate.fr\\\/site\\\/reporterre-alternative-a-la-voiture-et-a-lavion-les-trains-de-nuit-vont-disparaitre\\\/\"},\"wordCount\":102,\"commentCount\":0,\"publisher\":{\"@id\":\"https:\\\/\\\/autate.fr\\\/site\\\/#organization\"},\"keywords\":[\"a\u00e9roport\",\"rendez moi mon train\",\"SNCF\",\"TGV\",\"train denuit\"],\"articleSection\":[\"Revue de presse\"],\"inLanguage\":\"fr-FR\",\"potentialAction\":[{\"@type\":\"CommentAction\",\"name\":\"Comment\",\"target\":[\"https:\\\/\\\/autate.fr\\\/site\\\/reporterre-alternative-a-la-voiture-et-a-lavion-les-trains-de-nuit-vont-disparaitre\\\/#respond\"]}]},{\"@type\":\"WebPage\",\"@id\":\"https:\\\/\\\/autate.fr\\\/site\\\/reporterre-alternative-a-la-voiture-et-a-lavion-les-trains-de-nuit-vont-disparaitre\\\/\",\"url\":\"https:\\\/\\\/autate.fr\\\/site\\\/reporterre-alternative-a-la-voiture-et-a-lavion-les-trains-de-nuit-vont-disparaitre\\\/\",\"name\":\"[Reporterre] Alternative \u00e0 la voiture et \u00e0 l\u2019avion, les trains de nuit vont\u2026 dispara\u00eetre - AUTATE\",\"isPartOf\":{\"@id\":\"https:\\\/\\\/autate.fr\\\/site\\\/#website\"},\"datePublished\":\"2016-06-17T10:27:38+00:00\",\"dateModified\":\"2016-08-09T10:30:26+00:00\",\"breadcrumb\":{\"@id\":\"https:\\\/\\\/autate.fr\\\/site\\\/reporterre-alternative-a-la-voiture-et-a-lavion-les-trains-de-nuit-vont-disparaitre\\\/#breadcrumb\"},\"inLanguage\":\"fr-FR\",\"potentialAction\":[{\"@type\":\"ReadAction\",\"target\":[\"https:\\\/\\\/autate.fr\\\/site\\\/reporterre-alternative-a-la-voiture-et-a-lavion-les-trains-de-nuit-vont-disparaitre\\\/\"]}]},{\"@type\":\"BreadcrumbList\",\"@id\":\"https:\\\/\\\/autate.fr\\\/site\\\/reporterre-alternative-a-la-voiture-et-a-lavion-les-trains-de-nuit-vont-disparaitre\\\/#breadcrumb\",\"itemListElement\":[{\"@type\":\"ListItem\",\"position\":1,\"name\":\"Accueil\",\"item\":\"https:\\\/\\\/autate.fr\\\/site\\\/\"},{\"@type\":\"ListItem\",\"position\":2,\"name\":\"[Reporterre] Alternative \u00e0 la voiture et \u00e0 l\u2019avion, les trains de nuit vont\u2026 dispara\u00eetre\"}]},{\"@type\":\"WebSite\",\"@id\":\"https:\\\/\\\/autate.fr\\\/site\\\/#website\",\"url\":\"https:\\\/\\\/autate.fr\\\/site\\\/\",\"name\":\"AUTATE\",\"description\":\"Association des usagers des transports de l&#039;agglom\u00e9ration Toulousaine et de ses environs\",\"publisher\":{\"@id\":\"https:\\\/\\\/autate.fr\\\/site\\\/#organization\"},\"potentialAction\":[{\"@type\":\"SearchAction\",\"target\":{\"@type\":\"EntryPoint\",\"urlTemplate\":\"https:\\\/\\\/autate.fr\\\/site\\\/?s={search_term_string}\"},\"query-input\":{\"@type\":\"PropertyValueSpecification\",\"valueRequired\":true,\"valueName\":\"search_term_string\"}}],\"inLanguage\":\"fr-FR\"},{\"@type\":\"Organization\",\"@id\":\"https:\\\/\\\/autate.fr\\\/site\\\/#organization\",\"name\":\"AUTATE\",\"url\":\"https:\\\/\\\/autate.fr\\\/site\\\/\",\"logo\":{\"@type\":\"ImageObject\",\"inLanguage\":\"fr-FR\",\"@id\":\"https:\\\/\\\/autate.fr\\\/site\\\/#\\\/schema\\\/logo\\\/image\\\/\",\"url\":\"http:\\\/\\\/autate.fr\\\/site\\\/wp-content\\\/uploads\\\/2019\\\/01\\\/logo.png\",\"contentUrl\":\"http:\\\/\\\/autate.fr\\\/site\\\/wp-content\\\/uploads\\\/2019\\\/01\\\/logo.png\",\"width\":506,\"height\":280,\"caption\":\"AUTATE\"},\"image\":{\"@id\":\"https:\\\/\\\/autate.fr\\\/site\\\/#\\\/schema\\\/logo\\\/image\\\/\"},\"sameAs\":[\"https:\\\/\\\/www.facebook.com\\\/AutateToulouse\",\"https:\\\/\\\/x.com\\\/AutateToulouse\"]},{\"@type\":\"Person\",\"@id\":\"https:\\\/\\\/autate.fr\\\/site\\\/#\\\/schema\\\/person\\\/ae1ab8bdaa7b41d2a9b52d2557ce8254\",\"name\":\"pascalbarbier\",\"image\":{\"@type\":\"ImageObject\",\"inLanguage\":\"fr-FR\",\"@id\":\"https:\\\/\\\/secure.gravatar.com\\\/avatar\\\/03f4e8ced09894b72c67e83142540730d4b3bbf619bf46341b0074e3bf5f08a0?s=96&d=mm&r=g\",\"url\":\"https:\\\/\\\/secure.gravatar.com\\\/avatar\\\/03f4e8ced09894b72c67e83142540730d4b3bbf619bf46341b0074e3bf5f08a0?s=96&d=mm&r=g\",\"contentUrl\":\"https:\\\/\\\/secure.gravatar.com\\\/avatar\\\/03f4e8ced09894b72c67e83142540730d4b3bbf619bf46341b0074e3bf5f08a0?s=96&d=mm&r=g\",\"caption\":\"pascalbarbier\"},\"url\":\"https:\\\/\\\/autate.fr\\\/site\\\/author\\\/pascalbarbier\\\/\"}]}<\/script>\n<!-- \/ Yoast SEO plugin. -->","yoast_head_json":{"title":"[Reporterre] Alternative \u00e0 la voiture et \u00e0 l\u2019avion, les trains de nuit vont\u2026 dispara\u00eetre - AUTATE","robots":{"index":"index","follow":"follow","max-snippet":"max-snippet:-1","max-image-preview":"max-image-preview:large","max-video-preview":"max-video-preview:-1"},"canonical":"https:\/\/autate.fr\/site\/reporterre-alternative-a-la-voiture-et-a-lavion-les-trains-de-nuit-vont-disparaitre\/","og_locale":"fr_FR","og_type":"article","og_title":"[Reporterre] Alternative \u00e0 la voiture et \u00e0 l\u2019avion, les trains de nuit vont\u2026 dispara\u00eetre - AUTATE","og_description":"Un article du collectif Rendez moi mon train ubli\u00e9 le 16 juin 2016 Jadis l\u2019un des meilleurs du monde, le chemin de fer fran\u00e7ais se d\u00e9grade par la place accord\u00e9e au TGV et une vision comptable \u00e0 courte vue, expliquent les auteurs de cette tribune. Ainsi, d\u00e8s juillet, les trains de nuit dispara\u00eetront, alors qu\u2019ilsVOIR PLUS","og_url":"https:\/\/autate.fr\/site\/reporterre-alternative-a-la-voiture-et-a-lavion-les-trains-de-nuit-vont-disparaitre\/","og_site_name":"AUTATE","article_publisher":"https:\/\/www.facebook.com\/AutateToulouse","article_published_time":"2016-06-17T10:27:38+00:00","article_modified_time":"2016-08-09T10:30:26+00:00","author":"pascalbarbier","twitter_card":"summary_large_image","twitter_creator":"@AutateToulouse","twitter_site":"@AutateToulouse","twitter_misc":{"\u00c9crit par":"pascalbarbier"},"schema":{"@context":"https:\/\/schema.org","@graph":[{"@type":"Article","@id":"https:\/\/autate.fr\/site\/reporterre-alternative-a-la-voiture-et-a-lavion-les-trains-de-nuit-vont-disparaitre\/#article","isPartOf":{"@id":"https:\/\/autate.fr\/site\/reporterre-alternative-a-la-voiture-et-a-lavion-les-trains-de-nuit-vont-disparaitre\/"},"author":{"name":"pascalbarbier","@id":"https:\/\/autate.fr\/site\/#\/schema\/person\/ae1ab8bdaa7b41d2a9b52d2557ce8254"},"headline":"[Reporterre] Alternative \u00e0 la voiture et \u00e0 l\u2019avion, les trains de nuit vont\u2026 dispara\u00eetre","datePublished":"2016-06-17T10:27:38+00:00","dateModified":"2016-08-09T10:30:26+00:00","mainEntityOfPage":{"@id":"https:\/\/autate.fr\/site\/reporterre-alternative-a-la-voiture-et-a-lavion-les-trains-de-nuit-vont-disparaitre\/"},"wordCount":102,"commentCount":0,"publisher":{"@id":"https:\/\/autate.fr\/site\/#organization"},"keywords":["a\u00e9roport","rendez moi mon train","SNCF","TGV","train denuit"],"articleSection":["Revue de presse"],"inLanguage":"fr-FR","potentialAction":[{"@type":"CommentAction","name":"Comment","target":["https:\/\/autate.fr\/site\/reporterre-alternative-a-la-voiture-et-a-lavion-les-trains-de-nuit-vont-disparaitre\/#respond"]}]},{"@type":"WebPage","@id":"https:\/\/autate.fr\/site\/reporterre-alternative-a-la-voiture-et-a-lavion-les-trains-de-nuit-vont-disparaitre\/","url":"https:\/\/autate.fr\/site\/reporterre-alternative-a-la-voiture-et-a-lavion-les-trains-de-nuit-vont-disparaitre\/","name":"[Reporterre] Alternative \u00e0 la voiture et \u00e0 l\u2019avion, les trains de nuit vont\u2026 dispara\u00eetre - AUTATE","isPartOf":{"@id":"https:\/\/autate.fr\/site\/#website"},"datePublished":"2016-06-17T10:27:38+00:00","dateModified":"2016-08-09T10:30:26+00:00","breadcrumb":{"@id":"https:\/\/autate.fr\/site\/reporterre-alternative-a-la-voiture-et-a-lavion-les-trains-de-nuit-vont-disparaitre\/#breadcrumb"},"inLanguage":"fr-FR","potentialAction":[{"@type":"ReadAction","target":["https:\/\/autate.fr\/site\/reporterre-alternative-a-la-voiture-et-a-lavion-les-trains-de-nuit-vont-disparaitre\/"]}]},{"@type":"BreadcrumbList","@id":"https:\/\/autate.fr\/site\/reporterre-alternative-a-la-voiture-et-a-lavion-les-trains-de-nuit-vont-disparaitre\/#breadcrumb","itemListElement":[{"@type":"ListItem","position":1,"name":"Accueil","item":"https:\/\/autate.fr\/site\/"},{"@type":"ListItem","position":2,"name":"[Reporterre] Alternative \u00e0 la voiture et \u00e0 l\u2019avion, les trains de nuit vont\u2026 dispara\u00eetre"}]},{"@type":"WebSite","@id":"https:\/\/autate.fr\/site\/#website","url":"https:\/\/autate.fr\/site\/","name":"AUTATE","description":"Association des usagers des transports de l&#039;agglom\u00e9ration Toulousaine et de ses environs","publisher":{"@id":"https:\/\/autate.fr\/site\/#organization"},"potentialAction":[{"@type":"SearchAction","target":{"@type":"EntryPoint","urlTemplate":"https:\/\/autate.fr\/site\/?s={search_term_string}"},"query-input":{"@type":"PropertyValueSpecification","valueRequired":true,"valueName":"search_term_string"}}],"inLanguage":"fr-FR"},{"@type":"Organization","@id":"https:\/\/autate.fr\/site\/#organization","name":"AUTATE","url":"https:\/\/autate.fr\/site\/","logo":{"@type":"ImageObject","inLanguage":"fr-FR","@id":"https:\/\/autate.fr\/site\/#\/schema\/logo\/image\/","url":"http:\/\/autate.fr\/site\/wp-content\/uploads\/2019\/01\/logo.png","contentUrl":"http:\/\/autate.fr\/site\/wp-content\/uploads\/2019\/01\/logo.png","width":506,"height":280,"caption":"AUTATE"},"image":{"@id":"https:\/\/autate.fr\/site\/#\/schema\/logo\/image\/"},"sameAs":["https:\/\/www.facebook.com\/AutateToulouse","https:\/\/x.com\/AutateToulouse"]},{"@type":"Person","@id":"https:\/\/autate.fr\/site\/#\/schema\/person\/ae1ab8bdaa7b41d2a9b52d2557ce8254","name":"pascalbarbier","image":{"@type":"ImageObject","inLanguage":"fr-FR","@id":"https:\/\/secure.gravatar.com\/avatar\/03f4e8ced09894b72c67e83142540730d4b3bbf619bf46341b0074e3bf5f08a0?s=96&d=mm&r=g","url":"https:\/\/secure.gravatar.com\/avatar\/03f4e8ced09894b72c67e83142540730d4b3bbf619bf46341b0074e3bf5f08a0?s=96&d=mm&r=g","contentUrl":"https:\/\/secure.gravatar.com\/avatar\/03f4e8ced09894b72c67e83142540730d4b3bbf619bf46341b0074e3bf5f08a0?s=96&d=mm&r=g","caption":"pascalbarbier"},"url":"https:\/\/autate.fr\/site\/author\/pascalbarbier\/"}]}},"_links":{"self":[{"href":"https:\/\/autate.fr\/site\/wp-json\/wp\/v2\/posts\/708","targetHints":{"allow":["GET"]}}],"collection":[{"href":"https:\/\/autate.fr\/site\/wp-json\/wp\/v2\/posts"}],"about":[{"href":"https:\/\/autate.fr\/site\/wp-json\/wp\/v2\/types\/post"}],"author":[{"embeddable":true,"href":"https:\/\/autate.fr\/site\/wp-json\/wp\/v2\/users\/1"}],"replies":[{"embeddable":true,"href":"https:\/\/autate.fr\/site\/wp-json\/wp\/v2\/comments?post=708"}],"version-history":[{"count":1,"href":"https:\/\/autate.fr\/site\/wp-json\/wp\/v2\/posts\/708\/revisions"}],"predecessor-version":[{"id":709,"href":"https:\/\/autate.fr\/site\/wp-json\/wp\/v2\/posts\/708\/revisions\/709"}],"wp:attachment":[{"href":"https:\/\/autate.fr\/site\/wp-json\/wp\/v2\/media?parent=708"}],"wp:term":[{"taxonomy":"category","embeddable":true,"href":"https:\/\/autate.fr\/site\/wp-json\/wp\/v2\/categories?post=708"},{"taxonomy":"post_tag","embeddable":true,"href":"https:\/\/autate.fr\/site\/wp-json\/wp\/v2\/tags?post=708"}],"curies":[{"name":"wp","href":"https:\/\/api.w.org\/{rel}","templated":true}]}}