{"id":706,"date":"2016-06-16T12:19:50","date_gmt":"2016-06-16T10:19:50","guid":{"rendered":"http:\/\/autate.fr\/site\/?p=706"},"modified":"2016-08-09T12:24:21","modified_gmt":"2016-08-09T10:24:21","slug":"cotetoulouse-siemens-inaugure-son-nouveau-centre-mondial-a-toulouse-vendredi","status":"publish","type":"post","link":"https:\/\/autate.fr\/site\/cotetoulouse-siemens-inaugure-son-nouveau-centre-mondial-a-toulouse-vendredi\/","title":{"rendered":"[C\u00f4t\u00e9Toulouse] Siemens inaugure son nouveau centre mondial \u00e0 Toulouse, vendredi"},"content":{"rendered":"<p>Un article d&rsquo; Actu C\u00f4t\u00e9 Toulouse publi\u00e9 le 15 juin 2016 (Photo Tiss\u00e9o)<\/p>\n<h2 class=\"bigger mts mbs\" data-role=\"chapo\">Vendredi 17 juin 2016, Siemens va inaugurer \u00e0 Toulouse le nouveau centre mondial de son activit\u00e9 Val, soit celle li\u00e9e \u00e0 la branche m\u00e9tro de la soci\u00e9t\u00e9. D\u00e9tails.<\/h2>\n<p>C\u2019est vendredi 17 juin 2016 que Siemens va inaugurer \u00e0 Toulouse le nouveau centre mondial de son activit\u00e9 Val, activit\u00e9 que l\u2019on conna\u00eet bien dans la Ville rose puisqu\u2019il s\u2019agit du syst\u00e8me qui permet de faire rouler le m\u00e9tro \u00e0 Toulouse.<\/p>\n<p><strong>&gt; LIRE AUSSI :<\/strong> <a href=\"http:\/\/actu.cotetoulouse.fr\/toulouse-siemens-implante-siege-mondial-activite-metros-automatiques-val_22998\/\">Siemens implante le si\u00e8ge mondial de son activit\u00e9 de m\u00e9tros automatiques Val \u00e0 Toulouse<\/a><\/p>\n<p>Situ\u00e9 au coeur du quartier de Basso-Cambo (secteur Toulouse- Ouest), le nouveau site Val de Siemens s\u2019\u00e9tend sur un terrain de 10 000 m<sup>2<\/sup> \u00e0 Basso-Cambo dans des locaux o\u00f9 les \u00e9quipes de travail se sont install\u00e9es progressivement depuis fin 2015.<\/p>\n<p><strong><a href=\"http:\/\/actu.cotetoulouse.fr\/siemens-inaugure-nouveau-centre-mondial-toulouse-vendredi-17-juin_38661\/\" target=\"_blank\">lire la suite<\/a><\/strong><\/p>\n","protected":false},"excerpt":{"rendered":"<p>Un article d&rsquo; Actu C\u00f4t\u00e9 Toulouse publi\u00e9 le 15 juin 2016 (Photo Tiss\u00e9o) Vendredi 17 juin 2016, Siemens va inaugurer \u00e0 Toulouse le nouveau centre mondial de son activit\u00e9 Val, soit celle li\u00e9e \u00e0 la branche m\u00e9tro de la soci\u00e9t\u00e9. D\u00e9tails. C\u2019est vendredi 17 juin 2016 que Siemens va inaugurer \u00e0 Toulouse le nouveau centre<\/p>\n<p class=\"more-link\"><a href=\"https:\/\/autate.fr\/site\/cotetoulouse-siemens-inaugure-son-nouveau-centre-mondial-a-toulouse-vendredi\/\" class=\"themebutton2\">VOIR PLUS<\/a><\/p>\n","protected":false},"author":1,"featured_media":96,"comment_status":"open","ping_status":"open","sticky":false,"template":"","format":"standard","meta":{"footnotes":""},"categories":[7],"tags":[12,51,50],"class_list":["post-706","post","type-post","status-publish","format-standard","has-post-thumbnail","hentry","category-revue-de-presse","tag-metro","tag-siemens","tag-val"],"yoast_head":"<!-- This site is optimized with the Yoast SEO plugin v27.4 - https:\/\/yoast.com\/product\/yoast-seo-wordpress\/ -->\n<title>[C\u00f4t\u00e9Toulouse] Siemens inaugure son nouveau centre mondial \u00e0 Toulouse, vendredi - AUTATE<\/title>\n<meta name=\"robots\" content=\"index, follow, max-snippet:-1, max-image-preview:large, max-video-preview:-1\" \/>\n<link rel=\"canonical\" href=\"https:\/\/autate.fr\/site\/cotetoulouse-siemens-inaugure-son-nouveau-centre-mondial-a-toulouse-vendredi\/\" \/>\n<meta property=\"og:locale\" content=\"fr_FR\" \/>\n<meta property=\"og:type\" content=\"article\" \/>\n<meta property=\"og:title\" content=\"[C\u00f4t\u00e9Toulouse] Siemens inaugure son nouveau centre mondial \u00e0 Toulouse, vendredi - AUTATE\" \/>\n<meta property=\"og:description\" content=\"Un article d&rsquo; Actu C\u00f4t\u00e9 Toulouse publi\u00e9 le 15 juin 2016 (Photo Tiss\u00e9o) Vendredi 17 juin 2016, Siemens va inaugurer \u00e0 Toulouse le nouveau centre mondial de son activit\u00e9 Val, soit celle li\u00e9e \u00e0 la branche m\u00e9tro de la soci\u00e9t\u00e9. D\u00e9tails. C\u2019est vendredi 17 juin 2016 que Siemens va inaugurer \u00e0 Toulouse le nouveau centreVOIR PLUS\" \/>\n<meta property=\"og:url\" content=\"https:\/\/autate.fr\/site\/cotetoulouse-siemens-inaugure-son-nouveau-centre-mondial-a-toulouse-vendredi\/\" \/>\n<meta property=\"og:site_name\" content=\"AUTATE\" \/>\n<meta property=\"article:publisher\" content=\"https:\/\/www.facebook.com\/AutateToulouse\" \/>\n<meta property=\"article:published_time\" content=\"2016-06-16T10:19:50+00:00\" \/>\n<meta property=\"article:modified_time\" content=\"2016-08-09T10:24:21+00:00\" \/>\n<meta property=\"og:image\" content=\"https:\/\/autate.fr\/site\/wp-content\/uploads\/2015\/12\/metro-tisseo-630x0.jpg\" \/>\n\t<meta property=\"og:image:width\" content=\"630\" \/>\n\t<meta property=\"og:image:height\" content=\"419\" \/>\n\t<meta property=\"og:image:type\" content=\"image\/jpeg\" \/>\n<meta name=\"author\" content=\"pascalbarbier\" \/>\n<meta name=\"twitter:card\" content=\"summary_large_image\" \/>\n<meta name=\"twitter:creator\" content=\"@AutateToulouse\" \/>\n<meta name=\"twitter:site\" content=\"@AutateToulouse\" \/>\n<meta name=\"twitter:label1\" content=\"\u00c9crit par\" \/>\n\t<meta name=\"twitter:data1\" content=\"pascalbarbier\" \/>\n\t<meta name=\"twitter:label2\" content=\"Dur\u00e9e de lecture estim\u00e9e\" \/>\n\t<meta name=\"twitter:data2\" content=\"1 minute\" \/>\n<script type=\"application\/ld+json\" class=\"yoast-schema-graph\">{\"@context\":\"https:\\\/\\\/schema.org\",\"@graph\":[{\"@type\":\"Article\",\"@id\":\"https:\\\/\\\/autate.fr\\\/site\\\/cotetoulouse-siemens-inaugure-son-nouveau-centre-mondial-a-toulouse-vendredi\\\/#article\",\"isPartOf\":{\"@id\":\"https:\\\/\\\/autate.fr\\\/site\\\/cotetoulouse-siemens-inaugure-son-nouveau-centre-mondial-a-toulouse-vendredi\\\/\"},\"author\":{\"name\":\"pascalbarbier\",\"@id\":\"https:\\\/\\\/autate.fr\\\/site\\\/#\\\/schema\\\/person\\\/ae1ab8bdaa7b41d2a9b52d2557ce8254\"},\"headline\":\"[C\u00f4t\u00e9Toulouse] Siemens inaugure son nouveau centre mondial \u00e0 Toulouse, vendredi\",\"datePublished\":\"2016-06-16T10:19:50+00:00\",\"dateModified\":\"2016-08-09T10:24:21+00:00\",\"mainEntityOfPage\":{\"@id\":\"https:\\\/\\\/autate.fr\\\/site\\\/cotetoulouse-siemens-inaugure-son-nouveau-centre-mondial-a-toulouse-vendredi\\\/\"},\"wordCount\":156,\"commentCount\":0,\"publisher\":{\"@id\":\"https:\\\/\\\/autate.fr\\\/site\\\/#organization\"},\"image\":{\"@id\":\"https:\\\/\\\/autate.fr\\\/site\\\/cotetoulouse-siemens-inaugure-son-nouveau-centre-mondial-a-toulouse-vendredi\\\/#primaryimage\"},\"thumbnailUrl\":\"https:\\\/\\\/autate.fr\\\/site\\\/wp-content\\\/uploads\\\/2015\\\/12\\\/metro-tisseo-630x0.jpg\",\"keywords\":[\"m\u00e9tro\",\"Siemens\",\"Val\"],\"articleSection\":[\"Revue de presse\"],\"inLanguage\":\"fr-FR\",\"potentialAction\":[{\"@type\":\"CommentAction\",\"name\":\"Comment\",\"target\":[\"https:\\\/\\\/autate.fr\\\/site\\\/cotetoulouse-siemens-inaugure-son-nouveau-centre-mondial-a-toulouse-vendredi\\\/#respond\"]}]},{\"@type\":\"WebPage\",\"@id\":\"https:\\\/\\\/autate.fr\\\/site\\\/cotetoulouse-siemens-inaugure-son-nouveau-centre-mondial-a-toulouse-vendredi\\\/\",\"url\":\"https:\\\/\\\/autate.fr\\\/site\\\/cotetoulouse-siemens-inaugure-son-nouveau-centre-mondial-a-toulouse-vendredi\\\/\",\"name\":\"[C\u00f4t\u00e9Toulouse] Siemens inaugure son nouveau centre mondial \u00e0 Toulouse, vendredi - AUTATE\",\"isPartOf\":{\"@id\":\"https:\\\/\\\/autate.fr\\\/site\\\/#website\"},\"primaryImageOfPage\":{\"@id\":\"https:\\\/\\\/autate.fr\\\/site\\\/cotetoulouse-siemens-inaugure-son-nouveau-centre-mondial-a-toulouse-vendredi\\\/#primaryimage\"},\"image\":{\"@id\":\"https:\\\/\\\/autate.fr\\\/site\\\/cotetoulouse-siemens-inaugure-son-nouveau-centre-mondial-a-toulouse-vendredi\\\/#primaryimage\"},\"thumbnailUrl\":\"https:\\\/\\\/autate.fr\\\/site\\\/wp-content\\\/uploads\\\/2015\\\/12\\\/metro-tisseo-630x0.jpg\",\"datePublished\":\"2016-06-16T10:19:50+00:00\",\"dateModified\":\"2016-08-09T10:24:21+00:00\",\"breadcrumb\":{\"@id\":\"https:\\\/\\\/autate.fr\\\/site\\\/cotetoulouse-siemens-inaugure-son-nouveau-centre-mondial-a-toulouse-vendredi\\\/#breadcrumb\"},\"inLanguage\":\"fr-FR\",\"potentialAction\":[{\"@type\":\"ReadAction\",\"target\":[\"https:\\\/\\\/autate.fr\\\/site\\\/cotetoulouse-siemens-inaugure-son-nouveau-centre-mondial-a-toulouse-vendredi\\\/\"]}]},{\"@type\":\"ImageObject\",\"inLanguage\":\"fr-FR\",\"@id\":\"https:\\\/\\\/autate.fr\\\/site\\\/cotetoulouse-siemens-inaugure-son-nouveau-centre-mondial-a-toulouse-vendredi\\\/#primaryimage\",\"url\":\"https:\\\/\\\/autate.fr\\\/site\\\/wp-content\\\/uploads\\\/2015\\\/12\\\/metro-tisseo-630x0.jpg\",\"contentUrl\":\"https:\\\/\\\/autate.fr\\\/site\\\/wp-content\\\/uploads\\\/2015\\\/12\\\/metro-tisseo-630x0.jpg\",\"width\":630,\"height\":419},{\"@type\":\"BreadcrumbList\",\"@id\":\"https:\\\/\\\/autate.fr\\\/site\\\/cotetoulouse-siemens-inaugure-son-nouveau-centre-mondial-a-toulouse-vendredi\\\/#breadcrumb\",\"itemListElement\":[{\"@type\":\"ListItem\",\"position\":1,\"name\":\"Accueil\",\"item\":\"https:\\\/\\\/autate.fr\\\/site\\\/\"},{\"@type\":\"ListItem\",\"position\":2,\"name\":\"[C\u00f4t\u00e9Toulouse] Siemens inaugure son nouveau centre mondial \u00e0 Toulouse, vendredi\"}]},{\"@type\":\"WebSite\",\"@id\":\"https:\\\/\\\/autate.fr\\\/site\\\/#website\",\"url\":\"https:\\\/\\\/autate.fr\\\/site\\\/\",\"name\":\"AUTATE\",\"description\":\"Association des usagers des transports de l&#039;agglom\u00e9ration Toulousaine et de ses environs\",\"publisher\":{\"@id\":\"https:\\\/\\\/autate.fr\\\/site\\\/#organization\"},\"potentialAction\":[{\"@type\":\"SearchAction\",\"target\":{\"@type\":\"EntryPoint\",\"urlTemplate\":\"https:\\\/\\\/autate.fr\\\/site\\\/?s={search_term_string}\"},\"query-input\":{\"@type\":\"PropertyValueSpecification\",\"valueRequired\":true,\"valueName\":\"search_term_string\"}}],\"inLanguage\":\"fr-FR\"},{\"@type\":\"Organization\",\"@id\":\"https:\\\/\\\/autate.fr\\\/site\\\/#organization\",\"name\":\"AUTATE\",\"url\":\"https:\\\/\\\/autate.fr\\\/site\\\/\",\"logo\":{\"@type\":\"ImageObject\",\"inLanguage\":\"fr-FR\",\"@id\":\"https:\\\/\\\/autate.fr\\\/site\\\/#\\\/schema\\\/logo\\\/image\\\/\",\"url\":\"http:\\\/\\\/autate.fr\\\/site\\\/wp-content\\\/uploads\\\/2019\\\/01\\\/logo.png\",\"contentUrl\":\"http:\\\/\\\/autate.fr\\\/site\\\/wp-content\\\/uploads\\\/2019\\\/01\\\/logo.png\",\"width\":506,\"height\":280,\"caption\":\"AUTATE\"},\"image\":{\"@id\":\"https:\\\/\\\/autate.fr\\\/site\\\/#\\\/schema\\\/logo\\\/image\\\/\"},\"sameAs\":[\"https:\\\/\\\/www.facebook.com\\\/AutateToulouse\",\"https:\\\/\\\/x.com\\\/AutateToulouse\"]},{\"@type\":\"Person\",\"@id\":\"https:\\\/\\\/autate.fr\\\/site\\\/#\\\/schema\\\/person\\\/ae1ab8bdaa7b41d2a9b52d2557ce8254\",\"name\":\"pascalbarbier\",\"image\":{\"@type\":\"ImageObject\",\"inLanguage\":\"fr-FR\",\"@id\":\"https:\\\/\\\/secure.gravatar.com\\\/avatar\\\/03f4e8ced09894b72c67e83142540730d4b3bbf619bf46341b0074e3bf5f08a0?s=96&d=mm&r=g\",\"url\":\"https:\\\/\\\/secure.gravatar.com\\\/avatar\\\/03f4e8ced09894b72c67e83142540730d4b3bbf619bf46341b0074e3bf5f08a0?s=96&d=mm&r=g\",\"contentUrl\":\"https:\\\/\\\/secure.gravatar.com\\\/avatar\\\/03f4e8ced09894b72c67e83142540730d4b3bbf619bf46341b0074e3bf5f08a0?s=96&d=mm&r=g\",\"caption\":\"pascalbarbier\"},\"url\":\"https:\\\/\\\/autate.fr\\\/site\\\/author\\\/pascalbarbier\\\/\"}]}<\/script>\n<!-- \/ Yoast SEO plugin. -->","yoast_head_json":{"title":"[C\u00f4t\u00e9Toulouse] Siemens inaugure son nouveau centre mondial \u00e0 Toulouse, vendredi - AUTATE","robots":{"index":"index","follow":"follow","max-snippet":"max-snippet:-1","max-image-preview":"max-image-preview:large","max-video-preview":"max-video-preview:-1"},"canonical":"https:\/\/autate.fr\/site\/cotetoulouse-siemens-inaugure-son-nouveau-centre-mondial-a-toulouse-vendredi\/","og_locale":"fr_FR","og_type":"article","og_title":"[C\u00f4t\u00e9Toulouse] Siemens inaugure son nouveau centre mondial \u00e0 Toulouse, vendredi - AUTATE","og_description":"Un article d&rsquo; Actu C\u00f4t\u00e9 Toulouse publi\u00e9 le 15 juin 2016 (Photo Tiss\u00e9o) Vendredi 17 juin 2016, Siemens va inaugurer \u00e0 Toulouse le nouveau centre mondial de son activit\u00e9 Val, soit celle li\u00e9e \u00e0 la branche m\u00e9tro de la soci\u00e9t\u00e9. D\u00e9tails. C\u2019est vendredi 17 juin 2016 que Siemens va inaugurer \u00e0 Toulouse le nouveau centreVOIR PLUS","og_url":"https:\/\/autate.fr\/site\/cotetoulouse-siemens-inaugure-son-nouveau-centre-mondial-a-toulouse-vendredi\/","og_site_name":"AUTATE","article_publisher":"https:\/\/www.facebook.com\/AutateToulouse","article_published_time":"2016-06-16T10:19:50+00:00","article_modified_time":"2016-08-09T10:24:21+00:00","og_image":[{"width":630,"height":419,"url":"https:\/\/autate.fr\/site\/wp-content\/uploads\/2015\/12\/metro-tisseo-630x0.jpg","type":"image\/jpeg"}],"author":"pascalbarbier","twitter_card":"summary_large_image","twitter_creator":"@AutateToulouse","twitter_site":"@AutateToulouse","twitter_misc":{"\u00c9crit par":"pascalbarbier","Dur\u00e9e de lecture estim\u00e9e":"1 minute"},"schema":{"@context":"https:\/\/schema.org","@graph":[{"@type":"Article","@id":"https:\/\/autate.fr\/site\/cotetoulouse-siemens-inaugure-son-nouveau-centre-mondial-a-toulouse-vendredi\/#article","isPartOf":{"@id":"https:\/\/autate.fr\/site\/cotetoulouse-siemens-inaugure-son-nouveau-centre-mondial-a-toulouse-vendredi\/"},"author":{"name":"pascalbarbier","@id":"https:\/\/autate.fr\/site\/#\/schema\/person\/ae1ab8bdaa7b41d2a9b52d2557ce8254"},"headline":"[C\u00f4t\u00e9Toulouse] Siemens inaugure son nouveau centre mondial \u00e0 Toulouse, vendredi","datePublished":"2016-06-16T10:19:50+00:00","dateModified":"2016-08-09T10:24:21+00:00","mainEntityOfPage":{"@id":"https:\/\/autate.fr\/site\/cotetoulouse-siemens-inaugure-son-nouveau-centre-mondial-a-toulouse-vendredi\/"},"wordCount":156,"commentCount":0,"publisher":{"@id":"https:\/\/autate.fr\/site\/#organization"},"image":{"@id":"https:\/\/autate.fr\/site\/cotetoulouse-siemens-inaugure-son-nouveau-centre-mondial-a-toulouse-vendredi\/#primaryimage"},"thumbnailUrl":"https:\/\/autate.fr\/site\/wp-content\/uploads\/2015\/12\/metro-tisseo-630x0.jpg","keywords":["m\u00e9tro","Siemens","Val"],"articleSection":["Revue de presse"],"inLanguage":"fr-FR","potentialAction":[{"@type":"CommentAction","name":"Comment","target":["https:\/\/autate.fr\/site\/cotetoulouse-siemens-inaugure-son-nouveau-centre-mondial-a-toulouse-vendredi\/#respond"]}]},{"@type":"WebPage","@id":"https:\/\/autate.fr\/site\/cotetoulouse-siemens-inaugure-son-nouveau-centre-mondial-a-toulouse-vendredi\/","url":"https:\/\/autate.fr\/site\/cotetoulouse-siemens-inaugure-son-nouveau-centre-mondial-a-toulouse-vendredi\/","name":"[C\u00f4t\u00e9Toulouse] Siemens inaugure son nouveau centre mondial \u00e0 Toulouse, vendredi - AUTATE","isPartOf":{"@id":"https:\/\/autate.fr\/site\/#website"},"primaryImageOfPage":{"@id":"https:\/\/autate.fr\/site\/cotetoulouse-siemens-inaugure-son-nouveau-centre-mondial-a-toulouse-vendredi\/#primaryimage"},"image":{"@id":"https:\/\/autate.fr\/site\/cotetoulouse-siemens-inaugure-son-nouveau-centre-mondial-a-toulouse-vendredi\/#primaryimage"},"thumbnailUrl":"https:\/\/autate.fr\/site\/wp-content\/uploads\/2015\/12\/metro-tisseo-630x0.jpg","datePublished":"2016-06-16T10:19:50+00:00","dateModified":"2016-08-09T10:24:21+00:00","breadcrumb":{"@id":"https:\/\/autate.fr\/site\/cotetoulouse-siemens-inaugure-son-nouveau-centre-mondial-a-toulouse-vendredi\/#breadcrumb"},"inLanguage":"fr-FR","potentialAction":[{"@type":"ReadAction","target":["https:\/\/autate.fr\/site\/cotetoulouse-siemens-inaugure-son-nouveau-centre-mondial-a-toulouse-vendredi\/"]}]},{"@type":"ImageObject","inLanguage":"fr-FR","@id":"https:\/\/autate.fr\/site\/cotetoulouse-siemens-inaugure-son-nouveau-centre-mondial-a-toulouse-vendredi\/#primaryimage","url":"https:\/\/autate.fr\/site\/wp-content\/uploads\/2015\/12\/metro-tisseo-630x0.jpg","contentUrl":"https:\/\/autate.fr\/site\/wp-content\/uploads\/2015\/12\/metro-tisseo-630x0.jpg","width":630,"height":419},{"@type":"BreadcrumbList","@id":"https:\/\/autate.fr\/site\/cotetoulouse-siemens-inaugure-son-nouveau-centre-mondial-a-toulouse-vendredi\/#breadcrumb","itemListElement":[{"@type":"ListItem","position":1,"name":"Accueil","item":"https:\/\/autate.fr\/site\/"},{"@type":"ListItem","position":2,"name":"[C\u00f4t\u00e9Toulouse] Siemens inaugure son nouveau centre mondial \u00e0 Toulouse, vendredi"}]},{"@type":"WebSite","@id":"https:\/\/autate.fr\/site\/#website","url":"https:\/\/autate.fr\/site\/","name":"AUTATE","description":"Association des usagers des transports de l&#039;agglom\u00e9ration Toulousaine et de ses environs","publisher":{"@id":"https:\/\/autate.fr\/site\/#organization"},"potentialAction":[{"@type":"SearchAction","target":{"@type":"EntryPoint","urlTemplate":"https:\/\/autate.fr\/site\/?s={search_term_string}"},"query-input":{"@type":"PropertyValueSpecification","valueRequired":true,"valueName":"search_term_string"}}],"inLanguage":"fr-FR"},{"@type":"Organization","@id":"https:\/\/autate.fr\/site\/#organization","name":"AUTATE","url":"https:\/\/autate.fr\/site\/","logo":{"@type":"ImageObject","inLanguage":"fr-FR","@id":"https:\/\/autate.fr\/site\/#\/schema\/logo\/image\/","url":"http:\/\/autate.fr\/site\/wp-content\/uploads\/2019\/01\/logo.png","contentUrl":"http:\/\/autate.fr\/site\/wp-content\/uploads\/2019\/01\/logo.png","width":506,"height":280,"caption":"AUTATE"},"image":{"@id":"https:\/\/autate.fr\/site\/#\/schema\/logo\/image\/"},"sameAs":["https:\/\/www.facebook.com\/AutateToulouse","https:\/\/x.com\/AutateToulouse"]},{"@type":"Person","@id":"https:\/\/autate.fr\/site\/#\/schema\/person\/ae1ab8bdaa7b41d2a9b52d2557ce8254","name":"pascalbarbier","image":{"@type":"ImageObject","inLanguage":"fr-FR","@id":"https:\/\/secure.gravatar.com\/avatar\/03f4e8ced09894b72c67e83142540730d4b3bbf619bf46341b0074e3bf5f08a0?s=96&d=mm&r=g","url":"https:\/\/secure.gravatar.com\/avatar\/03f4e8ced09894b72c67e83142540730d4b3bbf619bf46341b0074e3bf5f08a0?s=96&d=mm&r=g","contentUrl":"https:\/\/secure.gravatar.com\/avatar\/03f4e8ced09894b72c67e83142540730d4b3bbf619bf46341b0074e3bf5f08a0?s=96&d=mm&r=g","caption":"pascalbarbier"},"url":"https:\/\/autate.fr\/site\/author\/pascalbarbier\/"}]}},"_links":{"self":[{"href":"https:\/\/autate.fr\/site\/wp-json\/wp\/v2\/posts\/706","targetHints":{"allow":["GET"]}}],"collection":[{"href":"https:\/\/autate.fr\/site\/wp-json\/wp\/v2\/posts"}],"about":[{"href":"https:\/\/autate.fr\/site\/wp-json\/wp\/v2\/types\/post"}],"author":[{"embeddable":true,"href":"https:\/\/autate.fr\/site\/wp-json\/wp\/v2\/users\/1"}],"replies":[{"embeddable":true,"href":"https:\/\/autate.fr\/site\/wp-json\/wp\/v2\/comments?post=706"}],"version-history":[{"count":1,"href":"https:\/\/autate.fr\/site\/wp-json\/wp\/v2\/posts\/706\/revisions"}],"predecessor-version":[{"id":707,"href":"https:\/\/autate.fr\/site\/wp-json\/wp\/v2\/posts\/706\/revisions\/707"}],"wp:featuredmedia":[{"embeddable":true,"href":"https:\/\/autate.fr\/site\/wp-json\/wp\/v2\/media\/96"}],"wp:attachment":[{"href":"https:\/\/autate.fr\/site\/wp-json\/wp\/v2\/media?parent=706"}],"wp:term":[{"taxonomy":"category","embeddable":true,"href":"https:\/\/autate.fr\/site\/wp-json\/wp\/v2\/categories?post=706"},{"taxonomy":"post_tag","embeddable":true,"href":"https:\/\/autate.fr\/site\/wp-json\/wp\/v2\/tags?post=706"}],"curies":[{"name":"wp","href":"https:\/\/api.w.org\/{rel}","templated":true}]}}