{"id":703,"date":"2016-06-10T12:15:15","date_gmt":"2016-06-10T10:15:15","guid":{"rendered":"http:\/\/autate.fr\/site\/?p=703"},"modified":"2016-08-09T12:32:20","modified_gmt":"2016-08-09T10:32:20","slug":"cotetoulouse-bientot-les-seniors-paieront-les-transports-en-fonction-de-leurs-revenus","status":"publish","type":"post","link":"https:\/\/autate.fr\/site\/cotetoulouse-bientot-les-seniors-paieront-les-transports-en-fonction-de-leurs-revenus\/","title":{"rendered":"[C\u00f4t\u00e9Toulouse]  Bient\u00f4t, les seniors paieront les transports en fonction de leurs revenus"},"content":{"rendered":"<p>Un article publi\u00e9 dans Actu C\u00f4t\u00e9 Toulouse le 8 juin 2016<\/p>\n<h2 class=\"bigger mts mbs\" data-role=\"chapo\">Mercredi 8 juin, le pr\u00e9sident de Tiss\u00e9o Jean-Michel Lattes a r\u00e9affirm\u00e9 la volont\u00e9 du syndicat des transports de mettre fin \u00e0 la gratuit\u00e9 des transports pour les seniors \u00e0 Toulouse<\/h2>\n<p>La fin de la gratuit\u00e9 des transports pour les seniors, c\u2019est pour bient\u00f4t. Mercredi 8 juin 2016, <a href=\"https:\/\/www.francebleu.fr\/infos\/transports\/toulouse-bientot-la-fin-de-la-gratuite-des-transports-en-commun-pour-les-seniors-1465315908\" target=\"_blank\">au micro de France Bleu Toulous<\/a><a href=\"https:\/\/www.francebleu.fr\/infos\/transports\/toulouse-bientot-la-fin-de-la-gratuite-des-transports-en-commun-pour-les-seniors-1465315908\" target=\"_blank\">e<\/a>, Jean-Michel Lattes, le pr\u00e9sident de Tiss\u00e9o, a r\u00e9affirm\u00e9 que le syndicat des transports toulousains continue de travailler sur la mise en place de la<strong> tarification sociale<\/strong> pour les transports de l\u2019agglom\u00e9ration, c\u2019est-\u00e0-dire la facturation des abonnements de transports en fonction des revenus.<\/p>\n<p>Cela fait plus d\u2019un an que Tiss\u00e9o \u00e9voque cette hypoth\u00e8se et a d\u00e9cid\u00e9 de revenir \u00ab sans tabou \u00bb\u00a0sur la gratuit\u00e9 dans les transports pour les seniors mais aussi sur le tarif pr\u00e9f\u00e9rentiel dont b\u00e9n\u00e9ficient les \u00e9tudiants qui, jusqu\u2019\u00e0 25 ans, payent 10 euros par mois. Ce qui a d\u2019ailleurs provoqu\u00e9 quelques secousses chez les syndicats \u00e9tudiants au cours de l\u2019ann\u00e9e 2016.<\/p>\n<p><a href=\"http:\/\/actu.cotetoulouse.fr\/toulouse-fin-gratuite-seniors-paieront-transports-fonction-revenus_38070\/?utm_source=dlvr.it&amp;utm_medium=twitter&amp;utm_campaign=toulouse-fin-gratuite-seniors-paieront-transports-fonction-revenus\" target=\"_blank\">lire la suite<\/a><\/p>\n","protected":false},"excerpt":{"rendered":"<p>Un article publi\u00e9 dans Actu C\u00f4t\u00e9 Toulouse le 8 juin 2016 Mercredi 8 juin, le pr\u00e9sident de Tiss\u00e9o Jean-Michel Lattes a r\u00e9affirm\u00e9 la volont\u00e9 du syndicat des transports de mettre fin \u00e0 la gratuit\u00e9 des transports pour les seniors \u00e0 Toulouse La fin de la gratuit\u00e9 des transports pour les seniors, c\u2019est pour bient\u00f4t. Mercredi<\/p>\n<p class=\"more-link\"><a href=\"https:\/\/autate.fr\/site\/cotetoulouse-bientot-les-seniors-paieront-les-transports-en-fonction-de-leurs-revenus\/\" class=\"themebutton2\">VOIR PLUS<\/a><\/p>\n","protected":false},"author":1,"featured_media":0,"comment_status":"open","ping_status":"open","sticky":false,"template":"","format":"standard","meta":{"footnotes":""},"categories":[7],"tags":[210,209,208,207],"class_list":["post-703","post","type-post","status-publish","format-standard","hentry","category-revue-de-presse","tag-etudiants","tag-seniors","tag-tarification-sociale","tag-tarifs"],"yoast_head":"<!-- This site is optimized with the Yoast SEO plugin v27.4 - https:\/\/yoast.com\/product\/yoast-seo-wordpress\/ -->\n<title>[C\u00f4t\u00e9Toulouse] Bient\u00f4t, les seniors paieront les transports en fonction de leurs revenus - AUTATE<\/title>\n<meta name=\"robots\" content=\"index, follow, max-snippet:-1, max-image-preview:large, max-video-preview:-1\" \/>\n<link rel=\"canonical\" href=\"https:\/\/autate.fr\/site\/cotetoulouse-bientot-les-seniors-paieront-les-transports-en-fonction-de-leurs-revenus\/\" \/>\n<meta property=\"og:locale\" content=\"fr_FR\" \/>\n<meta property=\"og:type\" content=\"article\" \/>\n<meta property=\"og:title\" content=\"[C\u00f4t\u00e9Toulouse] Bient\u00f4t, les seniors paieront les transports en fonction de leurs revenus - AUTATE\" \/>\n<meta property=\"og:description\" content=\"Un article publi\u00e9 dans Actu C\u00f4t\u00e9 Toulouse le 8 juin 2016 Mercredi 8 juin, le pr\u00e9sident de Tiss\u00e9o Jean-Michel Lattes a r\u00e9affirm\u00e9 la volont\u00e9 du syndicat des transports de mettre fin \u00e0 la gratuit\u00e9 des transports pour les seniors \u00e0 Toulouse La fin de la gratuit\u00e9 des transports pour les seniors, c\u2019est pour bient\u00f4t. MercrediVOIR PLUS\" \/>\n<meta property=\"og:url\" content=\"https:\/\/autate.fr\/site\/cotetoulouse-bientot-les-seniors-paieront-les-transports-en-fonction-de-leurs-revenus\/\" \/>\n<meta property=\"og:site_name\" content=\"AUTATE\" \/>\n<meta property=\"article:publisher\" content=\"https:\/\/www.facebook.com\/AutateToulouse\" \/>\n<meta property=\"article:published_time\" content=\"2016-06-10T10:15:15+00:00\" \/>\n<meta property=\"article:modified_time\" content=\"2016-08-09T10:32:20+00:00\" \/>\n<meta name=\"author\" content=\"pascalbarbier\" \/>\n<meta name=\"twitter:card\" content=\"summary_large_image\" \/>\n<meta name=\"twitter:creator\" content=\"@AutateToulouse\" \/>\n<meta name=\"twitter:site\" content=\"@AutateToulouse\" \/>\n<meta name=\"twitter:label1\" content=\"\u00c9crit par\" \/>\n\t<meta name=\"twitter:data1\" content=\"pascalbarbier\" \/>\n\t<meta name=\"twitter:label2\" content=\"Dur\u00e9e de lecture estim\u00e9e\" \/>\n\t<meta name=\"twitter:data2\" content=\"1 minute\" \/>\n<script type=\"application\/ld+json\" class=\"yoast-schema-graph\">{\"@context\":\"https:\\\/\\\/schema.org\",\"@graph\":[{\"@type\":\"Article\",\"@id\":\"https:\\\/\\\/autate.fr\\\/site\\\/cotetoulouse-bientot-les-seniors-paieront-les-transports-en-fonction-de-leurs-revenus\\\/#article\",\"isPartOf\":{\"@id\":\"https:\\\/\\\/autate.fr\\\/site\\\/cotetoulouse-bientot-les-seniors-paieront-les-transports-en-fonction-de-leurs-revenus\\\/\"},\"author\":{\"name\":\"pascalbarbier\",\"@id\":\"https:\\\/\\\/autate.fr\\\/site\\\/#\\\/schema\\\/person\\\/ae1ab8bdaa7b41d2a9b52d2557ce8254\"},\"headline\":\"[C\u00f4t\u00e9Toulouse] Bient\u00f4t, les seniors paieront les transports en fonction de leurs revenus\",\"datePublished\":\"2016-06-10T10:15:15+00:00\",\"dateModified\":\"2016-08-09T10:32:20+00:00\",\"mainEntityOfPage\":{\"@id\":\"https:\\\/\\\/autate.fr\\\/site\\\/cotetoulouse-bientot-les-seniors-paieront-les-transports-en-fonction-de-leurs-revenus\\\/\"},\"wordCount\":200,\"commentCount\":0,\"publisher\":{\"@id\":\"https:\\\/\\\/autate.fr\\\/site\\\/#organization\"},\"keywords\":[\"\u00e9tudiants\",\"seniors\",\"tarification sociale\",\"tarifs\"],\"articleSection\":[\"Revue de presse\"],\"inLanguage\":\"fr-FR\",\"potentialAction\":[{\"@type\":\"CommentAction\",\"name\":\"Comment\",\"target\":[\"https:\\\/\\\/autate.fr\\\/site\\\/cotetoulouse-bientot-les-seniors-paieront-les-transports-en-fonction-de-leurs-revenus\\\/#respond\"]}]},{\"@type\":\"WebPage\",\"@id\":\"https:\\\/\\\/autate.fr\\\/site\\\/cotetoulouse-bientot-les-seniors-paieront-les-transports-en-fonction-de-leurs-revenus\\\/\",\"url\":\"https:\\\/\\\/autate.fr\\\/site\\\/cotetoulouse-bientot-les-seniors-paieront-les-transports-en-fonction-de-leurs-revenus\\\/\",\"name\":\"[C\u00f4t\u00e9Toulouse] Bient\u00f4t, les seniors paieront les transports en fonction de leurs revenus - AUTATE\",\"isPartOf\":{\"@id\":\"https:\\\/\\\/autate.fr\\\/site\\\/#website\"},\"datePublished\":\"2016-06-10T10:15:15+00:00\",\"dateModified\":\"2016-08-09T10:32:20+00:00\",\"breadcrumb\":{\"@id\":\"https:\\\/\\\/autate.fr\\\/site\\\/cotetoulouse-bientot-les-seniors-paieront-les-transports-en-fonction-de-leurs-revenus\\\/#breadcrumb\"},\"inLanguage\":\"fr-FR\",\"potentialAction\":[{\"@type\":\"ReadAction\",\"target\":[\"https:\\\/\\\/autate.fr\\\/site\\\/cotetoulouse-bientot-les-seniors-paieront-les-transports-en-fonction-de-leurs-revenus\\\/\"]}]},{\"@type\":\"BreadcrumbList\",\"@id\":\"https:\\\/\\\/autate.fr\\\/site\\\/cotetoulouse-bientot-les-seniors-paieront-les-transports-en-fonction-de-leurs-revenus\\\/#breadcrumb\",\"itemListElement\":[{\"@type\":\"ListItem\",\"position\":1,\"name\":\"Accueil\",\"item\":\"https:\\\/\\\/autate.fr\\\/site\\\/\"},{\"@type\":\"ListItem\",\"position\":2,\"name\":\"[C\u00f4t\u00e9Toulouse] Bient\u00f4t, les seniors paieront les transports en fonction de leurs revenus\"}]},{\"@type\":\"WebSite\",\"@id\":\"https:\\\/\\\/autate.fr\\\/site\\\/#website\",\"url\":\"https:\\\/\\\/autate.fr\\\/site\\\/\",\"name\":\"AUTATE\",\"description\":\"Association des usagers des transports de l&#039;agglom\u00e9ration Toulousaine et de ses environs\",\"publisher\":{\"@id\":\"https:\\\/\\\/autate.fr\\\/site\\\/#organization\"},\"potentialAction\":[{\"@type\":\"SearchAction\",\"target\":{\"@type\":\"EntryPoint\",\"urlTemplate\":\"https:\\\/\\\/autate.fr\\\/site\\\/?s={search_term_string}\"},\"query-input\":{\"@type\":\"PropertyValueSpecification\",\"valueRequired\":true,\"valueName\":\"search_term_string\"}}],\"inLanguage\":\"fr-FR\"},{\"@type\":\"Organization\",\"@id\":\"https:\\\/\\\/autate.fr\\\/site\\\/#organization\",\"name\":\"AUTATE\",\"url\":\"https:\\\/\\\/autate.fr\\\/site\\\/\",\"logo\":{\"@type\":\"ImageObject\",\"inLanguage\":\"fr-FR\",\"@id\":\"https:\\\/\\\/autate.fr\\\/site\\\/#\\\/schema\\\/logo\\\/image\\\/\",\"url\":\"http:\\\/\\\/autate.fr\\\/site\\\/wp-content\\\/uploads\\\/2019\\\/01\\\/logo.png\",\"contentUrl\":\"http:\\\/\\\/autate.fr\\\/site\\\/wp-content\\\/uploads\\\/2019\\\/01\\\/logo.png\",\"width\":506,\"height\":280,\"caption\":\"AUTATE\"},\"image\":{\"@id\":\"https:\\\/\\\/autate.fr\\\/site\\\/#\\\/schema\\\/logo\\\/image\\\/\"},\"sameAs\":[\"https:\\\/\\\/www.facebook.com\\\/AutateToulouse\",\"https:\\\/\\\/x.com\\\/AutateToulouse\"]},{\"@type\":\"Person\",\"@id\":\"https:\\\/\\\/autate.fr\\\/site\\\/#\\\/schema\\\/person\\\/ae1ab8bdaa7b41d2a9b52d2557ce8254\",\"name\":\"pascalbarbier\",\"image\":{\"@type\":\"ImageObject\",\"inLanguage\":\"fr-FR\",\"@id\":\"https:\\\/\\\/secure.gravatar.com\\\/avatar\\\/03f4e8ced09894b72c67e83142540730d4b3bbf619bf46341b0074e3bf5f08a0?s=96&d=mm&r=g\",\"url\":\"https:\\\/\\\/secure.gravatar.com\\\/avatar\\\/03f4e8ced09894b72c67e83142540730d4b3bbf619bf46341b0074e3bf5f08a0?s=96&d=mm&r=g\",\"contentUrl\":\"https:\\\/\\\/secure.gravatar.com\\\/avatar\\\/03f4e8ced09894b72c67e83142540730d4b3bbf619bf46341b0074e3bf5f08a0?s=96&d=mm&r=g\",\"caption\":\"pascalbarbier\"},\"url\":\"https:\\\/\\\/autate.fr\\\/site\\\/author\\\/pascalbarbier\\\/\"}]}<\/script>\n<!-- \/ Yoast SEO plugin. -->","yoast_head_json":{"title":"[C\u00f4t\u00e9Toulouse] Bient\u00f4t, les seniors paieront les transports en fonction de leurs revenus - AUTATE","robots":{"index":"index","follow":"follow","max-snippet":"max-snippet:-1","max-image-preview":"max-image-preview:large","max-video-preview":"max-video-preview:-1"},"canonical":"https:\/\/autate.fr\/site\/cotetoulouse-bientot-les-seniors-paieront-les-transports-en-fonction-de-leurs-revenus\/","og_locale":"fr_FR","og_type":"article","og_title":"[C\u00f4t\u00e9Toulouse] Bient\u00f4t, les seniors paieront les transports en fonction de leurs revenus - AUTATE","og_description":"Un article publi\u00e9 dans Actu C\u00f4t\u00e9 Toulouse le 8 juin 2016 Mercredi 8 juin, le pr\u00e9sident de Tiss\u00e9o Jean-Michel Lattes a r\u00e9affirm\u00e9 la volont\u00e9 du syndicat des transports de mettre fin \u00e0 la gratuit\u00e9 des transports pour les seniors \u00e0 Toulouse La fin de la gratuit\u00e9 des transports pour les seniors, c\u2019est pour bient\u00f4t. MercrediVOIR PLUS","og_url":"https:\/\/autate.fr\/site\/cotetoulouse-bientot-les-seniors-paieront-les-transports-en-fonction-de-leurs-revenus\/","og_site_name":"AUTATE","article_publisher":"https:\/\/www.facebook.com\/AutateToulouse","article_published_time":"2016-06-10T10:15:15+00:00","article_modified_time":"2016-08-09T10:32:20+00:00","author":"pascalbarbier","twitter_card":"summary_large_image","twitter_creator":"@AutateToulouse","twitter_site":"@AutateToulouse","twitter_misc":{"\u00c9crit par":"pascalbarbier","Dur\u00e9e de lecture estim\u00e9e":"1 minute"},"schema":{"@context":"https:\/\/schema.org","@graph":[{"@type":"Article","@id":"https:\/\/autate.fr\/site\/cotetoulouse-bientot-les-seniors-paieront-les-transports-en-fonction-de-leurs-revenus\/#article","isPartOf":{"@id":"https:\/\/autate.fr\/site\/cotetoulouse-bientot-les-seniors-paieront-les-transports-en-fonction-de-leurs-revenus\/"},"author":{"name":"pascalbarbier","@id":"https:\/\/autate.fr\/site\/#\/schema\/person\/ae1ab8bdaa7b41d2a9b52d2557ce8254"},"headline":"[C\u00f4t\u00e9Toulouse] Bient\u00f4t, les seniors paieront les transports en fonction de leurs revenus","datePublished":"2016-06-10T10:15:15+00:00","dateModified":"2016-08-09T10:32:20+00:00","mainEntityOfPage":{"@id":"https:\/\/autate.fr\/site\/cotetoulouse-bientot-les-seniors-paieront-les-transports-en-fonction-de-leurs-revenus\/"},"wordCount":200,"commentCount":0,"publisher":{"@id":"https:\/\/autate.fr\/site\/#organization"},"keywords":["\u00e9tudiants","seniors","tarification sociale","tarifs"],"articleSection":["Revue de presse"],"inLanguage":"fr-FR","potentialAction":[{"@type":"CommentAction","name":"Comment","target":["https:\/\/autate.fr\/site\/cotetoulouse-bientot-les-seniors-paieront-les-transports-en-fonction-de-leurs-revenus\/#respond"]}]},{"@type":"WebPage","@id":"https:\/\/autate.fr\/site\/cotetoulouse-bientot-les-seniors-paieront-les-transports-en-fonction-de-leurs-revenus\/","url":"https:\/\/autate.fr\/site\/cotetoulouse-bientot-les-seniors-paieront-les-transports-en-fonction-de-leurs-revenus\/","name":"[C\u00f4t\u00e9Toulouse] Bient\u00f4t, les seniors paieront les transports en fonction de leurs revenus - AUTATE","isPartOf":{"@id":"https:\/\/autate.fr\/site\/#website"},"datePublished":"2016-06-10T10:15:15+00:00","dateModified":"2016-08-09T10:32:20+00:00","breadcrumb":{"@id":"https:\/\/autate.fr\/site\/cotetoulouse-bientot-les-seniors-paieront-les-transports-en-fonction-de-leurs-revenus\/#breadcrumb"},"inLanguage":"fr-FR","potentialAction":[{"@type":"ReadAction","target":["https:\/\/autate.fr\/site\/cotetoulouse-bientot-les-seniors-paieront-les-transports-en-fonction-de-leurs-revenus\/"]}]},{"@type":"BreadcrumbList","@id":"https:\/\/autate.fr\/site\/cotetoulouse-bientot-les-seniors-paieront-les-transports-en-fonction-de-leurs-revenus\/#breadcrumb","itemListElement":[{"@type":"ListItem","position":1,"name":"Accueil","item":"https:\/\/autate.fr\/site\/"},{"@type":"ListItem","position":2,"name":"[C\u00f4t\u00e9Toulouse] Bient\u00f4t, les seniors paieront les transports en fonction de leurs revenus"}]},{"@type":"WebSite","@id":"https:\/\/autate.fr\/site\/#website","url":"https:\/\/autate.fr\/site\/","name":"AUTATE","description":"Association des usagers des transports de l&#039;agglom\u00e9ration Toulousaine et de ses environs","publisher":{"@id":"https:\/\/autate.fr\/site\/#organization"},"potentialAction":[{"@type":"SearchAction","target":{"@type":"EntryPoint","urlTemplate":"https:\/\/autate.fr\/site\/?s={search_term_string}"},"query-input":{"@type":"PropertyValueSpecification","valueRequired":true,"valueName":"search_term_string"}}],"inLanguage":"fr-FR"},{"@type":"Organization","@id":"https:\/\/autate.fr\/site\/#organization","name":"AUTATE","url":"https:\/\/autate.fr\/site\/","logo":{"@type":"ImageObject","inLanguage":"fr-FR","@id":"https:\/\/autate.fr\/site\/#\/schema\/logo\/image\/","url":"http:\/\/autate.fr\/site\/wp-content\/uploads\/2019\/01\/logo.png","contentUrl":"http:\/\/autate.fr\/site\/wp-content\/uploads\/2019\/01\/logo.png","width":506,"height":280,"caption":"AUTATE"},"image":{"@id":"https:\/\/autate.fr\/site\/#\/schema\/logo\/image\/"},"sameAs":["https:\/\/www.facebook.com\/AutateToulouse","https:\/\/x.com\/AutateToulouse"]},{"@type":"Person","@id":"https:\/\/autate.fr\/site\/#\/schema\/person\/ae1ab8bdaa7b41d2a9b52d2557ce8254","name":"pascalbarbier","image":{"@type":"ImageObject","inLanguage":"fr-FR","@id":"https:\/\/secure.gravatar.com\/avatar\/03f4e8ced09894b72c67e83142540730d4b3bbf619bf46341b0074e3bf5f08a0?s=96&d=mm&r=g","url":"https:\/\/secure.gravatar.com\/avatar\/03f4e8ced09894b72c67e83142540730d4b3bbf619bf46341b0074e3bf5f08a0?s=96&d=mm&r=g","contentUrl":"https:\/\/secure.gravatar.com\/avatar\/03f4e8ced09894b72c67e83142540730d4b3bbf619bf46341b0074e3bf5f08a0?s=96&d=mm&r=g","caption":"pascalbarbier"},"url":"https:\/\/autate.fr\/site\/author\/pascalbarbier\/"}]}},"_links":{"self":[{"href":"https:\/\/autate.fr\/site\/wp-json\/wp\/v2\/posts\/703","targetHints":{"allow":["GET"]}}],"collection":[{"href":"https:\/\/autate.fr\/site\/wp-json\/wp\/v2\/posts"}],"about":[{"href":"https:\/\/autate.fr\/site\/wp-json\/wp\/v2\/types\/post"}],"author":[{"embeddable":true,"href":"https:\/\/autate.fr\/site\/wp-json\/wp\/v2\/users\/1"}],"replies":[{"embeddable":true,"href":"https:\/\/autate.fr\/site\/wp-json\/wp\/v2\/comments?post=703"}],"version-history":[{"count":2,"href":"https:\/\/autate.fr\/site\/wp-json\/wp\/v2\/posts\/703\/revisions"}],"predecessor-version":[{"id":705,"href":"https:\/\/autate.fr\/site\/wp-json\/wp\/v2\/posts\/703\/revisions\/705"}],"wp:attachment":[{"href":"https:\/\/autate.fr\/site\/wp-json\/wp\/v2\/media?parent=703"}],"wp:term":[{"taxonomy":"category","embeddable":true,"href":"https:\/\/autate.fr\/site\/wp-json\/wp\/v2\/categories?post=703"},{"taxonomy":"post_tag","embeddable":true,"href":"https:\/\/autate.fr\/site\/wp-json\/wp\/v2\/tags?post=703"}],"curies":[{"name":"wp","href":"https:\/\/api.w.org\/{rel}","templated":true}]}}