{"id":699,"date":"2016-07-30T19:03:26","date_gmt":"2016-07-30T17:03:26","guid":{"rendered":"http:\/\/autate.fr\/site\/?p=699"},"modified":"2017-10-21T20:08:32","modified_gmt":"2017-10-21T18:08:32","slug":"se-deplacer-en-bus-pendant-les-vacances-scolaires","status":"publish","type":"post","link":"https:\/\/autate.fr\/site\/se-deplacer-en-bus-pendant-les-vacances-scolaires\/","title":{"rendered":"Peut-on prendre les transports en commun pendant les vacances scolaires ?"},"content":{"rendered":"<p>Peut-on prendre les transports en commun pendant les vacances scolaires ?<\/p>\n<p>je voudrais t\u00e9moigner de la difficult\u00e9 d&rsquo;utiliser le r\u00e9seau Tisseo pendant les vacances scolaires, comme si nous (les adultes, possesseurs de permis et de voitures) \u00e9tions indirectement pouss\u00e9s \u00e0 utiliser nos automobiles. Je voudrais pr\u00e9senter deux situations v\u00e9cues :<\/p>\n<p>&#8211; le Jeudi 27 juillet \u00e0 16h, je souhaite prendre le bus 70 pour aller \u00e0 Blagnac \u00e0 Jeanne d&rsquo;Arc et vois le panneau affich\u00e9 un temps d&rsquo;attente de 26 minutes. J&rsquo;ai attendu et suis arriv\u00e9e chez moi \u00e0 17h.<\/p>\n<p>&#8211; le Vendredi 28 juillet \u00e0 12h15, je pars du Ritouret \u00e0 Blagnac pour me rendre \u00e0 Supaero (avenue Edouard Belin \u00e0 rangueil \u00e0 Touloue). Je prends le Tram et la ligne B au palais de Justice jusqu&rsquo;\u00e0 Ramonville. J&rsquo;arrive \u00e0 13h13. Pour aller \u00e0 mon point d&rsquo;arriv\u00e9e (Supaero), je vois un temps d&rsquo;attente du bus 37 de 51 minutes. J&rsquo;y suis all\u00e9e \u00e0 pied le long du canal apr\u00e8s avoir demand\u00e9 mon chemin \u00e0 un informateur Tisseo, qui m&rsquo;a confirm\u00e9 \u00ab\u00a0qu&rsquo;on \u00e9tait en p\u00e9riode de vacances scolaires\u00a0\u00bb. Je suis arriv\u00e9e \u00e0 12H45. J&rsquo;ai donc mis 1h30 pour faire 12,9 km. Il faut 24 minutes en voiture.<\/p>\n<p>Marie-Pierre<\/p>\n","protected":false},"excerpt":{"rendered":"<p>Peut-on prendre les transports en commun pendant les vacances scolaires ? je voudrais t\u00e9moigner de la difficult\u00e9 d&rsquo;utiliser le r\u00e9seau Tisseo pendant les vacances scolaires, comme si nous (les adultes, possesseurs de permis et de voitures) \u00e9tions indirectement pouss\u00e9s \u00e0 utiliser nos automobiles. Je voudrais pr\u00e9senter deux situations v\u00e9cues : &#8211; le Jeudi 27 juillet<\/p>\n<p class=\"more-link\"><a href=\"https:\/\/autate.fr\/site\/se-deplacer-en-bus-pendant-les-vacances-scolaires\/\" class=\"themebutton2\">VOIR PLUS<\/a><\/p>\n","protected":false},"author":1,"featured_media":0,"comment_status":"open","ping_status":"open","sticky":false,"template":"","format":"standard","meta":{"footnotes":""},"categories":[336],"tags":[89,206],"class_list":["post-699","post","type-post","status-publish","format-standard","hentry","category-temoignages","tag-autobus","tag-vacances-scolaires"],"yoast_head":"<!-- This site is optimized with the Yoast SEO plugin v27.4 - https:\/\/yoast.com\/product\/yoast-seo-wordpress\/ -->\n<title>Peut-on prendre les transports en commun pendant les vacances scolaires ? - AUTATE<\/title>\n<meta name=\"robots\" content=\"index, follow, max-snippet:-1, max-image-preview:large, max-video-preview:-1\" \/>\n<link rel=\"canonical\" href=\"https:\/\/autate.fr\/site\/se-deplacer-en-bus-pendant-les-vacances-scolaires\/\" \/>\n<meta property=\"og:locale\" content=\"fr_FR\" \/>\n<meta property=\"og:type\" content=\"article\" \/>\n<meta property=\"og:title\" content=\"Peut-on prendre les transports en commun pendant les vacances scolaires ? - AUTATE\" \/>\n<meta property=\"og:description\" content=\"Peut-on prendre les transports en commun pendant les vacances scolaires ? je voudrais t\u00e9moigner de la difficult\u00e9 d&rsquo;utiliser le r\u00e9seau Tisseo pendant les vacances scolaires, comme si nous (les adultes, possesseurs de permis et de voitures) \u00e9tions indirectement pouss\u00e9s \u00e0 utiliser nos automobiles. Je voudrais pr\u00e9senter deux situations v\u00e9cues : &#8211; le Jeudi 27 juilletVOIR PLUS\" \/>\n<meta property=\"og:url\" content=\"https:\/\/autate.fr\/site\/se-deplacer-en-bus-pendant-les-vacances-scolaires\/\" \/>\n<meta property=\"og:site_name\" content=\"AUTATE\" \/>\n<meta property=\"article:publisher\" content=\"https:\/\/www.facebook.com\/AutateToulouse\" \/>\n<meta property=\"article:published_time\" content=\"2016-07-30T17:03:26+00:00\" \/>\n<meta property=\"article:modified_time\" content=\"2017-10-21T18:08:32+00:00\" \/>\n<meta name=\"author\" content=\"pascalbarbier\" \/>\n<meta name=\"twitter:card\" content=\"summary_large_image\" \/>\n<meta name=\"twitter:creator\" content=\"@AutateToulouse\" \/>\n<meta name=\"twitter:site\" content=\"@AutateToulouse\" \/>\n<meta name=\"twitter:label1\" content=\"\u00c9crit par\" \/>\n\t<meta name=\"twitter:data1\" content=\"pascalbarbier\" \/>\n\t<meta name=\"twitter:label2\" content=\"Dur\u00e9e de lecture estim\u00e9e\" \/>\n\t<meta name=\"twitter:data2\" content=\"1 minute\" \/>\n<script type=\"application\/ld+json\" class=\"yoast-schema-graph\">{\"@context\":\"https:\\\/\\\/schema.org\",\"@graph\":[{\"@type\":\"Article\",\"@id\":\"https:\\\/\\\/autate.fr\\\/site\\\/se-deplacer-en-bus-pendant-les-vacances-scolaires\\\/#article\",\"isPartOf\":{\"@id\":\"https:\\\/\\\/autate.fr\\\/site\\\/se-deplacer-en-bus-pendant-les-vacances-scolaires\\\/\"},\"author\":{\"name\":\"pascalbarbier\",\"@id\":\"https:\\\/\\\/autate.fr\\\/site\\\/#\\\/schema\\\/person\\\/ae1ab8bdaa7b41d2a9b52d2557ce8254\"},\"headline\":\"Peut-on prendre les transports en commun pendant les vacances scolaires ?\",\"datePublished\":\"2016-07-30T17:03:26+00:00\",\"dateModified\":\"2017-10-21T18:08:32+00:00\",\"mainEntityOfPage\":{\"@id\":\"https:\\\/\\\/autate.fr\\\/site\\\/se-deplacer-en-bus-pendant-les-vacances-scolaires\\\/\"},\"wordCount\":194,\"commentCount\":0,\"publisher\":{\"@id\":\"https:\\\/\\\/autate.fr\\\/site\\\/#organization\"},\"keywords\":[\"autobus\",\"vacances scolaires\"],\"articleSection\":[\"T\u00e9moignages\"],\"inLanguage\":\"fr-FR\",\"potentialAction\":[{\"@type\":\"CommentAction\",\"name\":\"Comment\",\"target\":[\"https:\\\/\\\/autate.fr\\\/site\\\/se-deplacer-en-bus-pendant-les-vacances-scolaires\\\/#respond\"]}]},{\"@type\":\"WebPage\",\"@id\":\"https:\\\/\\\/autate.fr\\\/site\\\/se-deplacer-en-bus-pendant-les-vacances-scolaires\\\/\",\"url\":\"https:\\\/\\\/autate.fr\\\/site\\\/se-deplacer-en-bus-pendant-les-vacances-scolaires\\\/\",\"name\":\"Peut-on prendre les transports en commun pendant les vacances scolaires ? - AUTATE\",\"isPartOf\":{\"@id\":\"https:\\\/\\\/autate.fr\\\/site\\\/#website\"},\"datePublished\":\"2016-07-30T17:03:26+00:00\",\"dateModified\":\"2017-10-21T18:08:32+00:00\",\"breadcrumb\":{\"@id\":\"https:\\\/\\\/autate.fr\\\/site\\\/se-deplacer-en-bus-pendant-les-vacances-scolaires\\\/#breadcrumb\"},\"inLanguage\":\"fr-FR\",\"potentialAction\":[{\"@type\":\"ReadAction\",\"target\":[\"https:\\\/\\\/autate.fr\\\/site\\\/se-deplacer-en-bus-pendant-les-vacances-scolaires\\\/\"]}]},{\"@type\":\"BreadcrumbList\",\"@id\":\"https:\\\/\\\/autate.fr\\\/site\\\/se-deplacer-en-bus-pendant-les-vacances-scolaires\\\/#breadcrumb\",\"itemListElement\":[{\"@type\":\"ListItem\",\"position\":1,\"name\":\"Accueil\",\"item\":\"https:\\\/\\\/autate.fr\\\/site\\\/\"},{\"@type\":\"ListItem\",\"position\":2,\"name\":\"Peut-on prendre les transports en commun pendant les vacances scolaires ?\"}]},{\"@type\":\"WebSite\",\"@id\":\"https:\\\/\\\/autate.fr\\\/site\\\/#website\",\"url\":\"https:\\\/\\\/autate.fr\\\/site\\\/\",\"name\":\"AUTATE\",\"description\":\"Association des usagers des transports de l&#039;agglom\u00e9ration Toulousaine et de ses environs\",\"publisher\":{\"@id\":\"https:\\\/\\\/autate.fr\\\/site\\\/#organization\"},\"potentialAction\":[{\"@type\":\"SearchAction\",\"target\":{\"@type\":\"EntryPoint\",\"urlTemplate\":\"https:\\\/\\\/autate.fr\\\/site\\\/?s={search_term_string}\"},\"query-input\":{\"@type\":\"PropertyValueSpecification\",\"valueRequired\":true,\"valueName\":\"search_term_string\"}}],\"inLanguage\":\"fr-FR\"},{\"@type\":\"Organization\",\"@id\":\"https:\\\/\\\/autate.fr\\\/site\\\/#organization\",\"name\":\"AUTATE\",\"url\":\"https:\\\/\\\/autate.fr\\\/site\\\/\",\"logo\":{\"@type\":\"ImageObject\",\"inLanguage\":\"fr-FR\",\"@id\":\"https:\\\/\\\/autate.fr\\\/site\\\/#\\\/schema\\\/logo\\\/image\\\/\",\"url\":\"http:\\\/\\\/autate.fr\\\/site\\\/wp-content\\\/uploads\\\/2019\\\/01\\\/logo.png\",\"contentUrl\":\"http:\\\/\\\/autate.fr\\\/site\\\/wp-content\\\/uploads\\\/2019\\\/01\\\/logo.png\",\"width\":506,\"height\":280,\"caption\":\"AUTATE\"},\"image\":{\"@id\":\"https:\\\/\\\/autate.fr\\\/site\\\/#\\\/schema\\\/logo\\\/image\\\/\"},\"sameAs\":[\"https:\\\/\\\/www.facebook.com\\\/AutateToulouse\",\"https:\\\/\\\/x.com\\\/AutateToulouse\"]},{\"@type\":\"Person\",\"@id\":\"https:\\\/\\\/autate.fr\\\/site\\\/#\\\/schema\\\/person\\\/ae1ab8bdaa7b41d2a9b52d2557ce8254\",\"name\":\"pascalbarbier\",\"image\":{\"@type\":\"ImageObject\",\"inLanguage\":\"fr-FR\",\"@id\":\"https:\\\/\\\/secure.gravatar.com\\\/avatar\\\/03f4e8ced09894b72c67e83142540730d4b3bbf619bf46341b0074e3bf5f08a0?s=96&d=mm&r=g\",\"url\":\"https:\\\/\\\/secure.gravatar.com\\\/avatar\\\/03f4e8ced09894b72c67e83142540730d4b3bbf619bf46341b0074e3bf5f08a0?s=96&d=mm&r=g\",\"contentUrl\":\"https:\\\/\\\/secure.gravatar.com\\\/avatar\\\/03f4e8ced09894b72c67e83142540730d4b3bbf619bf46341b0074e3bf5f08a0?s=96&d=mm&r=g\",\"caption\":\"pascalbarbier\"},\"url\":\"https:\\\/\\\/autate.fr\\\/site\\\/author\\\/pascalbarbier\\\/\"}]}<\/script>\n<!-- \/ Yoast SEO plugin. -->","yoast_head_json":{"title":"Peut-on prendre les transports en commun pendant les vacances scolaires ? - AUTATE","robots":{"index":"index","follow":"follow","max-snippet":"max-snippet:-1","max-image-preview":"max-image-preview:large","max-video-preview":"max-video-preview:-1"},"canonical":"https:\/\/autate.fr\/site\/se-deplacer-en-bus-pendant-les-vacances-scolaires\/","og_locale":"fr_FR","og_type":"article","og_title":"Peut-on prendre les transports en commun pendant les vacances scolaires ? - AUTATE","og_description":"Peut-on prendre les transports en commun pendant les vacances scolaires ? je voudrais t\u00e9moigner de la difficult\u00e9 d&rsquo;utiliser le r\u00e9seau Tisseo pendant les vacances scolaires, comme si nous (les adultes, possesseurs de permis et de voitures) \u00e9tions indirectement pouss\u00e9s \u00e0 utiliser nos automobiles. Je voudrais pr\u00e9senter deux situations v\u00e9cues : &#8211; le Jeudi 27 juilletVOIR PLUS","og_url":"https:\/\/autate.fr\/site\/se-deplacer-en-bus-pendant-les-vacances-scolaires\/","og_site_name":"AUTATE","article_publisher":"https:\/\/www.facebook.com\/AutateToulouse","article_published_time":"2016-07-30T17:03:26+00:00","article_modified_time":"2017-10-21T18:08:32+00:00","author":"pascalbarbier","twitter_card":"summary_large_image","twitter_creator":"@AutateToulouse","twitter_site":"@AutateToulouse","twitter_misc":{"\u00c9crit par":"pascalbarbier","Dur\u00e9e de lecture estim\u00e9e":"1 minute"},"schema":{"@context":"https:\/\/schema.org","@graph":[{"@type":"Article","@id":"https:\/\/autate.fr\/site\/se-deplacer-en-bus-pendant-les-vacances-scolaires\/#article","isPartOf":{"@id":"https:\/\/autate.fr\/site\/se-deplacer-en-bus-pendant-les-vacances-scolaires\/"},"author":{"name":"pascalbarbier","@id":"https:\/\/autate.fr\/site\/#\/schema\/person\/ae1ab8bdaa7b41d2a9b52d2557ce8254"},"headline":"Peut-on prendre les transports en commun pendant les vacances scolaires ?","datePublished":"2016-07-30T17:03:26+00:00","dateModified":"2017-10-21T18:08:32+00:00","mainEntityOfPage":{"@id":"https:\/\/autate.fr\/site\/se-deplacer-en-bus-pendant-les-vacances-scolaires\/"},"wordCount":194,"commentCount":0,"publisher":{"@id":"https:\/\/autate.fr\/site\/#organization"},"keywords":["autobus","vacances scolaires"],"articleSection":["T\u00e9moignages"],"inLanguage":"fr-FR","potentialAction":[{"@type":"CommentAction","name":"Comment","target":["https:\/\/autate.fr\/site\/se-deplacer-en-bus-pendant-les-vacances-scolaires\/#respond"]}]},{"@type":"WebPage","@id":"https:\/\/autate.fr\/site\/se-deplacer-en-bus-pendant-les-vacances-scolaires\/","url":"https:\/\/autate.fr\/site\/se-deplacer-en-bus-pendant-les-vacances-scolaires\/","name":"Peut-on prendre les transports en commun pendant les vacances scolaires ? - AUTATE","isPartOf":{"@id":"https:\/\/autate.fr\/site\/#website"},"datePublished":"2016-07-30T17:03:26+00:00","dateModified":"2017-10-21T18:08:32+00:00","breadcrumb":{"@id":"https:\/\/autate.fr\/site\/se-deplacer-en-bus-pendant-les-vacances-scolaires\/#breadcrumb"},"inLanguage":"fr-FR","potentialAction":[{"@type":"ReadAction","target":["https:\/\/autate.fr\/site\/se-deplacer-en-bus-pendant-les-vacances-scolaires\/"]}]},{"@type":"BreadcrumbList","@id":"https:\/\/autate.fr\/site\/se-deplacer-en-bus-pendant-les-vacances-scolaires\/#breadcrumb","itemListElement":[{"@type":"ListItem","position":1,"name":"Accueil","item":"https:\/\/autate.fr\/site\/"},{"@type":"ListItem","position":2,"name":"Peut-on prendre les transports en commun pendant les vacances scolaires ?"}]},{"@type":"WebSite","@id":"https:\/\/autate.fr\/site\/#website","url":"https:\/\/autate.fr\/site\/","name":"AUTATE","description":"Association des usagers des transports de l&#039;agglom\u00e9ration Toulousaine et de ses environs","publisher":{"@id":"https:\/\/autate.fr\/site\/#organization"},"potentialAction":[{"@type":"SearchAction","target":{"@type":"EntryPoint","urlTemplate":"https:\/\/autate.fr\/site\/?s={search_term_string}"},"query-input":{"@type":"PropertyValueSpecification","valueRequired":true,"valueName":"search_term_string"}}],"inLanguage":"fr-FR"},{"@type":"Organization","@id":"https:\/\/autate.fr\/site\/#organization","name":"AUTATE","url":"https:\/\/autate.fr\/site\/","logo":{"@type":"ImageObject","inLanguage":"fr-FR","@id":"https:\/\/autate.fr\/site\/#\/schema\/logo\/image\/","url":"http:\/\/autate.fr\/site\/wp-content\/uploads\/2019\/01\/logo.png","contentUrl":"http:\/\/autate.fr\/site\/wp-content\/uploads\/2019\/01\/logo.png","width":506,"height":280,"caption":"AUTATE"},"image":{"@id":"https:\/\/autate.fr\/site\/#\/schema\/logo\/image\/"},"sameAs":["https:\/\/www.facebook.com\/AutateToulouse","https:\/\/x.com\/AutateToulouse"]},{"@type":"Person","@id":"https:\/\/autate.fr\/site\/#\/schema\/person\/ae1ab8bdaa7b41d2a9b52d2557ce8254","name":"pascalbarbier","image":{"@type":"ImageObject","inLanguage":"fr-FR","@id":"https:\/\/secure.gravatar.com\/avatar\/03f4e8ced09894b72c67e83142540730d4b3bbf619bf46341b0074e3bf5f08a0?s=96&d=mm&r=g","url":"https:\/\/secure.gravatar.com\/avatar\/03f4e8ced09894b72c67e83142540730d4b3bbf619bf46341b0074e3bf5f08a0?s=96&d=mm&r=g","contentUrl":"https:\/\/secure.gravatar.com\/avatar\/03f4e8ced09894b72c67e83142540730d4b3bbf619bf46341b0074e3bf5f08a0?s=96&d=mm&r=g","caption":"pascalbarbier"},"url":"https:\/\/autate.fr\/site\/author\/pascalbarbier\/"}]}},"_links":{"self":[{"href":"https:\/\/autate.fr\/site\/wp-json\/wp\/v2\/posts\/699","targetHints":{"allow":["GET"]}}],"collection":[{"href":"https:\/\/autate.fr\/site\/wp-json\/wp\/v2\/posts"}],"about":[{"href":"https:\/\/autate.fr\/site\/wp-json\/wp\/v2\/types\/post"}],"author":[{"embeddable":true,"href":"https:\/\/autate.fr\/site\/wp-json\/wp\/v2\/users\/1"}],"replies":[{"embeddable":true,"href":"https:\/\/autate.fr\/site\/wp-json\/wp\/v2\/comments?post=699"}],"version-history":[{"count":2,"href":"https:\/\/autate.fr\/site\/wp-json\/wp\/v2\/posts\/699\/revisions"}],"predecessor-version":[{"id":701,"href":"https:\/\/autate.fr\/site\/wp-json\/wp\/v2\/posts\/699\/revisions\/701"}],"wp:attachment":[{"href":"https:\/\/autate.fr\/site\/wp-json\/wp\/v2\/media?parent=699"}],"wp:term":[{"taxonomy":"category","embeddable":true,"href":"https:\/\/autate.fr\/site\/wp-json\/wp\/v2\/categories?post=699"},{"taxonomy":"post_tag","embeddable":true,"href":"https:\/\/autate.fr\/site\/wp-json\/wp\/v2\/tags?post=699"}],"curies":[{"name":"wp","href":"https:\/\/api.w.org\/{rel}","templated":true}]}}