{"id":691,"date":"2016-07-14T11:42:02","date_gmt":"2016-07-14T09:42:02","guid":{"rendered":"http:\/\/autate.fr\/site\/?p=691"},"modified":"2016-07-14T11:54:20","modified_gmt":"2016-07-14T09:54:20","slug":"quelques-notes-sur-debat-1207-cndp","status":"publish","type":"post","link":"https:\/\/autate.fr\/site\/quelques-notes-sur-debat-1207-cndp\/","title":{"rendered":"Notes sur la journ\u00e9e de travail du 12\/07 avec la CNDP"},"content":{"rendered":"<p>Le 12 juillet avait lieu la premi\u00e8re r\u00e9union publique organis\u00e9e par la Commission Nationale du D\u00e9bat Public, sous forme d&rsquo;ateliers.<\/p>\n<p>Des adh\u00e9rent-es de l&rsquo; AUTATE y ont particip\u00e9. Voici leurs notes :<\/p>\n<p><span style=\"font-family: Times New Roman,serif;\"><span style=\"font-size: medium;\"><strong>Suivre le d\u00e9bat<\/strong>\u00a0:<\/span><\/span><\/p>\n<p><span style=\"font-family: Times New Roman,serif;\"><span style=\"font-size: medium;\">-Twitter avec @MetroL3_debat #MetroLigne3Toulouse<\/span><\/span><\/p>\n<p><span style=\"font-family: Times New Roman,serif;\"><span style=\"font-size: medium;\">-Facebook avec DebatPublic.MetroLigne3Toulouse<\/span><\/span><\/p>\n<p><span style=\"font-family: Times New Roman,serif;\"><span style=\"font-size: medium;\">-Il y aura un site : on pourra dialoguer en forum, poser des questions et argumenter<\/span><\/span><\/p>\n<p><strong><span style=\"font-family: Times New Roman,serif;\"><span style=\"font-size: medium;\">Le d\u00e9bat public\u00a0aura lieu du 12 septembre au 15 d\u00e9cembre<\/span><\/span><\/strong><\/p>\n<p><span style=\"font-family: Times New Roman,serif;\"><span style=\"font-size: medium;\">Rencontres\u00a0<\/span><\/span><\/p>\n<p><span style=\"font-family: Times New Roman,serif;\"><span style=\"font-size: medium;\">1 ) le 13 sept \u00e0 17 h salle Vanel \u00e0 Toulouse<\/span><\/span><\/p>\n<p><span style=\"font-family: Times New Roman,serif;\"><span style=\"font-size: medium;\">2 ) \u00e0\u00a0Colomiers\u00a0<\/span><\/span><\/p>\n<p><span style=\"font-family: Times New Roman,serif;\"><span style=\"font-size: medium;\">3) \u00e0 Lab\u00e8ge<\/span><\/span><\/p>\n<p><span style=\"font-family: Times New Roman,serif;\"><span style=\"font-size: medium;\">4) \u00e0 Toulouse<\/span><\/span><\/p>\n<p><span style=\"font-family: Times New Roman,serif;\"><span style=\"font-size: medium;\">En septembre audition de 30 <span style=\"text-decoration: underline;\">experts toulousains<\/span> (histoire, mobilit\u00e9,\u00a0autres r\u00e9gions, \u00e9tat, DIRECCT, socio \u00e9co, DR\u00c9AL.\u00a0<\/span><\/span><\/p>\n<p><span style=\"font-family: Times New Roman,serif;\"><span style=\"font-size: medium;\">Entre septembre et octobre il y aura 8\u00a0rencontres par <span style=\"text-decoration: underline;\">cat\u00e9gories de population<\/span> (chef d\u2019entreprises,\u00a0artisans, am\u00e9nageurs, bailleurs,\u00a0association protection environnement et de quartiers, urbanistes et paysagers, usagers des transports\u2026)<\/span><\/span><\/p>\n<p><span style=\"font-family: Times New Roman,serif;\"><span style=\"font-size: medium;\">En octobre \/ novembre il y aura le <span style=\"text-decoration: underline;\">d\u00e9bat\u00a0\u00ab\u00a0mobile\u00a0\u00bb<\/span> la commission se d\u00e9place sur 30 sites : m\u00e9tro, gare, stations, h\u00f4pitaux, afin de faire participer les\u00a0\u00ab\u00a0absents\u00a0\u00bb<\/span><\/span><\/p>\n<p><span style=\"font-family: Times New Roman,serif;\"><span style=\"font-size: medium;\">Une s\u00e9rie de r\u00e9union \u00e0 l\u2019<span style=\"text-decoration: underline;\">universit\u00e9<\/span> est pr\u00e9vue.\u00a0<\/span><\/span><\/p>\n<p><span style=\"font-family: Times New Roman,serif;\"><span style=\"font-size: medium;\">5 \u00e0 6 r\u00e9unions dans les <span style=\"text-decoration: underline;\">grandes entreprises<\/span> sont pr\u00e9vues<\/span><\/span><\/p>\n<p><span style=\"font-family: Times New Roman,serif;\"><span style=\"font-size: medium;\">Il y aura des <span style=\"text-decoration: underline;\">cahiers d\u2019acteurs<\/span>, 4 pages maxi le retour en vid\u00e9o des d\u00e9bats. Les acteurs sont invit\u00e9s \u00e0 les produire<\/span><\/span><\/p>\n<p><span style=\"font-family: Times New Roman,serif;\"><span style=\"font-size: medium;\">La CNDP co\u00fbte 600 000 \u20ac HT et la journ\u00e9e d&rsquo; hier a co\u00fbt\u00e9 3500 \u20ac \u00e0 l\u2019h\u00f4tel Mercure<\/span><\/span><\/p>\n<p><span style=\"font-family: Times New Roman,serif;\"><span style=\"font-size: medium;\"><strong>Parmi les questions importantes<\/strong>\u00a0:<\/span><\/span><\/p>\n<p><span style=\"font-family: Times New Roman,serif;\"><span style=\"font-size: medium;\">Quelle marge de man\u0153uvre pour la CNDP ? (le projet est il modifiable ?)<\/span><\/span><\/p>\n<p><span style=\"font-family: Times New Roman,serif;\"><span style=\"font-size: medium;\">Pourquoi n\u2019y a t-il qu\u2019un seul projet ?\u00a0<\/span><\/span><\/p>\n<p><span style=\"font-family: Times New Roman,serif;\"><span style=\"font-size: medium;\">De quelle participation en vue de l\u2019intermodalit\u00e9 se place la r\u00e9gion, la SNCF et dans une moindre mesure le d\u00e9partement ? Comment ces structures travaillent-elles ensemble ?\u00a0<\/span><\/span><\/p>\n<p><span style=\"font-family: Times New Roman,serif;\"><span style=\"font-size: medium;\">Comment le Maitre d\u2019ouvrage\u00a0justifie son trajet ?<\/span><\/span><\/p>\n<p><span style=\"font-family: Times New Roman,serif;\"><span style=\"font-size: medium;\">Comment avoir les \u00e9tudes \u00a0? (sur le site..)\u00a0<\/span><\/span><\/p>\n<p><span style=\"font-family: Times New Roman,serif;\"><span style=\"font-size: medium;\"><strong>Pour r\u00e9sumer les post it avec 7 items<\/strong> :<\/span><\/span><\/p>\n<p><span style=\"font-family: Times New Roman,serif;\"><span style=\"font-size: medium;\">1) modes doux et qualit\u00e9 de service<\/span><\/span><\/p>\n<p><span style=\"font-family: Times New Roman,serif;\"><span style=\"font-size: medium;\">2) encombrement mobilit\u00e9s et 3\u00e8me ligne<\/span><\/span><\/p>\n<p><span style=\"font-family: Times New Roman,serif;\"><span style=\"font-size: medium;\">3) 3\u00e8me ligne et fabrication de la ville<\/span><\/span><\/p>\n<p><span style=\"font-family: Times New Roman,serif;\"><span style=\"font-size: medium;\">4) attractivit\u00e9 globale de la m\u00e9tropole<\/span><\/span><\/p>\n<p><span style=\"font-family: Times New Roman,serif;\"><span style=\"font-size: medium;\">5) 3\u00e8me\u00a0ligne, M\u00e9tropole et r\u00e9gion Occitane<\/span><\/span><\/p>\n<p><span style=\"font-family: Times New Roman,serif;\"><span style=\"font-size: medium;\">6) co\u00fbt de la 3\u00e8me ligne, calendrier et gouvernance<\/span><\/span><\/p>\n<p><span style=\"font-family: Times New Roman,serif;\"><span style=\"font-size: medium;\">7) impacts environnementaux<\/span><\/span><\/p>\n<p>&#8212;&#8212;&#8212;&#8212;&#8212;&#8212;&#8212;&#8212;<\/p>\n<p><span style=\"font-family: Times New Roman,serif;\"><span style=\"font-size: medium;\">1) un projet de\u00a0coh\u00e9rence est \u00e0 faire pour harmoniser les projets urbains existants et \u00e0 venir. Un outil cartographique pour la r\u00e9flexion\u00a0est n\u00e9cessaire. Par exemple pourquoi ne pas faire passer le m\u00e9tro sur des sites touristiques comme la cit\u00e9 de l\u2019espace qui est 1er site touristique toulousain ?\u00a0 Quel public est vis\u00e9 par le m\u00e9tro : les habitants ? les touristes ?\u00a0Comment est justifi\u00e9 le trac\u00e9 par la C\u00f4te Pav\u00e9e ? \u00a0<\/span><\/span><\/p>\n<p><span style=\"font-family: Times New Roman,serif;\"><span style=\"font-size: medium;\">2) Comment desservir les p\u00e9riph\u00e9ries ?\u00a0<\/span><\/span><\/p>\n<p><span style=\"font-family: Times New Roman,serif;\"><span style=\"font-size: medium;\">3) Comment cr\u00e9er la mixit\u00e9 sociale ? Comment cr\u00e9er l&rsquo;attractivit\u00e9 (commerces, habitats, loisirs, inclusion\u00a0accessible \u00e0 tous, expropriation, densification ). <\/span><\/span><\/p>\n<p><span style=\"font-family: Times New Roman,serif;\"><span style=\"font-size: medium;\">4) Comment g\u00e9rer le maintenant et tout de suite \u00a0: les engorgements, comment ne pas\u00a0ass\u00e9cher les autres investissements avec le co\u00fbt du m\u00e9tro? Am\u00e9liorer les bus, les parcs relais, mobiliser le foncier, am\u00e9liorer les modes doux, les\u00a0pi\u00e9tons. Faire la coh\u00e9rence SMTC \/SNCF<\/span><\/span><\/p>\n<p><span style=\"font-family: Times New Roman,serif;\"><span style=\"font-size: medium;\">5) Enjeux : \u00e9volution\u00a0durable des pratiques de d\u00e9placements, y a t-il un indicateur d\u2019am\u00e9lioration des modes ?<\/span><\/span><\/p>\n<p><span style=\"font-family: Times New Roman,serif;\"><span style=\"font-size: medium;\">6) Le trac\u00e9 de la ligne\u00a0<\/span><\/span><\/p>\n<p><span style=\"font-family: Times New Roman,serif;\"><span style=\"font-size: medium;\">&#8211; desserte de l\u2019a\u00e9roport ?\u00a0<\/span><\/span><\/p>\n<p><span style=\"font-family: Times New Roman,serif;\"><span style=\"font-size: medium;\">&#8211; le nombre de stations ou la longueur \u00e0 privil\u00e9gier ?<\/span><\/span><\/p>\n<p><span style=\"font-family: Times New Roman,serif;\"><span style=\"font-size: medium;\">&#8211; pourquoi la C\u00f4te Pav\u00e9 ?<\/span><\/span><\/p>\n<p><span style=\"font-family: Times New Roman,serif;\"><span style=\"font-size: medium;\">&#8211; prolonger la\u00a0ligne B pour les p\u00f4les \u00e9conomiques et scientifiques ?<\/span><\/span><\/p>\n<p><span style=\"font-family: Times New Roman,serif;\"><span style=\"font-size: medium;\">&#8211; d\u00e9router la Vache\u00a0<\/span><\/span><\/p>\n<p><span style=\"font-family: Times New Roman,serif;\"><span style=\"font-size: medium;\">7) Environnement\u00a0<\/span><\/span><\/p>\n<p><span style=\"font-family: Times New Roman,serif;\"><span style=\"font-size: medium;\">&#8211; bilan qualit\u00e9 de l\u2019air ?<\/span><\/span><\/p>\n<p><span style=\"font-family: Times New Roman,serif;\"><span style=\"font-size: medium;\">&#8211; changement de la fa\u00e7on de travailler ?<\/span><\/span><\/p>\n<p><span style=\"font-family: Times New Roman,serif;\"><span style=\"font-size: medium;\">&#8211; la 3\u00e8me\u00a0ligne a quel impact sur la voiture : augmentation, r\u00e9duction, stabilit\u00e9 ?<\/span><\/span><\/p>\n<p><span style=\"font-family: Times New Roman,serif;\"><span style=\"font-size: medium;\">&#8211; quel impact environnemental dans ce projet ?<\/span><\/span><\/p>\n<p><span style=\"font-family: Times New Roman,serif;\"><span style=\"font-size: medium;\">8 ) les co\u00fbts\u00a0<\/span><\/span><\/p>\n<p><span style=\"font-family: Times New Roman,serif;\"><span style=\"font-size: medium;\">&#8211; y a t-il une innovation financi\u00e8re ?\u00a0<\/span><\/span><\/p>\n<p><span style=\"font-family: Times New Roman,serif;\"><span style=\"font-size: medium;\">&#8211; le co\u00fbt\u00a0impactera t-il le reste du r\u00e9seau ?\u00a0<\/span><\/span><\/p>\n<p><span style=\"font-family: Times New Roman,serif;\"><span style=\"font-size: medium;\">&#8211; y aura t-il une hausse du prix du ticket ?<\/span><\/span><\/p>\n<p><span style=\"font-family: Times New Roman,serif;\"><span style=\"font-size: medium;\">9) l\u2019intermodalit\u00e9 totale : 3\u00e8me ligne et\u00a0Occitanie<\/span><\/span><\/p>\n<p><span style=\"font-family: Times New Roman,serif;\"><span style=\"font-size: medium;\">&#8211; le m\u00e9tro impacte-il les villes comme Narbonne, Foix ou d\u2019autres villes gr\u00e2ce \u00e0 l\u2019intermodalit\u00e9 sur Matabiau.\/ m\u00e9tro\/ RER<\/span><\/span><\/p>\n","protected":false},"excerpt":{"rendered":"<p>Le 12 juillet avait lieu la premi\u00e8re r\u00e9union publique organis\u00e9e par la Commission Nationale du D\u00e9bat Public, sous forme d&rsquo;ateliers. Des adh\u00e9rent-es de l&rsquo; AUTATE y ont particip\u00e9. Voici leurs notes : Suivre le d\u00e9bat\u00a0: -Twitter avec @MetroL3_debat #MetroLigne3Toulouse -Facebook avec DebatPublic.MetroLigne3Toulouse -Il y aura un site : on pourra dialoguer en forum, poser des<\/p>\n<p class=\"more-link\"><a href=\"https:\/\/autate.fr\/site\/quelques-notes-sur-debat-1207-cndp\/\" class=\"themebutton2\">VOIR PLUS<\/a><\/p>\n","protected":false},"author":1,"featured_media":0,"comment_status":"open","ping_status":"open","sticky":false,"template":"","format":"standard","meta":{"footnotes":""},"categories":[4],"tags":[205,173,204,52],"class_list":["post-691","post","type-post","status-publish","format-standard","hentry","category-actualite-association","tag-3eme-ligne-de-etro","tag-cndp","tag-debat","tag-tae"],"yoast_head":"<!-- This site is optimized with the Yoast SEO plugin v27.4 - https:\/\/yoast.com\/product\/yoast-seo-wordpress\/ -->\n<title>Notes sur la journ\u00e9e de travail du 12\/07 avec la CNDP - AUTATE<\/title>\n<meta name=\"robots\" content=\"index, follow, max-snippet:-1, max-image-preview:large, max-video-preview:-1\" \/>\n<link rel=\"canonical\" href=\"https:\/\/autate.fr\/site\/quelques-notes-sur-debat-1207-cndp\/\" \/>\n<meta property=\"og:locale\" content=\"fr_FR\" \/>\n<meta property=\"og:type\" content=\"article\" \/>\n<meta property=\"og:title\" content=\"Notes sur la journ\u00e9e de travail du 12\/07 avec la CNDP - AUTATE\" \/>\n<meta property=\"og:description\" content=\"Le 12 juillet avait lieu la premi\u00e8re r\u00e9union publique organis\u00e9e par la Commission Nationale du D\u00e9bat Public, sous forme d&rsquo;ateliers. Des adh\u00e9rent-es de l&rsquo; AUTATE y ont particip\u00e9. Voici leurs notes : Suivre le d\u00e9bat\u00a0: -Twitter avec @MetroL3_debat #MetroLigne3Toulouse -Facebook avec DebatPublic.MetroLigne3Toulouse -Il y aura un site : on pourra dialoguer en forum, poser desVOIR PLUS\" \/>\n<meta property=\"og:url\" content=\"https:\/\/autate.fr\/site\/quelques-notes-sur-debat-1207-cndp\/\" \/>\n<meta property=\"og:site_name\" content=\"AUTATE\" \/>\n<meta property=\"article:publisher\" content=\"https:\/\/www.facebook.com\/AutateToulouse\" \/>\n<meta property=\"article:published_time\" content=\"2016-07-14T09:42:02+00:00\" \/>\n<meta property=\"article:modified_time\" content=\"2016-07-14T09:54:20+00:00\" \/>\n<meta name=\"author\" content=\"pascalbarbier\" \/>\n<meta name=\"twitter:card\" content=\"summary_large_image\" \/>\n<meta name=\"twitter:creator\" content=\"@AutateToulouse\" \/>\n<meta name=\"twitter:site\" content=\"@AutateToulouse\" \/>\n<meta name=\"twitter:label1\" content=\"\u00c9crit par\" \/>\n\t<meta name=\"twitter:data1\" content=\"pascalbarbier\" \/>\n\t<meta name=\"twitter:label2\" content=\"Dur\u00e9e de lecture estim\u00e9e\" \/>\n\t<meta name=\"twitter:data2\" content=\"3 minutes\" \/>\n<script type=\"application\/ld+json\" class=\"yoast-schema-graph\">{\"@context\":\"https:\\\/\\\/schema.org\",\"@graph\":[{\"@type\":\"Article\",\"@id\":\"https:\\\/\\\/autate.fr\\\/site\\\/quelques-notes-sur-debat-1207-cndp\\\/#article\",\"isPartOf\":{\"@id\":\"https:\\\/\\\/autate.fr\\\/site\\\/quelques-notes-sur-debat-1207-cndp\\\/\"},\"author\":{\"name\":\"pascalbarbier\",\"@id\":\"https:\\\/\\\/autate.fr\\\/site\\\/#\\\/schema\\\/person\\\/ae1ab8bdaa7b41d2a9b52d2557ce8254\"},\"headline\":\"Notes sur la journ\u00e9e de travail du 12\\\/07 avec la CNDP\",\"datePublished\":\"2016-07-14T09:42:02+00:00\",\"dateModified\":\"2016-07-14T09:54:20+00:00\",\"mainEntityOfPage\":{\"@id\":\"https:\\\/\\\/autate.fr\\\/site\\\/quelques-notes-sur-debat-1207-cndp\\\/\"},\"wordCount\":668,\"commentCount\":1,\"publisher\":{\"@id\":\"https:\\\/\\\/autate.fr\\\/site\\\/#organization\"},\"keywords\":[\"3\u00e8me ligne de \u00e9tro\",\"CNDP\",\"d\u00e9bat\",\"TAE\"],\"articleSection\":[\"Actualit\u00e9s-AUTATE\"],\"inLanguage\":\"fr-FR\",\"potentialAction\":[{\"@type\":\"CommentAction\",\"name\":\"Comment\",\"target\":[\"https:\\\/\\\/autate.fr\\\/site\\\/quelques-notes-sur-debat-1207-cndp\\\/#respond\"]}]},{\"@type\":\"WebPage\",\"@id\":\"https:\\\/\\\/autate.fr\\\/site\\\/quelques-notes-sur-debat-1207-cndp\\\/\",\"url\":\"https:\\\/\\\/autate.fr\\\/site\\\/quelques-notes-sur-debat-1207-cndp\\\/\",\"name\":\"Notes sur la journ\u00e9e de travail du 12\\\/07 avec la CNDP - AUTATE\",\"isPartOf\":{\"@id\":\"https:\\\/\\\/autate.fr\\\/site\\\/#website\"},\"datePublished\":\"2016-07-14T09:42:02+00:00\",\"dateModified\":\"2016-07-14T09:54:20+00:00\",\"breadcrumb\":{\"@id\":\"https:\\\/\\\/autate.fr\\\/site\\\/quelques-notes-sur-debat-1207-cndp\\\/#breadcrumb\"},\"inLanguage\":\"fr-FR\",\"potentialAction\":[{\"@type\":\"ReadAction\",\"target\":[\"https:\\\/\\\/autate.fr\\\/site\\\/quelques-notes-sur-debat-1207-cndp\\\/\"]}]},{\"@type\":\"BreadcrumbList\",\"@id\":\"https:\\\/\\\/autate.fr\\\/site\\\/quelques-notes-sur-debat-1207-cndp\\\/#breadcrumb\",\"itemListElement\":[{\"@type\":\"ListItem\",\"position\":1,\"name\":\"Accueil\",\"item\":\"https:\\\/\\\/autate.fr\\\/site\\\/\"},{\"@type\":\"ListItem\",\"position\":2,\"name\":\"Notes sur la journ\u00e9e de travail du 12\\\/07 avec la CNDP\"}]},{\"@type\":\"WebSite\",\"@id\":\"https:\\\/\\\/autate.fr\\\/site\\\/#website\",\"url\":\"https:\\\/\\\/autate.fr\\\/site\\\/\",\"name\":\"AUTATE\",\"description\":\"Association des usagers des transports de l&#039;agglom\u00e9ration Toulousaine et de ses environs\",\"publisher\":{\"@id\":\"https:\\\/\\\/autate.fr\\\/site\\\/#organization\"},\"potentialAction\":[{\"@type\":\"SearchAction\",\"target\":{\"@type\":\"EntryPoint\",\"urlTemplate\":\"https:\\\/\\\/autate.fr\\\/site\\\/?s={search_term_string}\"},\"query-input\":{\"@type\":\"PropertyValueSpecification\",\"valueRequired\":true,\"valueName\":\"search_term_string\"}}],\"inLanguage\":\"fr-FR\"},{\"@type\":\"Organization\",\"@id\":\"https:\\\/\\\/autate.fr\\\/site\\\/#organization\",\"name\":\"AUTATE\",\"url\":\"https:\\\/\\\/autate.fr\\\/site\\\/\",\"logo\":{\"@type\":\"ImageObject\",\"inLanguage\":\"fr-FR\",\"@id\":\"https:\\\/\\\/autate.fr\\\/site\\\/#\\\/schema\\\/logo\\\/image\\\/\",\"url\":\"http:\\\/\\\/autate.fr\\\/site\\\/wp-content\\\/uploads\\\/2019\\\/01\\\/logo.png\",\"contentUrl\":\"http:\\\/\\\/autate.fr\\\/site\\\/wp-content\\\/uploads\\\/2019\\\/01\\\/logo.png\",\"width\":506,\"height\":280,\"caption\":\"AUTATE\"},\"image\":{\"@id\":\"https:\\\/\\\/autate.fr\\\/site\\\/#\\\/schema\\\/logo\\\/image\\\/\"},\"sameAs\":[\"https:\\\/\\\/www.facebook.com\\\/AutateToulouse\",\"https:\\\/\\\/x.com\\\/AutateToulouse\"]},{\"@type\":\"Person\",\"@id\":\"https:\\\/\\\/autate.fr\\\/site\\\/#\\\/schema\\\/person\\\/ae1ab8bdaa7b41d2a9b52d2557ce8254\",\"name\":\"pascalbarbier\",\"image\":{\"@type\":\"ImageObject\",\"inLanguage\":\"fr-FR\",\"@id\":\"https:\\\/\\\/secure.gravatar.com\\\/avatar\\\/03f4e8ced09894b72c67e83142540730d4b3bbf619bf46341b0074e3bf5f08a0?s=96&d=mm&r=g\",\"url\":\"https:\\\/\\\/secure.gravatar.com\\\/avatar\\\/03f4e8ced09894b72c67e83142540730d4b3bbf619bf46341b0074e3bf5f08a0?s=96&d=mm&r=g\",\"contentUrl\":\"https:\\\/\\\/secure.gravatar.com\\\/avatar\\\/03f4e8ced09894b72c67e83142540730d4b3bbf619bf46341b0074e3bf5f08a0?s=96&d=mm&r=g\",\"caption\":\"pascalbarbier\"},\"url\":\"https:\\\/\\\/autate.fr\\\/site\\\/author\\\/pascalbarbier\\\/\"}]}<\/script>\n<!-- \/ Yoast SEO plugin. -->","yoast_head_json":{"title":"Notes sur la journ\u00e9e de travail du 12\/07 avec la CNDP - AUTATE","robots":{"index":"index","follow":"follow","max-snippet":"max-snippet:-1","max-image-preview":"max-image-preview:large","max-video-preview":"max-video-preview:-1"},"canonical":"https:\/\/autate.fr\/site\/quelques-notes-sur-debat-1207-cndp\/","og_locale":"fr_FR","og_type":"article","og_title":"Notes sur la journ\u00e9e de travail du 12\/07 avec la CNDP - AUTATE","og_description":"Le 12 juillet avait lieu la premi\u00e8re r\u00e9union publique organis\u00e9e par la Commission Nationale du D\u00e9bat Public, sous forme d&rsquo;ateliers. Des adh\u00e9rent-es de l&rsquo; AUTATE y ont particip\u00e9. Voici leurs notes : Suivre le d\u00e9bat\u00a0: -Twitter avec @MetroL3_debat #MetroLigne3Toulouse -Facebook avec DebatPublic.MetroLigne3Toulouse -Il y aura un site : on pourra dialoguer en forum, poser desVOIR PLUS","og_url":"https:\/\/autate.fr\/site\/quelques-notes-sur-debat-1207-cndp\/","og_site_name":"AUTATE","article_publisher":"https:\/\/www.facebook.com\/AutateToulouse","article_published_time":"2016-07-14T09:42:02+00:00","article_modified_time":"2016-07-14T09:54:20+00:00","author":"pascalbarbier","twitter_card":"summary_large_image","twitter_creator":"@AutateToulouse","twitter_site":"@AutateToulouse","twitter_misc":{"\u00c9crit par":"pascalbarbier","Dur\u00e9e de lecture estim\u00e9e":"3 minutes"},"schema":{"@context":"https:\/\/schema.org","@graph":[{"@type":"Article","@id":"https:\/\/autate.fr\/site\/quelques-notes-sur-debat-1207-cndp\/#article","isPartOf":{"@id":"https:\/\/autate.fr\/site\/quelques-notes-sur-debat-1207-cndp\/"},"author":{"name":"pascalbarbier","@id":"https:\/\/autate.fr\/site\/#\/schema\/person\/ae1ab8bdaa7b41d2a9b52d2557ce8254"},"headline":"Notes sur la journ\u00e9e de travail du 12\/07 avec la CNDP","datePublished":"2016-07-14T09:42:02+00:00","dateModified":"2016-07-14T09:54:20+00:00","mainEntityOfPage":{"@id":"https:\/\/autate.fr\/site\/quelques-notes-sur-debat-1207-cndp\/"},"wordCount":668,"commentCount":1,"publisher":{"@id":"https:\/\/autate.fr\/site\/#organization"},"keywords":["3\u00e8me ligne de \u00e9tro","CNDP","d\u00e9bat","TAE"],"articleSection":["Actualit\u00e9s-AUTATE"],"inLanguage":"fr-FR","potentialAction":[{"@type":"CommentAction","name":"Comment","target":["https:\/\/autate.fr\/site\/quelques-notes-sur-debat-1207-cndp\/#respond"]}]},{"@type":"WebPage","@id":"https:\/\/autate.fr\/site\/quelques-notes-sur-debat-1207-cndp\/","url":"https:\/\/autate.fr\/site\/quelques-notes-sur-debat-1207-cndp\/","name":"Notes sur la journ\u00e9e de travail du 12\/07 avec la CNDP - AUTATE","isPartOf":{"@id":"https:\/\/autate.fr\/site\/#website"},"datePublished":"2016-07-14T09:42:02+00:00","dateModified":"2016-07-14T09:54:20+00:00","breadcrumb":{"@id":"https:\/\/autate.fr\/site\/quelques-notes-sur-debat-1207-cndp\/#breadcrumb"},"inLanguage":"fr-FR","potentialAction":[{"@type":"ReadAction","target":["https:\/\/autate.fr\/site\/quelques-notes-sur-debat-1207-cndp\/"]}]},{"@type":"BreadcrumbList","@id":"https:\/\/autate.fr\/site\/quelques-notes-sur-debat-1207-cndp\/#breadcrumb","itemListElement":[{"@type":"ListItem","position":1,"name":"Accueil","item":"https:\/\/autate.fr\/site\/"},{"@type":"ListItem","position":2,"name":"Notes sur la journ\u00e9e de travail du 12\/07 avec la CNDP"}]},{"@type":"WebSite","@id":"https:\/\/autate.fr\/site\/#website","url":"https:\/\/autate.fr\/site\/","name":"AUTATE","description":"Association des usagers des transports de l&#039;agglom\u00e9ration Toulousaine et de ses environs","publisher":{"@id":"https:\/\/autate.fr\/site\/#organization"},"potentialAction":[{"@type":"SearchAction","target":{"@type":"EntryPoint","urlTemplate":"https:\/\/autate.fr\/site\/?s={search_term_string}"},"query-input":{"@type":"PropertyValueSpecification","valueRequired":true,"valueName":"search_term_string"}}],"inLanguage":"fr-FR"},{"@type":"Organization","@id":"https:\/\/autate.fr\/site\/#organization","name":"AUTATE","url":"https:\/\/autate.fr\/site\/","logo":{"@type":"ImageObject","inLanguage":"fr-FR","@id":"https:\/\/autate.fr\/site\/#\/schema\/logo\/image\/","url":"http:\/\/autate.fr\/site\/wp-content\/uploads\/2019\/01\/logo.png","contentUrl":"http:\/\/autate.fr\/site\/wp-content\/uploads\/2019\/01\/logo.png","width":506,"height":280,"caption":"AUTATE"},"image":{"@id":"https:\/\/autate.fr\/site\/#\/schema\/logo\/image\/"},"sameAs":["https:\/\/www.facebook.com\/AutateToulouse","https:\/\/x.com\/AutateToulouse"]},{"@type":"Person","@id":"https:\/\/autate.fr\/site\/#\/schema\/person\/ae1ab8bdaa7b41d2a9b52d2557ce8254","name":"pascalbarbier","image":{"@type":"ImageObject","inLanguage":"fr-FR","@id":"https:\/\/secure.gravatar.com\/avatar\/03f4e8ced09894b72c67e83142540730d4b3bbf619bf46341b0074e3bf5f08a0?s=96&d=mm&r=g","url":"https:\/\/secure.gravatar.com\/avatar\/03f4e8ced09894b72c67e83142540730d4b3bbf619bf46341b0074e3bf5f08a0?s=96&d=mm&r=g","contentUrl":"https:\/\/secure.gravatar.com\/avatar\/03f4e8ced09894b72c67e83142540730d4b3bbf619bf46341b0074e3bf5f08a0?s=96&d=mm&r=g","caption":"pascalbarbier"},"url":"https:\/\/autate.fr\/site\/author\/pascalbarbier\/"}]}},"_links":{"self":[{"href":"https:\/\/autate.fr\/site\/wp-json\/wp\/v2\/posts\/691","targetHints":{"allow":["GET"]}}],"collection":[{"href":"https:\/\/autate.fr\/site\/wp-json\/wp\/v2\/posts"}],"about":[{"href":"https:\/\/autate.fr\/site\/wp-json\/wp\/v2\/types\/post"}],"author":[{"embeddable":true,"href":"https:\/\/autate.fr\/site\/wp-json\/wp\/v2\/users\/1"}],"replies":[{"embeddable":true,"href":"https:\/\/autate.fr\/site\/wp-json\/wp\/v2\/comments?post=691"}],"version-history":[{"count":4,"href":"https:\/\/autate.fr\/site\/wp-json\/wp\/v2\/posts\/691\/revisions"}],"predecessor-version":[{"id":696,"href":"https:\/\/autate.fr\/site\/wp-json\/wp\/v2\/posts\/691\/revisions\/696"}],"wp:attachment":[{"href":"https:\/\/autate.fr\/site\/wp-json\/wp\/v2\/media?parent=691"}],"wp:term":[{"taxonomy":"category","embeddable":true,"href":"https:\/\/autate.fr\/site\/wp-json\/wp\/v2\/categories?post=691"},{"taxonomy":"post_tag","embeddable":true,"href":"https:\/\/autate.fr\/site\/wp-json\/wp\/v2\/tags?post=691"}],"curies":[{"name":"wp","href":"https:\/\/api.w.org\/{rel}","templated":true}]}}