{"id":68,"date":"2015-12-03T23:56:45","date_gmt":"2015-12-03T22:56:45","guid":{"rendered":"http:\/\/autate.fr\/site\/?p=68"},"modified":"2015-12-26T15:09:51","modified_gmt":"2015-12-26T14:09:51","slug":"la-depeche-la-ligne-b-prolongee-en-chiffres","status":"publish","type":"post","link":"https:\/\/autate.fr\/site\/la-depeche-la-ligne-b-prolongee-en-chiffres\/","title":{"rendered":"[La D\u00e9p\u00eache] La ligne B prolong\u00e9e en chiffres"},"content":{"rendered":"<p>Le prolongement de la ligne B (PLB), c&rsquo;est 5 km suppl\u00e9mentaires et 5 stations nouvelles \u00e0 partir du terminus actuel de Ramonville pour relier le terminus futur de Lab\u00e8ge, \u00e0 l&rsquo;horizon 2021 ou 2022.<\/p>\n<p>L&rsquo;essentiel du parcours est pr\u00e9vu en viaduc a\u00e9rien (4,6 km) pour 400 m seulement en souterrain,<\/p>\n<p>ceci afin de r\u00e9duire le co\u00fbt du projet (362 M\u20ac, financ\u00e9s par Tiss\u00e9o et Sicoval \u00e0 parts \u00e9gales (141 M\u20ac), par le Conseil d\u00e9partemental (80 M\u20ac), l&rsquo;\u00e9tat (20,50 M\u20ac), la R\u00e9gion (10 M\u20ac), l&#8217;emprunt (74,50 M\u20ac), des ventes de terrains (26 M\u20ac), et un reversement du Versement Transport pay\u00e9 par les entreprises sur le territoire du Sicoval (10 M\u20ac). S&rsquo;ajoutent les frais de ma\u00eetrise d&rsquo;ouvrage que Tiss\u00e9o s&rsquo;\u00e9tait engag\u00e9 \u00e0 payer (11 M\u20ac).<\/p>\n<p>Jacques Oberti, pr\u00e9sident du Sicoval a pr\u00e9cis\u00e9 hier que ce co\u00fbt devait \u00eatre actualis\u00e9 \u00e0 363,35 M\u20ac en raison du retard pris sur le calendrier initial.<\/p>\n<p>15 M\u20ac ont d\u00e9j\u00e0 \u00e9t\u00e9 engag\u00e9s et d\u00e9pens\u00e9s en \u00e9tudes pr\u00e9liminaires (ma\u00eetrise d&rsquo;ouvrage, campagne g\u00e9ologique et fouilles arch\u00e9ologiques) et pour la r\u00e9alisation du prototype de viaduc montr\u00e9 et inaugur\u00e9 hier au Sicoval (sa r\u00e9alisation a co\u00fbt\u00e9 90 000 \u20ac), qui pr\u00e9figure la r\u00e9alisation des 10 km de corniches (garde-corps du futur viaduc) et des 4 500 portiques m\u00e9talliques (\u00e9vacuation voyageurs) n\u00e9cessaires \u00e0 la r\u00e9alisation du PLB.<\/p>\n<p>La vitesse commerciale du m\u00e9tro Val (Siemens) utilis\u00e9 pour la ligne B actuelle, sera de 36 km\/h,<\/p>\n<p>la fr\u00e9quence de 3 minutes 30 en heure de pointe (une rame sur 3 rejoindra Lab\u00e8ge, les 2 autres s&rsquo;arr\u00eatant \u00e0 Ramonville).<\/p>\n<p>Fr\u00e9quentation estim\u00e9e : 35 000 \u00e0 38 000 voyageurs\/jour pour un bassin de vie et d&#8217;emplois desservi de plus de 50 000 personnes.<\/p>\n<p>Le pr\u00e9fet a jusqu&rsquo;au 7 mars pour d\u00e9clarer le PLB d&rsquo;utilit\u00e9 publique.<\/p>\n<p>photo DDM. <a href=\"http:\/\/www.ladepeche.fr\/article\/2015\/12\/03\/2229990-la-ligne-b-prolongee-en-chiffres.html\">Voir l&rsquo;article sur le site DDM<\/a><\/p>\n","protected":false},"excerpt":{"rendered":"<p>Le prolongement de la ligne B (PLB), c&rsquo;est 5 km suppl\u00e9mentaires et 5 stations nouvelles \u00e0 partir du terminus actuel de Ramonville pour relier le terminus futur de Lab\u00e8ge, \u00e0 l&rsquo;horizon 2021 ou 2022. L&rsquo;essentiel du parcours est pr\u00e9vu en viaduc a\u00e9rien (4,6 km) pour 400 m seulement en souterrain, ceci afin de r\u00e9duire le<\/p>\n<p class=\"more-link\"><a href=\"https:\/\/autate.fr\/site\/la-depeche-la-ligne-b-prolongee-en-chiffres\/\" class=\"themebutton2\">VOIR PLUS<\/a><\/p>\n","protected":false},"author":1,"featured_media":69,"comment_status":"open","ping_status":"open","sticky":false,"template":"","format":"standard","meta":{"footnotes":""},"categories":[7],"tags":[22,18,12,17,23],"class_list":["post-68","post","type-post","status-publish","format-standard","has-post-thumbnail","hentry","category-revue-de-presse","tag-labege","tag-ligne-b","tag-metro","tag-plb","tag-sicoval"],"yoast_head":"<!-- This site is optimized with the Yoast SEO plugin v27.4 - https:\/\/yoast.com\/product\/yoast-seo-wordpress\/ -->\n<title>[La D\u00e9p\u00eache] La ligne B prolong\u00e9e en chiffres - AUTATE<\/title>\n<meta name=\"robots\" content=\"index, follow, max-snippet:-1, max-image-preview:large, max-video-preview:-1\" \/>\n<link rel=\"canonical\" href=\"https:\/\/autate.fr\/site\/la-depeche-la-ligne-b-prolongee-en-chiffres\/\" \/>\n<meta property=\"og:locale\" content=\"fr_FR\" \/>\n<meta property=\"og:type\" content=\"article\" \/>\n<meta property=\"og:title\" content=\"[La D\u00e9p\u00eache] La ligne B prolong\u00e9e en chiffres - AUTATE\" \/>\n<meta property=\"og:description\" content=\"Le prolongement de la ligne B (PLB), c&rsquo;est 5 km suppl\u00e9mentaires et 5 stations nouvelles \u00e0 partir du terminus actuel de Ramonville pour relier le terminus futur de Lab\u00e8ge, \u00e0 l&rsquo;horizon 2021 ou 2022. L&rsquo;essentiel du parcours est pr\u00e9vu en viaduc a\u00e9rien (4,6 km) pour 400 m seulement en souterrain, ceci afin de r\u00e9duire leVOIR PLUS\" \/>\n<meta property=\"og:url\" content=\"https:\/\/autate.fr\/site\/la-depeche-la-ligne-b-prolongee-en-chiffres\/\" \/>\n<meta property=\"og:site_name\" content=\"AUTATE\" \/>\n<meta property=\"article:publisher\" content=\"https:\/\/www.facebook.com\/AutateToulouse\" \/>\n<meta property=\"article:published_time\" content=\"2015-12-03T22:56:45+00:00\" \/>\n<meta property=\"article:modified_time\" content=\"2015-12-26T14:09:51+00:00\" \/>\n<meta property=\"og:image\" content=\"https:\/\/autate.fr\/site\/wp-content\/uploads\/2015\/12\/m\u00e9troValDDM.jpg\" \/>\n\t<meta property=\"og:image:width\" content=\"504\" \/>\n\t<meta property=\"og:image:height\" content=\"604\" \/>\n\t<meta property=\"og:image:type\" content=\"image\/jpeg\" \/>\n<meta name=\"author\" content=\"pascalbarbier\" \/>\n<meta name=\"twitter:card\" content=\"summary_large_image\" \/>\n<meta name=\"twitter:creator\" content=\"@AutateToulouse\" \/>\n<meta name=\"twitter:site\" content=\"@AutateToulouse\" \/>\n<meta name=\"twitter:label1\" content=\"\u00c9crit par\" \/>\n\t<meta name=\"twitter:data1\" content=\"pascalbarbier\" \/>\n\t<meta name=\"twitter:label2\" content=\"Dur\u00e9e de lecture estim\u00e9e\" \/>\n\t<meta name=\"twitter:data2\" content=\"1 minute\" \/>\n<script type=\"application\/ld+json\" class=\"yoast-schema-graph\">{\"@context\":\"https:\\\/\\\/schema.org\",\"@graph\":[{\"@type\":\"Article\",\"@id\":\"https:\\\/\\\/autate.fr\\\/site\\\/la-depeche-la-ligne-b-prolongee-en-chiffres\\\/#article\",\"isPartOf\":{\"@id\":\"https:\\\/\\\/autate.fr\\\/site\\\/la-depeche-la-ligne-b-prolongee-en-chiffres\\\/\"},\"author\":{\"name\":\"pascalbarbier\",\"@id\":\"https:\\\/\\\/autate.fr\\\/site\\\/#\\\/schema\\\/person\\\/ae1ab8bdaa7b41d2a9b52d2557ce8254\"},\"headline\":\"[La D\u00e9p\u00eache] La ligne B prolong\u00e9e en chiffres\",\"datePublished\":\"2015-12-03T22:56:45+00:00\",\"dateModified\":\"2015-12-26T14:09:51+00:00\",\"mainEntityOfPage\":{\"@id\":\"https:\\\/\\\/autate.fr\\\/site\\\/la-depeche-la-ligne-b-prolongee-en-chiffres\\\/\"},\"wordCount\":307,\"commentCount\":0,\"publisher\":{\"@id\":\"https:\\\/\\\/autate.fr\\\/site\\\/#organization\"},\"image\":{\"@id\":\"https:\\\/\\\/autate.fr\\\/site\\\/la-depeche-la-ligne-b-prolongee-en-chiffres\\\/#primaryimage\"},\"thumbnailUrl\":\"https:\\\/\\\/autate.fr\\\/site\\\/wp-content\\\/uploads\\\/2015\\\/12\\\/m\u00e9troValDDM.jpg\",\"keywords\":[\"Lab\u00e8ge\",\"ligne B\",\"m\u00e9tro\",\"PLB\",\"Sicoval\"],\"articleSection\":[\"Revue de presse\"],\"inLanguage\":\"fr-FR\",\"potentialAction\":[{\"@type\":\"CommentAction\",\"name\":\"Comment\",\"target\":[\"https:\\\/\\\/autate.fr\\\/site\\\/la-depeche-la-ligne-b-prolongee-en-chiffres\\\/#respond\"]}]},{\"@type\":\"WebPage\",\"@id\":\"https:\\\/\\\/autate.fr\\\/site\\\/la-depeche-la-ligne-b-prolongee-en-chiffres\\\/\",\"url\":\"https:\\\/\\\/autate.fr\\\/site\\\/la-depeche-la-ligne-b-prolongee-en-chiffres\\\/\",\"name\":\"[La D\u00e9p\u00eache] La ligne B prolong\u00e9e en chiffres - AUTATE\",\"isPartOf\":{\"@id\":\"https:\\\/\\\/autate.fr\\\/site\\\/#website\"},\"primaryImageOfPage\":{\"@id\":\"https:\\\/\\\/autate.fr\\\/site\\\/la-depeche-la-ligne-b-prolongee-en-chiffres\\\/#primaryimage\"},\"image\":{\"@id\":\"https:\\\/\\\/autate.fr\\\/site\\\/la-depeche-la-ligne-b-prolongee-en-chiffres\\\/#primaryimage\"},\"thumbnailUrl\":\"https:\\\/\\\/autate.fr\\\/site\\\/wp-content\\\/uploads\\\/2015\\\/12\\\/m\u00e9troValDDM.jpg\",\"datePublished\":\"2015-12-03T22:56:45+00:00\",\"dateModified\":\"2015-12-26T14:09:51+00:00\",\"breadcrumb\":{\"@id\":\"https:\\\/\\\/autate.fr\\\/site\\\/la-depeche-la-ligne-b-prolongee-en-chiffres\\\/#breadcrumb\"},\"inLanguage\":\"fr-FR\",\"potentialAction\":[{\"@type\":\"ReadAction\",\"target\":[\"https:\\\/\\\/autate.fr\\\/site\\\/la-depeche-la-ligne-b-prolongee-en-chiffres\\\/\"]}]},{\"@type\":\"ImageObject\",\"inLanguage\":\"fr-FR\",\"@id\":\"https:\\\/\\\/autate.fr\\\/site\\\/la-depeche-la-ligne-b-prolongee-en-chiffres\\\/#primaryimage\",\"url\":\"https:\\\/\\\/autate.fr\\\/site\\\/wp-content\\\/uploads\\\/2015\\\/12\\\/m\u00e9troValDDM.jpg\",\"contentUrl\":\"https:\\\/\\\/autate.fr\\\/site\\\/wp-content\\\/uploads\\\/2015\\\/12\\\/m\u00e9troValDDM.jpg\",\"width\":504,\"height\":604,\"caption\":\"DDM DAVID BECUS - METRO AERIEN DE TOULOUSE ILLUSTRATION RAME\"},{\"@type\":\"BreadcrumbList\",\"@id\":\"https:\\\/\\\/autate.fr\\\/site\\\/la-depeche-la-ligne-b-prolongee-en-chiffres\\\/#breadcrumb\",\"itemListElement\":[{\"@type\":\"ListItem\",\"position\":1,\"name\":\"Accueil\",\"item\":\"https:\\\/\\\/autate.fr\\\/site\\\/\"},{\"@type\":\"ListItem\",\"position\":2,\"name\":\"[La D\u00e9p\u00eache] La ligne B prolong\u00e9e en chiffres\"}]},{\"@type\":\"WebSite\",\"@id\":\"https:\\\/\\\/autate.fr\\\/site\\\/#website\",\"url\":\"https:\\\/\\\/autate.fr\\\/site\\\/\",\"name\":\"AUTATE\",\"description\":\"Association des usagers des transports de l&#039;agglom\u00e9ration Toulousaine et de ses environs\",\"publisher\":{\"@id\":\"https:\\\/\\\/autate.fr\\\/site\\\/#organization\"},\"potentialAction\":[{\"@type\":\"SearchAction\",\"target\":{\"@type\":\"EntryPoint\",\"urlTemplate\":\"https:\\\/\\\/autate.fr\\\/site\\\/?s={search_term_string}\"},\"query-input\":{\"@type\":\"PropertyValueSpecification\",\"valueRequired\":true,\"valueName\":\"search_term_string\"}}],\"inLanguage\":\"fr-FR\"},{\"@type\":\"Organization\",\"@id\":\"https:\\\/\\\/autate.fr\\\/site\\\/#organization\",\"name\":\"AUTATE\",\"url\":\"https:\\\/\\\/autate.fr\\\/site\\\/\",\"logo\":{\"@type\":\"ImageObject\",\"inLanguage\":\"fr-FR\",\"@id\":\"https:\\\/\\\/autate.fr\\\/site\\\/#\\\/schema\\\/logo\\\/image\\\/\",\"url\":\"http:\\\/\\\/autate.fr\\\/site\\\/wp-content\\\/uploads\\\/2019\\\/01\\\/logo.png\",\"contentUrl\":\"http:\\\/\\\/autate.fr\\\/site\\\/wp-content\\\/uploads\\\/2019\\\/01\\\/logo.png\",\"width\":506,\"height\":280,\"caption\":\"AUTATE\"},\"image\":{\"@id\":\"https:\\\/\\\/autate.fr\\\/site\\\/#\\\/schema\\\/logo\\\/image\\\/\"},\"sameAs\":[\"https:\\\/\\\/www.facebook.com\\\/AutateToulouse\",\"https:\\\/\\\/x.com\\\/AutateToulouse\"]},{\"@type\":\"Person\",\"@id\":\"https:\\\/\\\/autate.fr\\\/site\\\/#\\\/schema\\\/person\\\/ae1ab8bdaa7b41d2a9b52d2557ce8254\",\"name\":\"pascalbarbier\",\"image\":{\"@type\":\"ImageObject\",\"inLanguage\":\"fr-FR\",\"@id\":\"https:\\\/\\\/secure.gravatar.com\\\/avatar\\\/03f4e8ced09894b72c67e83142540730d4b3bbf619bf46341b0074e3bf5f08a0?s=96&d=mm&r=g\",\"url\":\"https:\\\/\\\/secure.gravatar.com\\\/avatar\\\/03f4e8ced09894b72c67e83142540730d4b3bbf619bf46341b0074e3bf5f08a0?s=96&d=mm&r=g\",\"contentUrl\":\"https:\\\/\\\/secure.gravatar.com\\\/avatar\\\/03f4e8ced09894b72c67e83142540730d4b3bbf619bf46341b0074e3bf5f08a0?s=96&d=mm&r=g\",\"caption\":\"pascalbarbier\"},\"url\":\"https:\\\/\\\/autate.fr\\\/site\\\/author\\\/pascalbarbier\\\/\"}]}<\/script>\n<!-- \/ Yoast SEO plugin. -->","yoast_head_json":{"title":"[La D\u00e9p\u00eache] La ligne B prolong\u00e9e en chiffres - AUTATE","robots":{"index":"index","follow":"follow","max-snippet":"max-snippet:-1","max-image-preview":"max-image-preview:large","max-video-preview":"max-video-preview:-1"},"canonical":"https:\/\/autate.fr\/site\/la-depeche-la-ligne-b-prolongee-en-chiffres\/","og_locale":"fr_FR","og_type":"article","og_title":"[La D\u00e9p\u00eache] La ligne B prolong\u00e9e en chiffres - AUTATE","og_description":"Le prolongement de la ligne B (PLB), c&rsquo;est 5 km suppl\u00e9mentaires et 5 stations nouvelles \u00e0 partir du terminus actuel de Ramonville pour relier le terminus futur de Lab\u00e8ge, \u00e0 l&rsquo;horizon 2021 ou 2022. L&rsquo;essentiel du parcours est pr\u00e9vu en viaduc a\u00e9rien (4,6 km) pour 400 m seulement en souterrain, ceci afin de r\u00e9duire leVOIR PLUS","og_url":"https:\/\/autate.fr\/site\/la-depeche-la-ligne-b-prolongee-en-chiffres\/","og_site_name":"AUTATE","article_publisher":"https:\/\/www.facebook.com\/AutateToulouse","article_published_time":"2015-12-03T22:56:45+00:00","article_modified_time":"2015-12-26T14:09:51+00:00","og_image":[{"width":504,"height":604,"url":"https:\/\/autate.fr\/site\/wp-content\/uploads\/2015\/12\/m\u00e9troValDDM.jpg","type":"image\/jpeg"}],"author":"pascalbarbier","twitter_card":"summary_large_image","twitter_creator":"@AutateToulouse","twitter_site":"@AutateToulouse","twitter_misc":{"\u00c9crit par":"pascalbarbier","Dur\u00e9e de lecture estim\u00e9e":"1 minute"},"schema":{"@context":"https:\/\/schema.org","@graph":[{"@type":"Article","@id":"https:\/\/autate.fr\/site\/la-depeche-la-ligne-b-prolongee-en-chiffres\/#article","isPartOf":{"@id":"https:\/\/autate.fr\/site\/la-depeche-la-ligne-b-prolongee-en-chiffres\/"},"author":{"name":"pascalbarbier","@id":"https:\/\/autate.fr\/site\/#\/schema\/person\/ae1ab8bdaa7b41d2a9b52d2557ce8254"},"headline":"[La D\u00e9p\u00eache] La ligne B prolong\u00e9e en chiffres","datePublished":"2015-12-03T22:56:45+00:00","dateModified":"2015-12-26T14:09:51+00:00","mainEntityOfPage":{"@id":"https:\/\/autate.fr\/site\/la-depeche-la-ligne-b-prolongee-en-chiffres\/"},"wordCount":307,"commentCount":0,"publisher":{"@id":"https:\/\/autate.fr\/site\/#organization"},"image":{"@id":"https:\/\/autate.fr\/site\/la-depeche-la-ligne-b-prolongee-en-chiffres\/#primaryimage"},"thumbnailUrl":"https:\/\/autate.fr\/site\/wp-content\/uploads\/2015\/12\/m\u00e9troValDDM.jpg","keywords":["Lab\u00e8ge","ligne B","m\u00e9tro","PLB","Sicoval"],"articleSection":["Revue de presse"],"inLanguage":"fr-FR","potentialAction":[{"@type":"CommentAction","name":"Comment","target":["https:\/\/autate.fr\/site\/la-depeche-la-ligne-b-prolongee-en-chiffres\/#respond"]}]},{"@type":"WebPage","@id":"https:\/\/autate.fr\/site\/la-depeche-la-ligne-b-prolongee-en-chiffres\/","url":"https:\/\/autate.fr\/site\/la-depeche-la-ligne-b-prolongee-en-chiffres\/","name":"[La D\u00e9p\u00eache] La ligne B prolong\u00e9e en chiffres - AUTATE","isPartOf":{"@id":"https:\/\/autate.fr\/site\/#website"},"primaryImageOfPage":{"@id":"https:\/\/autate.fr\/site\/la-depeche-la-ligne-b-prolongee-en-chiffres\/#primaryimage"},"image":{"@id":"https:\/\/autate.fr\/site\/la-depeche-la-ligne-b-prolongee-en-chiffres\/#primaryimage"},"thumbnailUrl":"https:\/\/autate.fr\/site\/wp-content\/uploads\/2015\/12\/m\u00e9troValDDM.jpg","datePublished":"2015-12-03T22:56:45+00:00","dateModified":"2015-12-26T14:09:51+00:00","breadcrumb":{"@id":"https:\/\/autate.fr\/site\/la-depeche-la-ligne-b-prolongee-en-chiffres\/#breadcrumb"},"inLanguage":"fr-FR","potentialAction":[{"@type":"ReadAction","target":["https:\/\/autate.fr\/site\/la-depeche-la-ligne-b-prolongee-en-chiffres\/"]}]},{"@type":"ImageObject","inLanguage":"fr-FR","@id":"https:\/\/autate.fr\/site\/la-depeche-la-ligne-b-prolongee-en-chiffres\/#primaryimage","url":"https:\/\/autate.fr\/site\/wp-content\/uploads\/2015\/12\/m\u00e9troValDDM.jpg","contentUrl":"https:\/\/autate.fr\/site\/wp-content\/uploads\/2015\/12\/m\u00e9troValDDM.jpg","width":504,"height":604,"caption":"DDM DAVID BECUS - METRO AERIEN DE TOULOUSE ILLUSTRATION RAME"},{"@type":"BreadcrumbList","@id":"https:\/\/autate.fr\/site\/la-depeche-la-ligne-b-prolongee-en-chiffres\/#breadcrumb","itemListElement":[{"@type":"ListItem","position":1,"name":"Accueil","item":"https:\/\/autate.fr\/site\/"},{"@type":"ListItem","position":2,"name":"[La D\u00e9p\u00eache] La ligne B prolong\u00e9e en chiffres"}]},{"@type":"WebSite","@id":"https:\/\/autate.fr\/site\/#website","url":"https:\/\/autate.fr\/site\/","name":"AUTATE","description":"Association des usagers des transports de l&#039;agglom\u00e9ration Toulousaine et de ses environs","publisher":{"@id":"https:\/\/autate.fr\/site\/#organization"},"potentialAction":[{"@type":"SearchAction","target":{"@type":"EntryPoint","urlTemplate":"https:\/\/autate.fr\/site\/?s={search_term_string}"},"query-input":{"@type":"PropertyValueSpecification","valueRequired":true,"valueName":"search_term_string"}}],"inLanguage":"fr-FR"},{"@type":"Organization","@id":"https:\/\/autate.fr\/site\/#organization","name":"AUTATE","url":"https:\/\/autate.fr\/site\/","logo":{"@type":"ImageObject","inLanguage":"fr-FR","@id":"https:\/\/autate.fr\/site\/#\/schema\/logo\/image\/","url":"http:\/\/autate.fr\/site\/wp-content\/uploads\/2019\/01\/logo.png","contentUrl":"http:\/\/autate.fr\/site\/wp-content\/uploads\/2019\/01\/logo.png","width":506,"height":280,"caption":"AUTATE"},"image":{"@id":"https:\/\/autate.fr\/site\/#\/schema\/logo\/image\/"},"sameAs":["https:\/\/www.facebook.com\/AutateToulouse","https:\/\/x.com\/AutateToulouse"]},{"@type":"Person","@id":"https:\/\/autate.fr\/site\/#\/schema\/person\/ae1ab8bdaa7b41d2a9b52d2557ce8254","name":"pascalbarbier","image":{"@type":"ImageObject","inLanguage":"fr-FR","@id":"https:\/\/secure.gravatar.com\/avatar\/03f4e8ced09894b72c67e83142540730d4b3bbf619bf46341b0074e3bf5f08a0?s=96&d=mm&r=g","url":"https:\/\/secure.gravatar.com\/avatar\/03f4e8ced09894b72c67e83142540730d4b3bbf619bf46341b0074e3bf5f08a0?s=96&d=mm&r=g","contentUrl":"https:\/\/secure.gravatar.com\/avatar\/03f4e8ced09894b72c67e83142540730d4b3bbf619bf46341b0074e3bf5f08a0?s=96&d=mm&r=g","caption":"pascalbarbier"},"url":"https:\/\/autate.fr\/site\/author\/pascalbarbier\/"}]}},"_links":{"self":[{"href":"https:\/\/autate.fr\/site\/wp-json\/wp\/v2\/posts\/68","targetHints":{"allow":["GET"]}}],"collection":[{"href":"https:\/\/autate.fr\/site\/wp-json\/wp\/v2\/posts"}],"about":[{"href":"https:\/\/autate.fr\/site\/wp-json\/wp\/v2\/types\/post"}],"author":[{"embeddable":true,"href":"https:\/\/autate.fr\/site\/wp-json\/wp\/v2\/users\/1"}],"replies":[{"embeddable":true,"href":"https:\/\/autate.fr\/site\/wp-json\/wp\/v2\/comments?post=68"}],"version-history":[{"count":4,"href":"https:\/\/autate.fr\/site\/wp-json\/wp\/v2\/posts\/68\/revisions"}],"predecessor-version":[{"id":121,"href":"https:\/\/autate.fr\/site\/wp-json\/wp\/v2\/posts\/68\/revisions\/121"}],"wp:featuredmedia":[{"embeddable":true,"href":"https:\/\/autate.fr\/site\/wp-json\/wp\/v2\/media\/69"}],"wp:attachment":[{"href":"https:\/\/autate.fr\/site\/wp-json\/wp\/v2\/media?parent=68"}],"wp:term":[{"taxonomy":"category","embeddable":true,"href":"https:\/\/autate.fr\/site\/wp-json\/wp\/v2\/categories?post=68"},{"taxonomy":"post_tag","embeddable":true,"href":"https:\/\/autate.fr\/site\/wp-json\/wp\/v2\/tags?post=68"}],"curies":[{"name":"wp","href":"https:\/\/api.w.org\/{rel}","templated":true}]}}