{"id":671,"date":"2016-07-02T17:12:17","date_gmt":"2016-07-02T15:12:17","guid":{"rendered":"http:\/\/autate.fr\/site\/?p=671"},"modified":"2025-11-21T22:24:37","modified_gmt":"2025-11-21T21:24:37","slug":"contribution-au-projet-mobilites-2025-2030","status":"publish","type":"post","link":"https:\/\/autate.fr\/site\/contribution-au-projet-mobilites-2025-2030\/","title":{"rendered":"Contribution au projet mobilit\u00e9s 2025-2030"},"content":{"rendered":"<p align=\"CENTER\"><span style=\"color: #1c1c1c;\"><span style=\"font-family: Cambria,serif;\"><span style=\"font-size: large;\"><b>Contribution au projet mobilit\u00e9s 2025-2030 <\/b><\/span><\/span><\/span><\/p>\n<p align=\"CENTER\"><b><\/b>(R\u00e9vision du plan de d\u00e9placements urbains)<\/p>\n<p>Contribution de l&rsquo;association des usager-e-s des transports de l\u2019agglom\u00e9ration toulousaine et de ses environs (AUTATE) au projet Mobilit\u00e9 2025-2030 valant r\u00e9vision du Plan de D\u00e9placements Urbains et notamment sur la consultation sur la troisi\u00e8me ligne.<\/p>\n<p><span style=\"color: #1c1c1c;\"><span style=\"font-size: large;\"><b>Constat\u00a0:<\/b><\/span><\/span><\/p>\n<p align=\"JUSTIFY\"><span style=\"color: #1c1c1c;\">Si le 1,1 million d&rsquo; habitant-es de l&rsquo;agglom\u00e9ration sont englu\u00e9-es dans les embouteillages, c&rsquo;est bien parce que 67% des d\u00e9placements se font en voiture. C&rsquo;est le taux le plus \u00e9lev\u00e9 de France (l&rsquo;un des tout premiers d&rsquo;Europe) parmi les grandes villes et pourtant le r\u00e9seau TISSEO est le troisi\u00e8me r\u00e9seau de transport urbain de France. Ce d\u00e9calage s&rsquo;explique par la part tr\u00e8s faible des d\u00e9placements doux (marche et v\u00e9lo). On ne le doit ni au climat ni au relief de l&rsquo;agglom\u00e9ration mais bien \u00e0 son r\u00e9seau routier tr\u00e8s d\u00e9velopp\u00e9 qui favorise l&rsquo;usage de la voiture. Cela va de pair avec un fort \u00e9talement urbain et l&rsquo;installation en p\u00e9riph\u00e9rie de plus en plus \u00e9loign\u00e9e de zones d&rsquo;activit\u00e9s et d&rsquo;habitat.<\/span><\/p>\n<p align=\"JUSTIFY\"><span style=\"color: #1c1c1c;\">La sp\u00e9cialisation des territoires en zones distincts (habitat, commerce, emploi) ainsi que la forte croissance d\u00e9mographique en secteur p\u00e9riurbain induisent des d\u00e9placements de plus en plus nombreux et longs. Ils se font la plupart du temps en voiture, faute de transports en commun ou d&rsquo;infrastructures pour les modes doux (voies pi\u00e9tonnes et pistes cyclables). Ce mod\u00e8le qui favorise la mobilit\u00e9 en voiture en dehors de la ville centre a des cons\u00e9quences sociales, environnementales et sanitaires majeures\u00a0:<\/span><\/p>\n<p align=\"JUSTIFY\"><span style=\"color: #1c1c1c;\">-Embouteillage chronique du p\u00e9riph\u00e9rique et des acc\u00e8s \u00e0 ce dernier.<\/span><\/p>\n<p align=\"JUSTIFY\"><span style=\"color: #1c1c1c;\">-Fatigue et risque d&rsquo;accidents<\/span><\/p>\n<p align=\"JUSTIFY\"><span style=\"color: #1c1c1c;\">-Pollution, notamment pour les populations vivant \u00e0 proximit\u00e9 des voies routi\u00e8res<\/span><\/p>\n<p align=\"JUSTIFY\"><span style=\"color: #1c1c1c;\">-Rejets de GES qui participent aux changements climatiques<\/span><\/p>\n<p align=\"JUSTIFY\"><span style=\"color: #1c1c1c;\">-Gaspillage \u00e9nerg\u00e9tique<\/span><\/p>\n<p align=\"JUSTIFY\"><span style=\"color: #1c1c1c;\">-Risque d&rsquo;isolement et de paup\u00e9risation des personnes ne pouvant de d\u00e9placer en voiture (personnes \u00e2g\u00e9es, population \u00e0 bas revenus, jeunes).<\/span><\/p>\n<p align=\"JUSTIFY\"><span style=\"color: #1c1c1c;\">Ce mod\u00e8le de mobilit\u00e9 doit \u00e9voluer et se mettre en conformit\u00e9 avec les <\/span><span style=\"color: #1c1c1c;\"><b>orientations du SCoT<\/b><\/span><span style=\"color: #1c1c1c;\"> :\u00a0 \u00ab\u00a0Passer de l&rsquo;\u00e9toile \u00e0 la toile\u00a0\u00bbCr\u00e9er un maillage performant en transports collectifs\u00a0: Il s&rsquo;agit de desservir les secteurs \u00e0 enjeux par des modes attractifs, mailler le r\u00e9seau (lignes ferroviaires, correspondances avec les lignes ferroviaires&#8230;)<\/span><\/p>\n<p align=\"JUSTIFY\"><span style=\"color: #1c1c1c;\">-Cr\u00e9er un maillage par des boulevards multimodaux permettant de relier entre elles les polarit\u00e9s proches, de structurer l&rsquo;accueil de l&rsquo;urbanisation, d&rsquo;accueillir les modes alternatifs \u00e0 la voiture<\/span><\/p>\n<p align=\"JUSTIFY\"><span style=\"color: #1c1c1c;\">-Compl\u00e9ter le r\u00e9seau cyclable et am\u00e9nager l&rsquo;espace public pour favoriser l&rsquo;usage des modes doux<\/span><\/p>\n<p align=\"JUSTIFY\"><span style=\"color: #1c1c1c;\">-Poursuivre une politique de stationnement favorable \u00e0 l&rsquo;usage des autres modes, d\u00e9velopper l&rsquo;autopartage.<\/span><\/p>\n<p align=\"JUSTIFY\"><span style=\"color: #1c1c1c;\">-Une politique de l&rsquo;intermodalit\u00e9 avec la cr\u00e9ation de \u00ab\u00a0portes\u00a0\u00bb, o\u00f9 l&rsquo;on laisse sa voiture pour p\u00e9n\u00e9trer dans l&rsquo;agglom\u00e9ration par un autre mode.<i><br \/>\n<\/i><\/span><\/p>\n<p align=\"JUSTIFY\"><span style=\"color: #1c1c1c;\">De m\u00eame, le PDU doit respecter les pr\u00e9conisations relatives \u00e0 la <\/span><span style=\"color: #1c1c1c;\"><b>loi sur l&rsquo;air et l&rsquo;utilisation rationnelle de l&rsquo;\u00e9nergie.<\/b><\/span><\/p>\n<p><span style=\"color: #1c1c1c;\"><span style=\"font-size: large;\"><b>Un vrai bilan chiffr\u00e9\u00a0:<\/b><i><b> <\/b><\/i><\/span><\/span><\/p>\n<p style=\"text-align: justify;\"><span style=\"color: #1c1c1c;\">Nous souhaitons disposer de bilans chiffr\u00e9s sur l\u2019usage des lignes A et B et du tram T1 : <\/span><\/p>\n<p style=\"text-align: justify;\"><span style=\"color: #1c1c1c;\">Comment ont \u00e9volu\u00e9 les parts modales depuis 10, 20 ans\u00a0? Comment ont \u00e9volu\u00e9 les flux de d\u00e9placements\u00a0? Qu\u2019en est-il des r\u00e9sultats des enqu\u00eates \u00ab\u00a0origine\/destination\u00a0\u00bb les plus r\u00e9centes\u00a0? <\/span><\/p>\n<p><span style=\"color: #1c1c1c;\"><span style=\"font-size: large;\"><b>Nos id\u00e9es fortes :<\/b><\/span><\/span><\/p>\n<p>&#8211; r\u00e9duire les temps de parcours des usagers (en particulier inter-banlieues)<br \/>\n&#8211; r\u00e9duire le nombre d&rsquo;automobiles sur l&rsquo;ensemble de l&rsquo;agglom\u00e9ration et en particulier sur la rocade toulousaine<br \/>\n&#8211; d\u00e9velopper un syst\u00e8me de trains urbains et p\u00e9riurbains avec une desserte \u00e0 la \u00bd heure minimum et au \u00bc d&rsquo;heure en heure de pointe en zone dense.<br \/>\n&#8211; acc\u00e9l\u00e9rer les bus en sites propres et d\u00e9velopper les sites propres radiaux et de banlieue \u00e0 banlieue. &#8211; Renforcer et d\u00e9velopper une offre publique de transport attractive autour de Toulouse dans toute l&rsquo;agglom\u00e9ration et au-del\u00e0, dans toute la r\u00e9gion m\u00e9tropolitaine toulousaine.<\/p>\n<p><span style=\"color: #1c1c1c;\"><span style=\"font-size: large;\"><b>Notre point de vue sur la 3\u00e8me ligne :<\/b><\/span><\/span><\/p>\n<p><span style=\"color: #1c1c1c;\">Dans ce contexte, nous nous opposons au projet de la troisi\u00e8me ligne de m\u00e9tro pour les raisons suivantes :<\/span><\/p>\n<ol>\n<li><span style=\"color: #1c1c1c;\">Son parcours :<\/span>\n<ul>\n<li><span style=\"color: #1c1c1c;\">reste dans Toulouse alors que les besoins de d\u00e9placement se trouvent ailleurs : de banlieue \u00e0 banlieue (Muret\/Blagnac par exemple) ou bien de banlieue au centre de Toulouse (Plaisance du Touch\/Toulouse par exemple).<\/span><\/li>\n<li><span style=\"color: #1c1c1c;\">est incoh\u00e9rent par rapport aux lieux de densit\u00e9 de la population et aux flux de d\u00e9placements (C\u00f4te Pav\u00e9e par exemple)<\/span><\/li>\n<li><span style=\"color: #1c1c1c;\">redouble souvent des infrastructures existantes (ligne B, ligne SNCF)<\/span><\/li>\n<li><span style=\"color: #1c1c1c;\">se perd au Nord-Est entre la gare et les Sept-deniers dans un trac\u00e9 ne correspondant \u00e0 aucun besoin<\/span><\/li>\n<\/ul>\n<\/li>\n<li><span style=\"color: #1c1c1c;\">Ses interconnexions\u00a0: <\/span>\n<ul>\n<li><span style=\"color: #1c1c1c;\">le trac\u00e9 conduit la ligne \u00e0 croiser plusieurs fois les lignes existantes (A, B, train,tram) accentuant les ruptures de charge d\u00e9j\u00e0 existantes sur l\u2019agglom\u00e9ration et rendant la logique globale difficile \u00e0 comprendre<\/span><\/li>\n<li><span style=\"color: #1c1c1c;\">il y a un risque d\u2019un usage tr\u00e8s partiel de la ligne pour les usagers les plus \u00ab\u00a0inform\u00e9s\u00a0\u00bb et experts et d\u2019un usage tr\u00e8s mod\u00e9r\u00e9 pour les usagers plus routiniers ou ponctuels, en raison de sa complexit\u00e9 au centre de Toulouse. <\/span><\/li>\n<\/ul>\n<\/li>\n<\/ol>\n<ol start=\"3\">\n<li><span style=\"color: #1c1c1c;\">sa vitesse\u00a0:<\/span>\n<ul>\n<li><span style=\"color: #1c1c1c;\">les temps annonc\u00e9s \u2013 associ\u00e9s au parcours tr\u00e8s sinueux \u2013 sont trop longs pour attirer de nouveaux usagers.<\/span><\/li>\n<li><span style=\"color: #1c1c1c;\">Sur le parcours Gare Matabiau-Lab\u00e8ge, le train ne met que 9 minutes.<\/span><\/li>\n<li><span style=\"color: #1c1c1c;\">De l\u2019autre c\u00f4t\u00e9, le temps parcouru annonc\u00e9 entre la gare Matabiau et le terminus Colomiers Airbus est trop long.<\/span><\/li>\n<\/ul>\n<\/li>\n<li><span style=\"color: #1c1c1c;\">Sa programmation\u00a0:<\/span>\n<ul>\n<li><span style=\"color: #1c1c1c;\">La construction d\u2019un m\u00e9tro est longue et lourde<\/span><\/li>\n<li><span style=\"color: #1c1c1c;\">La mise en service en 2024 (option haute) laissera l\u2019offre dans l\u2019agglom\u00e9ration quasi-constante pendant presque 10 ans pendant lesquels 100\u00a0000 nouveaux habitants seront arriv\u00e9s<\/span><\/li>\n<\/ul>\n<\/li>\n<li><span style=\"color: #1c1c1c;\">Son co\u00fbt<\/span>\n<ul>\n<li><span style=\"color: #1c1c1c;\">Les \u00e9valuations \u00e9voquent de <\/span><span style=\"color: #1c1c1c;\">1,7 \u00e0 2 milliards d\u2019\u20ac, ob\u00e9rant tout autre projet de d\u00e9veloppement de l\u2019offre de transport pendant plus de 20 ans<\/span><\/li>\n<li><span style=\"color: #1c1c1c;\">Le co\u00fbt des 2 premi\u00e8res lignes A &amp; B a pes\u00e9 tr\u00e8s fortement sur le budget de Tisseo<\/span><\/li>\n<li><span style=\"color: #1c1c1c;\">Le financement probablement bas\u00e9 sur un partenariat public-priv\u00e9 nous parait risqu\u00e9 si la fr\u00e9quentation n\u2019est pas \u00e0 la hauteur de l\u2019investissement<\/span><\/li>\n<\/ul>\n<\/li>\n<\/ol>\n<p><span style=\"color: #1c1c1c;\"><span style=\"font-size: large;\"><b>Nos projets alternatifs :<\/b><\/span><\/span><\/p>\n<ul>\n<li><span style=\"color: #1c1c1c;\">s\u2019appuyer sur les 5 lignes de la SNCF qui entrent dans Toulouse : les petites gares, la fr\u00e9quence, les liens gare-r\u00e9seau Tisseo<\/span><\/li>\n<li><span style=\"color: #1c1c1c;\">r\u00e9fl\u00e9chir \u00e0 r\u00e9duire les temps de transport autour de 30 minutes pour Toulouse-banlieue et banlieue-banlieue dans la premi\u00e8re couronne<\/span><\/li>\n<li><span style=\"color: #1c1c1c;\">planifier l\u2019usage de la rocade par des lignes de transport en commun prioritaires<\/span><\/li>\n<li><span style=\"color: #1c1c1c;\">D\u00e9velopper un maillage \u00e9tendu de lignes en site propre (bus et\/ou tram) connect\u00e9es \u00e0 la structure actuelle de modes lourds (TER, Ligne A et B du m\u00e9tro). <\/span><\/li>\n<li><span style=\"color: #1c1c1c;\">Am\u00e9liorer l\u2019accessibilit\u00e9 des transports en commun en modes doux (pistes cyclables vers les gares et stations, stationnements v\u00e9lo \u00e0 proximit\u00e9, ateliers \u00e0 proximit\u00e9 des p\u00f4les d&rsquo;\u00e9changes&#8230;).<\/span><\/li>\n<li><span style=\"color: #1c1c1c;\">restreindre l\u2019usage des voitures individuelles<\/span><\/li>\n<li><span style=\"color: #1c1c1c;\">lancer des exp\u00e9rimentations de gratuit\u00e9 temporaire (par exemple 1 semaine de gratuit\u00e9 des TC pendant la semaine de la mobilit\u00e9, permettant aux possibles usagers de voiture de choisir un jour ou plusieurs pour effectuer leurs trajets)<\/span><\/li>\n<\/ul>\n<ul>\n<li><span style=\"color: #1c1c1c;\">lancer un groupe de travail tr\u00e8s ouvert pour r\u00e9fl\u00e9chir et proposer des solutions autour du p\u00f4le a\u00e9ronautique.<\/span><\/li>\n<\/ul>\n","protected":false},"excerpt":{"rendered":"<p>Contribution au projet mobilit\u00e9s 2025-2030 (R\u00e9vision du plan de d\u00e9placements urbains) Contribution de l&rsquo;association des usager-e-s des transports de l\u2019agglom\u00e9ration toulousaine et de ses environs (AUTATE) au projet Mobilit\u00e9 2025-2030 valant r\u00e9vision du Plan de D\u00e9placements Urbains et notamment sur la consultation sur la troisi\u00e8me ligne. Constat\u00a0: Si le 1,1 million d&rsquo; habitant-es de l&rsquo;agglom\u00e9ration<\/p>\n<p class=\"more-link\"><a href=\"https:\/\/autate.fr\/site\/contribution-au-projet-mobilites-2025-2030\/\" class=\"themebutton2\">VOIR PLUS<\/a><\/p>\n","protected":false},"author":1,"featured_media":0,"comment_status":"open","ping_status":"open","sticky":false,"template":"","format":"standard","meta":{"footnotes":""},"categories":[4,525],"tags":[532,543],"class_list":["post-671","post","type-post","status-publish","format-standard","hentry","category-actualite-association","category-pdm","tag-concertation-enquete","tag-pdm2025-2030"],"yoast_head":"<!-- This site is optimized with the Yoast SEO plugin v27.4 - https:\/\/yoast.com\/product\/yoast-seo-wordpress\/ -->\n<title>Contribution au projet mobilit\u00e9s 2025-2030 - AUTATE<\/title>\n<meta name=\"robots\" content=\"index, follow, max-snippet:-1, max-image-preview:large, max-video-preview:-1\" \/>\n<link rel=\"canonical\" href=\"https:\/\/autate.fr\/site\/contribution-au-projet-mobilites-2025-2030\/\" \/>\n<meta property=\"og:locale\" content=\"fr_FR\" \/>\n<meta property=\"og:type\" content=\"article\" \/>\n<meta property=\"og:title\" content=\"Contribution au projet mobilit\u00e9s 2025-2030 - AUTATE\" \/>\n<meta property=\"og:description\" content=\"Contribution au projet mobilit\u00e9s 2025-2030 (R\u00e9vision du plan de d\u00e9placements urbains) Contribution de l&rsquo;association des usager-e-s des transports de l\u2019agglom\u00e9ration toulousaine et de ses environs (AUTATE) au projet Mobilit\u00e9 2025-2030 valant r\u00e9vision du Plan de D\u00e9placements Urbains et notamment sur la consultation sur la troisi\u00e8me ligne. Constat\u00a0: Si le 1,1 million d&rsquo; habitant-es de l&rsquo;agglom\u00e9rationVOIR PLUS\" \/>\n<meta property=\"og:url\" content=\"https:\/\/autate.fr\/site\/contribution-au-projet-mobilites-2025-2030\/\" \/>\n<meta property=\"og:site_name\" content=\"AUTATE\" \/>\n<meta property=\"article:publisher\" content=\"https:\/\/www.facebook.com\/AutateToulouse\" \/>\n<meta property=\"article:published_time\" content=\"2016-07-02T15:12:17+00:00\" \/>\n<meta property=\"article:modified_time\" content=\"2025-11-21T21:24:37+00:00\" \/>\n<meta name=\"author\" content=\"pascalbarbier\" \/>\n<meta name=\"twitter:card\" content=\"summary_large_image\" \/>\n<meta name=\"twitter:creator\" content=\"@AutateToulouse\" \/>\n<meta name=\"twitter:site\" content=\"@AutateToulouse\" \/>\n<meta name=\"twitter:label1\" content=\"\u00c9crit par\" \/>\n\t<meta name=\"twitter:data1\" content=\"pascalbarbier\" \/>\n\t<meta name=\"twitter:label2\" content=\"Dur\u00e9e de lecture estim\u00e9e\" \/>\n\t<meta name=\"twitter:data2\" content=\"6 minutes\" \/>\n<script type=\"application\/ld+json\" class=\"yoast-schema-graph\">{\"@context\":\"https:\\\/\\\/schema.org\",\"@graph\":[{\"@type\":\"Article\",\"@id\":\"https:\\\/\\\/autate.fr\\\/site\\\/contribution-au-projet-mobilites-2025-2030\\\/#article\",\"isPartOf\":{\"@id\":\"https:\\\/\\\/autate.fr\\\/site\\\/contribution-au-projet-mobilites-2025-2030\\\/\"},\"author\":{\"name\":\"pascalbarbier\",\"@id\":\"https:\\\/\\\/autate.fr\\\/site\\\/#\\\/schema\\\/person\\\/ae1ab8bdaa7b41d2a9b52d2557ce8254\"},\"headline\":\"Contribution au projet mobilit\u00e9s 2025-2030\",\"datePublished\":\"2016-07-02T15:12:17+00:00\",\"dateModified\":\"2025-11-21T21:24:37+00:00\",\"mainEntityOfPage\":{\"@id\":\"https:\\\/\\\/autate.fr\\\/site\\\/contribution-au-projet-mobilites-2025-2030\\\/\"},\"wordCount\":1200,\"commentCount\":3,\"publisher\":{\"@id\":\"https:\\\/\\\/autate.fr\\\/site\\\/#organization\"},\"keywords\":[\"concertation-enqu\u00eate\",\"PDM2025-2030\"],\"articleSection\":[\"Actualit\u00e9s-AUTATE\",\"PlanDeMobilit\u00e9\"],\"inLanguage\":\"fr-FR\",\"potentialAction\":[{\"@type\":\"CommentAction\",\"name\":\"Comment\",\"target\":[\"https:\\\/\\\/autate.fr\\\/site\\\/contribution-au-projet-mobilites-2025-2030\\\/#respond\"]}]},{\"@type\":\"WebPage\",\"@id\":\"https:\\\/\\\/autate.fr\\\/site\\\/contribution-au-projet-mobilites-2025-2030\\\/\",\"url\":\"https:\\\/\\\/autate.fr\\\/site\\\/contribution-au-projet-mobilites-2025-2030\\\/\",\"name\":\"Contribution au projet mobilit\u00e9s 2025-2030 - AUTATE\",\"isPartOf\":{\"@id\":\"https:\\\/\\\/autate.fr\\\/site\\\/#website\"},\"datePublished\":\"2016-07-02T15:12:17+00:00\",\"dateModified\":\"2025-11-21T21:24:37+00:00\",\"breadcrumb\":{\"@id\":\"https:\\\/\\\/autate.fr\\\/site\\\/contribution-au-projet-mobilites-2025-2030\\\/#breadcrumb\"},\"inLanguage\":\"fr-FR\",\"potentialAction\":[{\"@type\":\"ReadAction\",\"target\":[\"https:\\\/\\\/autate.fr\\\/site\\\/contribution-au-projet-mobilites-2025-2030\\\/\"]}]},{\"@type\":\"BreadcrumbList\",\"@id\":\"https:\\\/\\\/autate.fr\\\/site\\\/contribution-au-projet-mobilites-2025-2030\\\/#breadcrumb\",\"itemListElement\":[{\"@type\":\"ListItem\",\"position\":1,\"name\":\"Accueil\",\"item\":\"https:\\\/\\\/autate.fr\\\/site\\\/\"},{\"@type\":\"ListItem\",\"position\":2,\"name\":\"Contribution au projet mobilit\u00e9s 2025-2030\"}]},{\"@type\":\"WebSite\",\"@id\":\"https:\\\/\\\/autate.fr\\\/site\\\/#website\",\"url\":\"https:\\\/\\\/autate.fr\\\/site\\\/\",\"name\":\"AUTATE\",\"description\":\"Association des usagers des transports de l&#039;agglom\u00e9ration Toulousaine et de ses environs\",\"publisher\":{\"@id\":\"https:\\\/\\\/autate.fr\\\/site\\\/#organization\"},\"potentialAction\":[{\"@type\":\"SearchAction\",\"target\":{\"@type\":\"EntryPoint\",\"urlTemplate\":\"https:\\\/\\\/autate.fr\\\/site\\\/?s={search_term_string}\"},\"query-input\":{\"@type\":\"PropertyValueSpecification\",\"valueRequired\":true,\"valueName\":\"search_term_string\"}}],\"inLanguage\":\"fr-FR\"},{\"@type\":\"Organization\",\"@id\":\"https:\\\/\\\/autate.fr\\\/site\\\/#organization\",\"name\":\"AUTATE\",\"url\":\"https:\\\/\\\/autate.fr\\\/site\\\/\",\"logo\":{\"@type\":\"ImageObject\",\"inLanguage\":\"fr-FR\",\"@id\":\"https:\\\/\\\/autate.fr\\\/site\\\/#\\\/schema\\\/logo\\\/image\\\/\",\"url\":\"http:\\\/\\\/autate.fr\\\/site\\\/wp-content\\\/uploads\\\/2019\\\/01\\\/logo.png\",\"contentUrl\":\"http:\\\/\\\/autate.fr\\\/site\\\/wp-content\\\/uploads\\\/2019\\\/01\\\/logo.png\",\"width\":506,\"height\":280,\"caption\":\"AUTATE\"},\"image\":{\"@id\":\"https:\\\/\\\/autate.fr\\\/site\\\/#\\\/schema\\\/logo\\\/image\\\/\"},\"sameAs\":[\"https:\\\/\\\/www.facebook.com\\\/AutateToulouse\",\"https:\\\/\\\/x.com\\\/AutateToulouse\"]},{\"@type\":\"Person\",\"@id\":\"https:\\\/\\\/autate.fr\\\/site\\\/#\\\/schema\\\/person\\\/ae1ab8bdaa7b41d2a9b52d2557ce8254\",\"name\":\"pascalbarbier\",\"image\":{\"@type\":\"ImageObject\",\"inLanguage\":\"fr-FR\",\"@id\":\"https:\\\/\\\/secure.gravatar.com\\\/avatar\\\/03f4e8ced09894b72c67e83142540730d4b3bbf619bf46341b0074e3bf5f08a0?s=96&d=mm&r=g\",\"url\":\"https:\\\/\\\/secure.gravatar.com\\\/avatar\\\/03f4e8ced09894b72c67e83142540730d4b3bbf619bf46341b0074e3bf5f08a0?s=96&d=mm&r=g\",\"contentUrl\":\"https:\\\/\\\/secure.gravatar.com\\\/avatar\\\/03f4e8ced09894b72c67e83142540730d4b3bbf619bf46341b0074e3bf5f08a0?s=96&d=mm&r=g\",\"caption\":\"pascalbarbier\"},\"url\":\"https:\\\/\\\/autate.fr\\\/site\\\/author\\\/pascalbarbier\\\/\"}]}<\/script>\n<!-- \/ Yoast SEO plugin. -->","yoast_head_json":{"title":"Contribution au projet mobilit\u00e9s 2025-2030 - AUTATE","robots":{"index":"index","follow":"follow","max-snippet":"max-snippet:-1","max-image-preview":"max-image-preview:large","max-video-preview":"max-video-preview:-1"},"canonical":"https:\/\/autate.fr\/site\/contribution-au-projet-mobilites-2025-2030\/","og_locale":"fr_FR","og_type":"article","og_title":"Contribution au projet mobilit\u00e9s 2025-2030 - AUTATE","og_description":"Contribution au projet mobilit\u00e9s 2025-2030 (R\u00e9vision du plan de d\u00e9placements urbains) Contribution de l&rsquo;association des usager-e-s des transports de l\u2019agglom\u00e9ration toulousaine et de ses environs (AUTATE) au projet Mobilit\u00e9 2025-2030 valant r\u00e9vision du Plan de D\u00e9placements Urbains et notamment sur la consultation sur la troisi\u00e8me ligne. Constat\u00a0: Si le 1,1 million d&rsquo; habitant-es de l&rsquo;agglom\u00e9rationVOIR PLUS","og_url":"https:\/\/autate.fr\/site\/contribution-au-projet-mobilites-2025-2030\/","og_site_name":"AUTATE","article_publisher":"https:\/\/www.facebook.com\/AutateToulouse","article_published_time":"2016-07-02T15:12:17+00:00","article_modified_time":"2025-11-21T21:24:37+00:00","author":"pascalbarbier","twitter_card":"summary_large_image","twitter_creator":"@AutateToulouse","twitter_site":"@AutateToulouse","twitter_misc":{"\u00c9crit par":"pascalbarbier","Dur\u00e9e de lecture estim\u00e9e":"6 minutes"},"schema":{"@context":"https:\/\/schema.org","@graph":[{"@type":"Article","@id":"https:\/\/autate.fr\/site\/contribution-au-projet-mobilites-2025-2030\/#article","isPartOf":{"@id":"https:\/\/autate.fr\/site\/contribution-au-projet-mobilites-2025-2030\/"},"author":{"name":"pascalbarbier","@id":"https:\/\/autate.fr\/site\/#\/schema\/person\/ae1ab8bdaa7b41d2a9b52d2557ce8254"},"headline":"Contribution au projet mobilit\u00e9s 2025-2030","datePublished":"2016-07-02T15:12:17+00:00","dateModified":"2025-11-21T21:24:37+00:00","mainEntityOfPage":{"@id":"https:\/\/autate.fr\/site\/contribution-au-projet-mobilites-2025-2030\/"},"wordCount":1200,"commentCount":3,"publisher":{"@id":"https:\/\/autate.fr\/site\/#organization"},"keywords":["concertation-enqu\u00eate","PDM2025-2030"],"articleSection":["Actualit\u00e9s-AUTATE","PlanDeMobilit\u00e9"],"inLanguage":"fr-FR","potentialAction":[{"@type":"CommentAction","name":"Comment","target":["https:\/\/autate.fr\/site\/contribution-au-projet-mobilites-2025-2030\/#respond"]}]},{"@type":"WebPage","@id":"https:\/\/autate.fr\/site\/contribution-au-projet-mobilites-2025-2030\/","url":"https:\/\/autate.fr\/site\/contribution-au-projet-mobilites-2025-2030\/","name":"Contribution au projet mobilit\u00e9s 2025-2030 - AUTATE","isPartOf":{"@id":"https:\/\/autate.fr\/site\/#website"},"datePublished":"2016-07-02T15:12:17+00:00","dateModified":"2025-11-21T21:24:37+00:00","breadcrumb":{"@id":"https:\/\/autate.fr\/site\/contribution-au-projet-mobilites-2025-2030\/#breadcrumb"},"inLanguage":"fr-FR","potentialAction":[{"@type":"ReadAction","target":["https:\/\/autate.fr\/site\/contribution-au-projet-mobilites-2025-2030\/"]}]},{"@type":"BreadcrumbList","@id":"https:\/\/autate.fr\/site\/contribution-au-projet-mobilites-2025-2030\/#breadcrumb","itemListElement":[{"@type":"ListItem","position":1,"name":"Accueil","item":"https:\/\/autate.fr\/site\/"},{"@type":"ListItem","position":2,"name":"Contribution au projet mobilit\u00e9s 2025-2030"}]},{"@type":"WebSite","@id":"https:\/\/autate.fr\/site\/#website","url":"https:\/\/autate.fr\/site\/","name":"AUTATE","description":"Association des usagers des transports de l&#039;agglom\u00e9ration Toulousaine et de ses environs","publisher":{"@id":"https:\/\/autate.fr\/site\/#organization"},"potentialAction":[{"@type":"SearchAction","target":{"@type":"EntryPoint","urlTemplate":"https:\/\/autate.fr\/site\/?s={search_term_string}"},"query-input":{"@type":"PropertyValueSpecification","valueRequired":true,"valueName":"search_term_string"}}],"inLanguage":"fr-FR"},{"@type":"Organization","@id":"https:\/\/autate.fr\/site\/#organization","name":"AUTATE","url":"https:\/\/autate.fr\/site\/","logo":{"@type":"ImageObject","inLanguage":"fr-FR","@id":"https:\/\/autate.fr\/site\/#\/schema\/logo\/image\/","url":"http:\/\/autate.fr\/site\/wp-content\/uploads\/2019\/01\/logo.png","contentUrl":"http:\/\/autate.fr\/site\/wp-content\/uploads\/2019\/01\/logo.png","width":506,"height":280,"caption":"AUTATE"},"image":{"@id":"https:\/\/autate.fr\/site\/#\/schema\/logo\/image\/"},"sameAs":["https:\/\/www.facebook.com\/AutateToulouse","https:\/\/x.com\/AutateToulouse"]},{"@type":"Person","@id":"https:\/\/autate.fr\/site\/#\/schema\/person\/ae1ab8bdaa7b41d2a9b52d2557ce8254","name":"pascalbarbier","image":{"@type":"ImageObject","inLanguage":"fr-FR","@id":"https:\/\/secure.gravatar.com\/avatar\/03f4e8ced09894b72c67e83142540730d4b3bbf619bf46341b0074e3bf5f08a0?s=96&d=mm&r=g","url":"https:\/\/secure.gravatar.com\/avatar\/03f4e8ced09894b72c67e83142540730d4b3bbf619bf46341b0074e3bf5f08a0?s=96&d=mm&r=g","contentUrl":"https:\/\/secure.gravatar.com\/avatar\/03f4e8ced09894b72c67e83142540730d4b3bbf619bf46341b0074e3bf5f08a0?s=96&d=mm&r=g","caption":"pascalbarbier"},"url":"https:\/\/autate.fr\/site\/author\/pascalbarbier\/"}]}},"_links":{"self":[{"href":"https:\/\/autate.fr\/site\/wp-json\/wp\/v2\/posts\/671","targetHints":{"allow":["GET"]}}],"collection":[{"href":"https:\/\/autate.fr\/site\/wp-json\/wp\/v2\/posts"}],"about":[{"href":"https:\/\/autate.fr\/site\/wp-json\/wp\/v2\/types\/post"}],"author":[{"embeddable":true,"href":"https:\/\/autate.fr\/site\/wp-json\/wp\/v2\/users\/1"}],"replies":[{"embeddable":true,"href":"https:\/\/autate.fr\/site\/wp-json\/wp\/v2\/comments?post=671"}],"version-history":[{"count":9,"href":"https:\/\/autate.fr\/site\/wp-json\/wp\/v2\/posts\/671\/revisions"}],"predecessor-version":[{"id":681,"href":"https:\/\/autate.fr\/site\/wp-json\/wp\/v2\/posts\/671\/revisions\/681"}],"wp:attachment":[{"href":"https:\/\/autate.fr\/site\/wp-json\/wp\/v2\/media?parent=671"}],"wp:term":[{"taxonomy":"category","embeddable":true,"href":"https:\/\/autate.fr\/site\/wp-json\/wp\/v2\/categories?post=671"},{"taxonomy":"post_tag","embeddable":true,"href":"https:\/\/autate.fr\/site\/wp-json\/wp\/v2\/tags?post=671"}],"curies":[{"name":"wp","href":"https:\/\/api.w.org\/{rel}","templated":true}]}}