{"id":66,"date":"2015-12-03T23:53:24","date_gmt":"2015-12-03T22:53:24","guid":{"rendered":"http:\/\/autate.fr\/site\/?p=66"},"modified":"2017-10-21T20:15:32","modified_gmt":"2017-10-21T18:15:32","slug":"la-depeche-m-moudenc-un-refus-du-plb-serait-indefendable","status":"publish","type":"post","link":"https:\/\/autate.fr\/site\/la-depeche-m-moudenc-un-refus-du-plb-serait-indefendable\/","title":{"rendered":"[La D\u00e9p\u00eache] \u00abM. Moudenc, un refus du PLB serait ind\u00e9fendable\u00bb"},"content":{"rendered":"<h2 class=\"sous_titre\">Transports &#8211; Interview Georges M\u00e9ric, Pr\u00e9sident du Conseil d\u00e9partemental de la Haute-Garonne.<\/h2>\n<div class=\"p402_premium\">\n<p>Tout comme son pr\u00e9d\u00e9cesseur \u00e0 la t\u00eate du D\u00e9partement, Pierre Izard, Georges M\u00e9ric, Pr\u00e9sident du Conseil d\u00e9partemental de la Haute-Garonne.M\u00e9ric est un fervent d\u00e9fenseur du prolongement de la ligne B jusqu&rsquo;\u00e0 Lab\u00e8ge. Nous lui avons demand\u00e9 pourquoi.<\/p>\n<div id=\"pub_dfp_article\" class=\"pub \"><\/div>\n<p><strong>Pourquoi \u00eates-vous \u00e0 Lab\u00e8ge pour cette pose de premi\u00e8re pierre du PLB ?<\/strong><\/p>\n<p>Je suis ici en tant que pr\u00e9sident du Conseil d\u00e9partemental, c&rsquo;est-\u00e0-dire comme garant de l&rsquo;\u00e9quilibre territorial du d\u00e9partement. Le PLB est un \u00e9quipement structurant indispensable pour le devenir du Sud-est toulousain et de l&rsquo;agglom\u00e9ration, d\u00e8s 2021 ou 2022 et pas en 2030 ou 2035 comme avec la troisi\u00e8me ligne de m\u00e9tro. Le PLB est une priorit\u00e9 pour les 105 000 habitants du Sud-est et pour les nombreux Toulousains qui viennent travailler chaque jour au Sicoval. Ma pr\u00e9sence est aussi en signe de reconnaissance \u00e0 Claude Ducert qui a invent\u00e9, il y a quelques ann\u00e9es maintenant, l&rsquo;aventure pionni\u00e8re du Sicoval. Je suis ici aussi en tant que financeur d&rsquo;un dossier abouti, attendu, d\u00e9terminant, financ\u00e9 \u00e0 hauteur de 80 millions d&rsquo;euros par notre collectivit\u00e9, ce qui marque un effort tr\u00e8s important du conseil d\u00e9partemental.<\/p>\n<p><strong>Vous \u00eates confiant dans la r\u00e9alisation de ce projet ?<\/strong><\/p>\n<p>Pour le maire de Toulouse, le PLB est le seul projet de transport r\u00e9alisable dans son mandat municipal, il serait regrettable qu&rsquo;il n&rsquo;accompagne pas ce prolongement. Un refus de Jean-Luc Moudenc serait per\u00e7u comme un acte politique contre le Sicoval, marquant une volont\u00e9 de d\u00e9velopper Montaudran et pas le Sicoval, donnant la priorit\u00e9 \u00e0 une troisi\u00e8me ligne de m\u00e9tro dont on ne conna\u00eet ni le financement, ni le trac\u00e9, ni le calendrier et qu&rsquo;il faudrait attendre des ann\u00e9es encore. On peut financer les deux (PLB et 3e ligne).<\/p>\n<p><strong>Parmi vos moyens de pression, il y a la subvention que le d\u00e9partement pourrait accorder ou pas au Parc des Expos ?<\/strong><\/p>\n<p>Il ne faut pas m\u00e9langer les dossiers. Avec Jean-Luc Moudenc et la M\u00e9tropole, on discute des comp\u00e9tences qui peuvent \u00eatre transf\u00e9r\u00e9es et des dossiers d&rsquo;investissement des 37 communes de la M\u00e9tropole qui peuvent \u00eatre subventionn\u00e9s par le D\u00e9partement. Avec le SMTC Tiss\u00e9o, on parle de la prolongation de la ligne B du m\u00e9tro vers Lab\u00e8ge et apr\u00e8s de la troisi\u00e8me ligne de m\u00e9tro. Jean-Luc Moudenc ferait une grave erreur politique en ne faisant pas le PLB, ce serait ind\u00e9fendable. Il n&rsquo;y a pas de probl\u00e8me financier ni technique, seulement un probl\u00e8me politique\u00bb.<\/p>\n<\/div>\n<div class=\"article_author\">Recueilli par Ph. E.<\/div>\n<div class=\"article_author\"><a href=\"http:\/\/www.ladepeche.fr\/article\/2015\/12\/03\/2230322-m-moudenc-un-refus-du-plb-serait-indefendable.html\">voir l&rsquo;article sur la D\u00e9p\u00eache du midi<\/a><\/div>\n","protected":false},"excerpt":{"rendered":"<p>Transports &#8211; Interview Georges M\u00e9ric, Pr\u00e9sident du Conseil d\u00e9partemental de la Haute-Garonne. Tout comme son pr\u00e9d\u00e9cesseur \u00e0 la t\u00eate du D\u00e9partement, Pierre Izard, Georges M\u00e9ric, Pr\u00e9sident du Conseil d\u00e9partemental de la Haute-Garonne.M\u00e9ric est un fervent d\u00e9fenseur du prolongement de la ligne B jusqu&rsquo;\u00e0 Lab\u00e8ge. Nous lui avons demand\u00e9 pourquoi. Pourquoi \u00eates-vous \u00e0 Lab\u00e8ge pour cette<\/p>\n<p class=\"more-link\"><a href=\"https:\/\/autate.fr\/site\/la-depeche-m-moudenc-un-refus-du-plb-serait-indefendable\/\" class=\"themebutton2\">VOIR PLUS<\/a><\/p>\n","protected":false},"author":1,"featured_media":0,"comment_status":"open","ping_status":"open","sticky":false,"template":"","format":"standard","meta":{"footnotes":""},"categories":[4],"tags":[22,18,12,17,23],"class_list":["post-66","post","type-post","status-publish","format-standard","hentry","category-actualite-association","tag-labege","tag-ligne-b","tag-metro","tag-plb","tag-sicoval"],"yoast_head":"<!-- This site is optimized with the Yoast SEO plugin v27.4 - https:\/\/yoast.com\/product\/yoast-seo-wordpress\/ -->\n<title>[La D\u00e9p\u00eache] \u00abM. Moudenc, un refus du PLB serait ind\u00e9fendable\u00bb - AUTATE<\/title>\n<meta name=\"robots\" content=\"index, follow, max-snippet:-1, max-image-preview:large, max-video-preview:-1\" \/>\n<link rel=\"canonical\" href=\"https:\/\/autate.fr\/site\/la-depeche-m-moudenc-un-refus-du-plb-serait-indefendable\/\" \/>\n<meta property=\"og:locale\" content=\"fr_FR\" \/>\n<meta property=\"og:type\" content=\"article\" \/>\n<meta property=\"og:title\" content=\"[La D\u00e9p\u00eache] \u00abM. Moudenc, un refus du PLB serait ind\u00e9fendable\u00bb - AUTATE\" \/>\n<meta property=\"og:description\" content=\"Transports &#8211; Interview Georges M\u00e9ric, Pr\u00e9sident du Conseil d\u00e9partemental de la Haute-Garonne. Tout comme son pr\u00e9d\u00e9cesseur \u00e0 la t\u00eate du D\u00e9partement, Pierre Izard, Georges M\u00e9ric, Pr\u00e9sident du Conseil d\u00e9partemental de la Haute-Garonne.M\u00e9ric est un fervent d\u00e9fenseur du prolongement de la ligne B jusqu&rsquo;\u00e0 Lab\u00e8ge. Nous lui avons demand\u00e9 pourquoi. Pourquoi \u00eates-vous \u00e0 Lab\u00e8ge pour cetteVOIR PLUS\" \/>\n<meta property=\"og:url\" content=\"https:\/\/autate.fr\/site\/la-depeche-m-moudenc-un-refus-du-plb-serait-indefendable\/\" \/>\n<meta property=\"og:site_name\" content=\"AUTATE\" \/>\n<meta property=\"article:publisher\" content=\"https:\/\/www.facebook.com\/AutateToulouse\" \/>\n<meta property=\"article:published_time\" content=\"2015-12-03T22:53:24+00:00\" \/>\n<meta property=\"article:modified_time\" content=\"2017-10-21T18:15:32+00:00\" \/>\n<meta name=\"author\" content=\"pascalbarbier\" \/>\n<meta name=\"twitter:card\" content=\"summary_large_image\" \/>\n<meta name=\"twitter:creator\" content=\"@AutateToulouse\" \/>\n<meta name=\"twitter:site\" content=\"@AutateToulouse\" \/>\n<meta name=\"twitter:label1\" content=\"\u00c9crit par\" \/>\n\t<meta name=\"twitter:data1\" content=\"pascalbarbier\" \/>\n\t<meta name=\"twitter:label2\" content=\"Dur\u00e9e de lecture estim\u00e9e\" \/>\n\t<meta name=\"twitter:data2\" content=\"2 minutes\" \/>\n<script type=\"application\/ld+json\" class=\"yoast-schema-graph\">{\"@context\":\"https:\\\/\\\/schema.org\",\"@graph\":[{\"@type\":\"Article\",\"@id\":\"https:\\\/\\\/autate.fr\\\/site\\\/la-depeche-m-moudenc-un-refus-du-plb-serait-indefendable\\\/#article\",\"isPartOf\":{\"@id\":\"https:\\\/\\\/autate.fr\\\/site\\\/la-depeche-m-moudenc-un-refus-du-plb-serait-indefendable\\\/\"},\"author\":{\"name\":\"pascalbarbier\",\"@id\":\"https:\\\/\\\/autate.fr\\\/site\\\/#\\\/schema\\\/person\\\/ae1ab8bdaa7b41d2a9b52d2557ce8254\"},\"headline\":\"[La D\u00e9p\u00eache] \u00abM. Moudenc, un refus du PLB serait ind\u00e9fendable\u00bb\",\"datePublished\":\"2015-12-03T22:53:24+00:00\",\"dateModified\":\"2017-10-21T18:15:32+00:00\",\"mainEntityOfPage\":{\"@id\":\"https:\\\/\\\/autate.fr\\\/site\\\/la-depeche-m-moudenc-un-refus-du-plb-serait-indefendable\\\/\"},\"wordCount\":473,\"commentCount\":0,\"publisher\":{\"@id\":\"https:\\\/\\\/autate.fr\\\/site\\\/#organization\"},\"keywords\":[\"Lab\u00e8ge\",\"ligne B\",\"m\u00e9tro\",\"PLB\",\"Sicoval\"],\"articleSection\":[\"Actualit\u00e9s-AUTATE\"],\"inLanguage\":\"fr-FR\",\"potentialAction\":[{\"@type\":\"CommentAction\",\"name\":\"Comment\",\"target\":[\"https:\\\/\\\/autate.fr\\\/site\\\/la-depeche-m-moudenc-un-refus-du-plb-serait-indefendable\\\/#respond\"]}]},{\"@type\":\"WebPage\",\"@id\":\"https:\\\/\\\/autate.fr\\\/site\\\/la-depeche-m-moudenc-un-refus-du-plb-serait-indefendable\\\/\",\"url\":\"https:\\\/\\\/autate.fr\\\/site\\\/la-depeche-m-moudenc-un-refus-du-plb-serait-indefendable\\\/\",\"name\":\"[La D\u00e9p\u00eache] \u00abM. Moudenc, un refus du PLB serait ind\u00e9fendable\u00bb - AUTATE\",\"isPartOf\":{\"@id\":\"https:\\\/\\\/autate.fr\\\/site\\\/#website\"},\"datePublished\":\"2015-12-03T22:53:24+00:00\",\"dateModified\":\"2017-10-21T18:15:32+00:00\",\"breadcrumb\":{\"@id\":\"https:\\\/\\\/autate.fr\\\/site\\\/la-depeche-m-moudenc-un-refus-du-plb-serait-indefendable\\\/#breadcrumb\"},\"inLanguage\":\"fr-FR\",\"potentialAction\":[{\"@type\":\"ReadAction\",\"target\":[\"https:\\\/\\\/autate.fr\\\/site\\\/la-depeche-m-moudenc-un-refus-du-plb-serait-indefendable\\\/\"]}]},{\"@type\":\"BreadcrumbList\",\"@id\":\"https:\\\/\\\/autate.fr\\\/site\\\/la-depeche-m-moudenc-un-refus-du-plb-serait-indefendable\\\/#breadcrumb\",\"itemListElement\":[{\"@type\":\"ListItem\",\"position\":1,\"name\":\"Accueil\",\"item\":\"https:\\\/\\\/autate.fr\\\/site\\\/\"},{\"@type\":\"ListItem\",\"position\":2,\"name\":\"[La D\u00e9p\u00eache] \u00abM. Moudenc, un refus du PLB serait ind\u00e9fendable\u00bb\"}]},{\"@type\":\"WebSite\",\"@id\":\"https:\\\/\\\/autate.fr\\\/site\\\/#website\",\"url\":\"https:\\\/\\\/autate.fr\\\/site\\\/\",\"name\":\"AUTATE\",\"description\":\"Association des usagers des transports de l&#039;agglom\u00e9ration Toulousaine et de ses environs\",\"publisher\":{\"@id\":\"https:\\\/\\\/autate.fr\\\/site\\\/#organization\"},\"potentialAction\":[{\"@type\":\"SearchAction\",\"target\":{\"@type\":\"EntryPoint\",\"urlTemplate\":\"https:\\\/\\\/autate.fr\\\/site\\\/?s={search_term_string}\"},\"query-input\":{\"@type\":\"PropertyValueSpecification\",\"valueRequired\":true,\"valueName\":\"search_term_string\"}}],\"inLanguage\":\"fr-FR\"},{\"@type\":\"Organization\",\"@id\":\"https:\\\/\\\/autate.fr\\\/site\\\/#organization\",\"name\":\"AUTATE\",\"url\":\"https:\\\/\\\/autate.fr\\\/site\\\/\",\"logo\":{\"@type\":\"ImageObject\",\"inLanguage\":\"fr-FR\",\"@id\":\"https:\\\/\\\/autate.fr\\\/site\\\/#\\\/schema\\\/logo\\\/image\\\/\",\"url\":\"http:\\\/\\\/autate.fr\\\/site\\\/wp-content\\\/uploads\\\/2019\\\/01\\\/logo.png\",\"contentUrl\":\"http:\\\/\\\/autate.fr\\\/site\\\/wp-content\\\/uploads\\\/2019\\\/01\\\/logo.png\",\"width\":506,\"height\":280,\"caption\":\"AUTATE\"},\"image\":{\"@id\":\"https:\\\/\\\/autate.fr\\\/site\\\/#\\\/schema\\\/logo\\\/image\\\/\"},\"sameAs\":[\"https:\\\/\\\/www.facebook.com\\\/AutateToulouse\",\"https:\\\/\\\/x.com\\\/AutateToulouse\"]},{\"@type\":\"Person\",\"@id\":\"https:\\\/\\\/autate.fr\\\/site\\\/#\\\/schema\\\/person\\\/ae1ab8bdaa7b41d2a9b52d2557ce8254\",\"name\":\"pascalbarbier\",\"image\":{\"@type\":\"ImageObject\",\"inLanguage\":\"fr-FR\",\"@id\":\"https:\\\/\\\/secure.gravatar.com\\\/avatar\\\/03f4e8ced09894b72c67e83142540730d4b3bbf619bf46341b0074e3bf5f08a0?s=96&d=mm&r=g\",\"url\":\"https:\\\/\\\/secure.gravatar.com\\\/avatar\\\/03f4e8ced09894b72c67e83142540730d4b3bbf619bf46341b0074e3bf5f08a0?s=96&d=mm&r=g\",\"contentUrl\":\"https:\\\/\\\/secure.gravatar.com\\\/avatar\\\/03f4e8ced09894b72c67e83142540730d4b3bbf619bf46341b0074e3bf5f08a0?s=96&d=mm&r=g\",\"caption\":\"pascalbarbier\"},\"url\":\"https:\\\/\\\/autate.fr\\\/site\\\/author\\\/pascalbarbier\\\/\"}]}<\/script>\n<!-- \/ Yoast SEO plugin. -->","yoast_head_json":{"title":"[La D\u00e9p\u00eache] \u00abM. Moudenc, un refus du PLB serait ind\u00e9fendable\u00bb - AUTATE","robots":{"index":"index","follow":"follow","max-snippet":"max-snippet:-1","max-image-preview":"max-image-preview:large","max-video-preview":"max-video-preview:-1"},"canonical":"https:\/\/autate.fr\/site\/la-depeche-m-moudenc-un-refus-du-plb-serait-indefendable\/","og_locale":"fr_FR","og_type":"article","og_title":"[La D\u00e9p\u00eache] \u00abM. Moudenc, un refus du PLB serait ind\u00e9fendable\u00bb - AUTATE","og_description":"Transports &#8211; Interview Georges M\u00e9ric, Pr\u00e9sident du Conseil d\u00e9partemental de la Haute-Garonne. Tout comme son pr\u00e9d\u00e9cesseur \u00e0 la t\u00eate du D\u00e9partement, Pierre Izard, Georges M\u00e9ric, Pr\u00e9sident du Conseil d\u00e9partemental de la Haute-Garonne.M\u00e9ric est un fervent d\u00e9fenseur du prolongement de la ligne B jusqu&rsquo;\u00e0 Lab\u00e8ge. Nous lui avons demand\u00e9 pourquoi. Pourquoi \u00eates-vous \u00e0 Lab\u00e8ge pour cetteVOIR PLUS","og_url":"https:\/\/autate.fr\/site\/la-depeche-m-moudenc-un-refus-du-plb-serait-indefendable\/","og_site_name":"AUTATE","article_publisher":"https:\/\/www.facebook.com\/AutateToulouse","article_published_time":"2015-12-03T22:53:24+00:00","article_modified_time":"2017-10-21T18:15:32+00:00","author":"pascalbarbier","twitter_card":"summary_large_image","twitter_creator":"@AutateToulouse","twitter_site":"@AutateToulouse","twitter_misc":{"\u00c9crit par":"pascalbarbier","Dur\u00e9e de lecture estim\u00e9e":"2 minutes"},"schema":{"@context":"https:\/\/schema.org","@graph":[{"@type":"Article","@id":"https:\/\/autate.fr\/site\/la-depeche-m-moudenc-un-refus-du-plb-serait-indefendable\/#article","isPartOf":{"@id":"https:\/\/autate.fr\/site\/la-depeche-m-moudenc-un-refus-du-plb-serait-indefendable\/"},"author":{"name":"pascalbarbier","@id":"https:\/\/autate.fr\/site\/#\/schema\/person\/ae1ab8bdaa7b41d2a9b52d2557ce8254"},"headline":"[La D\u00e9p\u00eache] \u00abM. Moudenc, un refus du PLB serait ind\u00e9fendable\u00bb","datePublished":"2015-12-03T22:53:24+00:00","dateModified":"2017-10-21T18:15:32+00:00","mainEntityOfPage":{"@id":"https:\/\/autate.fr\/site\/la-depeche-m-moudenc-un-refus-du-plb-serait-indefendable\/"},"wordCount":473,"commentCount":0,"publisher":{"@id":"https:\/\/autate.fr\/site\/#organization"},"keywords":["Lab\u00e8ge","ligne B","m\u00e9tro","PLB","Sicoval"],"articleSection":["Actualit\u00e9s-AUTATE"],"inLanguage":"fr-FR","potentialAction":[{"@type":"CommentAction","name":"Comment","target":["https:\/\/autate.fr\/site\/la-depeche-m-moudenc-un-refus-du-plb-serait-indefendable\/#respond"]}]},{"@type":"WebPage","@id":"https:\/\/autate.fr\/site\/la-depeche-m-moudenc-un-refus-du-plb-serait-indefendable\/","url":"https:\/\/autate.fr\/site\/la-depeche-m-moudenc-un-refus-du-plb-serait-indefendable\/","name":"[La D\u00e9p\u00eache] \u00abM. Moudenc, un refus du PLB serait ind\u00e9fendable\u00bb - AUTATE","isPartOf":{"@id":"https:\/\/autate.fr\/site\/#website"},"datePublished":"2015-12-03T22:53:24+00:00","dateModified":"2017-10-21T18:15:32+00:00","breadcrumb":{"@id":"https:\/\/autate.fr\/site\/la-depeche-m-moudenc-un-refus-du-plb-serait-indefendable\/#breadcrumb"},"inLanguage":"fr-FR","potentialAction":[{"@type":"ReadAction","target":["https:\/\/autate.fr\/site\/la-depeche-m-moudenc-un-refus-du-plb-serait-indefendable\/"]}]},{"@type":"BreadcrumbList","@id":"https:\/\/autate.fr\/site\/la-depeche-m-moudenc-un-refus-du-plb-serait-indefendable\/#breadcrumb","itemListElement":[{"@type":"ListItem","position":1,"name":"Accueil","item":"https:\/\/autate.fr\/site\/"},{"@type":"ListItem","position":2,"name":"[La D\u00e9p\u00eache] \u00abM. Moudenc, un refus du PLB serait ind\u00e9fendable\u00bb"}]},{"@type":"WebSite","@id":"https:\/\/autate.fr\/site\/#website","url":"https:\/\/autate.fr\/site\/","name":"AUTATE","description":"Association des usagers des transports de l&#039;agglom\u00e9ration Toulousaine et de ses environs","publisher":{"@id":"https:\/\/autate.fr\/site\/#organization"},"potentialAction":[{"@type":"SearchAction","target":{"@type":"EntryPoint","urlTemplate":"https:\/\/autate.fr\/site\/?s={search_term_string}"},"query-input":{"@type":"PropertyValueSpecification","valueRequired":true,"valueName":"search_term_string"}}],"inLanguage":"fr-FR"},{"@type":"Organization","@id":"https:\/\/autate.fr\/site\/#organization","name":"AUTATE","url":"https:\/\/autate.fr\/site\/","logo":{"@type":"ImageObject","inLanguage":"fr-FR","@id":"https:\/\/autate.fr\/site\/#\/schema\/logo\/image\/","url":"http:\/\/autate.fr\/site\/wp-content\/uploads\/2019\/01\/logo.png","contentUrl":"http:\/\/autate.fr\/site\/wp-content\/uploads\/2019\/01\/logo.png","width":506,"height":280,"caption":"AUTATE"},"image":{"@id":"https:\/\/autate.fr\/site\/#\/schema\/logo\/image\/"},"sameAs":["https:\/\/www.facebook.com\/AutateToulouse","https:\/\/x.com\/AutateToulouse"]},{"@type":"Person","@id":"https:\/\/autate.fr\/site\/#\/schema\/person\/ae1ab8bdaa7b41d2a9b52d2557ce8254","name":"pascalbarbier","image":{"@type":"ImageObject","inLanguage":"fr-FR","@id":"https:\/\/secure.gravatar.com\/avatar\/03f4e8ced09894b72c67e83142540730d4b3bbf619bf46341b0074e3bf5f08a0?s=96&d=mm&r=g","url":"https:\/\/secure.gravatar.com\/avatar\/03f4e8ced09894b72c67e83142540730d4b3bbf619bf46341b0074e3bf5f08a0?s=96&d=mm&r=g","contentUrl":"https:\/\/secure.gravatar.com\/avatar\/03f4e8ced09894b72c67e83142540730d4b3bbf619bf46341b0074e3bf5f08a0?s=96&d=mm&r=g","caption":"pascalbarbier"},"url":"https:\/\/autate.fr\/site\/author\/pascalbarbier\/"}]}},"_links":{"self":[{"href":"https:\/\/autate.fr\/site\/wp-json\/wp\/v2\/posts\/66","targetHints":{"allow":["GET"]}}],"collection":[{"href":"https:\/\/autate.fr\/site\/wp-json\/wp\/v2\/posts"}],"about":[{"href":"https:\/\/autate.fr\/site\/wp-json\/wp\/v2\/types\/post"}],"author":[{"embeddable":true,"href":"https:\/\/autate.fr\/site\/wp-json\/wp\/v2\/users\/1"}],"replies":[{"embeddable":true,"href":"https:\/\/autate.fr\/site\/wp-json\/wp\/v2\/comments?post=66"}],"version-history":[{"count":2,"href":"https:\/\/autate.fr\/site\/wp-json\/wp\/v2\/posts\/66\/revisions"}],"predecessor-version":[{"id":122,"href":"https:\/\/autate.fr\/site\/wp-json\/wp\/v2\/posts\/66\/revisions\/122"}],"wp:attachment":[{"href":"https:\/\/autate.fr\/site\/wp-json\/wp\/v2\/media?parent=66"}],"wp:term":[{"taxonomy":"category","embeddable":true,"href":"https:\/\/autate.fr\/site\/wp-json\/wp\/v2\/categories?post=66"},{"taxonomy":"post_tag","embeddable":true,"href":"https:\/\/autate.fr\/site\/wp-json\/wp\/v2\/tags?post=66"}],"curies":[{"name":"wp","href":"https:\/\/api.w.org\/{rel}","templated":true}]}}