{"id":641,"date":"2016-05-31T15:48:14","date_gmt":"2016-05-31T13:48:14","guid":{"rendered":"http:\/\/autate.fr\/site\/?p=641"},"modified":"2017-07-11T18:06:50","modified_gmt":"2017-07-11T16:06:50","slug":"france-bleu-toulouse-petition-au-lycee-bellevue-contre-le-projet-de-trace-du-telepherique-urbain","status":"publish","type":"post","link":"https:\/\/autate.fr\/site\/france-bleu-toulouse-petition-au-lycee-bellevue-contre-le-projet-de-trace-du-telepherique-urbain\/","title":{"rendered":"[France Bleu] Toulouse : p\u00e9tition au lyc\u00e9e Bellevue contre le projet de trac\u00e9 du t\u00e9l\u00e9ph\u00e9rique urbain"},"content":{"rendered":"<p>Un article de<a class=\"nom\" href=\"https:\/\/www.francebleu.fr\/les-equipes\/julien-laignez\">\u00a0 Julien Laignez<\/a> publi\u00e9 le<span class=\"date\"> 30\/05\/2016<\/span><\/p>\n<p><span class=\"date\">Le parc verdoyant du lyc\u00e9e Bellevue \u00e0 Toulouse \u00a9 Radio France &#8211; Julien Laignez<br \/>\n<\/span><\/p>\n<p class=\"chapo\">La station terminus de l&rsquo;a\u00e9rotram urbain sud devrait \u00eatre construite \u00e0 l&rsquo;entr\u00e9e du lyc\u00e9e Bellevue dans le quartier Rangueil. Les parents d&rsquo;\u00e9l\u00e8ves, les enseignants et les lyc\u00e9ens s&rsquo;inqui\u00e8tent des cons\u00e9quences sur l&rsquo;environnement et la s\u00e9curit\u00e9.<\/p>\n<p>Le lyc\u00e9e Bellevue \u00e0 Rangueil ne veut pas des oeufs du futur t\u00e9l\u00e9ph\u00e9rique au dessus de la t\u00eate de ses \u00e9l\u00e8ves et professeurs.<\/p>\n<p><a href=\"https:\/\/www.francebleu.fr\/infos\/transports\/toulouse-petition-au-lycee-bellevue-contre-le-projet-de-trace-du-telepherique-urbain-1464630288\" target=\"_blank\" rel=\"noopener noreferrer\">lire la suite<\/a><\/p>\n","protected":false},"excerpt":{"rendered":"<p>Un article de\u00a0 Julien Laignez publi\u00e9 le 30\/05\/2016 Le parc verdoyant du lyc\u00e9e Bellevue \u00e0 Toulouse \u00a9 Radio France &#8211; Julien Laignez La station terminus de l&rsquo;a\u00e9rotram urbain sud devrait \u00eatre construite \u00e0 l&rsquo;entr\u00e9e du lyc\u00e9e Bellevue dans le quartier Rangueil. Les parents d&rsquo;\u00e9l\u00e8ves, les enseignants et les lyc\u00e9ens s&rsquo;inqui\u00e8tent des cons\u00e9quences sur l&rsquo;environnement et<\/p>\n<p class=\"more-link\"><a href=\"https:\/\/autate.fr\/site\/france-bleu-toulouse-petition-au-lycee-bellevue-contre-le-projet-de-trace-du-telepherique-urbain\/\" class=\"themebutton2\">VOIR PLUS<\/a><\/p>\n","protected":false},"author":1,"featured_media":644,"comment_status":"open","ping_status":"open","sticky":false,"template":"","format":"standard","meta":{"footnotes":""},"categories":[7],"tags":[27,198,97,28],"class_list":["post-641","post","type-post","status-publish","format-standard","has-post-thumbnail","hentry","category-revue-de-presse","tag-aerotram","tag-bellevue","tag-petition","tag-telepherique"],"yoast_head":"<!-- This site is optimized with the Yoast SEO plugin v27.4 - https:\/\/yoast.com\/product\/yoast-seo-wordpress\/ -->\n<title>[France Bleu] Toulouse : p\u00e9tition au lyc\u00e9e Bellevue contre le projet de trac\u00e9 du t\u00e9l\u00e9ph\u00e9rique urbain - AUTATE<\/title>\n<meta name=\"robots\" content=\"index, follow, max-snippet:-1, max-image-preview:large, max-video-preview:-1\" \/>\n<link rel=\"canonical\" href=\"https:\/\/autate.fr\/site\/france-bleu-toulouse-petition-au-lycee-bellevue-contre-le-projet-de-trace-du-telepherique-urbain\/\" \/>\n<meta property=\"og:locale\" content=\"fr_FR\" \/>\n<meta property=\"og:type\" content=\"article\" \/>\n<meta property=\"og:title\" content=\"[France Bleu] Toulouse : p\u00e9tition au lyc\u00e9e Bellevue contre le projet de trac\u00e9 du t\u00e9l\u00e9ph\u00e9rique urbain - AUTATE\" \/>\n<meta property=\"og:description\" content=\"Un article de\u00a0 Julien Laignez publi\u00e9 le 30\/05\/2016 Le parc verdoyant du lyc\u00e9e Bellevue \u00e0 Toulouse \u00a9 Radio France &#8211; Julien Laignez La station terminus de l&rsquo;a\u00e9rotram urbain sud devrait \u00eatre construite \u00e0 l&rsquo;entr\u00e9e du lyc\u00e9e Bellevue dans le quartier Rangueil. Les parents d&rsquo;\u00e9l\u00e8ves, les enseignants et les lyc\u00e9ens s&rsquo;inqui\u00e8tent des cons\u00e9quences sur l&rsquo;environnement etVOIR PLUS\" \/>\n<meta property=\"og:url\" content=\"https:\/\/autate.fr\/site\/france-bleu-toulouse-petition-au-lycee-bellevue-contre-le-projet-de-trace-du-telepherique-urbain\/\" \/>\n<meta property=\"og:site_name\" content=\"AUTATE\" \/>\n<meta property=\"article:publisher\" content=\"https:\/\/www.facebook.com\/AutateToulouse\" \/>\n<meta property=\"article:published_time\" content=\"2016-05-31T13:48:14+00:00\" \/>\n<meta property=\"article:modified_time\" content=\"2017-07-11T16:06:50+00:00\" \/>\n<meta property=\"og:image\" content=\"https:\/\/autate.fr\/site\/wp-content\/uploads\/2016\/05\/parcbellevue.jpg\" \/>\n\t<meta property=\"og:image:width\" content=\"870\" \/>\n\t<meta property=\"og:image:height\" content=\"489\" \/>\n\t<meta property=\"og:image:type\" content=\"image\/jpeg\" \/>\n<meta name=\"author\" content=\"pascalbarbier\" \/>\n<meta name=\"twitter:card\" content=\"summary_large_image\" \/>\n<meta name=\"twitter:creator\" content=\"@AutateToulouse\" \/>\n<meta name=\"twitter:site\" content=\"@AutateToulouse\" \/>\n<meta name=\"twitter:label1\" content=\"\u00c9crit par\" \/>\n\t<meta name=\"twitter:data1\" content=\"pascalbarbier\" \/>\n<script type=\"application\/ld+json\" class=\"yoast-schema-graph\">{\"@context\":\"https:\\\/\\\/schema.org\",\"@graph\":[{\"@type\":\"Article\",\"@id\":\"https:\\\/\\\/autate.fr\\\/site\\\/france-bleu-toulouse-petition-au-lycee-bellevue-contre-le-projet-de-trace-du-telepherique-urbain\\\/#article\",\"isPartOf\":{\"@id\":\"https:\\\/\\\/autate.fr\\\/site\\\/france-bleu-toulouse-petition-au-lycee-bellevue-contre-le-projet-de-trace-du-telepherique-urbain\\\/\"},\"author\":{\"name\":\"pascalbarbier\",\"@id\":\"https:\\\/\\\/autate.fr\\\/site\\\/#\\\/schema\\\/person\\\/ae1ab8bdaa7b41d2a9b52d2557ce8254\"},\"headline\":\"[France Bleu] Toulouse : p\u00e9tition au lyc\u00e9e Bellevue contre le projet de trac\u00e9 du t\u00e9l\u00e9ph\u00e9rique urbain\",\"datePublished\":\"2016-05-31T13:48:14+00:00\",\"dateModified\":\"2017-07-11T16:06:50+00:00\",\"mainEntityOfPage\":{\"@id\":\"https:\\\/\\\/autate.fr\\\/site\\\/france-bleu-toulouse-petition-au-lycee-bellevue-contre-le-projet-de-trace-du-telepherique-urbain\\\/\"},\"wordCount\":114,\"commentCount\":1,\"publisher\":{\"@id\":\"https:\\\/\\\/autate.fr\\\/site\\\/#organization\"},\"image\":{\"@id\":\"https:\\\/\\\/autate.fr\\\/site\\\/france-bleu-toulouse-petition-au-lycee-bellevue-contre-le-projet-de-trace-du-telepherique-urbain\\\/#primaryimage\"},\"thumbnailUrl\":\"https:\\\/\\\/autate.fr\\\/site\\\/wp-content\\\/uploads\\\/2016\\\/05\\\/parcbellevue.jpg\",\"keywords\":[\"A\u00e9rotram\",\"bellevue\",\"P\u00e9tition\",\"t\u00e9l\u00e9ph\u00e9rique\"],\"articleSection\":[\"Revue de presse\"],\"inLanguage\":\"fr-FR\",\"potentialAction\":[{\"@type\":\"CommentAction\",\"name\":\"Comment\",\"target\":[\"https:\\\/\\\/autate.fr\\\/site\\\/france-bleu-toulouse-petition-au-lycee-bellevue-contre-le-projet-de-trace-du-telepherique-urbain\\\/#respond\"]}]},{\"@type\":\"WebPage\",\"@id\":\"https:\\\/\\\/autate.fr\\\/site\\\/france-bleu-toulouse-petition-au-lycee-bellevue-contre-le-projet-de-trace-du-telepherique-urbain\\\/\",\"url\":\"https:\\\/\\\/autate.fr\\\/site\\\/france-bleu-toulouse-petition-au-lycee-bellevue-contre-le-projet-de-trace-du-telepherique-urbain\\\/\",\"name\":\"[France Bleu] Toulouse : p\u00e9tition au lyc\u00e9e Bellevue contre le projet de trac\u00e9 du t\u00e9l\u00e9ph\u00e9rique urbain - AUTATE\",\"isPartOf\":{\"@id\":\"https:\\\/\\\/autate.fr\\\/site\\\/#website\"},\"primaryImageOfPage\":{\"@id\":\"https:\\\/\\\/autate.fr\\\/site\\\/france-bleu-toulouse-petition-au-lycee-bellevue-contre-le-projet-de-trace-du-telepherique-urbain\\\/#primaryimage\"},\"image\":{\"@id\":\"https:\\\/\\\/autate.fr\\\/site\\\/france-bleu-toulouse-petition-au-lycee-bellevue-contre-le-projet-de-trace-du-telepherique-urbain\\\/#primaryimage\"},\"thumbnailUrl\":\"https:\\\/\\\/autate.fr\\\/site\\\/wp-content\\\/uploads\\\/2016\\\/05\\\/parcbellevue.jpg\",\"datePublished\":\"2016-05-31T13:48:14+00:00\",\"dateModified\":\"2017-07-11T16:06:50+00:00\",\"breadcrumb\":{\"@id\":\"https:\\\/\\\/autate.fr\\\/site\\\/france-bleu-toulouse-petition-au-lycee-bellevue-contre-le-projet-de-trace-du-telepherique-urbain\\\/#breadcrumb\"},\"inLanguage\":\"fr-FR\",\"potentialAction\":[{\"@type\":\"ReadAction\",\"target\":[\"https:\\\/\\\/autate.fr\\\/site\\\/france-bleu-toulouse-petition-au-lycee-bellevue-contre-le-projet-de-trace-du-telepherique-urbain\\\/\"]}]},{\"@type\":\"ImageObject\",\"inLanguage\":\"fr-FR\",\"@id\":\"https:\\\/\\\/autate.fr\\\/site\\\/france-bleu-toulouse-petition-au-lycee-bellevue-contre-le-projet-de-trace-du-telepherique-urbain\\\/#primaryimage\",\"url\":\"https:\\\/\\\/autate.fr\\\/site\\\/wp-content\\\/uploads\\\/2016\\\/05\\\/parcbellevue.jpg\",\"contentUrl\":\"https:\\\/\\\/autate.fr\\\/site\\\/wp-content\\\/uploads\\\/2016\\\/05\\\/parcbellevue.jpg\",\"width\":870,\"height\":489},{\"@type\":\"BreadcrumbList\",\"@id\":\"https:\\\/\\\/autate.fr\\\/site\\\/france-bleu-toulouse-petition-au-lycee-bellevue-contre-le-projet-de-trace-du-telepherique-urbain\\\/#breadcrumb\",\"itemListElement\":[{\"@type\":\"ListItem\",\"position\":1,\"name\":\"Accueil\",\"item\":\"https:\\\/\\\/autate.fr\\\/site\\\/\"},{\"@type\":\"ListItem\",\"position\":2,\"name\":\"[France Bleu] Toulouse : p\u00e9tition au lyc\u00e9e Bellevue contre le projet de trac\u00e9 du t\u00e9l\u00e9ph\u00e9rique urbain\"}]},{\"@type\":\"WebSite\",\"@id\":\"https:\\\/\\\/autate.fr\\\/site\\\/#website\",\"url\":\"https:\\\/\\\/autate.fr\\\/site\\\/\",\"name\":\"AUTATE\",\"description\":\"Association des usagers des transports de l&#039;agglom\u00e9ration Toulousaine et de ses environs\",\"publisher\":{\"@id\":\"https:\\\/\\\/autate.fr\\\/site\\\/#organization\"},\"potentialAction\":[{\"@type\":\"SearchAction\",\"target\":{\"@type\":\"EntryPoint\",\"urlTemplate\":\"https:\\\/\\\/autate.fr\\\/site\\\/?s={search_term_string}\"},\"query-input\":{\"@type\":\"PropertyValueSpecification\",\"valueRequired\":true,\"valueName\":\"search_term_string\"}}],\"inLanguage\":\"fr-FR\"},{\"@type\":\"Organization\",\"@id\":\"https:\\\/\\\/autate.fr\\\/site\\\/#organization\",\"name\":\"AUTATE\",\"url\":\"https:\\\/\\\/autate.fr\\\/site\\\/\",\"logo\":{\"@type\":\"ImageObject\",\"inLanguage\":\"fr-FR\",\"@id\":\"https:\\\/\\\/autate.fr\\\/site\\\/#\\\/schema\\\/logo\\\/image\\\/\",\"url\":\"http:\\\/\\\/autate.fr\\\/site\\\/wp-content\\\/uploads\\\/2019\\\/01\\\/logo.png\",\"contentUrl\":\"http:\\\/\\\/autate.fr\\\/site\\\/wp-content\\\/uploads\\\/2019\\\/01\\\/logo.png\",\"width\":506,\"height\":280,\"caption\":\"AUTATE\"},\"image\":{\"@id\":\"https:\\\/\\\/autate.fr\\\/site\\\/#\\\/schema\\\/logo\\\/image\\\/\"},\"sameAs\":[\"https:\\\/\\\/www.facebook.com\\\/AutateToulouse\",\"https:\\\/\\\/x.com\\\/AutateToulouse\"]},{\"@type\":\"Person\",\"@id\":\"https:\\\/\\\/autate.fr\\\/site\\\/#\\\/schema\\\/person\\\/ae1ab8bdaa7b41d2a9b52d2557ce8254\",\"name\":\"pascalbarbier\",\"image\":{\"@type\":\"ImageObject\",\"inLanguage\":\"fr-FR\",\"@id\":\"https:\\\/\\\/secure.gravatar.com\\\/avatar\\\/03f4e8ced09894b72c67e83142540730d4b3bbf619bf46341b0074e3bf5f08a0?s=96&d=mm&r=g\",\"url\":\"https:\\\/\\\/secure.gravatar.com\\\/avatar\\\/03f4e8ced09894b72c67e83142540730d4b3bbf619bf46341b0074e3bf5f08a0?s=96&d=mm&r=g\",\"contentUrl\":\"https:\\\/\\\/secure.gravatar.com\\\/avatar\\\/03f4e8ced09894b72c67e83142540730d4b3bbf619bf46341b0074e3bf5f08a0?s=96&d=mm&r=g\",\"caption\":\"pascalbarbier\"},\"url\":\"https:\\\/\\\/autate.fr\\\/site\\\/author\\\/pascalbarbier\\\/\"}]}<\/script>\n<!-- \/ Yoast SEO plugin. -->","yoast_head_json":{"title":"[France Bleu] Toulouse : p\u00e9tition au lyc\u00e9e Bellevue contre le projet de trac\u00e9 du t\u00e9l\u00e9ph\u00e9rique urbain - AUTATE","robots":{"index":"index","follow":"follow","max-snippet":"max-snippet:-1","max-image-preview":"max-image-preview:large","max-video-preview":"max-video-preview:-1"},"canonical":"https:\/\/autate.fr\/site\/france-bleu-toulouse-petition-au-lycee-bellevue-contre-le-projet-de-trace-du-telepherique-urbain\/","og_locale":"fr_FR","og_type":"article","og_title":"[France Bleu] Toulouse : p\u00e9tition au lyc\u00e9e Bellevue contre le projet de trac\u00e9 du t\u00e9l\u00e9ph\u00e9rique urbain - AUTATE","og_description":"Un article de\u00a0 Julien Laignez publi\u00e9 le 30\/05\/2016 Le parc verdoyant du lyc\u00e9e Bellevue \u00e0 Toulouse \u00a9 Radio France &#8211; Julien Laignez La station terminus de l&rsquo;a\u00e9rotram urbain sud devrait \u00eatre construite \u00e0 l&rsquo;entr\u00e9e du lyc\u00e9e Bellevue dans le quartier Rangueil. Les parents d&rsquo;\u00e9l\u00e8ves, les enseignants et les lyc\u00e9ens s&rsquo;inqui\u00e8tent des cons\u00e9quences sur l&rsquo;environnement etVOIR PLUS","og_url":"https:\/\/autate.fr\/site\/france-bleu-toulouse-petition-au-lycee-bellevue-contre-le-projet-de-trace-du-telepherique-urbain\/","og_site_name":"AUTATE","article_publisher":"https:\/\/www.facebook.com\/AutateToulouse","article_published_time":"2016-05-31T13:48:14+00:00","article_modified_time":"2017-07-11T16:06:50+00:00","og_image":[{"width":870,"height":489,"url":"https:\/\/autate.fr\/site\/wp-content\/uploads\/2016\/05\/parcbellevue.jpg","type":"image\/jpeg"}],"author":"pascalbarbier","twitter_card":"summary_large_image","twitter_creator":"@AutateToulouse","twitter_site":"@AutateToulouse","twitter_misc":{"\u00c9crit par":"pascalbarbier"},"schema":{"@context":"https:\/\/schema.org","@graph":[{"@type":"Article","@id":"https:\/\/autate.fr\/site\/france-bleu-toulouse-petition-au-lycee-bellevue-contre-le-projet-de-trace-du-telepherique-urbain\/#article","isPartOf":{"@id":"https:\/\/autate.fr\/site\/france-bleu-toulouse-petition-au-lycee-bellevue-contre-le-projet-de-trace-du-telepherique-urbain\/"},"author":{"name":"pascalbarbier","@id":"https:\/\/autate.fr\/site\/#\/schema\/person\/ae1ab8bdaa7b41d2a9b52d2557ce8254"},"headline":"[France Bleu] Toulouse : p\u00e9tition au lyc\u00e9e Bellevue contre le projet de trac\u00e9 du t\u00e9l\u00e9ph\u00e9rique urbain","datePublished":"2016-05-31T13:48:14+00:00","dateModified":"2017-07-11T16:06:50+00:00","mainEntityOfPage":{"@id":"https:\/\/autate.fr\/site\/france-bleu-toulouse-petition-au-lycee-bellevue-contre-le-projet-de-trace-du-telepherique-urbain\/"},"wordCount":114,"commentCount":1,"publisher":{"@id":"https:\/\/autate.fr\/site\/#organization"},"image":{"@id":"https:\/\/autate.fr\/site\/france-bleu-toulouse-petition-au-lycee-bellevue-contre-le-projet-de-trace-du-telepherique-urbain\/#primaryimage"},"thumbnailUrl":"https:\/\/autate.fr\/site\/wp-content\/uploads\/2016\/05\/parcbellevue.jpg","keywords":["A\u00e9rotram","bellevue","P\u00e9tition","t\u00e9l\u00e9ph\u00e9rique"],"articleSection":["Revue de presse"],"inLanguage":"fr-FR","potentialAction":[{"@type":"CommentAction","name":"Comment","target":["https:\/\/autate.fr\/site\/france-bleu-toulouse-petition-au-lycee-bellevue-contre-le-projet-de-trace-du-telepherique-urbain\/#respond"]}]},{"@type":"WebPage","@id":"https:\/\/autate.fr\/site\/france-bleu-toulouse-petition-au-lycee-bellevue-contre-le-projet-de-trace-du-telepherique-urbain\/","url":"https:\/\/autate.fr\/site\/france-bleu-toulouse-petition-au-lycee-bellevue-contre-le-projet-de-trace-du-telepherique-urbain\/","name":"[France Bleu] Toulouse : p\u00e9tition au lyc\u00e9e Bellevue contre le projet de trac\u00e9 du t\u00e9l\u00e9ph\u00e9rique urbain - AUTATE","isPartOf":{"@id":"https:\/\/autate.fr\/site\/#website"},"primaryImageOfPage":{"@id":"https:\/\/autate.fr\/site\/france-bleu-toulouse-petition-au-lycee-bellevue-contre-le-projet-de-trace-du-telepherique-urbain\/#primaryimage"},"image":{"@id":"https:\/\/autate.fr\/site\/france-bleu-toulouse-petition-au-lycee-bellevue-contre-le-projet-de-trace-du-telepherique-urbain\/#primaryimage"},"thumbnailUrl":"https:\/\/autate.fr\/site\/wp-content\/uploads\/2016\/05\/parcbellevue.jpg","datePublished":"2016-05-31T13:48:14+00:00","dateModified":"2017-07-11T16:06:50+00:00","breadcrumb":{"@id":"https:\/\/autate.fr\/site\/france-bleu-toulouse-petition-au-lycee-bellevue-contre-le-projet-de-trace-du-telepherique-urbain\/#breadcrumb"},"inLanguage":"fr-FR","potentialAction":[{"@type":"ReadAction","target":["https:\/\/autate.fr\/site\/france-bleu-toulouse-petition-au-lycee-bellevue-contre-le-projet-de-trace-du-telepherique-urbain\/"]}]},{"@type":"ImageObject","inLanguage":"fr-FR","@id":"https:\/\/autate.fr\/site\/france-bleu-toulouse-petition-au-lycee-bellevue-contre-le-projet-de-trace-du-telepherique-urbain\/#primaryimage","url":"https:\/\/autate.fr\/site\/wp-content\/uploads\/2016\/05\/parcbellevue.jpg","contentUrl":"https:\/\/autate.fr\/site\/wp-content\/uploads\/2016\/05\/parcbellevue.jpg","width":870,"height":489},{"@type":"BreadcrumbList","@id":"https:\/\/autate.fr\/site\/france-bleu-toulouse-petition-au-lycee-bellevue-contre-le-projet-de-trace-du-telepherique-urbain\/#breadcrumb","itemListElement":[{"@type":"ListItem","position":1,"name":"Accueil","item":"https:\/\/autate.fr\/site\/"},{"@type":"ListItem","position":2,"name":"[France Bleu] Toulouse : p\u00e9tition au lyc\u00e9e Bellevue contre le projet de trac\u00e9 du t\u00e9l\u00e9ph\u00e9rique urbain"}]},{"@type":"WebSite","@id":"https:\/\/autate.fr\/site\/#website","url":"https:\/\/autate.fr\/site\/","name":"AUTATE","description":"Association des usagers des transports de l&#039;agglom\u00e9ration Toulousaine et de ses environs","publisher":{"@id":"https:\/\/autate.fr\/site\/#organization"},"potentialAction":[{"@type":"SearchAction","target":{"@type":"EntryPoint","urlTemplate":"https:\/\/autate.fr\/site\/?s={search_term_string}"},"query-input":{"@type":"PropertyValueSpecification","valueRequired":true,"valueName":"search_term_string"}}],"inLanguage":"fr-FR"},{"@type":"Organization","@id":"https:\/\/autate.fr\/site\/#organization","name":"AUTATE","url":"https:\/\/autate.fr\/site\/","logo":{"@type":"ImageObject","inLanguage":"fr-FR","@id":"https:\/\/autate.fr\/site\/#\/schema\/logo\/image\/","url":"http:\/\/autate.fr\/site\/wp-content\/uploads\/2019\/01\/logo.png","contentUrl":"http:\/\/autate.fr\/site\/wp-content\/uploads\/2019\/01\/logo.png","width":506,"height":280,"caption":"AUTATE"},"image":{"@id":"https:\/\/autate.fr\/site\/#\/schema\/logo\/image\/"},"sameAs":["https:\/\/www.facebook.com\/AutateToulouse","https:\/\/x.com\/AutateToulouse"]},{"@type":"Person","@id":"https:\/\/autate.fr\/site\/#\/schema\/person\/ae1ab8bdaa7b41d2a9b52d2557ce8254","name":"pascalbarbier","image":{"@type":"ImageObject","inLanguage":"fr-FR","@id":"https:\/\/secure.gravatar.com\/avatar\/03f4e8ced09894b72c67e83142540730d4b3bbf619bf46341b0074e3bf5f08a0?s=96&d=mm&r=g","url":"https:\/\/secure.gravatar.com\/avatar\/03f4e8ced09894b72c67e83142540730d4b3bbf619bf46341b0074e3bf5f08a0?s=96&d=mm&r=g","contentUrl":"https:\/\/secure.gravatar.com\/avatar\/03f4e8ced09894b72c67e83142540730d4b3bbf619bf46341b0074e3bf5f08a0?s=96&d=mm&r=g","caption":"pascalbarbier"},"url":"https:\/\/autate.fr\/site\/author\/pascalbarbier\/"}]}},"_links":{"self":[{"href":"https:\/\/autate.fr\/site\/wp-json\/wp\/v2\/posts\/641","targetHints":{"allow":["GET"]}}],"collection":[{"href":"https:\/\/autate.fr\/site\/wp-json\/wp\/v2\/posts"}],"about":[{"href":"https:\/\/autate.fr\/site\/wp-json\/wp\/v2\/types\/post"}],"author":[{"embeddable":true,"href":"https:\/\/autate.fr\/site\/wp-json\/wp\/v2\/users\/1"}],"replies":[{"embeddable":true,"href":"https:\/\/autate.fr\/site\/wp-json\/wp\/v2\/comments?post=641"}],"version-history":[{"count":4,"href":"https:\/\/autate.fr\/site\/wp-json\/wp\/v2\/posts\/641\/revisions"}],"predecessor-version":[{"id":1607,"href":"https:\/\/autate.fr\/site\/wp-json\/wp\/v2\/posts\/641\/revisions\/1607"}],"wp:featuredmedia":[{"embeddable":true,"href":"https:\/\/autate.fr\/site\/wp-json\/wp\/v2\/media\/644"}],"wp:attachment":[{"href":"https:\/\/autate.fr\/site\/wp-json\/wp\/v2\/media?parent=641"}],"wp:term":[{"taxonomy":"category","embeddable":true,"href":"https:\/\/autate.fr\/site\/wp-json\/wp\/v2\/categories?post=641"},{"taxonomy":"post_tag","embeddable":true,"href":"https:\/\/autate.fr\/site\/wp-json\/wp\/v2\/tags?post=641"}],"curies":[{"name":"wp","href":"https:\/\/api.w.org\/{rel}","templated":true}]}}