{"id":63,"date":"2015-12-02T23:39:54","date_gmt":"2015-12-02T22:39:54","guid":{"rendered":"http:\/\/autate.fr\/site\/?p=63"},"modified":"2015-12-26T15:10:22","modified_gmt":"2015-12-26T14:10:22","slug":"la-depeche-retards-dans-les-ter-les-chiffres-officiels-loin-de-la-realite-du-terrain","status":"publish","type":"post","link":"https:\/\/autate.fr\/site\/la-depeche-retards-dans-les-ter-les-chiffres-officiels-loin-de-la-realite-du-terrain\/","title":{"rendered":"[La D\u00e9p\u00eache] Retards dans les TER : les chiffres officiels loin de la r\u00e9alit\u00e9 du terrain"},"content":{"rendered":"<h2 class=\"sous_titre\">Transports<\/h2>\n<p>&nbsp;<\/p>\n<p>L&rsquo;association de consommateurs UFC Que Choisir <a href=\"http:\/\/www.ladepeche.fr\/communes\/toulouse,31555.html\">Toulouse<\/a> a relev\u00e9 717 incidents en 5 mois sur le r\u00e9seau TER. Elle demande un droit au remboursement automatique en cas de retards r\u00e9currents.<\/p>\n<div id=\"pub_dfp_article\" class=\"pub \"><\/div>\n<p>L&rsquo;am\u00e9lioration est \u00abinsignifiante\u00bb. Sur les 10 premiers moins de l&rsquo;ann\u00e9e 2015, le taux de ponctualit\u00e9 \u00abofficiel\u00bb des TER de Midi-Pyr\u00e9n\u00e9es est de 89,4 %. Soit \u00e0 peine 0,4 % de mieux que sur les 10 premiers mois de 2014, o\u00f9, selon l&rsquo;association de consommateurs UFC Que Choisir Toulouse, 89 % des trains avaient \u00e9t\u00e9 ponctuels dans notre r\u00e9gion.<\/p>\n<p>Et encore, l&rsquo;association donne ici les chiffres issus des donn\u00e9es officielles de la SNCF. Or, ceux-ci ne prennent pas en compte les trains d\u00e9programm\u00e9s, ni les retards de moins de 6 minutes.<\/p>\n<h2>Retard de 18 minutes en moyenne<\/h2>\n<p>Pour concr\u00e9tiser en chiffres le quotidien des Toulousains, l&rsquo;UFC Que Choisir a lanc\u00e9 en mai 2015 l&rsquo;application mobile \u00abAnti-retards\u00bb. Celle-ci permet aux utilisateurs des trains r\u00e9gionaux de signaler les incidents rencontr\u00e9s (annulations, retards). En cinq mois, explique l&rsquo;UFC, les utilisateurs de l&rsquo;application ont fait remonter 717 incidents : 71 % concernaient des retards, et 29 % des annulations de trains.<\/p>\n<p>Le retard moyen constat\u00e9 en Midi-Pyr\u00e9n\u00e9es gr\u00e2ce \u00e0 l&rsquo;application s&rsquo;\u00e9l\u00e8ve \u00e0 18 minutes. Et dans 50 % des cas (!), la SNCF n&rsquo;a communiqu\u00e9 aucun motif d&rsquo;explication aux voyageurs.<\/p>\n<p>\u00abTrop, c&rsquo;est trop. Il est temps que les candidats aux r\u00e9gionales (6 et 13 d\u00e9cembre prochains, N.D.L.R.) s&rsquo;engagent, explique Sylvie Pradelle, pr\u00e9sidente de l&rsquo;UFC Que Choisir Toulouse. Et qu&rsquo;ils le fassent pr\u00e9cis\u00e9ment\u00bb.<\/p>\n<p>L&rsquo;association pr\u00e9conise deux solutions pour am\u00e9liorer le quotidien des usagers, et inciter la SNCF \u00e0 v\u00e9ritablement agir pour la ponctualit\u00e9 de ses trains : un droit au remboursement automatique en cas de retards r\u00e9currents sur les lignes, et une politique de bonus\/malus, qui ferait baisser les paiements de la r\u00e9gion en cas de retards trop nombreux.<\/p>\n<p>\u00abActuellement, on privil\u00e9gie le TGV, qui transporte tr\u00e8s peu de personnes, en regard des millions de voyageurs quotidiens qui prennent le TER dans notre r\u00e9gion\u00bb, explique Danielle Charles, de l&rsquo;Association des usagers des transports de l&rsquo;agglo toulousaine et environ (1). Avec plusieurs autres associations d&rsquo;usagers, elle souhaite \u00abfaire pression sur l&rsquo;ex\u00e9cutif politique\u00bb.<\/p>\n<p><a href=\"http:\/\/www.ladepeche.fr\/article\/2015\/12\/02\/2229085-retards-ter-chiffres-officiels-loin-realite-terrain.html\">lire la suite sur La D\u00e9p\u00eache<\/a><\/p>\n<p>illustration : photo DDM<\/p>\n<h2 class=\"titre\"><\/h2>\n","protected":false},"excerpt":{"rendered":"<p>Transports &nbsp; L&rsquo;association de consommateurs UFC Que Choisir Toulouse a relev\u00e9 717 incidents en 5 mois sur le r\u00e9seau TER. Elle demande un droit au remboursement automatique en cas de retards r\u00e9currents. L&rsquo;am\u00e9lioration est \u00abinsignifiante\u00bb. Sur les 10 premiers moins de l&rsquo;ann\u00e9e 2015, le taux de ponctualit\u00e9 \u00abofficiel\u00bb des TER de Midi-Pyr\u00e9n\u00e9es est de 89,4<\/p>\n<p class=\"more-link\"><a href=\"https:\/\/autate.fr\/site\/la-depeche-retards-dans-les-ter-les-chiffres-officiels-loin-de-la-realite-du-terrain\/\" class=\"themebutton2\">VOIR PLUS<\/a><\/p>\n","protected":false},"author":1,"featured_media":64,"comment_status":"open","ping_status":"open","sticky":false,"template":"","format":"standard","meta":{"footnotes":""},"categories":[7],"tags":[9,11,8,10],"class_list":["post-63","post","type-post","status-publish","format-standard","has-post-thumbnail","hentry","category-revue-de-presse","tag-retards","tag-sncf","tag-ter","tag-usagers"],"yoast_head":"<!-- This site is optimized with the Yoast SEO plugin v27.4 - https:\/\/yoast.com\/product\/yoast-seo-wordpress\/ -->\n<title>[La D\u00e9p\u00eache] Retards dans les TER : les chiffres officiels loin de la r\u00e9alit\u00e9 du terrain - AUTATE<\/title>\n<meta name=\"robots\" content=\"index, follow, max-snippet:-1, max-image-preview:large, max-video-preview:-1\" \/>\n<link rel=\"canonical\" href=\"https:\/\/autate.fr\/site\/la-depeche-retards-dans-les-ter-les-chiffres-officiels-loin-de-la-realite-du-terrain\/\" \/>\n<meta property=\"og:locale\" content=\"fr_FR\" \/>\n<meta property=\"og:type\" content=\"article\" \/>\n<meta property=\"og:title\" content=\"[La D\u00e9p\u00eache] Retards dans les TER : les chiffres officiels loin de la r\u00e9alit\u00e9 du terrain - AUTATE\" \/>\n<meta property=\"og:description\" content=\"Transports &nbsp; L&rsquo;association de consommateurs UFC Que Choisir Toulouse a relev\u00e9 717 incidents en 5 mois sur le r\u00e9seau TER. Elle demande un droit au remboursement automatique en cas de retards r\u00e9currents. L&rsquo;am\u00e9lioration est \u00abinsignifiante\u00bb. Sur les 10 premiers moins de l&rsquo;ann\u00e9e 2015, le taux de ponctualit\u00e9 \u00abofficiel\u00bb des TER de Midi-Pyr\u00e9n\u00e9es est de 89,4VOIR PLUS\" \/>\n<meta property=\"og:url\" content=\"https:\/\/autate.fr\/site\/la-depeche-retards-dans-les-ter-les-chiffres-officiels-loin-de-la-realite-du-terrain\/\" \/>\n<meta property=\"og:site_name\" content=\"AUTATE\" \/>\n<meta property=\"article:publisher\" content=\"https:\/\/www.facebook.com\/AutateToulouse\" \/>\n<meta property=\"article:published_time\" content=\"2015-12-02T22:39:54+00:00\" \/>\n<meta property=\"article:modified_time\" content=\"2015-12-26T14:10:22+00:00\" \/>\n<meta property=\"og:image\" content=\"https:\/\/autate.fr\/site\/wp-content\/uploads\/2015\/12\/TERlad\u00e9p\u00eache.jpg\" \/>\n\t<meta property=\"og:image:width\" content=\"650\" \/>\n\t<meta property=\"og:image:height\" content=\"350\" \/>\n\t<meta property=\"og:image:type\" content=\"image\/jpeg\" \/>\n<meta name=\"author\" content=\"pascalbarbier\" \/>\n<meta name=\"twitter:card\" content=\"summary_large_image\" \/>\n<meta name=\"twitter:creator\" content=\"@AutateToulouse\" \/>\n<meta name=\"twitter:site\" content=\"@AutateToulouse\" \/>\n<meta name=\"twitter:label1\" content=\"\u00c9crit par\" \/>\n\t<meta name=\"twitter:data1\" content=\"pascalbarbier\" \/>\n\t<meta name=\"twitter:label2\" content=\"Dur\u00e9e de lecture estim\u00e9e\" \/>\n\t<meta name=\"twitter:data2\" content=\"2 minutes\" \/>\n<script type=\"application\/ld+json\" class=\"yoast-schema-graph\">{\"@context\":\"https:\\\/\\\/schema.org\",\"@graph\":[{\"@type\":\"Article\",\"@id\":\"https:\\\/\\\/autate.fr\\\/site\\\/la-depeche-retards-dans-les-ter-les-chiffres-officiels-loin-de-la-realite-du-terrain\\\/#article\",\"isPartOf\":{\"@id\":\"https:\\\/\\\/autate.fr\\\/site\\\/la-depeche-retards-dans-les-ter-les-chiffres-officiels-loin-de-la-realite-du-terrain\\\/\"},\"author\":{\"name\":\"pascalbarbier\",\"@id\":\"https:\\\/\\\/autate.fr\\\/site\\\/#\\\/schema\\\/person\\\/ae1ab8bdaa7b41d2a9b52d2557ce8254\"},\"headline\":\"[La D\u00e9p\u00eache] Retards dans les TER : les chiffres officiels loin de la r\u00e9alit\u00e9 du terrain\",\"datePublished\":\"2015-12-02T22:39:54+00:00\",\"dateModified\":\"2015-12-26T14:10:22+00:00\",\"mainEntityOfPage\":{\"@id\":\"https:\\\/\\\/autate.fr\\\/site\\\/la-depeche-retards-dans-les-ter-les-chiffres-officiels-loin-de-la-realite-du-terrain\\\/\"},\"wordCount\":389,\"commentCount\":0,\"publisher\":{\"@id\":\"https:\\\/\\\/autate.fr\\\/site\\\/#organization\"},\"image\":{\"@id\":\"https:\\\/\\\/autate.fr\\\/site\\\/la-depeche-retards-dans-les-ter-les-chiffres-officiels-loin-de-la-realite-du-terrain\\\/#primaryimage\"},\"thumbnailUrl\":\"https:\\\/\\\/autate.fr\\\/site\\\/wp-content\\\/uploads\\\/2015\\\/12\\\/TERlad\u00e9p\u00eache.jpg\",\"keywords\":[\"retards\",\"SNCF\",\"TER\",\"usagers\"],\"articleSection\":[\"Revue de presse\"],\"inLanguage\":\"fr-FR\",\"potentialAction\":[{\"@type\":\"CommentAction\",\"name\":\"Comment\",\"target\":[\"https:\\\/\\\/autate.fr\\\/site\\\/la-depeche-retards-dans-les-ter-les-chiffres-officiels-loin-de-la-realite-du-terrain\\\/#respond\"]}]},{\"@type\":\"WebPage\",\"@id\":\"https:\\\/\\\/autate.fr\\\/site\\\/la-depeche-retards-dans-les-ter-les-chiffres-officiels-loin-de-la-realite-du-terrain\\\/\",\"url\":\"https:\\\/\\\/autate.fr\\\/site\\\/la-depeche-retards-dans-les-ter-les-chiffres-officiels-loin-de-la-realite-du-terrain\\\/\",\"name\":\"[La D\u00e9p\u00eache] Retards dans les TER : les chiffres officiels loin de la r\u00e9alit\u00e9 du terrain - AUTATE\",\"isPartOf\":{\"@id\":\"https:\\\/\\\/autate.fr\\\/site\\\/#website\"},\"primaryImageOfPage\":{\"@id\":\"https:\\\/\\\/autate.fr\\\/site\\\/la-depeche-retards-dans-les-ter-les-chiffres-officiels-loin-de-la-realite-du-terrain\\\/#primaryimage\"},\"image\":{\"@id\":\"https:\\\/\\\/autate.fr\\\/site\\\/la-depeche-retards-dans-les-ter-les-chiffres-officiels-loin-de-la-realite-du-terrain\\\/#primaryimage\"},\"thumbnailUrl\":\"https:\\\/\\\/autate.fr\\\/site\\\/wp-content\\\/uploads\\\/2015\\\/12\\\/TERlad\u00e9p\u00eache.jpg\",\"datePublished\":\"2015-12-02T22:39:54+00:00\",\"dateModified\":\"2015-12-26T14:10:22+00:00\",\"breadcrumb\":{\"@id\":\"https:\\\/\\\/autate.fr\\\/site\\\/la-depeche-retards-dans-les-ter-les-chiffres-officiels-loin-de-la-realite-du-terrain\\\/#breadcrumb\"},\"inLanguage\":\"fr-FR\",\"potentialAction\":[{\"@type\":\"ReadAction\",\"target\":[\"https:\\\/\\\/autate.fr\\\/site\\\/la-depeche-retards-dans-les-ter-les-chiffres-officiels-loin-de-la-realite-du-terrain\\\/\"]}]},{\"@type\":\"ImageObject\",\"inLanguage\":\"fr-FR\",\"@id\":\"https:\\\/\\\/autate.fr\\\/site\\\/la-depeche-retards-dans-les-ter-les-chiffres-officiels-loin-de-la-realite-du-terrain\\\/#primaryimage\",\"url\":\"https:\\\/\\\/autate.fr\\\/site\\\/wp-content\\\/uploads\\\/2015\\\/12\\\/TERlad\u00e9p\u00eache.jpg\",\"contentUrl\":\"https:\\\/\\\/autate.fr\\\/site\\\/wp-content\\\/uploads\\\/2015\\\/12\\\/TERlad\u00e9p\u00eache.jpg\",\"width\":650,\"height\":350},{\"@type\":\"BreadcrumbList\",\"@id\":\"https:\\\/\\\/autate.fr\\\/site\\\/la-depeche-retards-dans-les-ter-les-chiffres-officiels-loin-de-la-realite-du-terrain\\\/#breadcrumb\",\"itemListElement\":[{\"@type\":\"ListItem\",\"position\":1,\"name\":\"Accueil\",\"item\":\"https:\\\/\\\/autate.fr\\\/site\\\/\"},{\"@type\":\"ListItem\",\"position\":2,\"name\":\"[La D\u00e9p\u00eache] Retards dans les TER : les chiffres officiels loin de la r\u00e9alit\u00e9 du terrain\"}]},{\"@type\":\"WebSite\",\"@id\":\"https:\\\/\\\/autate.fr\\\/site\\\/#website\",\"url\":\"https:\\\/\\\/autate.fr\\\/site\\\/\",\"name\":\"AUTATE\",\"description\":\"Association des usagers des transports de l&#039;agglom\u00e9ration Toulousaine et de ses environs\",\"publisher\":{\"@id\":\"https:\\\/\\\/autate.fr\\\/site\\\/#organization\"},\"potentialAction\":[{\"@type\":\"SearchAction\",\"target\":{\"@type\":\"EntryPoint\",\"urlTemplate\":\"https:\\\/\\\/autate.fr\\\/site\\\/?s={search_term_string}\"},\"query-input\":{\"@type\":\"PropertyValueSpecification\",\"valueRequired\":true,\"valueName\":\"search_term_string\"}}],\"inLanguage\":\"fr-FR\"},{\"@type\":\"Organization\",\"@id\":\"https:\\\/\\\/autate.fr\\\/site\\\/#organization\",\"name\":\"AUTATE\",\"url\":\"https:\\\/\\\/autate.fr\\\/site\\\/\",\"logo\":{\"@type\":\"ImageObject\",\"inLanguage\":\"fr-FR\",\"@id\":\"https:\\\/\\\/autate.fr\\\/site\\\/#\\\/schema\\\/logo\\\/image\\\/\",\"url\":\"http:\\\/\\\/autate.fr\\\/site\\\/wp-content\\\/uploads\\\/2019\\\/01\\\/logo.png\",\"contentUrl\":\"http:\\\/\\\/autate.fr\\\/site\\\/wp-content\\\/uploads\\\/2019\\\/01\\\/logo.png\",\"width\":506,\"height\":280,\"caption\":\"AUTATE\"},\"image\":{\"@id\":\"https:\\\/\\\/autate.fr\\\/site\\\/#\\\/schema\\\/logo\\\/image\\\/\"},\"sameAs\":[\"https:\\\/\\\/www.facebook.com\\\/AutateToulouse\",\"https:\\\/\\\/x.com\\\/AutateToulouse\"]},{\"@type\":\"Person\",\"@id\":\"https:\\\/\\\/autate.fr\\\/site\\\/#\\\/schema\\\/person\\\/ae1ab8bdaa7b41d2a9b52d2557ce8254\",\"name\":\"pascalbarbier\",\"image\":{\"@type\":\"ImageObject\",\"inLanguage\":\"fr-FR\",\"@id\":\"https:\\\/\\\/secure.gravatar.com\\\/avatar\\\/03f4e8ced09894b72c67e83142540730d4b3bbf619bf46341b0074e3bf5f08a0?s=96&d=mm&r=g\",\"url\":\"https:\\\/\\\/secure.gravatar.com\\\/avatar\\\/03f4e8ced09894b72c67e83142540730d4b3bbf619bf46341b0074e3bf5f08a0?s=96&d=mm&r=g\",\"contentUrl\":\"https:\\\/\\\/secure.gravatar.com\\\/avatar\\\/03f4e8ced09894b72c67e83142540730d4b3bbf619bf46341b0074e3bf5f08a0?s=96&d=mm&r=g\",\"caption\":\"pascalbarbier\"},\"url\":\"https:\\\/\\\/autate.fr\\\/site\\\/author\\\/pascalbarbier\\\/\"}]}<\/script>\n<!-- \/ Yoast SEO plugin. -->","yoast_head_json":{"title":"[La D\u00e9p\u00eache] Retards dans les TER : les chiffres officiels loin de la r\u00e9alit\u00e9 du terrain - AUTATE","robots":{"index":"index","follow":"follow","max-snippet":"max-snippet:-1","max-image-preview":"max-image-preview:large","max-video-preview":"max-video-preview:-1"},"canonical":"https:\/\/autate.fr\/site\/la-depeche-retards-dans-les-ter-les-chiffres-officiels-loin-de-la-realite-du-terrain\/","og_locale":"fr_FR","og_type":"article","og_title":"[La D\u00e9p\u00eache] Retards dans les TER : les chiffres officiels loin de la r\u00e9alit\u00e9 du terrain - AUTATE","og_description":"Transports &nbsp; L&rsquo;association de consommateurs UFC Que Choisir Toulouse a relev\u00e9 717 incidents en 5 mois sur le r\u00e9seau TER. Elle demande un droit au remboursement automatique en cas de retards r\u00e9currents. L&rsquo;am\u00e9lioration est \u00abinsignifiante\u00bb. Sur les 10 premiers moins de l&rsquo;ann\u00e9e 2015, le taux de ponctualit\u00e9 \u00abofficiel\u00bb des TER de Midi-Pyr\u00e9n\u00e9es est de 89,4VOIR PLUS","og_url":"https:\/\/autate.fr\/site\/la-depeche-retards-dans-les-ter-les-chiffres-officiels-loin-de-la-realite-du-terrain\/","og_site_name":"AUTATE","article_publisher":"https:\/\/www.facebook.com\/AutateToulouse","article_published_time":"2015-12-02T22:39:54+00:00","article_modified_time":"2015-12-26T14:10:22+00:00","og_image":[{"width":650,"height":350,"url":"https:\/\/autate.fr\/site\/wp-content\/uploads\/2015\/12\/TERlad\u00e9p\u00eache.jpg","type":"image\/jpeg"}],"author":"pascalbarbier","twitter_card":"summary_large_image","twitter_creator":"@AutateToulouse","twitter_site":"@AutateToulouse","twitter_misc":{"\u00c9crit par":"pascalbarbier","Dur\u00e9e de lecture estim\u00e9e":"2 minutes"},"schema":{"@context":"https:\/\/schema.org","@graph":[{"@type":"Article","@id":"https:\/\/autate.fr\/site\/la-depeche-retards-dans-les-ter-les-chiffres-officiels-loin-de-la-realite-du-terrain\/#article","isPartOf":{"@id":"https:\/\/autate.fr\/site\/la-depeche-retards-dans-les-ter-les-chiffres-officiels-loin-de-la-realite-du-terrain\/"},"author":{"name":"pascalbarbier","@id":"https:\/\/autate.fr\/site\/#\/schema\/person\/ae1ab8bdaa7b41d2a9b52d2557ce8254"},"headline":"[La D\u00e9p\u00eache] Retards dans les TER : les chiffres officiels loin de la r\u00e9alit\u00e9 du terrain","datePublished":"2015-12-02T22:39:54+00:00","dateModified":"2015-12-26T14:10:22+00:00","mainEntityOfPage":{"@id":"https:\/\/autate.fr\/site\/la-depeche-retards-dans-les-ter-les-chiffres-officiels-loin-de-la-realite-du-terrain\/"},"wordCount":389,"commentCount":0,"publisher":{"@id":"https:\/\/autate.fr\/site\/#organization"},"image":{"@id":"https:\/\/autate.fr\/site\/la-depeche-retards-dans-les-ter-les-chiffres-officiels-loin-de-la-realite-du-terrain\/#primaryimage"},"thumbnailUrl":"https:\/\/autate.fr\/site\/wp-content\/uploads\/2015\/12\/TERlad\u00e9p\u00eache.jpg","keywords":["retards","SNCF","TER","usagers"],"articleSection":["Revue de presse"],"inLanguage":"fr-FR","potentialAction":[{"@type":"CommentAction","name":"Comment","target":["https:\/\/autate.fr\/site\/la-depeche-retards-dans-les-ter-les-chiffres-officiels-loin-de-la-realite-du-terrain\/#respond"]}]},{"@type":"WebPage","@id":"https:\/\/autate.fr\/site\/la-depeche-retards-dans-les-ter-les-chiffres-officiels-loin-de-la-realite-du-terrain\/","url":"https:\/\/autate.fr\/site\/la-depeche-retards-dans-les-ter-les-chiffres-officiels-loin-de-la-realite-du-terrain\/","name":"[La D\u00e9p\u00eache] Retards dans les TER : les chiffres officiels loin de la r\u00e9alit\u00e9 du terrain - AUTATE","isPartOf":{"@id":"https:\/\/autate.fr\/site\/#website"},"primaryImageOfPage":{"@id":"https:\/\/autate.fr\/site\/la-depeche-retards-dans-les-ter-les-chiffres-officiels-loin-de-la-realite-du-terrain\/#primaryimage"},"image":{"@id":"https:\/\/autate.fr\/site\/la-depeche-retards-dans-les-ter-les-chiffres-officiels-loin-de-la-realite-du-terrain\/#primaryimage"},"thumbnailUrl":"https:\/\/autate.fr\/site\/wp-content\/uploads\/2015\/12\/TERlad\u00e9p\u00eache.jpg","datePublished":"2015-12-02T22:39:54+00:00","dateModified":"2015-12-26T14:10:22+00:00","breadcrumb":{"@id":"https:\/\/autate.fr\/site\/la-depeche-retards-dans-les-ter-les-chiffres-officiels-loin-de-la-realite-du-terrain\/#breadcrumb"},"inLanguage":"fr-FR","potentialAction":[{"@type":"ReadAction","target":["https:\/\/autate.fr\/site\/la-depeche-retards-dans-les-ter-les-chiffres-officiels-loin-de-la-realite-du-terrain\/"]}]},{"@type":"ImageObject","inLanguage":"fr-FR","@id":"https:\/\/autate.fr\/site\/la-depeche-retards-dans-les-ter-les-chiffres-officiels-loin-de-la-realite-du-terrain\/#primaryimage","url":"https:\/\/autate.fr\/site\/wp-content\/uploads\/2015\/12\/TERlad\u00e9p\u00eache.jpg","contentUrl":"https:\/\/autate.fr\/site\/wp-content\/uploads\/2015\/12\/TERlad\u00e9p\u00eache.jpg","width":650,"height":350},{"@type":"BreadcrumbList","@id":"https:\/\/autate.fr\/site\/la-depeche-retards-dans-les-ter-les-chiffres-officiels-loin-de-la-realite-du-terrain\/#breadcrumb","itemListElement":[{"@type":"ListItem","position":1,"name":"Accueil","item":"https:\/\/autate.fr\/site\/"},{"@type":"ListItem","position":2,"name":"[La D\u00e9p\u00eache] Retards dans les TER : les chiffres officiels loin de la r\u00e9alit\u00e9 du terrain"}]},{"@type":"WebSite","@id":"https:\/\/autate.fr\/site\/#website","url":"https:\/\/autate.fr\/site\/","name":"AUTATE","description":"Association des usagers des transports de l&#039;agglom\u00e9ration Toulousaine et de ses environs","publisher":{"@id":"https:\/\/autate.fr\/site\/#organization"},"potentialAction":[{"@type":"SearchAction","target":{"@type":"EntryPoint","urlTemplate":"https:\/\/autate.fr\/site\/?s={search_term_string}"},"query-input":{"@type":"PropertyValueSpecification","valueRequired":true,"valueName":"search_term_string"}}],"inLanguage":"fr-FR"},{"@type":"Organization","@id":"https:\/\/autate.fr\/site\/#organization","name":"AUTATE","url":"https:\/\/autate.fr\/site\/","logo":{"@type":"ImageObject","inLanguage":"fr-FR","@id":"https:\/\/autate.fr\/site\/#\/schema\/logo\/image\/","url":"http:\/\/autate.fr\/site\/wp-content\/uploads\/2019\/01\/logo.png","contentUrl":"http:\/\/autate.fr\/site\/wp-content\/uploads\/2019\/01\/logo.png","width":506,"height":280,"caption":"AUTATE"},"image":{"@id":"https:\/\/autate.fr\/site\/#\/schema\/logo\/image\/"},"sameAs":["https:\/\/www.facebook.com\/AutateToulouse","https:\/\/x.com\/AutateToulouse"]},{"@type":"Person","@id":"https:\/\/autate.fr\/site\/#\/schema\/person\/ae1ab8bdaa7b41d2a9b52d2557ce8254","name":"pascalbarbier","image":{"@type":"ImageObject","inLanguage":"fr-FR","@id":"https:\/\/secure.gravatar.com\/avatar\/03f4e8ced09894b72c67e83142540730d4b3bbf619bf46341b0074e3bf5f08a0?s=96&d=mm&r=g","url":"https:\/\/secure.gravatar.com\/avatar\/03f4e8ced09894b72c67e83142540730d4b3bbf619bf46341b0074e3bf5f08a0?s=96&d=mm&r=g","contentUrl":"https:\/\/secure.gravatar.com\/avatar\/03f4e8ced09894b72c67e83142540730d4b3bbf619bf46341b0074e3bf5f08a0?s=96&d=mm&r=g","caption":"pascalbarbier"},"url":"https:\/\/autate.fr\/site\/author\/pascalbarbier\/"}]}},"_links":{"self":[{"href":"https:\/\/autate.fr\/site\/wp-json\/wp\/v2\/posts\/63","targetHints":{"allow":["GET"]}}],"collection":[{"href":"https:\/\/autate.fr\/site\/wp-json\/wp\/v2\/posts"}],"about":[{"href":"https:\/\/autate.fr\/site\/wp-json\/wp\/v2\/types\/post"}],"author":[{"embeddable":true,"href":"https:\/\/autate.fr\/site\/wp-json\/wp\/v2\/users\/1"}],"replies":[{"embeddable":true,"href":"https:\/\/autate.fr\/site\/wp-json\/wp\/v2\/comments?post=63"}],"version-history":[{"count":2,"href":"https:\/\/autate.fr\/site\/wp-json\/wp\/v2\/posts\/63\/revisions"}],"predecessor-version":[{"id":123,"href":"https:\/\/autate.fr\/site\/wp-json\/wp\/v2\/posts\/63\/revisions\/123"}],"wp:featuredmedia":[{"embeddable":true,"href":"https:\/\/autate.fr\/site\/wp-json\/wp\/v2\/media\/64"}],"wp:attachment":[{"href":"https:\/\/autate.fr\/site\/wp-json\/wp\/v2\/media?parent=63"}],"wp:term":[{"taxonomy":"category","embeddable":true,"href":"https:\/\/autate.fr\/site\/wp-json\/wp\/v2\/categories?post=63"},{"taxonomy":"post_tag","embeddable":true,"href":"https:\/\/autate.fr\/site\/wp-json\/wp\/v2\/tags?post=63"}],"curies":[{"name":"wp","href":"https:\/\/api.w.org\/{rel}","templated":true}]}}