{"id":626,"date":"2016-05-31T15:26:40","date_gmt":"2016-05-31T13:26:40","guid":{"rendered":"http:\/\/autate.fr\/site\/?p=626"},"modified":"2016-06-06T15:36:22","modified_gmt":"2016-06-06T13:36:22","slug":"la-depeche-toulouse-une-petition-contre-le-survol-du-lycee-bellevue-par-le-futur-telepherique","status":"publish","type":"post","link":"https:\/\/autate.fr\/site\/la-depeche-toulouse-une-petition-contre-le-survol-du-lycee-bellevue-par-le-futur-telepherique\/","title":{"rendered":"[La D\u00e9p\u00eache] Toulouse : une p\u00e9tition contre le survol du lyc\u00e9e Bellevue par le futur t\u00e9l\u00e9ph\u00e9rique"},"content":{"rendered":"<p>Un article publi\u00e9 le 30\/05\/2016 DDM illustration<\/p>\n<p>Les \u00e9l\u00e8ves, le personnel de l\u2019\u00e9tablissement et les parents d\u2019\u00e9l\u00e8ves du lyc\u00e9e Bellevue s&rsquo;inqui\u00e8tent de l&rsquo;implantation de la gare de l&rsquo;<a href=\"http:\/\/www.ladepeche.fr\/recherche\/?q=a%C3%A9rotram\" target=\"_blank\">A\u00e9rotram<\/a> et du parcours de la ligne t\u00e9l\u00e9ph\u00e9rique dans et au-dessus du lyc\u00e9e Bellevue.<\/p>\n<div id=\"pub_dfp_article\" class=\"pub \"><\/div>\n<p>Une p\u00e9tition destin\u00e9e \u00e0 Tiss\u00e9o, la mairie de <a href=\"http:\/\/www.ladepeche.fr\/communes\/toulouse,31555.html\">Toulouse<\/a>, Toulouse m\u00e9tropole et la STMC, qui a pour le moment recueilli un peu plus d&rsquo;une centaine de signatures, <a href=\"https:\/\/www.change.org\/p\/tiss%C3%A9o-p%C3%A9tition-contre-le-survol-du-lyc%C3%A9e-bellevue-%C3%A0-toulouse-par-un-a%C3%A9rotram?recruiter=543189626&amp;utm_source=share_for_starters&amp;utm_medium=copyLink\" target=\"_blank\">vient d&rsquo;ailleurs d&rsquo;\u00eatre mise en ligne<\/a>.<\/p>\n<p><a href=\"http:\/\/www.ladepeche.fr\/article\/2016\/05\/30\/2355021-toulouse-petition-contre-survol-lycee-bellevue-futur-telepherique.html\" target=\"_blank\">lire la suite<\/a><\/p>\n","protected":false},"excerpt":{"rendered":"<p>Un article publi\u00e9 le 30\/05\/2016 DDM illustration Les \u00e9l\u00e8ves, le personnel de l\u2019\u00e9tablissement et les parents d\u2019\u00e9l\u00e8ves du lyc\u00e9e Bellevue s&rsquo;inqui\u00e8tent de l&rsquo;implantation de la gare de l&rsquo;A\u00e9rotram et du parcours de la ligne t\u00e9l\u00e9ph\u00e9rique dans et au-dessus du lyc\u00e9e Bellevue. Une p\u00e9tition destin\u00e9e \u00e0 Tiss\u00e9o, la mairie de Toulouse, Toulouse m\u00e9tropole et la STMC,<\/p>\n<p class=\"more-link\"><a href=\"https:\/\/autate.fr\/site\/la-depeche-toulouse-une-petition-contre-le-survol-du-lycee-bellevue-par-le-futur-telepherique\/\" class=\"themebutton2\">VOIR PLUS<\/a><\/p>\n","protected":false},"author":1,"featured_media":633,"comment_status":"open","ping_status":"open","sticky":false,"template":"","format":"standard","meta":{"footnotes":""},"categories":[7],"tags":[27,198,97,28],"class_list":["post-626","post","type-post","status-publish","format-standard","has-post-thumbnail","hentry","category-revue-de-presse","tag-aerotram","tag-bellevue","tag-petition","tag-telepherique"],"yoast_head":"<!-- This site is optimized with the Yoast SEO plugin v27.4 - https:\/\/yoast.com\/product\/yoast-seo-wordpress\/ -->\n<title>[La D\u00e9p\u00eache] Toulouse : une p\u00e9tition contre le survol du lyc\u00e9e Bellevue par le futur t\u00e9l\u00e9ph\u00e9rique - AUTATE<\/title>\n<meta name=\"robots\" content=\"index, follow, max-snippet:-1, max-image-preview:large, max-video-preview:-1\" \/>\n<link rel=\"canonical\" href=\"https:\/\/autate.fr\/site\/la-depeche-toulouse-une-petition-contre-le-survol-du-lycee-bellevue-par-le-futur-telepherique\/\" \/>\n<meta property=\"og:locale\" content=\"fr_FR\" \/>\n<meta property=\"og:type\" content=\"article\" \/>\n<meta property=\"og:title\" content=\"[La D\u00e9p\u00eache] Toulouse : une p\u00e9tition contre le survol du lyc\u00e9e Bellevue par le futur t\u00e9l\u00e9ph\u00e9rique - AUTATE\" \/>\n<meta property=\"og:description\" content=\"Un article publi\u00e9 le 30\/05\/2016 DDM illustration Les \u00e9l\u00e8ves, le personnel de l\u2019\u00e9tablissement et les parents d\u2019\u00e9l\u00e8ves du lyc\u00e9e Bellevue s&rsquo;inqui\u00e8tent de l&rsquo;implantation de la gare de l&rsquo;A\u00e9rotram et du parcours de la ligne t\u00e9l\u00e9ph\u00e9rique dans et au-dessus du lyc\u00e9e Bellevue. Une p\u00e9tition destin\u00e9e \u00e0 Tiss\u00e9o, la mairie de Toulouse, Toulouse m\u00e9tropole et la STMC,VOIR PLUS\" \/>\n<meta property=\"og:url\" content=\"https:\/\/autate.fr\/site\/la-depeche-toulouse-une-petition-contre-le-survol-du-lycee-bellevue-par-le-futur-telepherique\/\" \/>\n<meta property=\"og:site_name\" content=\"AUTATE\" \/>\n<meta property=\"article:publisher\" content=\"https:\/\/www.facebook.com\/AutateToulouse\" \/>\n<meta property=\"article:published_time\" content=\"2016-05-31T13:26:40+00:00\" \/>\n<meta property=\"article:modified_time\" content=\"2016-06-06T13:36:22+00:00\" \/>\n<meta property=\"og:image\" content=\"https:\/\/autate.fr\/site\/wp-content\/uploads\/2016\/05\/photoa\u00e9rotrambellevue.jpg\" \/>\n\t<meta property=\"og:image:width\" content=\"650\" \/>\n\t<meta property=\"og:image:height\" content=\"350\" \/>\n\t<meta property=\"og:image:type\" content=\"image\/jpeg\" \/>\n<meta name=\"author\" content=\"pascalbarbier\" \/>\n<meta name=\"twitter:card\" content=\"summary_large_image\" \/>\n<meta name=\"twitter:creator\" content=\"@AutateToulouse\" \/>\n<meta name=\"twitter:site\" content=\"@AutateToulouse\" \/>\n<meta name=\"twitter:label1\" content=\"\u00c9crit par\" \/>\n\t<meta name=\"twitter:data1\" content=\"pascalbarbier\" \/>\n<script type=\"application\/ld+json\" class=\"yoast-schema-graph\">{\"@context\":\"https:\\\/\\\/schema.org\",\"@graph\":[{\"@type\":\"Article\",\"@id\":\"https:\\\/\\\/autate.fr\\\/site\\\/la-depeche-toulouse-une-petition-contre-le-survol-du-lycee-bellevue-par-le-futur-telepherique\\\/#article\",\"isPartOf\":{\"@id\":\"https:\\\/\\\/autate.fr\\\/site\\\/la-depeche-toulouse-une-petition-contre-le-survol-du-lycee-bellevue-par-le-futur-telepherique\\\/\"},\"author\":{\"name\":\"pascalbarbier\",\"@id\":\"https:\\\/\\\/autate.fr\\\/site\\\/#\\\/schema\\\/person\\\/ae1ab8bdaa7b41d2a9b52d2557ce8254\"},\"headline\":\"[La D\u00e9p\u00eache] Toulouse : une p\u00e9tition contre le survol du lyc\u00e9e Bellevue par le futur t\u00e9l\u00e9ph\u00e9rique\",\"datePublished\":\"2016-05-31T13:26:40+00:00\",\"dateModified\":\"2016-06-06T13:36:22+00:00\",\"mainEntityOfPage\":{\"@id\":\"https:\\\/\\\/autate.fr\\\/site\\\/la-depeche-toulouse-une-petition-contre-le-survol-du-lycee-bellevue-par-le-futur-telepherique\\\/\"},\"wordCount\":113,\"commentCount\":0,\"publisher\":{\"@id\":\"https:\\\/\\\/autate.fr\\\/site\\\/#organization\"},\"image\":{\"@id\":\"https:\\\/\\\/autate.fr\\\/site\\\/la-depeche-toulouse-une-petition-contre-le-survol-du-lycee-bellevue-par-le-futur-telepherique\\\/#primaryimage\"},\"thumbnailUrl\":\"https:\\\/\\\/autate.fr\\\/site\\\/wp-content\\\/uploads\\\/2016\\\/05\\\/photoa\u00e9rotrambellevue.jpg\",\"keywords\":[\"A\u00e9rotram\",\"bellevue\",\"P\u00e9tition\",\"t\u00e9l\u00e9ph\u00e9rique\"],\"articleSection\":[\"Revue de presse\"],\"inLanguage\":\"fr-FR\",\"potentialAction\":[{\"@type\":\"CommentAction\",\"name\":\"Comment\",\"target\":[\"https:\\\/\\\/autate.fr\\\/site\\\/la-depeche-toulouse-une-petition-contre-le-survol-du-lycee-bellevue-par-le-futur-telepherique\\\/#respond\"]}]},{\"@type\":\"WebPage\",\"@id\":\"https:\\\/\\\/autate.fr\\\/site\\\/la-depeche-toulouse-une-petition-contre-le-survol-du-lycee-bellevue-par-le-futur-telepherique\\\/\",\"url\":\"https:\\\/\\\/autate.fr\\\/site\\\/la-depeche-toulouse-une-petition-contre-le-survol-du-lycee-bellevue-par-le-futur-telepherique\\\/\",\"name\":\"[La D\u00e9p\u00eache] Toulouse : une p\u00e9tition contre le survol du lyc\u00e9e Bellevue par le futur t\u00e9l\u00e9ph\u00e9rique - AUTATE\",\"isPartOf\":{\"@id\":\"https:\\\/\\\/autate.fr\\\/site\\\/#website\"},\"primaryImageOfPage\":{\"@id\":\"https:\\\/\\\/autate.fr\\\/site\\\/la-depeche-toulouse-une-petition-contre-le-survol-du-lycee-bellevue-par-le-futur-telepherique\\\/#primaryimage\"},\"image\":{\"@id\":\"https:\\\/\\\/autate.fr\\\/site\\\/la-depeche-toulouse-une-petition-contre-le-survol-du-lycee-bellevue-par-le-futur-telepherique\\\/#primaryimage\"},\"thumbnailUrl\":\"https:\\\/\\\/autate.fr\\\/site\\\/wp-content\\\/uploads\\\/2016\\\/05\\\/photoa\u00e9rotrambellevue.jpg\",\"datePublished\":\"2016-05-31T13:26:40+00:00\",\"dateModified\":\"2016-06-06T13:36:22+00:00\",\"breadcrumb\":{\"@id\":\"https:\\\/\\\/autate.fr\\\/site\\\/la-depeche-toulouse-une-petition-contre-le-survol-du-lycee-bellevue-par-le-futur-telepherique\\\/#breadcrumb\"},\"inLanguage\":\"fr-FR\",\"potentialAction\":[{\"@type\":\"ReadAction\",\"target\":[\"https:\\\/\\\/autate.fr\\\/site\\\/la-depeche-toulouse-une-petition-contre-le-survol-du-lycee-bellevue-par-le-futur-telepherique\\\/\"]}]},{\"@type\":\"ImageObject\",\"inLanguage\":\"fr-FR\",\"@id\":\"https:\\\/\\\/autate.fr\\\/site\\\/la-depeche-toulouse-une-petition-contre-le-survol-du-lycee-bellevue-par-le-futur-telepherique\\\/#primaryimage\",\"url\":\"https:\\\/\\\/autate.fr\\\/site\\\/wp-content\\\/uploads\\\/2016\\\/05\\\/photoa\u00e9rotrambellevue.jpg\",\"contentUrl\":\"https:\\\/\\\/autate.fr\\\/site\\\/wp-content\\\/uploads\\\/2016\\\/05\\\/photoa\u00e9rotrambellevue.jpg\",\"width\":650,\"height\":350},{\"@type\":\"BreadcrumbList\",\"@id\":\"https:\\\/\\\/autate.fr\\\/site\\\/la-depeche-toulouse-une-petition-contre-le-survol-du-lycee-bellevue-par-le-futur-telepherique\\\/#breadcrumb\",\"itemListElement\":[{\"@type\":\"ListItem\",\"position\":1,\"name\":\"Accueil\",\"item\":\"https:\\\/\\\/autate.fr\\\/site\\\/\"},{\"@type\":\"ListItem\",\"position\":2,\"name\":\"[La D\u00e9p\u00eache] Toulouse : une p\u00e9tition contre le survol du lyc\u00e9e Bellevue par le futur t\u00e9l\u00e9ph\u00e9rique\"}]},{\"@type\":\"WebSite\",\"@id\":\"https:\\\/\\\/autate.fr\\\/site\\\/#website\",\"url\":\"https:\\\/\\\/autate.fr\\\/site\\\/\",\"name\":\"AUTATE\",\"description\":\"Association des usagers des transports de l&#039;agglom\u00e9ration Toulousaine et de ses environs\",\"publisher\":{\"@id\":\"https:\\\/\\\/autate.fr\\\/site\\\/#organization\"},\"potentialAction\":[{\"@type\":\"SearchAction\",\"target\":{\"@type\":\"EntryPoint\",\"urlTemplate\":\"https:\\\/\\\/autate.fr\\\/site\\\/?s={search_term_string}\"},\"query-input\":{\"@type\":\"PropertyValueSpecification\",\"valueRequired\":true,\"valueName\":\"search_term_string\"}}],\"inLanguage\":\"fr-FR\"},{\"@type\":\"Organization\",\"@id\":\"https:\\\/\\\/autate.fr\\\/site\\\/#organization\",\"name\":\"AUTATE\",\"url\":\"https:\\\/\\\/autate.fr\\\/site\\\/\",\"logo\":{\"@type\":\"ImageObject\",\"inLanguage\":\"fr-FR\",\"@id\":\"https:\\\/\\\/autate.fr\\\/site\\\/#\\\/schema\\\/logo\\\/image\\\/\",\"url\":\"http:\\\/\\\/autate.fr\\\/site\\\/wp-content\\\/uploads\\\/2019\\\/01\\\/logo.png\",\"contentUrl\":\"http:\\\/\\\/autate.fr\\\/site\\\/wp-content\\\/uploads\\\/2019\\\/01\\\/logo.png\",\"width\":506,\"height\":280,\"caption\":\"AUTATE\"},\"image\":{\"@id\":\"https:\\\/\\\/autate.fr\\\/site\\\/#\\\/schema\\\/logo\\\/image\\\/\"},\"sameAs\":[\"https:\\\/\\\/www.facebook.com\\\/AutateToulouse\",\"https:\\\/\\\/x.com\\\/AutateToulouse\"]},{\"@type\":\"Person\",\"@id\":\"https:\\\/\\\/autate.fr\\\/site\\\/#\\\/schema\\\/person\\\/ae1ab8bdaa7b41d2a9b52d2557ce8254\",\"name\":\"pascalbarbier\",\"image\":{\"@type\":\"ImageObject\",\"inLanguage\":\"fr-FR\",\"@id\":\"https:\\\/\\\/secure.gravatar.com\\\/avatar\\\/03f4e8ced09894b72c67e83142540730d4b3bbf619bf46341b0074e3bf5f08a0?s=96&d=mm&r=g\",\"url\":\"https:\\\/\\\/secure.gravatar.com\\\/avatar\\\/03f4e8ced09894b72c67e83142540730d4b3bbf619bf46341b0074e3bf5f08a0?s=96&d=mm&r=g\",\"contentUrl\":\"https:\\\/\\\/secure.gravatar.com\\\/avatar\\\/03f4e8ced09894b72c67e83142540730d4b3bbf619bf46341b0074e3bf5f08a0?s=96&d=mm&r=g\",\"caption\":\"pascalbarbier\"},\"url\":\"https:\\\/\\\/autate.fr\\\/site\\\/author\\\/pascalbarbier\\\/\"}]}<\/script>\n<!-- \/ Yoast SEO plugin. -->","yoast_head_json":{"title":"[La D\u00e9p\u00eache] Toulouse : une p\u00e9tition contre le survol du lyc\u00e9e Bellevue par le futur t\u00e9l\u00e9ph\u00e9rique - AUTATE","robots":{"index":"index","follow":"follow","max-snippet":"max-snippet:-1","max-image-preview":"max-image-preview:large","max-video-preview":"max-video-preview:-1"},"canonical":"https:\/\/autate.fr\/site\/la-depeche-toulouse-une-petition-contre-le-survol-du-lycee-bellevue-par-le-futur-telepherique\/","og_locale":"fr_FR","og_type":"article","og_title":"[La D\u00e9p\u00eache] Toulouse : une p\u00e9tition contre le survol du lyc\u00e9e Bellevue par le futur t\u00e9l\u00e9ph\u00e9rique - AUTATE","og_description":"Un article publi\u00e9 le 30\/05\/2016 DDM illustration Les \u00e9l\u00e8ves, le personnel de l\u2019\u00e9tablissement et les parents d\u2019\u00e9l\u00e8ves du lyc\u00e9e Bellevue s&rsquo;inqui\u00e8tent de l&rsquo;implantation de la gare de l&rsquo;A\u00e9rotram et du parcours de la ligne t\u00e9l\u00e9ph\u00e9rique dans et au-dessus du lyc\u00e9e Bellevue. Une p\u00e9tition destin\u00e9e \u00e0 Tiss\u00e9o, la mairie de Toulouse, Toulouse m\u00e9tropole et la STMC,VOIR PLUS","og_url":"https:\/\/autate.fr\/site\/la-depeche-toulouse-une-petition-contre-le-survol-du-lycee-bellevue-par-le-futur-telepherique\/","og_site_name":"AUTATE","article_publisher":"https:\/\/www.facebook.com\/AutateToulouse","article_published_time":"2016-05-31T13:26:40+00:00","article_modified_time":"2016-06-06T13:36:22+00:00","og_image":[{"width":650,"height":350,"url":"https:\/\/autate.fr\/site\/wp-content\/uploads\/2016\/05\/photoa\u00e9rotrambellevue.jpg","type":"image\/jpeg"}],"author":"pascalbarbier","twitter_card":"summary_large_image","twitter_creator":"@AutateToulouse","twitter_site":"@AutateToulouse","twitter_misc":{"\u00c9crit par":"pascalbarbier"},"schema":{"@context":"https:\/\/schema.org","@graph":[{"@type":"Article","@id":"https:\/\/autate.fr\/site\/la-depeche-toulouse-une-petition-contre-le-survol-du-lycee-bellevue-par-le-futur-telepherique\/#article","isPartOf":{"@id":"https:\/\/autate.fr\/site\/la-depeche-toulouse-une-petition-contre-le-survol-du-lycee-bellevue-par-le-futur-telepherique\/"},"author":{"name":"pascalbarbier","@id":"https:\/\/autate.fr\/site\/#\/schema\/person\/ae1ab8bdaa7b41d2a9b52d2557ce8254"},"headline":"[La D\u00e9p\u00eache] Toulouse : une p\u00e9tition contre le survol du lyc\u00e9e Bellevue par le futur t\u00e9l\u00e9ph\u00e9rique","datePublished":"2016-05-31T13:26:40+00:00","dateModified":"2016-06-06T13:36:22+00:00","mainEntityOfPage":{"@id":"https:\/\/autate.fr\/site\/la-depeche-toulouse-une-petition-contre-le-survol-du-lycee-bellevue-par-le-futur-telepherique\/"},"wordCount":113,"commentCount":0,"publisher":{"@id":"https:\/\/autate.fr\/site\/#organization"},"image":{"@id":"https:\/\/autate.fr\/site\/la-depeche-toulouse-une-petition-contre-le-survol-du-lycee-bellevue-par-le-futur-telepherique\/#primaryimage"},"thumbnailUrl":"https:\/\/autate.fr\/site\/wp-content\/uploads\/2016\/05\/photoa\u00e9rotrambellevue.jpg","keywords":["A\u00e9rotram","bellevue","P\u00e9tition","t\u00e9l\u00e9ph\u00e9rique"],"articleSection":["Revue de presse"],"inLanguage":"fr-FR","potentialAction":[{"@type":"CommentAction","name":"Comment","target":["https:\/\/autate.fr\/site\/la-depeche-toulouse-une-petition-contre-le-survol-du-lycee-bellevue-par-le-futur-telepherique\/#respond"]}]},{"@type":"WebPage","@id":"https:\/\/autate.fr\/site\/la-depeche-toulouse-une-petition-contre-le-survol-du-lycee-bellevue-par-le-futur-telepherique\/","url":"https:\/\/autate.fr\/site\/la-depeche-toulouse-une-petition-contre-le-survol-du-lycee-bellevue-par-le-futur-telepherique\/","name":"[La D\u00e9p\u00eache] Toulouse : une p\u00e9tition contre le survol du lyc\u00e9e Bellevue par le futur t\u00e9l\u00e9ph\u00e9rique - AUTATE","isPartOf":{"@id":"https:\/\/autate.fr\/site\/#website"},"primaryImageOfPage":{"@id":"https:\/\/autate.fr\/site\/la-depeche-toulouse-une-petition-contre-le-survol-du-lycee-bellevue-par-le-futur-telepherique\/#primaryimage"},"image":{"@id":"https:\/\/autate.fr\/site\/la-depeche-toulouse-une-petition-contre-le-survol-du-lycee-bellevue-par-le-futur-telepherique\/#primaryimage"},"thumbnailUrl":"https:\/\/autate.fr\/site\/wp-content\/uploads\/2016\/05\/photoa\u00e9rotrambellevue.jpg","datePublished":"2016-05-31T13:26:40+00:00","dateModified":"2016-06-06T13:36:22+00:00","breadcrumb":{"@id":"https:\/\/autate.fr\/site\/la-depeche-toulouse-une-petition-contre-le-survol-du-lycee-bellevue-par-le-futur-telepherique\/#breadcrumb"},"inLanguage":"fr-FR","potentialAction":[{"@type":"ReadAction","target":["https:\/\/autate.fr\/site\/la-depeche-toulouse-une-petition-contre-le-survol-du-lycee-bellevue-par-le-futur-telepherique\/"]}]},{"@type":"ImageObject","inLanguage":"fr-FR","@id":"https:\/\/autate.fr\/site\/la-depeche-toulouse-une-petition-contre-le-survol-du-lycee-bellevue-par-le-futur-telepherique\/#primaryimage","url":"https:\/\/autate.fr\/site\/wp-content\/uploads\/2016\/05\/photoa\u00e9rotrambellevue.jpg","contentUrl":"https:\/\/autate.fr\/site\/wp-content\/uploads\/2016\/05\/photoa\u00e9rotrambellevue.jpg","width":650,"height":350},{"@type":"BreadcrumbList","@id":"https:\/\/autate.fr\/site\/la-depeche-toulouse-une-petition-contre-le-survol-du-lycee-bellevue-par-le-futur-telepherique\/#breadcrumb","itemListElement":[{"@type":"ListItem","position":1,"name":"Accueil","item":"https:\/\/autate.fr\/site\/"},{"@type":"ListItem","position":2,"name":"[La D\u00e9p\u00eache] Toulouse : une p\u00e9tition contre le survol du lyc\u00e9e Bellevue par le futur t\u00e9l\u00e9ph\u00e9rique"}]},{"@type":"WebSite","@id":"https:\/\/autate.fr\/site\/#website","url":"https:\/\/autate.fr\/site\/","name":"AUTATE","description":"Association des usagers des transports de l&#039;agglom\u00e9ration Toulousaine et de ses environs","publisher":{"@id":"https:\/\/autate.fr\/site\/#organization"},"potentialAction":[{"@type":"SearchAction","target":{"@type":"EntryPoint","urlTemplate":"https:\/\/autate.fr\/site\/?s={search_term_string}"},"query-input":{"@type":"PropertyValueSpecification","valueRequired":true,"valueName":"search_term_string"}}],"inLanguage":"fr-FR"},{"@type":"Organization","@id":"https:\/\/autate.fr\/site\/#organization","name":"AUTATE","url":"https:\/\/autate.fr\/site\/","logo":{"@type":"ImageObject","inLanguage":"fr-FR","@id":"https:\/\/autate.fr\/site\/#\/schema\/logo\/image\/","url":"http:\/\/autate.fr\/site\/wp-content\/uploads\/2019\/01\/logo.png","contentUrl":"http:\/\/autate.fr\/site\/wp-content\/uploads\/2019\/01\/logo.png","width":506,"height":280,"caption":"AUTATE"},"image":{"@id":"https:\/\/autate.fr\/site\/#\/schema\/logo\/image\/"},"sameAs":["https:\/\/www.facebook.com\/AutateToulouse","https:\/\/x.com\/AutateToulouse"]},{"@type":"Person","@id":"https:\/\/autate.fr\/site\/#\/schema\/person\/ae1ab8bdaa7b41d2a9b52d2557ce8254","name":"pascalbarbier","image":{"@type":"ImageObject","inLanguage":"fr-FR","@id":"https:\/\/secure.gravatar.com\/avatar\/03f4e8ced09894b72c67e83142540730d4b3bbf619bf46341b0074e3bf5f08a0?s=96&d=mm&r=g","url":"https:\/\/secure.gravatar.com\/avatar\/03f4e8ced09894b72c67e83142540730d4b3bbf619bf46341b0074e3bf5f08a0?s=96&d=mm&r=g","contentUrl":"https:\/\/secure.gravatar.com\/avatar\/03f4e8ced09894b72c67e83142540730d4b3bbf619bf46341b0074e3bf5f08a0?s=96&d=mm&r=g","caption":"pascalbarbier"},"url":"https:\/\/autate.fr\/site\/author\/pascalbarbier\/"}]}},"_links":{"self":[{"href":"https:\/\/autate.fr\/site\/wp-json\/wp\/v2\/posts\/626","targetHints":{"allow":["GET"]}}],"collection":[{"href":"https:\/\/autate.fr\/site\/wp-json\/wp\/v2\/posts"}],"about":[{"href":"https:\/\/autate.fr\/site\/wp-json\/wp\/v2\/types\/post"}],"author":[{"embeddable":true,"href":"https:\/\/autate.fr\/site\/wp-json\/wp\/v2\/users\/1"}],"replies":[{"embeddable":true,"href":"https:\/\/autate.fr\/site\/wp-json\/wp\/v2\/comments?post=626"}],"version-history":[{"count":3,"href":"https:\/\/autate.fr\/site\/wp-json\/wp\/v2\/posts\/626\/revisions"}],"predecessor-version":[{"id":634,"href":"https:\/\/autate.fr\/site\/wp-json\/wp\/v2\/posts\/626\/revisions\/634"}],"wp:featuredmedia":[{"embeddable":true,"href":"https:\/\/autate.fr\/site\/wp-json\/wp\/v2\/media\/633"}],"wp:attachment":[{"href":"https:\/\/autate.fr\/site\/wp-json\/wp\/v2\/media?parent=626"}],"wp:term":[{"taxonomy":"category","embeddable":true,"href":"https:\/\/autate.fr\/site\/wp-json\/wp\/v2\/categories?post=626"},{"taxonomy":"post_tag","embeddable":true,"href":"https:\/\/autate.fr\/site\/wp-json\/wp\/v2\/tags?post=626"}],"curies":[{"name":"wp","href":"https:\/\/api.w.org\/{rel}","templated":true}]}}