{"id":617,"date":"2016-04-27T13:29:31","date_gmt":"2016-04-27T11:29:31","guid":{"rendered":"http:\/\/autate.fr\/site\/?p=617"},"modified":"2017-10-21T21:50:48","modified_gmt":"2017-10-21T19:50:48","slug":"les-echos-qui-veut-la-mort-de-la-sncf","status":"publish","type":"post","link":"https:\/\/autate.fr\/site\/les-echos-qui-veut-la-mort-de-la-sncf\/","title":{"rendered":"[Les Echos] Qui veut la mort de la SNCF ?"},"content":{"rendered":"<div class=\"copy-paste-block\">Un article de Olivier Pastr\u00e9 publi\u00e9 le 26\/04\/2016<\/div>\n<div class=\"copy-paste-block\"><\/div>\n<div class=\"copy-paste-block\">Malgr\u00e9 ses atouts nous nous \u00e9vertuons \u00e0 mettre \u00e0 terre un mod\u00e8le que l\u2019\u00e9tranger nous envie. Etat et syndicats ont des responsabilit\u00e9s partag\u00e9es dans la crise du ferroviaire<\/div>\n<div class=\"copy-paste-block\">\n<div class=\"copy-paste-block\">Quel beau pays que le n\u00f4tre. C&rsquo;est en effet, un des seuls pays o\u00f9 l&rsquo;on prend un malin plaisir \u00e0 critiquer et, pire, d\u00e9truire des projets que le reste du monde nous envie. C&rsquo;est le cas bien s\u00fbr de notre syst\u00e8me de sant\u00e9 que l&rsquo;on d\u00e9truit faute d&rsquo;un consensus minimum sur des r\u00e9formes de bon sens que des r\u00e9flexes de repli cat\u00e9goriel rendent impossibles. Mais c&rsquo;est peut-\u00eatre plus encore le cas de la SNCF. Le service public est consid\u00e9r\u00e9, \u00e0 l&rsquo;\u00e9tranger, comme un mod\u00e8le aussi bien par son maillage fin du territoire que pour ses prouesses technologique que symbolise le TGV. Et, malgr\u00e9 ces atouts incontestables, nous nous \u00e9vertuons \u00e0 mettre ce mod\u00e8le industriel \u00e0 terre.<br \/>\n<a href=\"http:\/\/www.lesechos.fr\/idees-debats\/editos-analyses\/021878157038-qui-veut-la-mort-de-la-sncf-1217498.php#xtor=CS1-33\">lire la suite<\/a><\/div>\n<\/div>\n","protected":false},"excerpt":{"rendered":"<p>Un article de Olivier Pastr\u00e9 publi\u00e9 le 26\/04\/2016 Malgr\u00e9 ses atouts nous nous \u00e9vertuons \u00e0 mettre \u00e0 terre un mod\u00e8le que l\u2019\u00e9tranger nous envie. Etat et syndicats ont des responsabilit\u00e9s partag\u00e9es dans la crise du ferroviaire Quel beau pays que le n\u00f4tre. C&rsquo;est en effet, un des seuls pays o\u00f9 l&rsquo;on prend un malin plaisir<\/p>\n<p class=\"more-link\"><a href=\"https:\/\/autate.fr\/site\/les-echos-qui-veut-la-mort-de-la-sncf\/\" class=\"themebutton2\">VOIR PLUS<\/a><\/p>\n","protected":false},"author":1,"featured_media":0,"comment_status":"open","ping_status":"open","sticky":false,"template":"","format":"standard","meta":{"footnotes":""},"categories":[7],"tags":[152,193,126,11,47],"class_list":["post-617","post","type-post","status-publish","format-standard","hentry","category-revue-de-presse","tag-etat","tag-greves","tag-service-public","tag-sncf","tag-syndicats"],"yoast_head":"<!-- This site is optimized with the Yoast SEO plugin v27.4 - https:\/\/yoast.com\/product\/yoast-seo-wordpress\/ -->\n<title>[Les Echos] Qui veut la mort de la SNCF ? - AUTATE<\/title>\n<meta name=\"robots\" content=\"index, follow, max-snippet:-1, max-image-preview:large, max-video-preview:-1\" \/>\n<link rel=\"canonical\" href=\"https:\/\/autate.fr\/site\/les-echos-qui-veut-la-mort-de-la-sncf\/\" \/>\n<meta property=\"og:locale\" content=\"fr_FR\" \/>\n<meta property=\"og:type\" content=\"article\" \/>\n<meta property=\"og:title\" content=\"[Les Echos] Qui veut la mort de la SNCF ? - AUTATE\" \/>\n<meta property=\"og:description\" content=\"Un article de Olivier Pastr\u00e9 publi\u00e9 le 26\/04\/2016 Malgr\u00e9 ses atouts nous nous \u00e9vertuons \u00e0 mettre \u00e0 terre un mod\u00e8le que l\u2019\u00e9tranger nous envie. Etat et syndicats ont des responsabilit\u00e9s partag\u00e9es dans la crise du ferroviaire Quel beau pays que le n\u00f4tre. C&rsquo;est en effet, un des seuls pays o\u00f9 l&rsquo;on prend un malin plaisirVOIR PLUS\" \/>\n<meta property=\"og:url\" content=\"https:\/\/autate.fr\/site\/les-echos-qui-veut-la-mort-de-la-sncf\/\" \/>\n<meta property=\"og:site_name\" content=\"AUTATE\" \/>\n<meta property=\"article:publisher\" content=\"https:\/\/www.facebook.com\/AutateToulouse\" \/>\n<meta property=\"article:published_time\" content=\"2016-04-27T11:29:31+00:00\" \/>\n<meta property=\"article:modified_time\" content=\"2017-10-21T19:50:48+00:00\" \/>\n<meta name=\"author\" content=\"pascalbarbier\" \/>\n<meta name=\"twitter:card\" content=\"summary_large_image\" \/>\n<meta name=\"twitter:creator\" content=\"@AutateToulouse\" \/>\n<meta name=\"twitter:site\" content=\"@AutateToulouse\" \/>\n<meta name=\"twitter:label1\" content=\"\u00c9crit par\" \/>\n\t<meta name=\"twitter:data1\" content=\"pascalbarbier\" \/>\n\t<meta name=\"twitter:label2\" content=\"Dur\u00e9e de lecture estim\u00e9e\" \/>\n\t<meta name=\"twitter:data2\" content=\"1 minute\" \/>\n<script type=\"application\/ld+json\" class=\"yoast-schema-graph\">{\"@context\":\"https:\\\/\\\/schema.org\",\"@graph\":[{\"@type\":\"Article\",\"@id\":\"https:\\\/\\\/autate.fr\\\/site\\\/les-echos-qui-veut-la-mort-de-la-sncf\\\/#article\",\"isPartOf\":{\"@id\":\"https:\\\/\\\/autate.fr\\\/site\\\/les-echos-qui-veut-la-mort-de-la-sncf\\\/\"},\"author\":{\"name\":\"pascalbarbier\",\"@id\":\"https:\\\/\\\/autate.fr\\\/site\\\/#\\\/schema\\\/person\\\/ae1ab8bdaa7b41d2a9b52d2557ce8254\"},\"headline\":\"[Les Echos] Qui veut la mort de la SNCF ?\",\"datePublished\":\"2016-04-27T11:29:31+00:00\",\"dateModified\":\"2017-10-21T19:50:48+00:00\",\"mainEntityOfPage\":{\"@id\":\"https:\\\/\\\/autate.fr\\\/site\\\/les-echos-qui-veut-la-mort-de-la-sncf\\\/\"},\"wordCount\":174,\"commentCount\":0,\"publisher\":{\"@id\":\"https:\\\/\\\/autate.fr\\\/site\\\/#organization\"},\"keywords\":[\"Etat\",\"gr\u00e8ves\",\"service public\",\"SNCF\",\"syndicats\"],\"articleSection\":[\"Revue de presse\"],\"inLanguage\":\"fr-FR\",\"potentialAction\":[{\"@type\":\"CommentAction\",\"name\":\"Comment\",\"target\":[\"https:\\\/\\\/autate.fr\\\/site\\\/les-echos-qui-veut-la-mort-de-la-sncf\\\/#respond\"]}]},{\"@type\":\"WebPage\",\"@id\":\"https:\\\/\\\/autate.fr\\\/site\\\/les-echos-qui-veut-la-mort-de-la-sncf\\\/\",\"url\":\"https:\\\/\\\/autate.fr\\\/site\\\/les-echos-qui-veut-la-mort-de-la-sncf\\\/\",\"name\":\"[Les Echos] Qui veut la mort de la SNCF ? - AUTATE\",\"isPartOf\":{\"@id\":\"https:\\\/\\\/autate.fr\\\/site\\\/#website\"},\"datePublished\":\"2016-04-27T11:29:31+00:00\",\"dateModified\":\"2017-10-21T19:50:48+00:00\",\"breadcrumb\":{\"@id\":\"https:\\\/\\\/autate.fr\\\/site\\\/les-echos-qui-veut-la-mort-de-la-sncf\\\/#breadcrumb\"},\"inLanguage\":\"fr-FR\",\"potentialAction\":[{\"@type\":\"ReadAction\",\"target\":[\"https:\\\/\\\/autate.fr\\\/site\\\/les-echos-qui-veut-la-mort-de-la-sncf\\\/\"]}]},{\"@type\":\"BreadcrumbList\",\"@id\":\"https:\\\/\\\/autate.fr\\\/site\\\/les-echos-qui-veut-la-mort-de-la-sncf\\\/#breadcrumb\",\"itemListElement\":[{\"@type\":\"ListItem\",\"position\":1,\"name\":\"Accueil\",\"item\":\"https:\\\/\\\/autate.fr\\\/site\\\/\"},{\"@type\":\"ListItem\",\"position\":2,\"name\":\"[Les Echos] Qui veut la mort de la SNCF ?\"}]},{\"@type\":\"WebSite\",\"@id\":\"https:\\\/\\\/autate.fr\\\/site\\\/#website\",\"url\":\"https:\\\/\\\/autate.fr\\\/site\\\/\",\"name\":\"AUTATE\",\"description\":\"Association des usagers des transports de l&#039;agglom\u00e9ration Toulousaine et de ses environs\",\"publisher\":{\"@id\":\"https:\\\/\\\/autate.fr\\\/site\\\/#organization\"},\"potentialAction\":[{\"@type\":\"SearchAction\",\"target\":{\"@type\":\"EntryPoint\",\"urlTemplate\":\"https:\\\/\\\/autate.fr\\\/site\\\/?s={search_term_string}\"},\"query-input\":{\"@type\":\"PropertyValueSpecification\",\"valueRequired\":true,\"valueName\":\"search_term_string\"}}],\"inLanguage\":\"fr-FR\"},{\"@type\":\"Organization\",\"@id\":\"https:\\\/\\\/autate.fr\\\/site\\\/#organization\",\"name\":\"AUTATE\",\"url\":\"https:\\\/\\\/autate.fr\\\/site\\\/\",\"logo\":{\"@type\":\"ImageObject\",\"inLanguage\":\"fr-FR\",\"@id\":\"https:\\\/\\\/autate.fr\\\/site\\\/#\\\/schema\\\/logo\\\/image\\\/\",\"url\":\"http:\\\/\\\/autate.fr\\\/site\\\/wp-content\\\/uploads\\\/2019\\\/01\\\/logo.png\",\"contentUrl\":\"http:\\\/\\\/autate.fr\\\/site\\\/wp-content\\\/uploads\\\/2019\\\/01\\\/logo.png\",\"width\":506,\"height\":280,\"caption\":\"AUTATE\"},\"image\":{\"@id\":\"https:\\\/\\\/autate.fr\\\/site\\\/#\\\/schema\\\/logo\\\/image\\\/\"},\"sameAs\":[\"https:\\\/\\\/www.facebook.com\\\/AutateToulouse\",\"https:\\\/\\\/x.com\\\/AutateToulouse\"]},{\"@type\":\"Person\",\"@id\":\"https:\\\/\\\/autate.fr\\\/site\\\/#\\\/schema\\\/person\\\/ae1ab8bdaa7b41d2a9b52d2557ce8254\",\"name\":\"pascalbarbier\",\"image\":{\"@type\":\"ImageObject\",\"inLanguage\":\"fr-FR\",\"@id\":\"https:\\\/\\\/secure.gravatar.com\\\/avatar\\\/03f4e8ced09894b72c67e83142540730d4b3bbf619bf46341b0074e3bf5f08a0?s=96&d=mm&r=g\",\"url\":\"https:\\\/\\\/secure.gravatar.com\\\/avatar\\\/03f4e8ced09894b72c67e83142540730d4b3bbf619bf46341b0074e3bf5f08a0?s=96&d=mm&r=g\",\"contentUrl\":\"https:\\\/\\\/secure.gravatar.com\\\/avatar\\\/03f4e8ced09894b72c67e83142540730d4b3bbf619bf46341b0074e3bf5f08a0?s=96&d=mm&r=g\",\"caption\":\"pascalbarbier\"},\"url\":\"https:\\\/\\\/autate.fr\\\/site\\\/author\\\/pascalbarbier\\\/\"}]}<\/script>\n<!-- \/ Yoast SEO plugin. -->","yoast_head_json":{"title":"[Les Echos] Qui veut la mort de la SNCF ? - AUTATE","robots":{"index":"index","follow":"follow","max-snippet":"max-snippet:-1","max-image-preview":"max-image-preview:large","max-video-preview":"max-video-preview:-1"},"canonical":"https:\/\/autate.fr\/site\/les-echos-qui-veut-la-mort-de-la-sncf\/","og_locale":"fr_FR","og_type":"article","og_title":"[Les Echos] Qui veut la mort de la SNCF ? - AUTATE","og_description":"Un article de Olivier Pastr\u00e9 publi\u00e9 le 26\/04\/2016 Malgr\u00e9 ses atouts nous nous \u00e9vertuons \u00e0 mettre \u00e0 terre un mod\u00e8le que l\u2019\u00e9tranger nous envie. Etat et syndicats ont des responsabilit\u00e9s partag\u00e9es dans la crise du ferroviaire Quel beau pays que le n\u00f4tre. C&rsquo;est en effet, un des seuls pays o\u00f9 l&rsquo;on prend un malin plaisirVOIR PLUS","og_url":"https:\/\/autate.fr\/site\/les-echos-qui-veut-la-mort-de-la-sncf\/","og_site_name":"AUTATE","article_publisher":"https:\/\/www.facebook.com\/AutateToulouse","article_published_time":"2016-04-27T11:29:31+00:00","article_modified_time":"2017-10-21T19:50:48+00:00","author":"pascalbarbier","twitter_card":"summary_large_image","twitter_creator":"@AutateToulouse","twitter_site":"@AutateToulouse","twitter_misc":{"\u00c9crit par":"pascalbarbier","Dur\u00e9e de lecture estim\u00e9e":"1 minute"},"schema":{"@context":"https:\/\/schema.org","@graph":[{"@type":"Article","@id":"https:\/\/autate.fr\/site\/les-echos-qui-veut-la-mort-de-la-sncf\/#article","isPartOf":{"@id":"https:\/\/autate.fr\/site\/les-echos-qui-veut-la-mort-de-la-sncf\/"},"author":{"name":"pascalbarbier","@id":"https:\/\/autate.fr\/site\/#\/schema\/person\/ae1ab8bdaa7b41d2a9b52d2557ce8254"},"headline":"[Les Echos] Qui veut la mort de la SNCF ?","datePublished":"2016-04-27T11:29:31+00:00","dateModified":"2017-10-21T19:50:48+00:00","mainEntityOfPage":{"@id":"https:\/\/autate.fr\/site\/les-echos-qui-veut-la-mort-de-la-sncf\/"},"wordCount":174,"commentCount":0,"publisher":{"@id":"https:\/\/autate.fr\/site\/#organization"},"keywords":["Etat","gr\u00e8ves","service public","SNCF","syndicats"],"articleSection":["Revue de presse"],"inLanguage":"fr-FR","potentialAction":[{"@type":"CommentAction","name":"Comment","target":["https:\/\/autate.fr\/site\/les-echos-qui-veut-la-mort-de-la-sncf\/#respond"]}]},{"@type":"WebPage","@id":"https:\/\/autate.fr\/site\/les-echos-qui-veut-la-mort-de-la-sncf\/","url":"https:\/\/autate.fr\/site\/les-echos-qui-veut-la-mort-de-la-sncf\/","name":"[Les Echos] Qui veut la mort de la SNCF ? - AUTATE","isPartOf":{"@id":"https:\/\/autate.fr\/site\/#website"},"datePublished":"2016-04-27T11:29:31+00:00","dateModified":"2017-10-21T19:50:48+00:00","breadcrumb":{"@id":"https:\/\/autate.fr\/site\/les-echos-qui-veut-la-mort-de-la-sncf\/#breadcrumb"},"inLanguage":"fr-FR","potentialAction":[{"@type":"ReadAction","target":["https:\/\/autate.fr\/site\/les-echos-qui-veut-la-mort-de-la-sncf\/"]}]},{"@type":"BreadcrumbList","@id":"https:\/\/autate.fr\/site\/les-echos-qui-veut-la-mort-de-la-sncf\/#breadcrumb","itemListElement":[{"@type":"ListItem","position":1,"name":"Accueil","item":"https:\/\/autate.fr\/site\/"},{"@type":"ListItem","position":2,"name":"[Les Echos] Qui veut la mort de la SNCF ?"}]},{"@type":"WebSite","@id":"https:\/\/autate.fr\/site\/#website","url":"https:\/\/autate.fr\/site\/","name":"AUTATE","description":"Association des usagers des transports de l&#039;agglom\u00e9ration Toulousaine et de ses environs","publisher":{"@id":"https:\/\/autate.fr\/site\/#organization"},"potentialAction":[{"@type":"SearchAction","target":{"@type":"EntryPoint","urlTemplate":"https:\/\/autate.fr\/site\/?s={search_term_string}"},"query-input":{"@type":"PropertyValueSpecification","valueRequired":true,"valueName":"search_term_string"}}],"inLanguage":"fr-FR"},{"@type":"Organization","@id":"https:\/\/autate.fr\/site\/#organization","name":"AUTATE","url":"https:\/\/autate.fr\/site\/","logo":{"@type":"ImageObject","inLanguage":"fr-FR","@id":"https:\/\/autate.fr\/site\/#\/schema\/logo\/image\/","url":"http:\/\/autate.fr\/site\/wp-content\/uploads\/2019\/01\/logo.png","contentUrl":"http:\/\/autate.fr\/site\/wp-content\/uploads\/2019\/01\/logo.png","width":506,"height":280,"caption":"AUTATE"},"image":{"@id":"https:\/\/autate.fr\/site\/#\/schema\/logo\/image\/"},"sameAs":["https:\/\/www.facebook.com\/AutateToulouse","https:\/\/x.com\/AutateToulouse"]},{"@type":"Person","@id":"https:\/\/autate.fr\/site\/#\/schema\/person\/ae1ab8bdaa7b41d2a9b52d2557ce8254","name":"pascalbarbier","image":{"@type":"ImageObject","inLanguage":"fr-FR","@id":"https:\/\/secure.gravatar.com\/avatar\/03f4e8ced09894b72c67e83142540730d4b3bbf619bf46341b0074e3bf5f08a0?s=96&d=mm&r=g","url":"https:\/\/secure.gravatar.com\/avatar\/03f4e8ced09894b72c67e83142540730d4b3bbf619bf46341b0074e3bf5f08a0?s=96&d=mm&r=g","contentUrl":"https:\/\/secure.gravatar.com\/avatar\/03f4e8ced09894b72c67e83142540730d4b3bbf619bf46341b0074e3bf5f08a0?s=96&d=mm&r=g","caption":"pascalbarbier"},"url":"https:\/\/autate.fr\/site\/author\/pascalbarbier\/"}]}},"_links":{"self":[{"href":"https:\/\/autate.fr\/site\/wp-json\/wp\/v2\/posts\/617","targetHints":{"allow":["GET"]}}],"collection":[{"href":"https:\/\/autate.fr\/site\/wp-json\/wp\/v2\/posts"}],"about":[{"href":"https:\/\/autate.fr\/site\/wp-json\/wp\/v2\/types\/post"}],"author":[{"embeddable":true,"href":"https:\/\/autate.fr\/site\/wp-json\/wp\/v2\/users\/1"}],"replies":[{"embeddable":true,"href":"https:\/\/autate.fr\/site\/wp-json\/wp\/v2\/comments?post=617"}],"version-history":[{"count":1,"href":"https:\/\/autate.fr\/site\/wp-json\/wp\/v2\/posts\/617\/revisions"}],"predecessor-version":[{"id":618,"href":"https:\/\/autate.fr\/site\/wp-json\/wp\/v2\/posts\/617\/revisions\/618"}],"wp:attachment":[{"href":"https:\/\/autate.fr\/site\/wp-json\/wp\/v2\/media?parent=617"}],"wp:term":[{"taxonomy":"category","embeddable":true,"href":"https:\/\/autate.fr\/site\/wp-json\/wp\/v2\/categories?post=617"},{"taxonomy":"post_tag","embeddable":true,"href":"https:\/\/autate.fr\/site\/wp-json\/wp\/v2\/tags?post=617"}],"curies":[{"name":"wp","href":"https:\/\/api.w.org\/{rel}","templated":true}]}}