{"id":615,"date":"2016-05-23T13:26:25","date_gmt":"2016-05-23T11:26:25","guid":{"rendered":"http:\/\/autate.fr\/site\/?p=615"},"modified":"2016-06-06T13:28:42","modified_gmt":"2016-06-06T11:28:42","slug":"actucotetoulouse-allons-y-a-velo-loperation-pour-encourager-lusage-de-la-bicyclette-dans-les-entreprises-de-toulouse","status":"publish","type":"post","link":"https:\/\/autate.fr\/site\/actucotetoulouse-allons-y-a-velo-loperation-pour-encourager-lusage-de-la-bicyclette-dans-les-entreprises-de-toulouse\/","title":{"rendered":"[ActuC\u00f4t\u00e9Toulouse] Allons-y \u00e0 v\u00e9lo : l&rsquo;op\u00e9ration pour encourager l&rsquo;usage de la bicyclette dans les entreprises de Toulouse"},"content":{"rendered":"<p>Un article de Gwendoline Kervella paru le 22\/01\/2016<\/p>\n<h2 class=\"bigger mts mbs\" data-role=\"chapo\">L&rsquo;op\u00e9ration Allons-y \u00e0 v\u00e9lo d\u00e9marre le 30 mai, \u00e0 Toulouse. Au programme : des animations et des challenges pour d\u00e9velopper l&rsquo;usage du deux-roues pour les trajets domicile-travail.<\/h2>\n<p>Allons-y \u00e0 v\u00e9lo (Ayav) se d\u00e9roule du <strong>30 mai au 10 juin 2016<\/strong>. Quatre-vingt entreprises, administrations et \u00e9tablissements scolaires toulousains participent \u00e0 cette op\u00e9ration, pilot\u00e9e par l\u2019association <em><a href=\"http:\/\/www.2p2r.org\/\" target=\"_blank\">Deux pieds deux roues<\/a>,<\/em> qui vise \u00e0 d\u00e9velopper l\u2019usage du deux-roues dans les trajets quotidiens.<\/p>\n<p><a href=\"http:\/\/actu.cotetoulouse.fr\/allons-y-velo-operation-encourager-usage-bicyclette-entreprises-toulouse_36445\/?utm_source=dlvr.it&amp;utm_medium=twitter&amp;utm_campaign=allons-y-velo-operation-encourager-usage-bicyclette-entreprises-toulouse\">lire la suite<\/a><\/p>\n","protected":false},"excerpt":{"rendered":"<p>Un article de Gwendoline Kervella paru le 22\/01\/2016 L&rsquo;op\u00e9ration Allons-y \u00e0 v\u00e9lo d\u00e9marre le 30 mai, \u00e0 Toulouse. Au programme : des animations et des challenges pour d\u00e9velopper l&rsquo;usage du deux-roues pour les trajets domicile-travail. Allons-y \u00e0 v\u00e9lo (Ayav) se d\u00e9roule du 30 mai au 10 juin 2016. Quatre-vingt entreprises, administrations et \u00e9tablissements scolaires toulousains<\/p>\n<p class=\"more-link\"><a href=\"https:\/\/autate.fr\/site\/actucotetoulouse-allons-y-a-velo-loperation-pour-encourager-lusage-de-la-bicyclette-dans-les-entreprises-de-toulouse\/\" class=\"themebutton2\">VOIR PLUS<\/a><\/p>\n","protected":false},"author":1,"featured_media":0,"comment_status":"open","ping_status":"open","sticky":false,"template":"","format":"standard","meta":{"footnotes":""},"categories":[7],"tags":[190,189,192,191,69],"class_list":["post-615","post","type-post","status-publish","format-standard","hentry","category-revue-de-presse","tag-2p2r","tag-ayav","tag-modes-actifs","tag-modes-doux","tag-velo"],"yoast_head":"<!-- This site is optimized with the Yoast SEO plugin v27.4 - https:\/\/yoast.com\/product\/yoast-seo-wordpress\/ -->\n<title>[ActuC\u00f4t\u00e9Toulouse] Allons-y \u00e0 v\u00e9lo : l&#039;op\u00e9ration pour encourager l&#039;usage de la bicyclette dans les entreprises de Toulouse - AUTATE<\/title>\n<meta name=\"robots\" content=\"index, follow, max-snippet:-1, max-image-preview:large, max-video-preview:-1\" \/>\n<link rel=\"canonical\" href=\"https:\/\/autate.fr\/site\/actucotetoulouse-allons-y-a-velo-loperation-pour-encourager-lusage-de-la-bicyclette-dans-les-entreprises-de-toulouse\/\" \/>\n<meta property=\"og:locale\" content=\"fr_FR\" \/>\n<meta property=\"og:type\" content=\"article\" \/>\n<meta property=\"og:title\" content=\"[ActuC\u00f4t\u00e9Toulouse] Allons-y \u00e0 v\u00e9lo : l&#039;op\u00e9ration pour encourager l&#039;usage de la bicyclette dans les entreprises de Toulouse - AUTATE\" \/>\n<meta property=\"og:description\" content=\"Un article de Gwendoline Kervella paru le 22\/01\/2016 L&rsquo;op\u00e9ration Allons-y \u00e0 v\u00e9lo d\u00e9marre le 30 mai, \u00e0 Toulouse. Au programme : des animations et des challenges pour d\u00e9velopper l&rsquo;usage du deux-roues pour les trajets domicile-travail. Allons-y \u00e0 v\u00e9lo (Ayav) se d\u00e9roule du 30 mai au 10 juin 2016. Quatre-vingt entreprises, administrations et \u00e9tablissements scolaires toulousainsVOIR PLUS\" \/>\n<meta property=\"og:url\" content=\"https:\/\/autate.fr\/site\/actucotetoulouse-allons-y-a-velo-loperation-pour-encourager-lusage-de-la-bicyclette-dans-les-entreprises-de-toulouse\/\" \/>\n<meta property=\"og:site_name\" content=\"AUTATE\" \/>\n<meta property=\"article:publisher\" content=\"https:\/\/www.facebook.com\/AutateToulouse\" \/>\n<meta property=\"article:published_time\" content=\"2016-05-23T11:26:25+00:00\" \/>\n<meta property=\"article:modified_time\" content=\"2016-06-06T11:28:42+00:00\" \/>\n<meta name=\"author\" content=\"pascalbarbier\" \/>\n<meta name=\"twitter:card\" content=\"summary_large_image\" \/>\n<meta name=\"twitter:creator\" content=\"@AutateToulouse\" \/>\n<meta name=\"twitter:site\" content=\"@AutateToulouse\" \/>\n<meta name=\"twitter:label1\" content=\"\u00c9crit par\" \/>\n\t<meta name=\"twitter:data1\" content=\"pascalbarbier\" \/>\n<script type=\"application\/ld+json\" class=\"yoast-schema-graph\">{\"@context\":\"https:\\\/\\\/schema.org\",\"@graph\":[{\"@type\":\"Article\",\"@id\":\"https:\\\/\\\/autate.fr\\\/site\\\/actucotetoulouse-allons-y-a-velo-loperation-pour-encourager-lusage-de-la-bicyclette-dans-les-entreprises-de-toulouse\\\/#article\",\"isPartOf\":{\"@id\":\"https:\\\/\\\/autate.fr\\\/site\\\/actucotetoulouse-allons-y-a-velo-loperation-pour-encourager-lusage-de-la-bicyclette-dans-les-entreprises-de-toulouse\\\/\"},\"author\":{\"name\":\"pascalbarbier\",\"@id\":\"https:\\\/\\\/autate.fr\\\/site\\\/#\\\/schema\\\/person\\\/ae1ab8bdaa7b41d2a9b52d2557ce8254\"},\"headline\":\"[ActuC\u00f4t\u00e9Toulouse] Allons-y \u00e0 v\u00e9lo : l&rsquo;op\u00e9ration pour encourager l&rsquo;usage de la bicyclette dans les entreprises de Toulouse\",\"datePublished\":\"2016-05-23T11:26:25+00:00\",\"dateModified\":\"2016-06-06T11:28:42+00:00\",\"mainEntityOfPage\":{\"@id\":\"https:\\\/\\\/autate.fr\\\/site\\\/actucotetoulouse-allons-y-a-velo-loperation-pour-encourager-lusage-de-la-bicyclette-dans-les-entreprises-de-toulouse\\\/\"},\"wordCount\":99,\"commentCount\":0,\"publisher\":{\"@id\":\"https:\\\/\\\/autate.fr\\\/site\\\/#organization\"},\"keywords\":[\"2P2R\",\"AYAV\",\"modes actifs\",\"modes doux\",\"v\u00e9lo\"],\"articleSection\":[\"Revue de presse\"],\"inLanguage\":\"fr-FR\",\"potentialAction\":[{\"@type\":\"CommentAction\",\"name\":\"Comment\",\"target\":[\"https:\\\/\\\/autate.fr\\\/site\\\/actucotetoulouse-allons-y-a-velo-loperation-pour-encourager-lusage-de-la-bicyclette-dans-les-entreprises-de-toulouse\\\/#respond\"]}]},{\"@type\":\"WebPage\",\"@id\":\"https:\\\/\\\/autate.fr\\\/site\\\/actucotetoulouse-allons-y-a-velo-loperation-pour-encourager-lusage-de-la-bicyclette-dans-les-entreprises-de-toulouse\\\/\",\"url\":\"https:\\\/\\\/autate.fr\\\/site\\\/actucotetoulouse-allons-y-a-velo-loperation-pour-encourager-lusage-de-la-bicyclette-dans-les-entreprises-de-toulouse\\\/\",\"name\":\"[ActuC\u00f4t\u00e9Toulouse] Allons-y \u00e0 v\u00e9lo : l'op\u00e9ration pour encourager l'usage de la bicyclette dans les entreprises de Toulouse - AUTATE\",\"isPartOf\":{\"@id\":\"https:\\\/\\\/autate.fr\\\/site\\\/#website\"},\"datePublished\":\"2016-05-23T11:26:25+00:00\",\"dateModified\":\"2016-06-06T11:28:42+00:00\",\"breadcrumb\":{\"@id\":\"https:\\\/\\\/autate.fr\\\/site\\\/actucotetoulouse-allons-y-a-velo-loperation-pour-encourager-lusage-de-la-bicyclette-dans-les-entreprises-de-toulouse\\\/#breadcrumb\"},\"inLanguage\":\"fr-FR\",\"potentialAction\":[{\"@type\":\"ReadAction\",\"target\":[\"https:\\\/\\\/autate.fr\\\/site\\\/actucotetoulouse-allons-y-a-velo-loperation-pour-encourager-lusage-de-la-bicyclette-dans-les-entreprises-de-toulouse\\\/\"]}]},{\"@type\":\"BreadcrumbList\",\"@id\":\"https:\\\/\\\/autate.fr\\\/site\\\/actucotetoulouse-allons-y-a-velo-loperation-pour-encourager-lusage-de-la-bicyclette-dans-les-entreprises-de-toulouse\\\/#breadcrumb\",\"itemListElement\":[{\"@type\":\"ListItem\",\"position\":1,\"name\":\"Accueil\",\"item\":\"https:\\\/\\\/autate.fr\\\/site\\\/\"},{\"@type\":\"ListItem\",\"position\":2,\"name\":\"[ActuC\u00f4t\u00e9Toulouse] Allons-y \u00e0 v\u00e9lo : l&rsquo;op\u00e9ration pour encourager l&rsquo;usage de la bicyclette dans les entreprises de Toulouse\"}]},{\"@type\":\"WebSite\",\"@id\":\"https:\\\/\\\/autate.fr\\\/site\\\/#website\",\"url\":\"https:\\\/\\\/autate.fr\\\/site\\\/\",\"name\":\"AUTATE\",\"description\":\"Association des usagers des transports de l&#039;agglom\u00e9ration Toulousaine et de ses environs\",\"publisher\":{\"@id\":\"https:\\\/\\\/autate.fr\\\/site\\\/#organization\"},\"potentialAction\":[{\"@type\":\"SearchAction\",\"target\":{\"@type\":\"EntryPoint\",\"urlTemplate\":\"https:\\\/\\\/autate.fr\\\/site\\\/?s={search_term_string}\"},\"query-input\":{\"@type\":\"PropertyValueSpecification\",\"valueRequired\":true,\"valueName\":\"search_term_string\"}}],\"inLanguage\":\"fr-FR\"},{\"@type\":\"Organization\",\"@id\":\"https:\\\/\\\/autate.fr\\\/site\\\/#organization\",\"name\":\"AUTATE\",\"url\":\"https:\\\/\\\/autate.fr\\\/site\\\/\",\"logo\":{\"@type\":\"ImageObject\",\"inLanguage\":\"fr-FR\",\"@id\":\"https:\\\/\\\/autate.fr\\\/site\\\/#\\\/schema\\\/logo\\\/image\\\/\",\"url\":\"http:\\\/\\\/autate.fr\\\/site\\\/wp-content\\\/uploads\\\/2019\\\/01\\\/logo.png\",\"contentUrl\":\"http:\\\/\\\/autate.fr\\\/site\\\/wp-content\\\/uploads\\\/2019\\\/01\\\/logo.png\",\"width\":506,\"height\":280,\"caption\":\"AUTATE\"},\"image\":{\"@id\":\"https:\\\/\\\/autate.fr\\\/site\\\/#\\\/schema\\\/logo\\\/image\\\/\"},\"sameAs\":[\"https:\\\/\\\/www.facebook.com\\\/AutateToulouse\",\"https:\\\/\\\/x.com\\\/AutateToulouse\"]},{\"@type\":\"Person\",\"@id\":\"https:\\\/\\\/autate.fr\\\/site\\\/#\\\/schema\\\/person\\\/ae1ab8bdaa7b41d2a9b52d2557ce8254\",\"name\":\"pascalbarbier\",\"image\":{\"@type\":\"ImageObject\",\"inLanguage\":\"fr-FR\",\"@id\":\"https:\\\/\\\/secure.gravatar.com\\\/avatar\\\/03f4e8ced09894b72c67e83142540730d4b3bbf619bf46341b0074e3bf5f08a0?s=96&d=mm&r=g\",\"url\":\"https:\\\/\\\/secure.gravatar.com\\\/avatar\\\/03f4e8ced09894b72c67e83142540730d4b3bbf619bf46341b0074e3bf5f08a0?s=96&d=mm&r=g\",\"contentUrl\":\"https:\\\/\\\/secure.gravatar.com\\\/avatar\\\/03f4e8ced09894b72c67e83142540730d4b3bbf619bf46341b0074e3bf5f08a0?s=96&d=mm&r=g\",\"caption\":\"pascalbarbier\"},\"url\":\"https:\\\/\\\/autate.fr\\\/site\\\/author\\\/pascalbarbier\\\/\"}]}<\/script>\n<!-- \/ Yoast SEO plugin. -->","yoast_head_json":{"title":"[ActuC\u00f4t\u00e9Toulouse] Allons-y \u00e0 v\u00e9lo : l'op\u00e9ration pour encourager l'usage de la bicyclette dans les entreprises de Toulouse - AUTATE","robots":{"index":"index","follow":"follow","max-snippet":"max-snippet:-1","max-image-preview":"max-image-preview:large","max-video-preview":"max-video-preview:-1"},"canonical":"https:\/\/autate.fr\/site\/actucotetoulouse-allons-y-a-velo-loperation-pour-encourager-lusage-de-la-bicyclette-dans-les-entreprises-de-toulouse\/","og_locale":"fr_FR","og_type":"article","og_title":"[ActuC\u00f4t\u00e9Toulouse] Allons-y \u00e0 v\u00e9lo : l'op\u00e9ration pour encourager l'usage de la bicyclette dans les entreprises de Toulouse - AUTATE","og_description":"Un article de Gwendoline Kervella paru le 22\/01\/2016 L&rsquo;op\u00e9ration Allons-y \u00e0 v\u00e9lo d\u00e9marre le 30 mai, \u00e0 Toulouse. Au programme : des animations et des challenges pour d\u00e9velopper l&rsquo;usage du deux-roues pour les trajets domicile-travail. Allons-y \u00e0 v\u00e9lo (Ayav) se d\u00e9roule du 30 mai au 10 juin 2016. Quatre-vingt entreprises, administrations et \u00e9tablissements scolaires toulousainsVOIR PLUS","og_url":"https:\/\/autate.fr\/site\/actucotetoulouse-allons-y-a-velo-loperation-pour-encourager-lusage-de-la-bicyclette-dans-les-entreprises-de-toulouse\/","og_site_name":"AUTATE","article_publisher":"https:\/\/www.facebook.com\/AutateToulouse","article_published_time":"2016-05-23T11:26:25+00:00","article_modified_time":"2016-06-06T11:28:42+00:00","author":"pascalbarbier","twitter_card":"summary_large_image","twitter_creator":"@AutateToulouse","twitter_site":"@AutateToulouse","twitter_misc":{"\u00c9crit par":"pascalbarbier"},"schema":{"@context":"https:\/\/schema.org","@graph":[{"@type":"Article","@id":"https:\/\/autate.fr\/site\/actucotetoulouse-allons-y-a-velo-loperation-pour-encourager-lusage-de-la-bicyclette-dans-les-entreprises-de-toulouse\/#article","isPartOf":{"@id":"https:\/\/autate.fr\/site\/actucotetoulouse-allons-y-a-velo-loperation-pour-encourager-lusage-de-la-bicyclette-dans-les-entreprises-de-toulouse\/"},"author":{"name":"pascalbarbier","@id":"https:\/\/autate.fr\/site\/#\/schema\/person\/ae1ab8bdaa7b41d2a9b52d2557ce8254"},"headline":"[ActuC\u00f4t\u00e9Toulouse] Allons-y \u00e0 v\u00e9lo : l&rsquo;op\u00e9ration pour encourager l&rsquo;usage de la bicyclette dans les entreprises de Toulouse","datePublished":"2016-05-23T11:26:25+00:00","dateModified":"2016-06-06T11:28:42+00:00","mainEntityOfPage":{"@id":"https:\/\/autate.fr\/site\/actucotetoulouse-allons-y-a-velo-loperation-pour-encourager-lusage-de-la-bicyclette-dans-les-entreprises-de-toulouse\/"},"wordCount":99,"commentCount":0,"publisher":{"@id":"https:\/\/autate.fr\/site\/#organization"},"keywords":["2P2R","AYAV","modes actifs","modes doux","v\u00e9lo"],"articleSection":["Revue de presse"],"inLanguage":"fr-FR","potentialAction":[{"@type":"CommentAction","name":"Comment","target":["https:\/\/autate.fr\/site\/actucotetoulouse-allons-y-a-velo-loperation-pour-encourager-lusage-de-la-bicyclette-dans-les-entreprises-de-toulouse\/#respond"]}]},{"@type":"WebPage","@id":"https:\/\/autate.fr\/site\/actucotetoulouse-allons-y-a-velo-loperation-pour-encourager-lusage-de-la-bicyclette-dans-les-entreprises-de-toulouse\/","url":"https:\/\/autate.fr\/site\/actucotetoulouse-allons-y-a-velo-loperation-pour-encourager-lusage-de-la-bicyclette-dans-les-entreprises-de-toulouse\/","name":"[ActuC\u00f4t\u00e9Toulouse] Allons-y \u00e0 v\u00e9lo : l'op\u00e9ration pour encourager l'usage de la bicyclette dans les entreprises de Toulouse - AUTATE","isPartOf":{"@id":"https:\/\/autate.fr\/site\/#website"},"datePublished":"2016-05-23T11:26:25+00:00","dateModified":"2016-06-06T11:28:42+00:00","breadcrumb":{"@id":"https:\/\/autate.fr\/site\/actucotetoulouse-allons-y-a-velo-loperation-pour-encourager-lusage-de-la-bicyclette-dans-les-entreprises-de-toulouse\/#breadcrumb"},"inLanguage":"fr-FR","potentialAction":[{"@type":"ReadAction","target":["https:\/\/autate.fr\/site\/actucotetoulouse-allons-y-a-velo-loperation-pour-encourager-lusage-de-la-bicyclette-dans-les-entreprises-de-toulouse\/"]}]},{"@type":"BreadcrumbList","@id":"https:\/\/autate.fr\/site\/actucotetoulouse-allons-y-a-velo-loperation-pour-encourager-lusage-de-la-bicyclette-dans-les-entreprises-de-toulouse\/#breadcrumb","itemListElement":[{"@type":"ListItem","position":1,"name":"Accueil","item":"https:\/\/autate.fr\/site\/"},{"@type":"ListItem","position":2,"name":"[ActuC\u00f4t\u00e9Toulouse] Allons-y \u00e0 v\u00e9lo : l&rsquo;op\u00e9ration pour encourager l&rsquo;usage de la bicyclette dans les entreprises de Toulouse"}]},{"@type":"WebSite","@id":"https:\/\/autate.fr\/site\/#website","url":"https:\/\/autate.fr\/site\/","name":"AUTATE","description":"Association des usagers des transports de l&#039;agglom\u00e9ration Toulousaine et de ses environs","publisher":{"@id":"https:\/\/autate.fr\/site\/#organization"},"potentialAction":[{"@type":"SearchAction","target":{"@type":"EntryPoint","urlTemplate":"https:\/\/autate.fr\/site\/?s={search_term_string}"},"query-input":{"@type":"PropertyValueSpecification","valueRequired":true,"valueName":"search_term_string"}}],"inLanguage":"fr-FR"},{"@type":"Organization","@id":"https:\/\/autate.fr\/site\/#organization","name":"AUTATE","url":"https:\/\/autate.fr\/site\/","logo":{"@type":"ImageObject","inLanguage":"fr-FR","@id":"https:\/\/autate.fr\/site\/#\/schema\/logo\/image\/","url":"http:\/\/autate.fr\/site\/wp-content\/uploads\/2019\/01\/logo.png","contentUrl":"http:\/\/autate.fr\/site\/wp-content\/uploads\/2019\/01\/logo.png","width":506,"height":280,"caption":"AUTATE"},"image":{"@id":"https:\/\/autate.fr\/site\/#\/schema\/logo\/image\/"},"sameAs":["https:\/\/www.facebook.com\/AutateToulouse","https:\/\/x.com\/AutateToulouse"]},{"@type":"Person","@id":"https:\/\/autate.fr\/site\/#\/schema\/person\/ae1ab8bdaa7b41d2a9b52d2557ce8254","name":"pascalbarbier","image":{"@type":"ImageObject","inLanguage":"fr-FR","@id":"https:\/\/secure.gravatar.com\/avatar\/03f4e8ced09894b72c67e83142540730d4b3bbf619bf46341b0074e3bf5f08a0?s=96&d=mm&r=g","url":"https:\/\/secure.gravatar.com\/avatar\/03f4e8ced09894b72c67e83142540730d4b3bbf619bf46341b0074e3bf5f08a0?s=96&d=mm&r=g","contentUrl":"https:\/\/secure.gravatar.com\/avatar\/03f4e8ced09894b72c67e83142540730d4b3bbf619bf46341b0074e3bf5f08a0?s=96&d=mm&r=g","caption":"pascalbarbier"},"url":"https:\/\/autate.fr\/site\/author\/pascalbarbier\/"}]}},"_links":{"self":[{"href":"https:\/\/autate.fr\/site\/wp-json\/wp\/v2\/posts\/615","targetHints":{"allow":["GET"]}}],"collection":[{"href":"https:\/\/autate.fr\/site\/wp-json\/wp\/v2\/posts"}],"about":[{"href":"https:\/\/autate.fr\/site\/wp-json\/wp\/v2\/types\/post"}],"author":[{"embeddable":true,"href":"https:\/\/autate.fr\/site\/wp-json\/wp\/v2\/users\/1"}],"replies":[{"embeddable":true,"href":"https:\/\/autate.fr\/site\/wp-json\/wp\/v2\/comments?post=615"}],"version-history":[{"count":1,"href":"https:\/\/autate.fr\/site\/wp-json\/wp\/v2\/posts\/615\/revisions"}],"predecessor-version":[{"id":616,"href":"https:\/\/autate.fr\/site\/wp-json\/wp\/v2\/posts\/615\/revisions\/616"}],"wp:attachment":[{"href":"https:\/\/autate.fr\/site\/wp-json\/wp\/v2\/media?parent=615"}],"wp:term":[{"taxonomy":"category","embeddable":true,"href":"https:\/\/autate.fr\/site\/wp-json\/wp\/v2\/categories?post=615"},{"taxonomy":"post_tag","embeddable":true,"href":"https:\/\/autate.fr\/site\/wp-json\/wp\/v2\/tags?post=615"}],"curies":[{"name":"wp","href":"https:\/\/api.w.org\/{rel}","templated":true}]}}