{"id":607,"date":"2016-05-19T13:14:05","date_gmt":"2016-05-19T11:14:05","guid":{"rendered":"http:\/\/autate.fr\/site\/?p=607"},"modified":"2017-10-21T21:47:44","modified_gmt":"2017-10-21T19:47:44","slug":"les-decodeurs-trains-regionaux-geographie-dune-crise","status":"publish","type":"post","link":"https:\/\/autate.fr\/site\/les-decodeurs-trains-regionaux-geographie-dune-crise\/","title":{"rendered":"[Les d\u00e9codeurs] Trains r\u00e9gionaux : g\u00e9ographie d\u2019une crise"},"content":{"rendered":"<div class=\"copy-paste-block\">\n<p class=\"taille_courante\">Un article de <span class=\"identite\"><span class=\"gras\">Sylvie Gittus<\/span><\/span> paru le 18\/05\/2016<\/p>\n<h2 class=\"taille_courante\">Que <a class=\"lien_interne rub\" title=\"Toute l\u2019actualit\u00e9 vous\" href=\"http:\/\/www.lemonde.fr\/vous\/\">vous<\/a> parliez \u00e0 des cheminots, \u00e0 des usagers ou \u00e0 des \u00e9lus locaux, c\u2019est l\u2019un des sujets qui f\u00e2chent en ce moment en mati\u00e8re de <a class=\"lien_interne rub\" title=\"Toute l\u2019actualit\u00e9 transport\" href=\"http:\/\/www.lemonde.fr\/haropa-ports\/\">transport<\/a> ferroviaire : l\u2019\u00e9tat du r\u00e9seau des trains express r\u00e9gionaux (TER).<\/h2>\n<p>&nbsp;<\/p>\n<p>Ce sujet ne figure certes pas au premier rang des revendications mises en avant dans le cadre du nouveau mouvement de gr\u00e8ve lanc\u00e9 mercredi 18 mai par les syndicats Sud rail et <a class=\"lien_interne rub\" title=\"Toute l\u2019actualit\u00e9 CGT\" href=\"http:\/\/www.lemonde.fr\/social-cgt\/\">CGT<\/a>: celui-ci a pour principales cibles le nouveau cadre <a class=\"lien_interne rub\" title=\"Toute l\u2019actualit\u00e9 social\" href=\"http:\/\/www.lemonde.fr\/social\/\">social<\/a> dont doit se <a class=\"lien_interne conjug\" title=\"Conjugaison du verbe doter\" href=\"http:\/\/conjugaison.lemonde.fr\/conjugaison\/premier-groupe\/doter\/\" target=\"_blank\" rel=\"noopener\">doter<\/a> le secteur ferroviaire et la <a class=\"lien_interne rub\" title=\"Toute l\u2019actualit\u00e9 loi travail\" href=\"http:\/\/www.lemonde.fr\/loi-travail\/\">loi travail<\/a>.<\/p>\n<p>Mais il a \u00e9t\u00e9 au c\u0153ur des mots d\u2019ordre des pr\u00e9c\u00e9dents mouvements de gr\u00e8ve qui ont eu lieu depuis le d\u00e9but de l\u2019ann\u00e9e. Notamment parce qu\u2019il y a p\u00e9nurie de conducteurs et que la direction de la <a class=\"lien_interne rub\" title=\"Toute l\u2019actualit\u00e9 SNCF\" href=\"http:\/\/www.lemonde.fr\/sncf\/\">SNCF<\/a> a proc\u00e9d\u00e9 \u00e0 une r\u00e9duction de l\u2019offre. Ce qui provoque aussi la col\u00e8re des r\u00e9gions, qui financent ces trains, et des usagers, qui les empruntent.<\/p>\n<p><a href=\"http:\/\/www.lemonde.fr\/les-decodeurs\/article\/2016\/05\/18\/trains-regionaux-geographie-de-la-grogne_4921594_4355770.html\">lire la suite<\/a><\/p>\n<\/div>\n<p>&nbsp;<\/p>\n<p>&nbsp;<\/p>\n<p>&nbsp;<\/p>\n","protected":false},"excerpt":{"rendered":"<p>Un article de Sylvie Gittus paru le 18\/05\/2016 Que vous parliez \u00e0 des cheminots, \u00e0 des usagers ou \u00e0 des \u00e9lus locaux, c\u2019est l\u2019un des sujets qui f\u00e2chent en ce moment en mati\u00e8re de transport ferroviaire : l\u2019\u00e9tat du r\u00e9seau des trains express r\u00e9gionaux (TER). &nbsp; Ce sujet ne figure certes pas au premier rang<\/p>\n<p class=\"more-link\"><a href=\"https:\/\/autate.fr\/site\/les-decodeurs-trains-regionaux-geographie-dune-crise\/\" class=\"themebutton2\">VOIR PLUS<\/a><\/p>\n","protected":false},"author":1,"featured_media":0,"comment_status":"open","ping_status":"open","sticky":false,"template":"","format":"standard","meta":{"footnotes":""},"categories":[7],"tags":[],"class_list":["post-607","post","type-post","status-publish","format-standard","hentry","category-revue-de-presse"],"yoast_head":"<!-- This site is optimized with the Yoast SEO plugin v27.4 - https:\/\/yoast.com\/product\/yoast-seo-wordpress\/ -->\n<title>[Les d\u00e9codeurs] Trains r\u00e9gionaux : g\u00e9ographie d\u2019une crise - AUTATE<\/title>\n<meta name=\"robots\" content=\"index, follow, max-snippet:-1, max-image-preview:large, max-video-preview:-1\" \/>\n<link rel=\"canonical\" href=\"https:\/\/autate.fr\/site\/les-decodeurs-trains-regionaux-geographie-dune-crise\/\" \/>\n<meta property=\"og:locale\" content=\"fr_FR\" \/>\n<meta property=\"og:type\" content=\"article\" \/>\n<meta property=\"og:title\" content=\"[Les d\u00e9codeurs] Trains r\u00e9gionaux : g\u00e9ographie d\u2019une crise - AUTATE\" \/>\n<meta property=\"og:description\" content=\"Un article de Sylvie Gittus paru le 18\/05\/2016 Que vous parliez \u00e0 des cheminots, \u00e0 des usagers ou \u00e0 des \u00e9lus locaux, c\u2019est l\u2019un des sujets qui f\u00e2chent en ce moment en mati\u00e8re de transport ferroviaire : l\u2019\u00e9tat du r\u00e9seau des trains express r\u00e9gionaux (TER). &nbsp; Ce sujet ne figure certes pas au premier rangVOIR PLUS\" \/>\n<meta property=\"og:url\" content=\"https:\/\/autate.fr\/site\/les-decodeurs-trains-regionaux-geographie-dune-crise\/\" \/>\n<meta property=\"og:site_name\" content=\"AUTATE\" \/>\n<meta property=\"article:publisher\" content=\"https:\/\/www.facebook.com\/AutateToulouse\" \/>\n<meta property=\"article:published_time\" content=\"2016-05-19T11:14:05+00:00\" \/>\n<meta property=\"article:modified_time\" content=\"2017-10-21T19:47:44+00:00\" \/>\n<meta name=\"author\" content=\"pascalbarbier\" \/>\n<meta name=\"twitter:card\" content=\"summary_large_image\" \/>\n<meta name=\"twitter:creator\" content=\"@AutateToulouse\" \/>\n<meta name=\"twitter:site\" content=\"@AutateToulouse\" \/>\n<meta name=\"twitter:label1\" content=\"\u00c9crit par\" \/>\n\t<meta name=\"twitter:data1\" content=\"pascalbarbier\" \/>\n\t<meta name=\"twitter:label2\" content=\"Dur\u00e9e de lecture estim\u00e9e\" \/>\n\t<meta name=\"twitter:data2\" content=\"1 minute\" \/>\n<script type=\"application\/ld+json\" class=\"yoast-schema-graph\">{\"@context\":\"https:\\\/\\\/schema.org\",\"@graph\":[{\"@type\":\"Article\",\"@id\":\"https:\\\/\\\/autate.fr\\\/site\\\/les-decodeurs-trains-regionaux-geographie-dune-crise\\\/#article\",\"isPartOf\":{\"@id\":\"https:\\\/\\\/autate.fr\\\/site\\\/les-decodeurs-trains-regionaux-geographie-dune-crise\\\/\"},\"author\":{\"name\":\"pascalbarbier\",\"@id\":\"https:\\\/\\\/autate.fr\\\/site\\\/#\\\/schema\\\/person\\\/ae1ab8bdaa7b41d2a9b52d2557ce8254\"},\"headline\":\"[Les d\u00e9codeurs] Trains r\u00e9gionaux : g\u00e9ographie d\u2019une crise\",\"datePublished\":\"2016-05-19T11:14:05+00:00\",\"dateModified\":\"2017-10-21T19:47:44+00:00\",\"mainEntityOfPage\":{\"@id\":\"https:\\\/\\\/autate.fr\\\/site\\\/les-decodeurs-trains-regionaux-geographie-dune-crise\\\/\"},\"wordCount\":195,\"commentCount\":0,\"publisher\":{\"@id\":\"https:\\\/\\\/autate.fr\\\/site\\\/#organization\"},\"articleSection\":[\"Revue de presse\"],\"inLanguage\":\"fr-FR\",\"potentialAction\":[{\"@type\":\"CommentAction\",\"name\":\"Comment\",\"target\":[\"https:\\\/\\\/autate.fr\\\/site\\\/les-decodeurs-trains-regionaux-geographie-dune-crise\\\/#respond\"]}]},{\"@type\":\"WebPage\",\"@id\":\"https:\\\/\\\/autate.fr\\\/site\\\/les-decodeurs-trains-regionaux-geographie-dune-crise\\\/\",\"url\":\"https:\\\/\\\/autate.fr\\\/site\\\/les-decodeurs-trains-regionaux-geographie-dune-crise\\\/\",\"name\":\"[Les d\u00e9codeurs] Trains r\u00e9gionaux : g\u00e9ographie d\u2019une crise - AUTATE\",\"isPartOf\":{\"@id\":\"https:\\\/\\\/autate.fr\\\/site\\\/#website\"},\"datePublished\":\"2016-05-19T11:14:05+00:00\",\"dateModified\":\"2017-10-21T19:47:44+00:00\",\"breadcrumb\":{\"@id\":\"https:\\\/\\\/autate.fr\\\/site\\\/les-decodeurs-trains-regionaux-geographie-dune-crise\\\/#breadcrumb\"},\"inLanguage\":\"fr-FR\",\"potentialAction\":[{\"@type\":\"ReadAction\",\"target\":[\"https:\\\/\\\/autate.fr\\\/site\\\/les-decodeurs-trains-regionaux-geographie-dune-crise\\\/\"]}]},{\"@type\":\"BreadcrumbList\",\"@id\":\"https:\\\/\\\/autate.fr\\\/site\\\/les-decodeurs-trains-regionaux-geographie-dune-crise\\\/#breadcrumb\",\"itemListElement\":[{\"@type\":\"ListItem\",\"position\":1,\"name\":\"Accueil\",\"item\":\"https:\\\/\\\/autate.fr\\\/site\\\/\"},{\"@type\":\"ListItem\",\"position\":2,\"name\":\"[Les d\u00e9codeurs] Trains r\u00e9gionaux : g\u00e9ographie d\u2019une crise\"}]},{\"@type\":\"WebSite\",\"@id\":\"https:\\\/\\\/autate.fr\\\/site\\\/#website\",\"url\":\"https:\\\/\\\/autate.fr\\\/site\\\/\",\"name\":\"AUTATE\",\"description\":\"Association des usagers des transports de l&#039;agglom\u00e9ration Toulousaine et de ses environs\",\"publisher\":{\"@id\":\"https:\\\/\\\/autate.fr\\\/site\\\/#organization\"},\"potentialAction\":[{\"@type\":\"SearchAction\",\"target\":{\"@type\":\"EntryPoint\",\"urlTemplate\":\"https:\\\/\\\/autate.fr\\\/site\\\/?s={search_term_string}\"},\"query-input\":{\"@type\":\"PropertyValueSpecification\",\"valueRequired\":true,\"valueName\":\"search_term_string\"}}],\"inLanguage\":\"fr-FR\"},{\"@type\":\"Organization\",\"@id\":\"https:\\\/\\\/autate.fr\\\/site\\\/#organization\",\"name\":\"AUTATE\",\"url\":\"https:\\\/\\\/autate.fr\\\/site\\\/\",\"logo\":{\"@type\":\"ImageObject\",\"inLanguage\":\"fr-FR\",\"@id\":\"https:\\\/\\\/autate.fr\\\/site\\\/#\\\/schema\\\/logo\\\/image\\\/\",\"url\":\"http:\\\/\\\/autate.fr\\\/site\\\/wp-content\\\/uploads\\\/2019\\\/01\\\/logo.png\",\"contentUrl\":\"http:\\\/\\\/autate.fr\\\/site\\\/wp-content\\\/uploads\\\/2019\\\/01\\\/logo.png\",\"width\":506,\"height\":280,\"caption\":\"AUTATE\"},\"image\":{\"@id\":\"https:\\\/\\\/autate.fr\\\/site\\\/#\\\/schema\\\/logo\\\/image\\\/\"},\"sameAs\":[\"https:\\\/\\\/www.facebook.com\\\/AutateToulouse\",\"https:\\\/\\\/x.com\\\/AutateToulouse\"]},{\"@type\":\"Person\",\"@id\":\"https:\\\/\\\/autate.fr\\\/site\\\/#\\\/schema\\\/person\\\/ae1ab8bdaa7b41d2a9b52d2557ce8254\",\"name\":\"pascalbarbier\",\"image\":{\"@type\":\"ImageObject\",\"inLanguage\":\"fr-FR\",\"@id\":\"https:\\\/\\\/secure.gravatar.com\\\/avatar\\\/03f4e8ced09894b72c67e83142540730d4b3bbf619bf46341b0074e3bf5f08a0?s=96&d=mm&r=g\",\"url\":\"https:\\\/\\\/secure.gravatar.com\\\/avatar\\\/03f4e8ced09894b72c67e83142540730d4b3bbf619bf46341b0074e3bf5f08a0?s=96&d=mm&r=g\",\"contentUrl\":\"https:\\\/\\\/secure.gravatar.com\\\/avatar\\\/03f4e8ced09894b72c67e83142540730d4b3bbf619bf46341b0074e3bf5f08a0?s=96&d=mm&r=g\",\"caption\":\"pascalbarbier\"},\"url\":\"https:\\\/\\\/autate.fr\\\/site\\\/author\\\/pascalbarbier\\\/\"}]}<\/script>\n<!-- \/ Yoast SEO plugin. -->","yoast_head_json":{"title":"[Les d\u00e9codeurs] Trains r\u00e9gionaux : g\u00e9ographie d\u2019une crise - AUTATE","robots":{"index":"index","follow":"follow","max-snippet":"max-snippet:-1","max-image-preview":"max-image-preview:large","max-video-preview":"max-video-preview:-1"},"canonical":"https:\/\/autate.fr\/site\/les-decodeurs-trains-regionaux-geographie-dune-crise\/","og_locale":"fr_FR","og_type":"article","og_title":"[Les d\u00e9codeurs] Trains r\u00e9gionaux : g\u00e9ographie d\u2019une crise - AUTATE","og_description":"Un article de Sylvie Gittus paru le 18\/05\/2016 Que vous parliez \u00e0 des cheminots, \u00e0 des usagers ou \u00e0 des \u00e9lus locaux, c\u2019est l\u2019un des sujets qui f\u00e2chent en ce moment en mati\u00e8re de transport ferroviaire : l\u2019\u00e9tat du r\u00e9seau des trains express r\u00e9gionaux (TER). &nbsp; Ce sujet ne figure certes pas au premier rangVOIR PLUS","og_url":"https:\/\/autate.fr\/site\/les-decodeurs-trains-regionaux-geographie-dune-crise\/","og_site_name":"AUTATE","article_publisher":"https:\/\/www.facebook.com\/AutateToulouse","article_published_time":"2016-05-19T11:14:05+00:00","article_modified_time":"2017-10-21T19:47:44+00:00","author":"pascalbarbier","twitter_card":"summary_large_image","twitter_creator":"@AutateToulouse","twitter_site":"@AutateToulouse","twitter_misc":{"\u00c9crit par":"pascalbarbier","Dur\u00e9e de lecture estim\u00e9e":"1 minute"},"schema":{"@context":"https:\/\/schema.org","@graph":[{"@type":"Article","@id":"https:\/\/autate.fr\/site\/les-decodeurs-trains-regionaux-geographie-dune-crise\/#article","isPartOf":{"@id":"https:\/\/autate.fr\/site\/les-decodeurs-trains-regionaux-geographie-dune-crise\/"},"author":{"name":"pascalbarbier","@id":"https:\/\/autate.fr\/site\/#\/schema\/person\/ae1ab8bdaa7b41d2a9b52d2557ce8254"},"headline":"[Les d\u00e9codeurs] Trains r\u00e9gionaux : g\u00e9ographie d\u2019une crise","datePublished":"2016-05-19T11:14:05+00:00","dateModified":"2017-10-21T19:47:44+00:00","mainEntityOfPage":{"@id":"https:\/\/autate.fr\/site\/les-decodeurs-trains-regionaux-geographie-dune-crise\/"},"wordCount":195,"commentCount":0,"publisher":{"@id":"https:\/\/autate.fr\/site\/#organization"},"articleSection":["Revue de presse"],"inLanguage":"fr-FR","potentialAction":[{"@type":"CommentAction","name":"Comment","target":["https:\/\/autate.fr\/site\/les-decodeurs-trains-regionaux-geographie-dune-crise\/#respond"]}]},{"@type":"WebPage","@id":"https:\/\/autate.fr\/site\/les-decodeurs-trains-regionaux-geographie-dune-crise\/","url":"https:\/\/autate.fr\/site\/les-decodeurs-trains-regionaux-geographie-dune-crise\/","name":"[Les d\u00e9codeurs] Trains r\u00e9gionaux : g\u00e9ographie d\u2019une crise - AUTATE","isPartOf":{"@id":"https:\/\/autate.fr\/site\/#website"},"datePublished":"2016-05-19T11:14:05+00:00","dateModified":"2017-10-21T19:47:44+00:00","breadcrumb":{"@id":"https:\/\/autate.fr\/site\/les-decodeurs-trains-regionaux-geographie-dune-crise\/#breadcrumb"},"inLanguage":"fr-FR","potentialAction":[{"@type":"ReadAction","target":["https:\/\/autate.fr\/site\/les-decodeurs-trains-regionaux-geographie-dune-crise\/"]}]},{"@type":"BreadcrumbList","@id":"https:\/\/autate.fr\/site\/les-decodeurs-trains-regionaux-geographie-dune-crise\/#breadcrumb","itemListElement":[{"@type":"ListItem","position":1,"name":"Accueil","item":"https:\/\/autate.fr\/site\/"},{"@type":"ListItem","position":2,"name":"[Les d\u00e9codeurs] Trains r\u00e9gionaux : g\u00e9ographie d\u2019une crise"}]},{"@type":"WebSite","@id":"https:\/\/autate.fr\/site\/#website","url":"https:\/\/autate.fr\/site\/","name":"AUTATE","description":"Association des usagers des transports de l&#039;agglom\u00e9ration Toulousaine et de ses environs","publisher":{"@id":"https:\/\/autate.fr\/site\/#organization"},"potentialAction":[{"@type":"SearchAction","target":{"@type":"EntryPoint","urlTemplate":"https:\/\/autate.fr\/site\/?s={search_term_string}"},"query-input":{"@type":"PropertyValueSpecification","valueRequired":true,"valueName":"search_term_string"}}],"inLanguage":"fr-FR"},{"@type":"Organization","@id":"https:\/\/autate.fr\/site\/#organization","name":"AUTATE","url":"https:\/\/autate.fr\/site\/","logo":{"@type":"ImageObject","inLanguage":"fr-FR","@id":"https:\/\/autate.fr\/site\/#\/schema\/logo\/image\/","url":"http:\/\/autate.fr\/site\/wp-content\/uploads\/2019\/01\/logo.png","contentUrl":"http:\/\/autate.fr\/site\/wp-content\/uploads\/2019\/01\/logo.png","width":506,"height":280,"caption":"AUTATE"},"image":{"@id":"https:\/\/autate.fr\/site\/#\/schema\/logo\/image\/"},"sameAs":["https:\/\/www.facebook.com\/AutateToulouse","https:\/\/x.com\/AutateToulouse"]},{"@type":"Person","@id":"https:\/\/autate.fr\/site\/#\/schema\/person\/ae1ab8bdaa7b41d2a9b52d2557ce8254","name":"pascalbarbier","image":{"@type":"ImageObject","inLanguage":"fr-FR","@id":"https:\/\/secure.gravatar.com\/avatar\/03f4e8ced09894b72c67e83142540730d4b3bbf619bf46341b0074e3bf5f08a0?s=96&d=mm&r=g","url":"https:\/\/secure.gravatar.com\/avatar\/03f4e8ced09894b72c67e83142540730d4b3bbf619bf46341b0074e3bf5f08a0?s=96&d=mm&r=g","contentUrl":"https:\/\/secure.gravatar.com\/avatar\/03f4e8ced09894b72c67e83142540730d4b3bbf619bf46341b0074e3bf5f08a0?s=96&d=mm&r=g","caption":"pascalbarbier"},"url":"https:\/\/autate.fr\/site\/author\/pascalbarbier\/"}]}},"_links":{"self":[{"href":"https:\/\/autate.fr\/site\/wp-json\/wp\/v2\/posts\/607","targetHints":{"allow":["GET"]}}],"collection":[{"href":"https:\/\/autate.fr\/site\/wp-json\/wp\/v2\/posts"}],"about":[{"href":"https:\/\/autate.fr\/site\/wp-json\/wp\/v2\/types\/post"}],"author":[{"embeddable":true,"href":"https:\/\/autate.fr\/site\/wp-json\/wp\/v2\/users\/1"}],"replies":[{"embeddable":true,"href":"https:\/\/autate.fr\/site\/wp-json\/wp\/v2\/comments?post=607"}],"version-history":[{"count":2,"href":"https:\/\/autate.fr\/site\/wp-json\/wp\/v2\/posts\/607\/revisions"}],"predecessor-version":[{"id":2014,"href":"https:\/\/autate.fr\/site\/wp-json\/wp\/v2\/posts\/607\/revisions\/2014"}],"wp:attachment":[{"href":"https:\/\/autate.fr\/site\/wp-json\/wp\/v2\/media?parent=607"}],"wp:term":[{"taxonomy":"category","embeddable":true,"href":"https:\/\/autate.fr\/site\/wp-json\/wp\/v2\/categories?post=607"},{"taxonomy":"post_tag","embeddable":true,"href":"https:\/\/autate.fr\/site\/wp-json\/wp\/v2\/tags?post=607"}],"curies":[{"name":"wp","href":"https:\/\/api.w.org\/{rel}","templated":true}]}}